{"id":188646,"date":"2015-01-04T02:09:55","date_gmt":"2015-01-03T23:09:55","guid":{"rendered":"https:\/\/analyse.optim.biz\/?p=188646"},"modified":"2015-01-04T02:09:55","modified_gmt":"2015-01-03T23:09:55","slug":"foto-revelioanele-si-vacantele-politicienilor","status":"publish","type":"post","link":"https:\/\/analyse.optim.biz\/?p=188646","title":{"rendered":"FOTO. Revelioanele \u0219i vacan\u021bele politicienilor"},"content":{"rendered":"<div class=\"entry data-app-meta data-app-meta-article\" data-embed-base-url-canonical=\"https:\/\/www.digi24.ro\/embed\/stiri\/actualitate\/politica\/foto-revelioanele-si-vacantele-politicienilor-342454\">\n<p data-index=\"1\">Cunoscut\u0103 pentru vacan\u0163ele sale exotice, senatorul<strong> Vasilica Miron<\/strong> a mers \u00een acest an \u00een Republica Dominican\u0103 pentru petrecerea de revelion.<\/p>\n<p data-index=\"2\"><img decoding=\"async\" src=\"https:\/\/analyse.optim.biz\/wp-content\/uploads\/2024\/09\/ymm4nzrjntk5yji3zge1odfimjqxmmmxndk3-thumb_.jpg\" data-skip-htmlfix=\"1\" title=\"ymm4nzrjntk5yji3zge1odfimjqxmmmxndk3-thumb_\"><\/p>\n<p data-index=\"3\">Ea a dat gerul \u015fi z\u0103pada de la Bucure\u015fti pentru nisipul fin al plajei din Punta Cana. Pentru c\u0103 temperaturile \u00een America Central\u0103 dep\u0103\u015fesc 25 de grade \u00een aceast\u0103 perioad\u0103 a anului, Vasilica Miron apare \u00een pozele de vacan\u0163\u0103 \u00eempreun\u0103 cu familia sa \u00een \u0163inute lejere de var\u0103.<\/p>\n<p data-index=\"4\"><img decoding=\"async\" src=\"https:\/\/analyse.optim.biz\/wp-content\/uploads\/2024\/09\/odawjmhhc2g9nta4mjcxowixotkzymnkmdg2mdmxzji3owe2nmzlogq-thumb_.jpg\" data-skip-htmlfix=\"1\" title=\"odawjmhhc2g9nta4mjcxowixotkzymnkmdg2mdmxzji3owe2nmzlogq-thumb_\">\u00a0<\/p>\n<p data-index=\"5\">Fostul europarlamentar <strong>Petru Luhan<\/strong> transmite ur\u0103ri de &#8220;La mul\u0163i ani !&#8221; de pe o plaj\u0103 din Hawaii. El a vizitat arhipelagul american \u00eempreun\u0103 cu so\u0163ia sa \u015fi un grup de prieteni.<\/p>\n<p data-index=\"6\">Sunt \u00eens\u0103 \u015fi politicieni care au r\u0103mas \u00een Rom\u00e2nia. Deputatul liberal <strong>Cristina<\/strong> Pocora a mers \u00een Bucovina.<\/p>\n<p data-index=\"7\"><img decoding=\"async\" src=\"https:\/\/analyse.optim.biz\/wp-content\/uploads\/2024\/09\/mtzkzta3yme0yjkwnmqymzdjzwriodc3zdlkyq-thumb_.jpg\" data-skip-htmlfix=\"1\" title=\"mtzkzta3yme0yjkwnmqymzdjzwriodc3zdlkyq-thumb_\"><\/p>\n<p data-index=\"8\">\u00cempreun\u0103 cu familia s-a bucurat de z\u0103pad\u0103, iar de pe mas\u0103 nu au lipsit p\u0103str\u0103vul \u015fi sc\u00e2rjelele, bucate specifice pentru aceast\u0103 zon\u0103.<\/p>\n<p data-index=\"9\"><img decoding=\"async\" src=\"https:\/\/analyse.optim.biz\/wp-content\/uploads\/2024\/09\/mczoyxnopta1otmxm2e0ztkynzywyzfiytdjy2y2yta3yzu5n2zk-thumb_.jpg\" data-skip-htmlfix=\"1\" title=\"mczoyxnopta1otmxm2e0ztkynzywyzfiytdjy2y2yta3yzu5n2zk-thumb_\">\u00a0<\/p>\n<p data-index=\"10\">Chiar dac\u0103 are op\u0163iuni politice diferite, <strong>Gabriela Firea<\/strong> a avut acelea\u015fi preferin\u0163e \u00een ceea ce prive\u015fte destina\u0163ia de vacan\u0163\u0103. Senatorul PSD a vizitat \u00eempreun\u0103 cu fiul s\u0103u cel mic, dar \u015fi cu so\u0163ul s\u0103u, primarul Florentin Pandele, m\u0103n\u0103stirile din Bucovina. <\/p>\n<p data-index=\"11\">\u00a0<img decoding=\"async\" src=\"https:\/\/analyse.optim.biz\/wp-content\/uploads\/2024\/09\/dz04mdamagfzad00mwnkyzkymti3odu4nme3mja1otmwzgm1m2nlyznjyq-thumb_.jpg\" data-skip-htmlfix=\"1\" title=\"dz04mdamagfzad00mwnkyzkymti3odu4nme3mja1otmwzgm1m2nlyznjyq-thumb_\"><\/p>\n<p data-index=\"12\">Dac\u0103 \u00een al\u0163i ani a fost sufletul petrecerii la celebrele sale \u201eVanghelioane\u201d, unde se poza al\u0103turi de arti\u015ftii invita\u0163i, <strong>Marian Vanghlie<\/strong> a petrecut \u00een acest an mult mai discret. Trecerea \u00een noul an l-a g\u0103sit al\u0103turi de iubita sa, <strong>Oana Niculescu Mizil.\u00a0<\/strong><\/p>\n<p data-index=\"13\"><strong>Citi\u021bi \u0219i:<\/strong><\/p>\n<h5><a href=\"https:\/\/www.digi24.ro\/Stiri\/Digi24\/Actualitate\/Politica\/ambitii+politicieni+2015+lideri+politici\" target=\"_blank\" data-skip-linkfix=\"1\" rel=\"noopener\"><span>Ce-\u0219i doresc politicienii \u00een 2015<\/span><\/a><\/h5>\n<\/div>\n<p> Source URL: https:\/\/www.digi24.ro\/stiri\/actualitate\/politica\/foto-revelioanele-si-vacantele-politicienilor-342454<\/p>\n","protected":false},"excerpt":{"rendered":"<p>Cunoscut\u0103 pentru vacan\u0163ele sale exotice, senatorul Vasilica Miron a mers \u00een acest an \u00een Republica Dominican\u0103 pentru petrecerea de revelion. Ea a dat gerul \u015fi z\u0103pada de la Bucure\u015fti pentru nisipul fin al plajei din Punta Cana. Pentru c\u0103 temperaturile \u00een America Central\u0103 dep\u0103\u015fesc 25 de grade \u00een aceast\u0103 perioad\u0103 a anului, Vasilica Miron apare [&hellip;]<\/p>\n","protected":false},"author":1,"featured_media":188647,"comment_status":"open","ping_status":"","sticky":false,"template":"","format":"standard","meta":{"footnotes":""},"categories":[2],"tags":[11],"class_list":["post-188646","post","type-post","status-publish","format-standard","has-post-thumbnail","hentry","category-politics","tag-digi24"],"_links":{"self":[{"href":"https:\/\/analyse.optim.biz\/index.php?rest_route=\/wp\/v2\/posts\/188646","targetHints":{"allow":["GET"]}}],"collection":[{"href":"https:\/\/analyse.optim.biz\/index.php?rest_route=\/wp\/v2\/posts"}],"about":[{"href":"https:\/\/analyse.optim.biz\/index.php?rest_route=\/wp\/v2\/types\/post"}],"author":[{"embeddable":true,"href":"https:\/\/analyse.optim.biz\/index.php?rest_route=\/wp\/v2\/users\/1"}],"replies":[{"embeddable":true,"href":"https:\/\/analyse.optim.biz\/index.php?rest_route=%2Fwp%2Fv2%2Fcomments&post=188646"}],"version-history":[{"count":0,"href":"https:\/\/analyse.optim.biz\/index.php?rest_route=\/wp\/v2\/posts\/188646\/revisions"}],"wp:featuredmedia":[{"embeddable":true,"href":"https:\/\/analyse.optim.biz\/index.php?rest_route=\/wp\/v2\/media\/188647"}],"wp:attachment":[{"href":"https:\/\/analyse.optim.biz\/index.php?rest_route=%2Fwp%2Fv2%2Fmedia&parent=188646"}],"wp:term":[{"taxonomy":"category","embeddable":true,"href":"https:\/\/analyse.optim.biz\/index.php?rest_route=%2Fwp%2Fv2%2Fcategories&post=188646"},{"taxonomy":"post_tag","embeddable":true,"href":"https:\/\/analyse.optim.biz\/index.php?rest_route=%2Fwp%2Fv2%2Ftags&post=188646"}],"curies":[{"name":"wp","href":"https:\/\/api.w.org\/{rel}","templated":true}]}}