{"id":1886294,"date":"2026-04-15T09:57:28","date_gmt":"2026-04-15T06:57:28","guid":{"rendered":"https:\/\/analyse.optim.biz\/?p=1886294"},"modified":"2026-04-15T09:57:28","modified_gmt":"2026-04-15T06:57:28","slug":"fata-de-12-ani-data-disparuta-a-plecat-de-acasa-pentru-ca-a-fost-pedepsita-cu-confiscarea-telefonului-mobil-ea-a-fost-gasita-in-siguranta-in-zona-de-agrement-a-raului-suceava","status":"publish","type":"post","link":"https:\/\/analyse.optim.biz\/?p=1886294","title":{"rendered":"Fata de 12 ani dat\u0103 disp\u0103rut\u0103, a plecat de acas\u0103 pentru c\u0103 a fost pedepsit\u0103 cu confiscarea telefonului mobil. Ea a fost g\u0103sit\u0103 \u00een siguran\u021b\u0103 \u00een zona de agrement a r\u00e2ului Suceava"},"content":{"rendered":"<p>[analyse_image type=&#8221;featured&#8221; src=&#8221;https:\/\/www.newsbucovina.ro\/wp-content\/uploads\/2016\/11\/telefon-furat.jpghttps:\/\/cdn.newsbucovina.ro\/wp-content\/uploads\/2016\/11\/telefon-furat.jpg&#8221;]<\/p>\n<div class=\"td-post-content tagdiv-type\">\n<div class=\"td-a-rec td-a-rec-id-content_top  tdi_3 td_block_template_1\"><strong>Intr\u0103 acum \u0219i \u00een grupul de <\/p>\n<div class=\"wp-block-button\"><a class=\"wp-block-button__link wp-element-button\" href=\"https:\/\/t.me\/+TH8wcfnp8fw5NWI0\">Telegram News Bucovina<\/a><\/div>\n<p><\/strong><\/div>\n<p>Poli\u021bi\u0219tii din cadrul Poli\u021biei Municipiului Suceava au identificat \u0219i adus \u00een siguran\u021b\u0103 mar\u021bi, 14 aprilie 2026, o minor\u0103 de 12 ani care p\u0103r\u0103sise voluntar domiciliul din cartierul Burdujeni \u00een cursul dimine\u021bii.<\/p>\n<div class=\"wp-block-image\">\n<figure class=\"aligncenter size-full\"><a href=\"https:\/\/cdn.newsbucovina.ro\/wp-content\/uploads\/2016\/11\/telefon-furat.jpg\"><img loading=\"lazy\" decoding=\"async\" width=\"696\" height=\"464\" src=\"https:\/\/cdn.newsbucovina.ro\/wp-content\/uploads\/2016\/11\/telefon-furat.jpg.webp\" alt class=\"wp-image-172737\"><\/a><\/figure>\n<\/div>\n<p>Fata a fost v\u0103zut\u0103 ultima dat\u0103 acas\u0103 \u00een jurul orei 08:00. Mama sa a sesizat dispari\u021bia \u00een jurul orei 14:00, dup\u0103 ce s-a \u00eentors de la serviciu \u0219i a constatat absen\u021ba minorei.<\/p>\n<p>Echipa operativ\u0103 constituit\u0103 imediat a reu\u0219it localizarea rapidei prin vizionarea imaginilor din mijloacele de transport \u00een comun. Minora a fost surprins\u0103 cobor\u00e2nd \u00een sta\u021bia \u201eSala Sporturilor\u201d \u00een jurul orei 16:28. O patrul\u0103 a Biroului de Ordine Public\u0103 a fost direc\u021bionat\u0103 \u00een zona de agrement de pe malul r\u00e2ului Suceava, unde a fost identificat\u0103 st\u00e2nd pe o banc\u0103.<\/p>\n<p>Minora purta o geac\u0103 neagr\u0103, pantaloni de trening roz \u0219i avea un rucsac cafeniu cu bretele verzi. Ea a fost condus\u0103 la sediul Poli\u021biei Municipiului Suceava, unde a fost audiat\u0103.<\/p>\n<p>Fata a declarat c\u0103 a plecat de acas\u0103 dup\u0103 ce a fost pedepsit\u0103 \u0219i i s-a confiscat telefonul mobil de c\u0103tre mam\u0103. Pe durata absen\u021bei, s-a deplasat \u00een centrul municipiului, la Complexul Comercial Iulius Mall \u0219i \u00een zona de agrement de pe malul Sucevei. Ea a precizat c\u0103 nu a fost victima niciunei infrac\u021biuni sau contraven\u021bii \u0219i nu s-a aflat \u00een pericol.<\/p>\n<p>A fost \u00eentocmit Formularul de Evaluare a Riscului, nefiind necesar\u0103 emiterea unui Ordin Provizoriu de Protec\u021bie. Minora a fost predat\u0103 familiei, iar darea \u00een urm\u0103rire a fost revocat\u0103. Cazul a fost sesizat Direc\u021biei Generale de Asisten\u021b\u0103 Social\u0103 \u0219i Protec\u021bia Copilului Suceava.<\/p>\n<p>Poli\u021bia mul\u021bume\u0219te tuturor celor care au oferit informa\u021bii \u0219i au contribuit la localizarea rapid\u0103 a minorei.<\/p>\n<figure class=\"wp-block-embed is-type-video is-provider-youtube wp-block-embed-youtube wp-embed-aspect-16-9 wp-has-aspect-ratio\">\n<div class=\"wp-block-embed__wrapper\">\n<div class=\"youtube-embed\" data-video_id=\"Ls_QSaZQl1o\"><iframe loading=\"lazy\" title=\"Moartea p\u00e2nde\u0219te pe \u0219oseaua de centur\u0103 a Sucevei! Ziua ne iau banii cu for\u021ba, Noaptea vine namolul!\" width=\"696\" height=\"392\" src=\"https:\/\/www.youtube.com\/embed\/Ls_QSaZQl1o?feature=oembed&amp;enablejsapi=1\" frameborder allow=\"accelerometer; autoplay; clipboard-write; encrypted-media; gyroscope; picture-in-picture; web-share\" referrerpolicy=\"strict-origin-when-cross-origin\" allowfullscreen><\/iframe><\/div>\n<\/div>\n<\/figure>\n<div class=\"td-a-rec td-a-rec-id-content_bottom  tdi_4 td_block_template_1\"><strong>Intr\u0103 acum \u0219i \u00een grupul de <\/p>\n<div class=\"wp-block-button\"><a class=\"wp-block-button__link wp-element-button\" href=\"https:\/\/t.me\/+TH8wcfnp8fw5NWI0\">Telegram News Bucovina<\/a><\/div>\n<p><\/strong><\/div>\n<\/div>\n<div class=\"td-post-content tagdiv-type\">\n<div class=\"td-a-rec td-a-rec-id-content_top  tdi_3 td_block_template_1\"><strong>Intr\u0103 acum \u0219i \u00een grupul de <\/p>\n<div class=\"wp-block-button\"><a class=\"wp-block-button__link wp-element-button\" href=\"https:\/\/t.me\/+TH8wcfnp8fw5NWI0\">Telegram News Bucovina<\/a><\/div>\n<p><\/strong><\/div>\n<p>Poli\u021bi\u0219tii din cadrul Poli\u021biei Municipiului Suceava au identificat \u0219i adus \u00een siguran\u021b\u0103 mar\u021bi, 14 aprilie 2026, o minor\u0103 de 12 ani care p\u0103r\u0103sise voluntar domiciliul din cartierul Burdujeni \u00een cursul dimine\u021bii.<\/p>\n<div class=\"wp-block-image\">\n<figure class=\"aligncenter size-full\"><a href=\"https:\/\/cdn.newsbucovina.ro\/wp-content\/uploads\/2016\/11\/telefon-furat.jpg\"><img loading=\"lazy\" decoding=\"async\" width=\"696\" height=\"464\" src=\"https:\/\/cdn.newsbucovina.ro\/wp-content\/uploads\/2016\/11\/telefon-furat.jpg.webp\" alt class=\"wp-image-172737\"><\/a><\/figure>\n<\/div>\n<p>Fata a fost v\u0103zut\u0103 ultima dat\u0103 acas\u0103 \u00een jurul orei 08:00. Mama sa a sesizat dispari\u021bia \u00een jurul orei 14:00, dup\u0103 ce s-a \u00eentors de la serviciu \u0219i a constatat absen\u021ba minorei.<\/p>\n<p>Echipa operativ\u0103 constituit\u0103 imediat a reu\u0219it localizarea rapidei prin vizionarea imaginilor din mijloacele de transport \u00een comun. Minora a fost surprins\u0103 cobor\u00e2nd \u00een sta\u021bia \u201eSala Sporturilor\u201d \u00een jurul orei 16:28. O patrul\u0103 a Biroului de Ordine Public\u0103 a fost direc\u021bionat\u0103 \u00een zona de agrement de pe malul r\u00e2ului Suceava, unde a fost identificat\u0103 st\u00e2nd pe o banc\u0103.<\/p>\n<p>Minora purta o geac\u0103 neagr\u0103, pantaloni de trening roz \u0219i avea un rucsac cafeniu cu bretele verzi. Ea a fost condus\u0103 la sediul Poli\u021biei Municipiului Suceava, unde a fost audiat\u0103.<\/p>\n<p>Fata a declarat c\u0103 a plecat de acas\u0103 dup\u0103 ce a fost pedepsit\u0103 \u0219i i s-a confiscat telefonul mobil de c\u0103tre mam\u0103. Pe durata absen\u021bei, s-a deplasat \u00een centrul municipiului, la Complexul Comercial Iulius Mall \u0219i \u00een zona de agrement de pe malul Sucevei. Ea a precizat c\u0103 nu a fost victima niciunei infrac\u021biuni sau contraven\u021bii \u0219i nu s-a aflat \u00een pericol.<\/p>\n<p>A fost \u00eentocmit Formularul de Evaluare a Riscului, nefiind necesar\u0103 emiterea unui Ordin Provizoriu de Protec\u021bie. Minora a fost predat\u0103 familiei, iar darea \u00een urm\u0103rire a fost revocat\u0103. Cazul a fost sesizat Direc\u021biei Generale de Asisten\u021b\u0103 Social\u0103 \u0219i Protec\u021bia Copilului Suceava.<\/p>\n<p>Poli\u021bia mul\u021bume\u0219te tuturor celor care au oferit informa\u021bii \u0219i au contribuit la localizarea rapid\u0103 a minorei.<\/p>\n<figure class=\"wp-block-embed is-type-video is-provider-youtube wp-block-embed-youtube wp-embed-aspect-16-9 wp-has-aspect-ratio\">\n<div class=\"wp-block-embed__wrapper\">\n<div class=\"youtube-embed\" data-video_id=\"Ls_QSaZQl1o\"><iframe loading=\"lazy\" title=\"Moartea p\u00e2nde\u0219te pe \u0219oseaua de centur\u0103 a Sucevei! Ziua ne iau banii cu for\u021ba, Noaptea vine namolul!\" width=\"696\" height=\"392\" src=\"https:\/\/www.youtube.com\/embed\/Ls_QSaZQl1o?feature=oembed&amp;enablejsapi=1\" frameborder allow=\"accelerometer; autoplay; clipboard-write; encrypted-media; gyroscope; picture-in-picture; web-share\" referrerpolicy=\"strict-origin-when-cross-origin\" allowfullscreen><\/iframe><\/div>\n<\/div>\n<\/figure>\n<div class=\"td-a-rec td-a-rec-id-content_bottom  tdi_4 td_block_template_1\"><strong>Intr\u0103 acum \u0219i \u00een grupul de <\/p>\n<div class=\"wp-block-button\"><a class=\"wp-block-button__link wp-element-button\" href=\"https:\/\/t.me\/+TH8wcfnp8fw5NWI0\">Telegram News Bucovina<\/a><\/div>\n<p><\/strong><\/div>\n<\/div>\n<p>[analyse_source url=&#8221;https:\/\/www.newsbucovina.ro\/social\/436224\/fata-de-12-ani-data-disparuta-a-plecata-de-acasa-pentru-ca-a-fost-pedepsita-cu-confiscarea-telefonului-mobil-ea-a-fost-gasita-in-siguranta-in-zona-de-agrement-a-raului-suceava&#8221;]<\/p>\n","protected":false},"excerpt":{"rendered":"<p>[analyse_image type=&#8221;featured&#8221; src=&#8221;https:\/\/www.newsbucovina.ro\/wp-content\/uploads\/2016\/11\/telefon-furat.jpghttps:\/\/cdn.newsbucovina.ro\/wp-content\/uploads\/2016\/11\/telefon-furat.jpg&#8221;] Intr\u0103 acum \u0219i \u00een grupul de Telegram News Bucovina Poli\u021bi\u0219tii din cadrul Poli\u021biei Municipiului Suceava au identificat \u0219i adus \u00een siguran\u021b\u0103 mar\u021bi, 14 aprilie 2026, o minor\u0103 de 12 ani care p\u0103r\u0103sise voluntar domiciliul din cartierul Burdujeni \u00een cursul dimine\u021bii. Fata a fost v\u0103zut\u0103 ultima dat\u0103 acas\u0103 \u00een jurul orei 08:00. Mama [&hellip;]<\/p>\n","protected":false},"author":1,"featured_media":0,"comment_status":"open","ping_status":"","sticky":false,"template":"","format":"standard","meta":{"footnotes":""},"categories":[89],"tags":[226,165],"class_list":["post-1886294","post","type-post","status-publish","format-standard","hentry","category-romania","tag-crawlmanager","tag-newsbucovina-ro"],"_links":{"self":[{"href":"https:\/\/analyse.optim.biz\/index.php?rest_route=\/wp\/v2\/posts\/1886294","targetHints":{"allow":["GET"]}}],"collection":[{"href":"https:\/\/analyse.optim.biz\/index.php?rest_route=\/wp\/v2\/posts"}],"about":[{"href":"https:\/\/analyse.optim.biz\/index.php?rest_route=\/wp\/v2\/types\/post"}],"author":[{"embeddable":true,"href":"https:\/\/analyse.optim.biz\/index.php?rest_route=\/wp\/v2\/users\/1"}],"replies":[{"embeddable":true,"href":"https:\/\/analyse.optim.biz\/index.php?rest_route=%2Fwp%2Fv2%2Fcomments&post=1886294"}],"version-history":[{"count":0,"href":"https:\/\/analyse.optim.biz\/index.php?rest_route=\/wp\/v2\/posts\/1886294\/revisions"}],"wp:attachment":[{"href":"https:\/\/analyse.optim.biz\/index.php?rest_route=%2Fwp%2Fv2%2Fmedia&parent=1886294"}],"wp:term":[{"taxonomy":"category","embeddable":true,"href":"https:\/\/analyse.optim.biz\/index.php?rest_route=%2Fwp%2Fv2%2Fcategories&post=1886294"},{"taxonomy":"post_tag","embeddable":true,"href":"https:\/\/analyse.optim.biz\/index.php?rest_route=%2Fwp%2Fv2%2Ftags&post=1886294"}],"curies":[{"name":"wp","href":"https:\/\/api.w.org\/{rel}","templated":true}]}}