{"id":1886293,"date":"2026-04-15T09:49:49","date_gmt":"2026-04-15T06:49:49","guid":{"rendered":"https:\/\/analyse.optim.biz\/?p=1886293"},"modified":"2026-04-15T09:49:49","modified_gmt":"2026-04-15T06:49:49","slug":"barbat-retinut-pentru-tentativa-la-omor-la-preutesti-dupa-ce-a-injunghiat-un-alt-barbat-in-zona-toracelui","status":"publish","type":"post","link":"https:\/\/analyse.optim.biz\/?p=1886293","title":{"rendered":"B\u0103rbat re\u021binut pentru tentativ\u0103 la omor la Preute\u0219ti dup\u0103 ce a \u00eenjunghiat un alt b\u0103rbat \u00een zona toracelui"},"content":{"rendered":"<p>[analyse_image type=&#8221;featured&#8221; src=&#8221;https:\/\/www.newsbucovina.ro\/wp-content\/uploads\/2023\/01\/ambulanta-injunghiat-pacient-targa.jpghttps:\/\/cdn.newsbucovina.ro\/wp-content\/uploads\/2023\/01\/ambulanta-injunghiat-pacient-targa.jpg&#8221;]<\/p>\n<div class=\"td-post-content tagdiv-type\">\n<div class=\"td-a-rec td-a-rec-id-content_top  tdi_3 td_block_template_1\"><strong>Intr\u0103 acum \u0219i \u00een grupul de <\/p>\n<div class=\"wp-block-button\"><a class=\"wp-block-button__link wp-element-button\" href=\"https:\/\/t.me\/+TH8wcfnp8fw5NWI0\">Telegram News Bucovina<\/a><\/div>\n<p><\/strong><\/div>\n<p>ACTUALIZARE: Tribunalul Suceava a admis cererea Parchetului \u0219i a dispus arestarea preventiv\u0103 a b\u0103rbatului pentru 30 de zile.<\/p>\n<p>Un b\u0103rbat a fost re\u021binut pentru 24 de ore \u0219i urmeaz\u0103 s\u0103 fie prezentat instan\u021bei cu propunere de arestare preventiv\u0103, dup\u0103 ce a \u00eenjunghiat un alt b\u0103rbat \u00een satul Basarabi, comuna Preute\u0219ti.<\/p>\n<div class=\"wp-block-image\">\n<figure class=\"aligncenter size-full\"><a href=\"https:\/\/cdn.newsbucovina.ro\/wp-content\/uploads\/2023\/01\/ambulanta-injunghiat-pacient-targa.jpg\"><img loading=\"lazy\" decoding=\"async\" width=\"636\" height=\"398\" src=\"https:\/\/cdn.newsbucovina.ro\/wp-content\/uploads\/2023\/01\/ambulanta-injunghiat-pacient-targa.jpg.webp\" alt class=\"wp-image-358098\"><\/a><\/figure>\n<\/div>\n<p>Incidentul a avut loc luni, 13 aprilie 2026, \u00een jurul orei 20:10, la domiciliul unei familii din satul Basarabi. Un b\u0103rbat din ora\u0219ul Dolhasca, aflat \u00een stare de ebrietate, a intrat \u00een locuin\u021b\u0103 \u0219i, \u00een urma unor discu\u021bii contradictorii, l-a lovit cu un cu\u021bit pe un b\u0103rbat de 50 de ani, provoc\u00e2ndu-i o plag\u0103 \u00eenjunghiat\u0103 la nivelul hemitoracelui st\u00e2ng.<\/p>\n<p>Victima a fost transportat\u0103 de urgen\u021b\u0103 la Spitalul Municipal F\u0103lticeni, unde i s-a acordat asisten\u021b\u0103 medical\u0103 de specialitate. Diagnosticul preliminar a fost \u201eplag\u0103 \u00eenjunghiat\u0103 hemitorace st\u00e2ng\u201d, stabil hemodinamic, f\u0103r\u0103 complica\u021bii imediate. Din punct de vedere medico-legal, leziunile nu i-au pus via\u021ba \u00een primejdie.<\/p>\n<p>Ini\u021bial, poli\u021bi\u0219tii Sec\u021biei 12 Poli\u021bie Rural\u0103 Preute\u0219ti au deschis dosar penal pentru \u201elovire sau alte violen\u021be\u201d \u0219i \u201eviolare de domiciliu\u201d. Dup\u0103 ce victima a primit \u00eengrijiri medicale \u0219i au fost administrate probele, Parchetul de pe l\u00e2ng\u0103 Judec\u0103toria F\u0103lticeni a propus declinarea cauzei c\u0103tre Parchetul de pe l\u00e2ng\u0103 Tribunalul Suceava.<\/p>\n<p>Procurorii Tribunalului Suceava au schimbat \u00eencadrarea juridic\u0103 a faptei \u00een <strong>\u201etentativ\u0103 la omor\u201d<\/strong> (art. 32 rap. la art. 188 Cod Penal, cu aplicarea art. 41 alin. 1).<\/p>\n<p>Suspectul a fost re\u021binut pentru 24 de ore \u00een data de 14 aprilie 2026 \u0219i introdus \u00een Centrul de Re\u021binere \u0219i Arest Preventiv al IPJ Suceava. B\u0103rbatul va fi prezentat judec\u0103torului de drepturi \u0219i libert\u0103\u021bi din cadrul Tribunalului Suceava cu propunere de arestare preventiv\u0103 pe o perioad\u0103 de 30 de zile.<\/p>\n<p>Cercet\u0103rile continu\u0103 sub coordonarea Parchetului de pe l\u00e2ng\u0103 Tribunalul Suceava.<\/p>\n<figure class=\"wp-block-embed is-type-video is-provider-youtube wp-block-embed-youtube wp-embed-aspect-16-9 wp-has-aspect-ratio\">\n<div class=\"wp-block-embed__wrapper\">\n<div class=\"youtube-embed\" data-video_id=\"Ls_QSaZQl1o\"><iframe loading=\"lazy\" title=\"Moartea p\u00e2nde\u0219te pe \u0219oseaua de centur\u0103 a Sucevei! Ziua ne iau banii cu for\u021ba, Noaptea vine namolul!\" width=\"696\" height=\"392\" src=\"https:\/\/www.youtube.com\/embed\/Ls_QSaZQl1o?feature=oembed&amp;enablejsapi=1\" frameborder allow=\"accelerometer; autoplay; clipboard-write; encrypted-media; gyroscope; picture-in-picture; web-share\" referrerpolicy=\"strict-origin-when-cross-origin\" allowfullscreen><\/iframe><\/div>\n<\/div>\n<\/figure>\n<div class=\"td-a-rec td-a-rec-id-content_bottom  tdi_4 td_block_template_1\"><strong>Intr\u0103 acum \u0219i \u00een grupul de <\/p>\n<div class=\"wp-block-button\"><a class=\"wp-block-button__link wp-element-button\" href=\"https:\/\/t.me\/+TH8wcfnp8fw5NWI0\">Telegram News Bucovina<\/a><\/div>\n<p><\/strong><\/div>\n<\/div>\n<div class=\"td-post-content tagdiv-type\">\n<div class=\"td-a-rec td-a-rec-id-content_top  tdi_3 td_block_template_1\"><strong>Intr\u0103 acum \u0219i \u00een grupul de <\/p>\n<div class=\"wp-block-button\"><a class=\"wp-block-button__link wp-element-button\" href=\"https:\/\/t.me\/+TH8wcfnp8fw5NWI0\">Telegram News Bucovina<\/a><\/div>\n<p><\/strong><\/div>\n<p>ACTUALIZARE: Tribunalul Suceava a admis cererea Parchetului \u0219i a dispus arestarea preventiv\u0103 a b\u0103rbatului pentru 30 de zile.<\/p>\n<p>Un b\u0103rbat a fost re\u021binut pentru 24 de ore \u0219i urmeaz\u0103 s\u0103 fie prezentat instan\u021bei cu propunere de arestare preventiv\u0103, dup\u0103 ce a \u00eenjunghiat un alt b\u0103rbat \u00een satul Basarabi, comuna Preute\u0219ti.<\/p>\n<div class=\"wp-block-image\">\n<figure class=\"aligncenter size-full\"><a href=\"https:\/\/cdn.newsbucovina.ro\/wp-content\/uploads\/2023\/01\/ambulanta-injunghiat-pacient-targa.jpg\"><img loading=\"lazy\" decoding=\"async\" width=\"636\" height=\"398\" src=\"https:\/\/cdn.newsbucovina.ro\/wp-content\/uploads\/2023\/01\/ambulanta-injunghiat-pacient-targa.jpg.webp\" alt class=\"wp-image-358098\"><\/a><\/figure>\n<\/div>\n<p>Incidentul a avut loc luni, 13 aprilie 2026, \u00een jurul orei 20:10, la domiciliul unei familii din satul Basarabi. Un b\u0103rbat din ora\u0219ul Dolhasca, aflat \u00een stare de ebrietate, a intrat \u00een locuin\u021b\u0103 \u0219i, \u00een urma unor discu\u021bii contradictorii, l-a lovit cu un cu\u021bit pe un b\u0103rbat de 50 de ani, provoc\u00e2ndu-i o plag\u0103 \u00eenjunghiat\u0103 la nivelul hemitoracelui st\u00e2ng.<\/p>\n<p>Victima a fost transportat\u0103 de urgen\u021b\u0103 la Spitalul Municipal F\u0103lticeni, unde i s-a acordat asisten\u021b\u0103 medical\u0103 de specialitate. Diagnosticul preliminar a fost \u201eplag\u0103 \u00eenjunghiat\u0103 hemitorace st\u00e2ng\u201d, stabil hemodinamic, f\u0103r\u0103 complica\u021bii imediate. Din punct de vedere medico-legal, leziunile nu i-au pus via\u021ba \u00een primejdie.<\/p>\n<p>Ini\u021bial, poli\u021bi\u0219tii Sec\u021biei 12 Poli\u021bie Rural\u0103 Preute\u0219ti au deschis dosar penal pentru \u201elovire sau alte violen\u021be\u201d \u0219i \u201eviolare de domiciliu\u201d. Dup\u0103 ce victima a primit \u00eengrijiri medicale \u0219i au fost administrate probele, Parchetul de pe l\u00e2ng\u0103 Judec\u0103toria F\u0103lticeni a propus declinarea cauzei c\u0103tre Parchetul de pe l\u00e2ng\u0103 Tribunalul Suceava.<\/p>\n<p>Procurorii Tribunalului Suceava au schimbat \u00eencadrarea juridic\u0103 a faptei \u00een <strong>\u201etentativ\u0103 la omor\u201d<\/strong> (art. 32 rap. la art. 188 Cod Penal, cu aplicarea art. 41 alin. 1).<\/p>\n<p>Suspectul a fost re\u021binut pentru 24 de ore \u00een data de 14 aprilie 2026 \u0219i introdus \u00een Centrul de Re\u021binere \u0219i Arest Preventiv al IPJ Suceava. B\u0103rbatul va fi prezentat judec\u0103torului de drepturi \u0219i libert\u0103\u021bi din cadrul Tribunalului Suceava cu propunere de arestare preventiv\u0103 pe o perioad\u0103 de 30 de zile.<\/p>\n<p>Cercet\u0103rile continu\u0103 sub coordonarea Parchetului de pe l\u00e2ng\u0103 Tribunalul Suceava.<\/p>\n<figure class=\"wp-block-embed is-type-video is-provider-youtube wp-block-embed-youtube wp-embed-aspect-16-9 wp-has-aspect-ratio\">\n<div class=\"wp-block-embed__wrapper\">\n<div class=\"youtube-embed\" data-video_id=\"Ls_QSaZQl1o\"><iframe loading=\"lazy\" title=\"Moartea p\u00e2nde\u0219te pe \u0219oseaua de centur\u0103 a Sucevei! Ziua ne iau banii cu for\u021ba, Noaptea vine namolul!\" width=\"696\" height=\"392\" src=\"https:\/\/www.youtube.com\/embed\/Ls_QSaZQl1o?feature=oembed&amp;enablejsapi=1\" frameborder allow=\"accelerometer; autoplay; clipboard-write; encrypted-media; gyroscope; picture-in-picture; web-share\" referrerpolicy=\"strict-origin-when-cross-origin\" allowfullscreen><\/iframe><\/div>\n<\/div>\n<\/figure>\n<div class=\"td-a-rec td-a-rec-id-content_bottom  tdi_4 td_block_template_1\"><strong>Intr\u0103 acum \u0219i \u00een grupul de <\/p>\n<div class=\"wp-block-button\"><a class=\"wp-block-button__link wp-element-button\" href=\"https:\/\/t.me\/+TH8wcfnp8fw5NWI0\">Telegram News Bucovina<\/a><\/div>\n<p><\/strong><\/div>\n<\/div>\n<p>[analyse_source url=&#8221;https:\/\/www.newsbucovina.ro\/social\/436222\/barbat-retinut-pentru-tentativa-la-omor-la-preutesti-dupa-ce-a-injunghiat-un-alt-barbat-in-zona-toracelui&#8221;]<\/p>\n","protected":false},"excerpt":{"rendered":"<p>[analyse_image type=&#8221;featured&#8221; src=&#8221;https:\/\/www.newsbucovina.ro\/wp-content\/uploads\/2023\/01\/ambulanta-injunghiat-pacient-targa.jpghttps:\/\/cdn.newsbucovina.ro\/wp-content\/uploads\/2023\/01\/ambulanta-injunghiat-pacient-targa.jpg&#8221;] Intr\u0103 acum \u0219i \u00een grupul de Telegram News Bucovina ACTUALIZARE: Tribunalul Suceava a admis cererea Parchetului \u0219i a dispus arestarea preventiv\u0103 a b\u0103rbatului pentru 30 de zile. Un b\u0103rbat a fost re\u021binut pentru 24 de ore \u0219i urmeaz\u0103 s\u0103 fie prezentat instan\u021bei cu propunere de arestare preventiv\u0103, dup\u0103 ce a \u00eenjunghiat un [&hellip;]<\/p>\n","protected":false},"author":1,"featured_media":0,"comment_status":"open","ping_status":"","sticky":false,"template":"","format":"standard","meta":{"footnotes":""},"categories":[89],"tags":[226,165],"class_list":["post-1886293","post","type-post","status-publish","format-standard","hentry","category-romania","tag-crawlmanager","tag-newsbucovina-ro"],"_links":{"self":[{"href":"https:\/\/analyse.optim.biz\/index.php?rest_route=\/wp\/v2\/posts\/1886293","targetHints":{"allow":["GET"]}}],"collection":[{"href":"https:\/\/analyse.optim.biz\/index.php?rest_route=\/wp\/v2\/posts"}],"about":[{"href":"https:\/\/analyse.optim.biz\/index.php?rest_route=\/wp\/v2\/types\/post"}],"author":[{"embeddable":true,"href":"https:\/\/analyse.optim.biz\/index.php?rest_route=\/wp\/v2\/users\/1"}],"replies":[{"embeddable":true,"href":"https:\/\/analyse.optim.biz\/index.php?rest_route=%2Fwp%2Fv2%2Fcomments&post=1886293"}],"version-history":[{"count":0,"href":"https:\/\/analyse.optim.biz\/index.php?rest_route=\/wp\/v2\/posts\/1886293\/revisions"}],"wp:attachment":[{"href":"https:\/\/analyse.optim.biz\/index.php?rest_route=%2Fwp%2Fv2%2Fmedia&parent=1886293"}],"wp:term":[{"taxonomy":"category","embeddable":true,"href":"https:\/\/analyse.optim.biz\/index.php?rest_route=%2Fwp%2Fv2%2Fcategories&post=1886293"},{"taxonomy":"post_tag","embeddable":true,"href":"https:\/\/analyse.optim.biz\/index.php?rest_route=%2Fwp%2Fv2%2Ftags&post=1886293"}],"curies":[{"name":"wp","href":"https:\/\/api.w.org\/{rel}","templated":true}]}}