{"id":1886292,"date":"2026-04-15T10:08:27","date_gmt":"2026-04-15T07:08:27","guid":{"rendered":"https:\/\/analyse.optim.biz\/?p=1886292"},"modified":"2026-04-15T10:08:27","modified_gmt":"2026-04-15T07:08:27","slug":"scandal-la-o-cafenea-din-campulung-moldovenesc-un-tanar-agresiv-si-baut-a-lovit-un-client-s-a-impiedicat-si-a-spart-geamul-unei-usi-dupa-care-a-mai-spart-doua-sticle-de-pe-o-masa","status":"publish","type":"post","link":"https:\/\/analyse.optim.biz\/?p=1886292","title":{"rendered":"Scandal la o cafenea din C\u00e2mpulung Moldovenesc: Un t\u00e2n\u0103r agresiv \u0219i b\u0103ut a lovit un client s-a \u00eempiedicat \u0219i a spart geamul unei u\u0219i, dup\u0103 care a mai spart dou\u0103 sticle de pe o mas\u0103"},"content":{"rendered":"<p>[analyse_image type=&#8221;featured&#8221; src=&#8221;https:\/\/www.newsbucovina.ro\/wp-content\/uploads\/2026\/04\/politie-bar.jpeghttps:\/\/cdn.newsbucovina.ro\/wp-content\/uploads\/2026\/04\/politie-bar.jpeg&#8221;]<\/p>\n<div class=\"td-post-content tagdiv-type\">\n<div class=\"td-a-rec td-a-rec-id-content_top  tdi_3 td_block_template_1\"><strong>Intr\u0103 acum \u0219i \u00een grupul de <\/p>\n<div class=\"wp-block-button\"><a class=\"wp-block-button__link wp-element-button\" href=\"https:\/\/t.me\/+TH8wcfnp8fw5NWI0\">Telegram News Bucovina<\/a><\/div>\n<p><\/strong><\/div>\n<p>Un b\u0103rbat \u00een v\u00e2rst\u0103 de 25 de ani din municipiul C\u00e2mpulung Moldovenesc a provocat un scandal violent mar\u021bi sear\u0103, 14 aprilie 2026, la cafeneaua City Cafe de pe Calea Transilvaniei.<\/p>\n<div class=\"wp-block-image\">\n<figure class=\"aligncenter size-full\"><a href=\"https:\/\/cdn.newsbucovina.ro\/wp-content\/uploads\/2026\/04\/politie-bar.jpeg\"><img loading=\"lazy\" decoding=\"async\" width=\"709\" height=\"369\" src=\"https:\/\/cdn.newsbucovina.ro\/wp-content\/uploads\/2026\/04\/politie-bar.jpeg\" alt class=\"wp-image-436227\"><\/a><\/figure>\n<\/div>\n<p>Evenimentul a fost sesizat prin 112 \u00een jurul orei 20:42 de un alt client al localului. Poli\u021bi\u0219tii ajun\u0219i rapid la fa\u021ba locului au constatat c\u0103 b\u0103rbatul, aflat \u00eentr-o stare vizibil\u0103 de ebrietate, a ini\u021biat un conflict spontan cu un alt client, pe care l-a lovit cu pumnul.<\/p>\n<p>Ulterior, agresorul s-a \u00eempiedicat \u0219i a spart geamul unei u\u0219i din interiorul localului, dup\u0103 care a mai spart dou\u0103 sticle de pe o mas\u0103. Poli\u021bi\u0219tii l-au g\u0103sit agitat \u0219i agresiv, fiind nevoi\u021bi s\u0103 \u00eel imobilizeze. Acesta prezenta \u0219i o ran\u0103 s\u00e2nger\u00e2nd\u0103 la un antebra\u021b, motiv pentru care a fost solicitat un echipaj medical.<\/p>\n<p>B\u0103rbatul a fost transportat la unitatea medical\u0103 pentru evaluare, iar \u00een urma examin\u0103rii medicale \u0219i a comportamentului manifestat (agita\u021bie \u0219i incoeren\u021b\u0103), s-a decis internarea sa la Spitalul de Psihiatrie C\u00e2mpulung.<\/p>\n<p>\u00cen cauz\u0103 a fost \u00eentocmit dosar penal pentru s\u0103v\u00e2r\u0219irea a trei infrac\u021biuni, respectiv tulburarea ordinii \u0219i lini\u0219tii publice, lovire sau alte violen\u021be \u0219i distrugere.<\/p>\n<p>Cercet\u0103rile continu\u0103 sub coordonarea Parchetului de pe l\u00e2ng\u0103 Judec\u0103toria C\u00e2mpulung Moldovenesc.<\/p>\n<figure class=\"wp-block-embed is-type-video is-provider-youtube wp-block-embed-youtube wp-embed-aspect-16-9 wp-has-aspect-ratio\">\n<div class=\"wp-block-embed__wrapper\">\n<div class=\"youtube-embed\" data-video_id=\"Ls_QSaZQl1o\"><iframe loading=\"lazy\" title=\"Moartea p\u00e2nde\u0219te pe \u0219oseaua de centur\u0103 a Sucevei! Ziua ne iau banii cu for\u021ba, Noaptea vine namolul!\" width=\"696\" height=\"392\" src=\"https:\/\/www.youtube.com\/embed\/Ls_QSaZQl1o?feature=oembed&amp;enablejsapi=1\" frameborder allow=\"accelerometer; autoplay; clipboard-write; encrypted-media; gyroscope; picture-in-picture; web-share\" referrerpolicy=\"strict-origin-when-cross-origin\" allowfullscreen><\/iframe><\/div>\n<\/div>\n<\/figure>\n<div class=\"td-a-rec td-a-rec-id-content_bottom  tdi_4 td_block_template_1\"><strong>Intr\u0103 acum \u0219i \u00een grupul de <\/p>\n<div class=\"wp-block-button\"><a class=\"wp-block-button__link wp-element-button\" href=\"https:\/\/t.me\/+TH8wcfnp8fw5NWI0\">Telegram News Bucovina<\/a><\/div>\n<p><\/strong><\/div>\n<\/div>\n<div class=\"td-post-content tagdiv-type\">\n<div class=\"td-a-rec td-a-rec-id-content_top  tdi_3 td_block_template_1\"><strong>Intr\u0103 acum \u0219i \u00een grupul de <\/p>\n<div class=\"wp-block-button\"><a class=\"wp-block-button__link wp-element-button\" href=\"https:\/\/t.me\/+TH8wcfnp8fw5NWI0\">Telegram News Bucovina<\/a><\/div>\n<p><\/strong><\/div>\n<p>Un b\u0103rbat \u00een v\u00e2rst\u0103 de 25 de ani din municipiul C\u00e2mpulung Moldovenesc a provocat un scandal violent mar\u021bi sear\u0103, 14 aprilie 2026, la cafeneaua City Cafe de pe Calea Transilvaniei.<\/p>\n<div class=\"wp-block-image\">\n<figure class=\"aligncenter size-full\"><a href=\"https:\/\/cdn.newsbucovina.ro\/wp-content\/uploads\/2026\/04\/politie-bar.jpeg\"><img loading=\"lazy\" decoding=\"async\" width=\"709\" height=\"369\" src=\"https:\/\/cdn.newsbucovina.ro\/wp-content\/uploads\/2026\/04\/politie-bar.jpeg\" alt class=\"wp-image-436227\"><\/a><\/figure>\n<\/div>\n<p>Evenimentul a fost sesizat prin 112 \u00een jurul orei 20:42 de un alt client al localului. Poli\u021bi\u0219tii ajun\u0219i rapid la fa\u021ba locului au constatat c\u0103 b\u0103rbatul, aflat \u00eentr-o stare vizibil\u0103 de ebrietate, a ini\u021biat un conflict spontan cu un alt client, pe care l-a lovit cu pumnul.<\/p>\n<p>Ulterior, agresorul s-a \u00eempiedicat \u0219i a spart geamul unei u\u0219i din interiorul localului, dup\u0103 care a mai spart dou\u0103 sticle de pe o mas\u0103. Poli\u021bi\u0219tii l-au g\u0103sit agitat \u0219i agresiv, fiind nevoi\u021bi s\u0103 \u00eel imobilizeze. Acesta prezenta \u0219i o ran\u0103 s\u00e2nger\u00e2nd\u0103 la un antebra\u021b, motiv pentru care a fost solicitat un echipaj medical.<\/p>\n<p>B\u0103rbatul a fost transportat la unitatea medical\u0103 pentru evaluare, iar \u00een urma examin\u0103rii medicale \u0219i a comportamentului manifestat (agita\u021bie \u0219i incoeren\u021b\u0103), s-a decis internarea sa la Spitalul de Psihiatrie C\u00e2mpulung.<\/p>\n<p>\u00cen cauz\u0103 a fost \u00eentocmit dosar penal pentru s\u0103v\u00e2r\u0219irea a trei infrac\u021biuni, respectiv tulburarea ordinii \u0219i lini\u0219tii publice, lovire sau alte violen\u021be \u0219i distrugere.<\/p>\n<p>Cercet\u0103rile continu\u0103 sub coordonarea Parchetului de pe l\u00e2ng\u0103 Judec\u0103toria C\u00e2mpulung Moldovenesc.<\/p>\n<figure class=\"wp-block-embed is-type-video is-provider-youtube wp-block-embed-youtube wp-embed-aspect-16-9 wp-has-aspect-ratio\">\n<div class=\"wp-block-embed__wrapper\">\n<div class=\"youtube-embed\" data-video_id=\"Ls_QSaZQl1o\"><iframe loading=\"lazy\" title=\"Moartea p\u00e2nde\u0219te pe \u0219oseaua de centur\u0103 a Sucevei! Ziua ne iau banii cu for\u021ba, Noaptea vine namolul!\" width=\"696\" height=\"392\" src=\"https:\/\/www.youtube.com\/embed\/Ls_QSaZQl1o?feature=oembed&amp;enablejsapi=1\" frameborder allow=\"accelerometer; autoplay; clipboard-write; encrypted-media; gyroscope; picture-in-picture; web-share\" referrerpolicy=\"strict-origin-when-cross-origin\" allowfullscreen><\/iframe><\/div>\n<\/div>\n<\/figure>\n<div class=\"td-a-rec td-a-rec-id-content_bottom  tdi_4 td_block_template_1\"><strong>Intr\u0103 acum \u0219i \u00een grupul de <\/p>\n<div class=\"wp-block-button\"><a class=\"wp-block-button__link wp-element-button\" href=\"https:\/\/t.me\/+TH8wcfnp8fw5NWI0\">Telegram News Bucovina<\/a><\/div>\n<p><\/strong><\/div>\n<\/div>\n<p>[analyse_source url=&#8221;https:\/\/www.newsbucovina.ro\/campulung-moldovenesc\/436226\/scandal-la-o-cafenea-din-campulung-moldovenesc-un-tanar-agresiv-si-baut-a-lovit-un-client-s-a-impiedicat-si-a-spart-geamul-unei-usi-dupa-care-a-mai-spart-doua-sticle-de-pe-o-masa&#8221;]<\/p>\n","protected":false},"excerpt":{"rendered":"<p>[analyse_image type=&#8221;featured&#8221; src=&#8221;https:\/\/www.newsbucovina.ro\/wp-content\/uploads\/2026\/04\/politie-bar.jpeghttps:\/\/cdn.newsbucovina.ro\/wp-content\/uploads\/2026\/04\/politie-bar.jpeg&#8221;] Intr\u0103 acum \u0219i \u00een grupul de Telegram News Bucovina Un b\u0103rbat \u00een v\u00e2rst\u0103 de 25 de ani din municipiul C\u00e2mpulung Moldovenesc a provocat un scandal violent mar\u021bi sear\u0103, 14 aprilie 2026, la cafeneaua City Cafe de pe Calea Transilvaniei. Evenimentul a fost sesizat prin 112 \u00een jurul orei 20:42 de un alt [&hellip;]<\/p>\n","protected":false},"author":1,"featured_media":0,"comment_status":"open","ping_status":"","sticky":false,"template":"","format":"standard","meta":{"footnotes":""},"categories":[89],"tags":[226,165],"class_list":["post-1886292","post","type-post","status-publish","format-standard","hentry","category-romania","tag-crawlmanager","tag-newsbucovina-ro"],"_links":{"self":[{"href":"https:\/\/analyse.optim.biz\/index.php?rest_route=\/wp\/v2\/posts\/1886292","targetHints":{"allow":["GET"]}}],"collection":[{"href":"https:\/\/analyse.optim.biz\/index.php?rest_route=\/wp\/v2\/posts"}],"about":[{"href":"https:\/\/analyse.optim.biz\/index.php?rest_route=\/wp\/v2\/types\/post"}],"author":[{"embeddable":true,"href":"https:\/\/analyse.optim.biz\/index.php?rest_route=\/wp\/v2\/users\/1"}],"replies":[{"embeddable":true,"href":"https:\/\/analyse.optim.biz\/index.php?rest_route=%2Fwp%2Fv2%2Fcomments&post=1886292"}],"version-history":[{"count":0,"href":"https:\/\/analyse.optim.biz\/index.php?rest_route=\/wp\/v2\/posts\/1886292\/revisions"}],"wp:attachment":[{"href":"https:\/\/analyse.optim.biz\/index.php?rest_route=%2Fwp%2Fv2%2Fmedia&parent=1886292"}],"wp:term":[{"taxonomy":"category","embeddable":true,"href":"https:\/\/analyse.optim.biz\/index.php?rest_route=%2Fwp%2Fv2%2Fcategories&post=1886292"},{"taxonomy":"post_tag","embeddable":true,"href":"https:\/\/analyse.optim.biz\/index.php?rest_route=%2Fwp%2Fv2%2Ftags&post=1886292"}],"curies":[{"name":"wp","href":"https:\/\/api.w.org\/{rel}","templated":true}]}}