{"id":188606,"date":"2015-01-09T10:10:01","date_gmt":"2015-01-09T07:10:01","guid":{"rendered":"https:\/\/analyse.optim.biz\/?p=188606"},"modified":"2015-01-09T10:10:01","modified_gmt":"2015-01-09T07:10:01","slug":"renunta-traian-basescu-la-politica-fostul-presedinte-si-a-schimbat-fotografia-de-profil-de-pe-contul-de-facebook","status":"publish","type":"post","link":"https:\/\/analyse.optim.biz\/?p=188606","title":{"rendered":"Renun\u021b\u0103 Traian B\u0103sescu la politic\u0103? Fostul pre\u0219edinte \u0219i-a schimbat fotografia de profil de pe contul de Facebook"},"content":{"rendered":"<div class=\"entry data-app-meta data-app-meta-article\" data-embed-base-url-canonical=\"https:\/\/www.digi24.ro\/embed\/stiri\/actualitate\/politica\/renunta-traian-basescu-la-politica-fostul-presedinte-si-a-schimbat-fotografia-de-profil-de-pe-contul-de-facebook-344927\">\n<p data-index=\"1\">\u00a0<img decoding=\"async\" src=\"https:\/\/analyse.optim.biz\/wp-content\/uploads\/2024\/09\/y2q1mwqwn2u5njrimdjjngrinmfizje0mjgxmwnj-thumb_.jpg\" data-skip-htmlfix=\"1\" title=\"y2q1mwqwn2u5njrimdjjngrinmfizje0mjgxmwnj-thumb_\"><\/p>\n<p data-index=\"2\"><em><strong><span>Sursa foto: Facebook Traian B\u0103sescu<\/span><\/strong><\/em><\/p>\n<p data-index=\"3\">Fostul \u015fef al statului \u015fi-a schimbat, joi sear\u0103, at\u00e2t fotografia de profil, c\u00e2t \u015fi cea de Cover. \u00cen ambele imagini B\u0103sescu apare \u00een uniforma de comandant de nav\u0103. Traian Basescu a declarat, dupa incheierea mandatului de sef al tarii ca i-ar placea sa fie apelat cu &#8220;domnule comandant&#8221; si nu cu &#8220;domnule presedinte&#8221;.<\/p>\n<p data-index=\"4\"><img decoding=\"async\" src=\"https:\/\/analyse.optim.biz\/wp-content\/uploads\/2024\/09\/ywrkogvlzgqzmzhkndyzy2zizwu1n2qwzgiymdu5-thumb_.jpg\" data-skip-htmlfix=\"1\" title=\"ywrkogvlzgqzmzhkndyzy2zizwu1n2qwzgiymdu5-thumb_\"><\/p>\n<p data-index=\"5\"><span><em><strong><span>Sursa foto: Facebook Traian B\u0103sescu<\/span><\/strong><\/em><\/span><\/p>\n<p data-index=\"6\"><a href=\"https:\/\/www.digi24.ro\/Stiri\/Digi24\/Actualitate\/Politica\/Presedintele+Traian+Basescu+da+examen+pentru+reconfirmarea+breve\" data-skip-linkfix=\"1\">Traian B\u0103sescu a sus\u021binut examenul de reconfirmare a brevetului de comandant de nav\u0103 \u00een August 2013.<\/a> \u201e<span><strong>A fost normal, pentru mine nu poate fi ceva spectaculos. Partea de test, dup\u0103 familiarizarea cu sistemele electronice de naviga\u021bie, a fost scoaterea navei din portul Rotterdam \u0219i ancorarea \u00een zona de ancoraj, dup\u0103 ce am aflat c\u0103 armatorul nu are prea mul\u021bi bani \u0219i vrea s\u0103 scoat\u0103 o nav\u0103 de 260 de metri f\u0103r\u0103 remorcher\u0103. Am scos nava, nu am lovit-o, am ancorat \u00een siguran\u021b\u0103, armatorul e mul\u021bumit. Marea a fost \u0219i bun\u0103 \u0219i rea, a fost \u0219i trafic. Mi-a pl\u0103cut s\u0103 stau \u00een simulator<\/strong><\/span><span>\u201d, declara fostul \u0219ef al statului dup\u0103 examen.<\/span><\/p>\n<\/div>\n<p> Source URL: https:\/\/www.digi24.ro\/stiri\/actualitate\/politica\/renunta-traian-basescu-la-politica-fostul-presedinte-si-a-schimbat-fotografia-de-profil-de-pe-contul-de-facebook-344927<\/p>\n","protected":false},"excerpt":{"rendered":"<p>\u00a0 Sursa foto: Facebook Traian B\u0103sescu Fostul \u015fef al statului \u015fi-a schimbat, joi sear\u0103, at\u00e2t fotografia de profil, c\u00e2t \u015fi cea de Cover. \u00cen ambele imagini B\u0103sescu apare \u00een uniforma de comandant de nav\u0103. Traian Basescu a declarat, dupa incheierea mandatului de sef al tarii ca i-ar placea sa fie apelat cu &#8220;domnule comandant&#8221; si [&hellip;]<\/p>\n","protected":false},"author":1,"featured_media":188607,"comment_status":"open","ping_status":"","sticky":false,"template":"","format":"standard","meta":{"footnotes":""},"categories":[2],"tags":[11],"class_list":["post-188606","post","type-post","status-publish","format-standard","has-post-thumbnail","hentry","category-politics","tag-digi24"],"_links":{"self":[{"href":"https:\/\/analyse.optim.biz\/index.php?rest_route=\/wp\/v2\/posts\/188606","targetHints":{"allow":["GET"]}}],"collection":[{"href":"https:\/\/analyse.optim.biz\/index.php?rest_route=\/wp\/v2\/posts"}],"about":[{"href":"https:\/\/analyse.optim.biz\/index.php?rest_route=\/wp\/v2\/types\/post"}],"author":[{"embeddable":true,"href":"https:\/\/analyse.optim.biz\/index.php?rest_route=\/wp\/v2\/users\/1"}],"replies":[{"embeddable":true,"href":"https:\/\/analyse.optim.biz\/index.php?rest_route=%2Fwp%2Fv2%2Fcomments&post=188606"}],"version-history":[{"count":0,"href":"https:\/\/analyse.optim.biz\/index.php?rest_route=\/wp\/v2\/posts\/188606\/revisions"}],"wp:featuredmedia":[{"embeddable":true,"href":"https:\/\/analyse.optim.biz\/index.php?rest_route=\/wp\/v2\/media\/188607"}],"wp:attachment":[{"href":"https:\/\/analyse.optim.biz\/index.php?rest_route=%2Fwp%2Fv2%2Fmedia&parent=188606"}],"wp:term":[{"taxonomy":"category","embeddable":true,"href":"https:\/\/analyse.optim.biz\/index.php?rest_route=%2Fwp%2Fv2%2Fcategories&post=188606"},{"taxonomy":"post_tag","embeddable":true,"href":"https:\/\/analyse.optim.biz\/index.php?rest_route=%2Fwp%2Fv2%2Ftags&post=188606"}],"curies":[{"name":"wp","href":"https:\/\/api.w.org\/{rel}","templated":true}]}}