{"id":1886053,"date":"2026-04-16T19:40:54","date_gmt":"2026-04-16T16:40:54","guid":{"rendered":"https:\/\/analyse.optim.biz\/?p=1886053"},"modified":"2026-04-16T19:40:54","modified_gmt":"2026-04-16T16:40:54","slug":"urmarire-pe-calea-bucovinei-din-radauti-un-sofer-fara-permis-s-a-rasturnat-cu-un-audi-a6-inmatriculat-in-marea-britanie","status":"publish","type":"post","link":"https:\/\/analyse.optim.biz\/?p=1886053","title":{"rendered":"Urm\u0103rire pe Calea Bucovinei din R\u0103d\u0103u\u021bi: Un \u0219ofer f\u0103r\u0103 permis s-a r\u0103sturnat cu un Audi A6 \u00eenmatriculat \u00een Marea Britanie"},"content":{"rendered":"<p>[analyse_image type=&#8221;featured&#8221; src=&#8221;https:\/\/www.newsbucovina.ro\/wp-content\/uploads\/2026\/04\/Screenshot-2026-04-16-223321.pnghttps:\/\/cdn.newsbucovina.ro\/wp-content\/uploads\/2026\/04\/Screenshot-2026-04-16-223321.png&#8221;]<\/p>\n<div class=\"td-post-content tagdiv-type\">\n<div class=\"td-a-rec td-a-rec-id-content_top  tdi_3 td_block_template_1\"><strong>Intr\u0103 acum \u0219i \u00een grupul de <\/p>\n<div class=\"wp-block-button\"><a class=\"wp-block-button__link wp-element-button\" href=\"https:\/\/t.me\/+TH8wcfnp8fw5NWI0\">Telegram News Bucovina<\/a><\/div>\n<p><\/strong><\/div>\n<p>Un \u0219ofer \u00een v\u00e2rst\u0103 de 22 de ani a provocat joi seara, 16 aprilie 2026, o urm\u0103rire spectaculoas\u0103 dup\u0103 ce a refuzat s\u0103 opreasc\u0103 la semnalul regulamentar al poli\u021bi\u0219tilor, termin\u00e2nd prin a se r\u0103sturna cu autoturismul pe care \u00eel conducea.<\/p>\n<div class=\"wp-block-image\">\n<figure class=\"aligncenter size-full\"><a href=\"https:\/\/cdn.newsbucovina.ro\/wp-content\/uploads\/2026\/04\/Screenshot-2026-04-16-223321.png\"><img loading=\"lazy\" decoding=\"async\" width=\"670\" height=\"377\" src=\"https:\/\/cdn.newsbucovina.ro\/wp-content\/uploads\/2026\/04\/Screenshot-2026-04-16-223321.png\" alt class=\"wp-image-436351\"><\/a><\/figure>\n<\/div>\n<p>Evenimentul a avut loc \u00een jurul orei 20:50, pe Calea Bucovinei din municipiul R\u0103d\u0103u\u021bi. Un echipaj de poli\u021bie rutier\u0103 a efectuat semnal de oprire unui autoturism Audi A6 \u00eenmatriculat \u00een Marea Britanie. \u0218oferul nu s-a conformat, a accelerat puternic \u0219i a \u00eencercat s\u0103 scape c\u0103tre ie\u0219irea din ora\u0219 \u00een direc\u021bia Suceava.<\/p>\n<p>Poli\u021bi\u0219tii au pornit imediat \u00een urm\u0103rire, utiliz\u00e2nd semnalele acustice \u0219i luminoase, iar prin sta\u021bie au fost alertate toate echipajele din R\u0103d\u0103u\u021bi \u0219i din subunit\u0103\u021bile \u00eenvecinate, fiind preg\u0103tite \u0219i procedurile de oprire for\u021bat\u0103 cu dispozitive tip \u201espike\u201d.<\/p>\n<p>Dup\u0103 c\u00e2teva sute de metri, \u0219oferul a \u00eencercat s\u0103 dep\u0103\u0219easc\u0103 un alt autoturism, l-a acro\u0219at u\u0219or, a pierdut controlul direc\u021biei \u0219i s-a r\u0103sturnat. Echipajul de poli\u021bie a intervenit imediat \u0219i a reu\u0219it s\u0103 \u00eei extrag\u0103 \u00een siguran\u021b\u0103 pe cei trei ocupan\u021bi ai vehiculului: \u0219oferul de 22 de ani \u0219i doi pasageri (un t\u00e2n\u0103r \u0219i o t\u00e2n\u0103r\u0103).<\/p>\n<p>Cei doi pasageri nu au suferit leziuni \u0219i nu au necesitat \u00eengrijiri medicale. \u0218oferul a fost transportat la spital cu leziuni la un bra\u021b (suspiciune de fractur\u0103), dar se afl\u0103 \u00een afara oric\u0103rui pericol.<\/p>\n<p>Verific\u0103rile efectuate de poli\u021bi\u0219ti au relevat c\u0103 t\u00e2n\u0103rul nu de\u021bine permis de conducere. La spital i-au fost recoltate probe biologice pentru stabilirea consumului de alcool \u0219i substan\u021be interzise. De asemenea, se verific\u0103 legalitatea documentelor vehiculului.<\/p>\n<p>\u00cen cauz\u0103 a fost \u00eentocmit dosar penal pentru s\u0103v\u00e2r\u0219irea infrac\u021biunilor de <strong>v\u0103t\u0103mare corporal\u0103 din culp\u0103<\/strong> \u0219i <strong>conducerea unui vehicul f\u0103r\u0103 permis de conducere<\/strong>. Poli\u021bi\u0219tii vor stabili \u0219i eventualele contraven\u021bii rutiere comise \u00een timpul urm\u0103ririi.<\/p>\n<p>Poli\u021bia reaminte\u0219te tuturor participan\u021bilor la trafic importan\u021ba respect\u0103rii semnalelor regulamentare ale poli\u021bi\u0219tilor. \u201eComportamentele iresponsabile pot avea consecin\u021be grave, pun\u00e2nd \u00een pericol via\u021ba \u0219i s\u0103n\u0103tatea proprie \u0219i a celorlal\u021bi\u201d, transmite Poli\u021bia Jude\u021bean\u0103 Suceava.<\/p>\n<figure class=\"wp-block-embed is-type-video is-provider-youtube wp-block-embed-youtube wp-embed-aspect-9-16 wp-has-aspect-ratio\">\n<div class=\"wp-block-embed__wrapper\">\n<div class=\"youtube-embed\" data-video_id><iframe loading=\"lazy\" title=\"Seara de co\u0219mar pe str\u0103zile din R\u0103d\u0103u\u021bi!\" width=\"563\" height=\"1000\" src=\"https:\/\/www.youtube.com\/embed\/-KauRGNCAms?feature=oembed&amp;enablejsapi=1\" frameborder allow=\"accelerometer; autoplay; clipboard-write; encrypted-media; gyroscope; picture-in-picture; web-share\" referrerpolicy=\"strict-origin-when-cross-origin\" allowfullscreen><\/iframe><\/div>\n<\/div>\n<\/figure>\n<div class=\"td-a-rec td-a-rec-id-content_bottom  tdi_4 td_block_template_1\"><strong>Intr\u0103 acum \u0219i \u00een grupul de <\/p>\n<div class=\"wp-block-button\"><a class=\"wp-block-button__link wp-element-button\" href=\"https:\/\/t.me\/+TH8wcfnp8fw5NWI0\">Telegram News Bucovina<\/a><\/div>\n<p><\/strong><\/div>\n<\/div>\n<div class=\"td-post-content tagdiv-type\">\n<div class=\"td-a-rec td-a-rec-id-content_top  tdi_3 td_block_template_1\"><strong>Intr\u0103 acum \u0219i \u00een grupul de <\/p>\n<div class=\"wp-block-button\"><a class=\"wp-block-button__link wp-element-button\" href=\"https:\/\/t.me\/+TH8wcfnp8fw5NWI0\">Telegram News Bucovina<\/a><\/div>\n<p><\/strong><\/div>\n<p>Un \u0219ofer \u00een v\u00e2rst\u0103 de 22 de ani a provocat joi seara, 16 aprilie 2026, o urm\u0103rire spectaculoas\u0103 dup\u0103 ce a refuzat s\u0103 opreasc\u0103 la semnalul regulamentar al poli\u021bi\u0219tilor, termin\u00e2nd prin a se r\u0103sturna cu autoturismul pe care \u00eel conducea.<\/p>\n<div class=\"wp-block-image\">\n<figure class=\"aligncenter size-full\"><a href=\"https:\/\/cdn.newsbucovina.ro\/wp-content\/uploads\/2026\/04\/Screenshot-2026-04-16-223321.png\"><img loading=\"lazy\" decoding=\"async\" width=\"670\" height=\"377\" src=\"https:\/\/cdn.newsbucovina.ro\/wp-content\/uploads\/2026\/04\/Screenshot-2026-04-16-223321.png\" alt class=\"wp-image-436351\"><\/a><\/figure>\n<\/div>\n<p>Evenimentul a avut loc \u00een jurul orei 20:50, pe Calea Bucovinei din municipiul R\u0103d\u0103u\u021bi. Un echipaj de poli\u021bie rutier\u0103 a efectuat semnal de oprire unui autoturism Audi A6 \u00eenmatriculat \u00een Marea Britanie. \u0218oferul nu s-a conformat, a accelerat puternic \u0219i a \u00eencercat s\u0103 scape c\u0103tre ie\u0219irea din ora\u0219 \u00een direc\u021bia Suceava.<\/p>\n<p>Poli\u021bi\u0219tii au pornit imediat \u00een urm\u0103rire, utiliz\u00e2nd semnalele acustice \u0219i luminoase, iar prin sta\u021bie au fost alertate toate echipajele din R\u0103d\u0103u\u021bi \u0219i din subunit\u0103\u021bile \u00eenvecinate, fiind preg\u0103tite \u0219i procedurile de oprire for\u021bat\u0103 cu dispozitive tip \u201espike\u201d.<\/p>\n<p>Dup\u0103 c\u00e2teva sute de metri, \u0219oferul a \u00eencercat s\u0103 dep\u0103\u0219easc\u0103 un alt autoturism, l-a acro\u0219at u\u0219or, a pierdut controlul direc\u021biei \u0219i s-a r\u0103sturnat. Echipajul de poli\u021bie a intervenit imediat \u0219i a reu\u0219it s\u0103 \u00eei extrag\u0103 \u00een siguran\u021b\u0103 pe cei trei ocupan\u021bi ai vehiculului: \u0219oferul de 22 de ani \u0219i doi pasageri (un t\u00e2n\u0103r \u0219i o t\u00e2n\u0103r\u0103).<\/p>\n<p>Cei doi pasageri nu au suferit leziuni \u0219i nu au necesitat \u00eengrijiri medicale. \u0218oferul a fost transportat la spital cu leziuni la un bra\u021b (suspiciune de fractur\u0103), dar se afl\u0103 \u00een afara oric\u0103rui pericol.<\/p>\n<p>Verific\u0103rile efectuate de poli\u021bi\u0219ti au relevat c\u0103 t\u00e2n\u0103rul nu de\u021bine permis de conducere. La spital i-au fost recoltate probe biologice pentru stabilirea consumului de alcool \u0219i substan\u021be interzise. De asemenea, se verific\u0103 legalitatea documentelor vehiculului.<\/p>\n<p>\u00cen cauz\u0103 a fost \u00eentocmit dosar penal pentru s\u0103v\u00e2r\u0219irea infrac\u021biunilor de <strong>v\u0103t\u0103mare corporal\u0103 din culp\u0103<\/strong> \u0219i <strong>conducerea unui vehicul f\u0103r\u0103 permis de conducere<\/strong>. Poli\u021bi\u0219tii vor stabili \u0219i eventualele contraven\u021bii rutiere comise \u00een timpul urm\u0103ririi.<\/p>\n<p>Poli\u021bia reaminte\u0219te tuturor participan\u021bilor la trafic importan\u021ba respect\u0103rii semnalelor regulamentare ale poli\u021bi\u0219tilor. \u201eComportamentele iresponsabile pot avea consecin\u021be grave, pun\u00e2nd \u00een pericol via\u021ba \u0219i s\u0103n\u0103tatea proprie \u0219i a celorlal\u021bi\u201d, transmite Poli\u021bia Jude\u021bean\u0103 Suceava.<\/p>\n<figure class=\"wp-block-embed is-type-video is-provider-youtube wp-block-embed-youtube wp-embed-aspect-9-16 wp-has-aspect-ratio\">\n<div class=\"wp-block-embed__wrapper\">\n<div class=\"youtube-embed\" data-video_id><iframe loading=\"lazy\" title=\"Seara de co\u0219mar pe str\u0103zile din R\u0103d\u0103u\u021bi!\" width=\"563\" height=\"1000\" src=\"https:\/\/www.youtube.com\/embed\/-KauRGNCAms?feature=oembed&amp;enablejsapi=1\" frameborder allow=\"accelerometer; autoplay; clipboard-write; encrypted-media; gyroscope; picture-in-picture; web-share\" referrerpolicy=\"strict-origin-when-cross-origin\" allowfullscreen><\/iframe><\/div>\n<\/div>\n<\/figure>\n<div class=\"td-a-rec td-a-rec-id-content_bottom  tdi_4 td_block_template_1\"><strong>Intr\u0103 acum \u0219i \u00een grupul de <\/p>\n<div class=\"wp-block-button\"><a class=\"wp-block-button__link wp-element-button\" href=\"https:\/\/t.me\/+TH8wcfnp8fw5NWI0\">Telegram News Bucovina<\/a><\/div>\n<p><\/strong><\/div>\n<\/div>\n<p>[analyse_source url=&#8221;https:\/\/www.newsbucovina.ro\/actualitate\/436350\/urmarire-pe-calea-bucovinei-din-radauti-un-sofer-fara-permis-s-a-rasturnat-cu-un-audi-a6-inmatriculat-in-marea-britanie&#8221;]<\/p>\n","protected":false},"excerpt":{"rendered":"<p>[analyse_image type=&#8221;featured&#8221; src=&#8221;https:\/\/www.newsbucovina.ro\/wp-content\/uploads\/2026\/04\/Screenshot-2026-04-16-223321.pnghttps:\/\/cdn.newsbucovina.ro\/wp-content\/uploads\/2026\/04\/Screenshot-2026-04-16-223321.png&#8221;] Intr\u0103 acum \u0219i \u00een grupul de Telegram News Bucovina Un \u0219ofer \u00een v\u00e2rst\u0103 de 22 de ani a provocat joi seara, 16 aprilie 2026, o urm\u0103rire spectaculoas\u0103 dup\u0103 ce a refuzat s\u0103 opreasc\u0103 la semnalul regulamentar al poli\u021bi\u0219tilor, termin\u00e2nd prin a se r\u0103sturna cu autoturismul pe care \u00eel conducea. Evenimentul a avut [&hellip;]<\/p>\n","protected":false},"author":1,"featured_media":0,"comment_status":"open","ping_status":"","sticky":false,"template":"","format":"standard","meta":{"footnotes":""},"categories":[89],"tags":[226,165],"class_list":["post-1886053","post","type-post","status-publish","format-standard","hentry","category-romania","tag-crawlmanager","tag-newsbucovina-ro"],"_links":{"self":[{"href":"https:\/\/analyse.optim.biz\/index.php?rest_route=\/wp\/v2\/posts\/1886053","targetHints":{"allow":["GET"]}}],"collection":[{"href":"https:\/\/analyse.optim.biz\/index.php?rest_route=\/wp\/v2\/posts"}],"about":[{"href":"https:\/\/analyse.optim.biz\/index.php?rest_route=\/wp\/v2\/types\/post"}],"author":[{"embeddable":true,"href":"https:\/\/analyse.optim.biz\/index.php?rest_route=\/wp\/v2\/users\/1"}],"replies":[{"embeddable":true,"href":"https:\/\/analyse.optim.biz\/index.php?rest_route=%2Fwp%2Fv2%2Fcomments&post=1886053"}],"version-history":[{"count":0,"href":"https:\/\/analyse.optim.biz\/index.php?rest_route=\/wp\/v2\/posts\/1886053\/revisions"}],"wp:attachment":[{"href":"https:\/\/analyse.optim.biz\/index.php?rest_route=%2Fwp%2Fv2%2Fmedia&parent=1886053"}],"wp:term":[{"taxonomy":"category","embeddable":true,"href":"https:\/\/analyse.optim.biz\/index.php?rest_route=%2Fwp%2Fv2%2Fcategories&post=1886053"},{"taxonomy":"post_tag","embeddable":true,"href":"https:\/\/analyse.optim.biz\/index.php?rest_route=%2Fwp%2Fv2%2Ftags&post=1886053"}],"curies":[{"name":"wp","href":"https:\/\/api.w.org\/{rel}","templated":true}]}}