{"id":1886052,"date":"2026-04-16T16:32:34","date_gmt":"2026-04-16T13:32:34","guid":{"rendered":"https:\/\/analyse.optim.biz\/?p=1886052"},"modified":"2026-04-16T16:32:34","modified_gmt":"2026-04-16T13:32:34","slug":"isj-suceava-a-finalizat-numirea-directorilor-si-directorilor-adjuncti-prin-detasare-41-de-cadre-didactice-vor-continua-managementul-scolilor-pana-la-organizarea-concursurilor","status":"publish","type":"post","link":"https:\/\/analyse.optim.biz\/?p=1886052","title":{"rendered":"ISJ Suceava a finalizat numirea directorilor \u0219i directorilor adjunc\u021bi prin deta\u0219are. 41 de cadre didactice vor continua managementul \u0219colilor p\u00e2n\u0103 la organizarea concursurilor"},"content":{"rendered":"<p>[analyse_image type=&#8221;featured&#8221; src=&#8221;https:\/\/www.newsbucovina.ro\/wp-content\/uploads\/2026\/03\/ciprian-anton.jpghttps:\/\/cdn.newsbucovina.ro\/wp-content\/uploads\/2026\/03\/ciprian-anton.jpg&#8221;]<\/p>\n<div class=\"td-post-content tagdiv-type\">\n<div class=\"td-a-rec td-a-rec-id-content_top  tdi_3 td_block_template_1\"><strong>Intr\u0103 acum \u0219i \u00een grupul de <\/p>\n<div class=\"wp-block-button\"><a class=\"wp-block-button__link wp-element-button\" href=\"https:\/\/t.me\/+TH8wcfnp8fw5NWI0\">Telegram News Bucovina<\/a><\/div>\n<p><\/strong><\/div>\n<p>Inspectoratul \u0218colar Jude\u021bean Suceava a \u00eencheiat procedura de numire a directorilor \u0219i directorilor adjunc\u021bi prin deta\u0219are \u00een interesul \u00eenv\u0103\u021b\u0103m\u00e2ntului pentru anul \u0219colar 2025-2026.<\/p>\n<figure class=\"wp-block-image size-large\"><a href=\"https:\/\/cdn.newsbucovina.ro\/wp-content\/uploads\/2026\/03\/ciprian-anton.jpg\"><img loading=\"lazy\" decoding=\"async\" width=\"1024\" height=\"576\" src=\"https:\/\/cdn.newsbucovina.ro\/wp-content\/uploads\/2026\/03\/ciprian-anton-1024x576.jpg\" alt class=\"wp-image-433174\"><\/a><\/figure>\n<p>Potrivit comunicatului oficial semnat de inspectorul \u0219colar general, prof. <strong>Nicolae-Ciprian Anton<\/strong>, numirea \u00een aceste func\u021bii se face prin decizia inspectorului \u0219colar general, cu avizul Consiliului de Administra\u021bie al I.\u0218.J. Suceava \u0219i cu acordul scris al cadrului didactic vizat.<\/p>\n<p>\u00cen urma finaliz\u0103rii procedurii, <strong>31 de directori<\/strong> \u0219i <strong>10 directori adjunc\u021bi<\/strong> vor continua activitatea de management \u00een unit\u0103\u021bile \u0219colare respective. Ace\u0219tia vor r\u0103m\u00e2ne \u00een func\u021bie p\u00e2n\u0103 la organizarea concursurilor pentru posturile vacante sau, dup\u0103 caz, p\u00e2n\u0103 la data de <strong>31 august 2026<\/strong>.<\/p>\n<p>Aceast\u0103 m\u0103sur\u0103 asigur\u0103 func\u021bionarea f\u0103r\u0103 \u00eentreruperi a conducerii \u0219colilor din jude\u021bul Suceava, permi\u021b\u00e2nd concentrarea asupra procesului educa\u021bional \u0219i a preg\u0103tirii pentru noul an \u0219colar.<\/p>\n<figure class=\"wp-block-embed is-type-video is-provider-youtube wp-block-embed-youtube wp-embed-aspect-16-9 wp-has-aspect-ratio\">\n<div class=\"wp-block-embed__wrapper\">\n<div class=\"youtube-embed\" data-video_id=\"Ls_QSaZQl1o\"><iframe loading=\"lazy\" title=\"Moartea p\u00e2nde\u0219te pe \u0219oseaua de centur\u0103 a Sucevei! Ziua ne iau banii cu for\u021ba, Noaptea vine namolul!\" width=\"696\" height=\"392\" src=\"https:\/\/www.youtube.com\/embed\/Ls_QSaZQl1o?feature=oembed&amp;enablejsapi=1\" frameborder allow=\"accelerometer; autoplay; clipboard-write; encrypted-media; gyroscope; picture-in-picture; web-share\" referrerpolicy=\"strict-origin-when-cross-origin\" allowfullscreen><\/iframe><\/div>\n<\/div>\n<\/figure>\n<div class=\"td-a-rec td-a-rec-id-content_bottom  tdi_4 td_block_template_1\"><strong>Intr\u0103 acum \u0219i \u00een grupul de <\/p>\n<div class=\"wp-block-button\"><a class=\"wp-block-button__link wp-element-button\" href=\"https:\/\/t.me\/+TH8wcfnp8fw5NWI0\">Telegram News Bucovina<\/a><\/div>\n<p><\/strong><\/div>\n<\/div>\n<div class=\"td-post-content tagdiv-type\">\n<div class=\"td-a-rec td-a-rec-id-content_top  tdi_3 td_block_template_1\"><strong>Intr\u0103 acum \u0219i \u00een grupul de <\/p>\n<div class=\"wp-block-button\"><a class=\"wp-block-button__link wp-element-button\" href=\"https:\/\/t.me\/+TH8wcfnp8fw5NWI0\">Telegram News Bucovina<\/a><\/div>\n<p><\/strong><\/div>\n<p>Inspectoratul \u0218colar Jude\u021bean Suceava a \u00eencheiat procedura de numire a directorilor \u0219i directorilor adjunc\u021bi prin deta\u0219are \u00een interesul \u00eenv\u0103\u021b\u0103m\u00e2ntului pentru anul \u0219colar 2025-2026.<\/p>\n<figure class=\"wp-block-image size-large\"><a href=\"https:\/\/cdn.newsbucovina.ro\/wp-content\/uploads\/2026\/03\/ciprian-anton.jpg\"><img loading=\"lazy\" decoding=\"async\" width=\"1024\" height=\"576\" src=\"https:\/\/cdn.newsbucovina.ro\/wp-content\/uploads\/2026\/03\/ciprian-anton-1024x576.jpg\" alt class=\"wp-image-433174\"><\/a><\/figure>\n<p>Potrivit comunicatului oficial semnat de inspectorul \u0219colar general, prof. <strong>Nicolae-Ciprian Anton<\/strong>, numirea \u00een aceste func\u021bii se face prin decizia inspectorului \u0219colar general, cu avizul Consiliului de Administra\u021bie al I.\u0218.J. Suceava \u0219i cu acordul scris al cadrului didactic vizat.<\/p>\n<p>\u00cen urma finaliz\u0103rii procedurii, <strong>31 de directori<\/strong> \u0219i <strong>10 directori adjunc\u021bi<\/strong> vor continua activitatea de management \u00een unit\u0103\u021bile \u0219colare respective. Ace\u0219tia vor r\u0103m\u00e2ne \u00een func\u021bie p\u00e2n\u0103 la organizarea concursurilor pentru posturile vacante sau, dup\u0103 caz, p\u00e2n\u0103 la data de <strong>31 august 2026<\/strong>.<\/p>\n<p>Aceast\u0103 m\u0103sur\u0103 asigur\u0103 func\u021bionarea f\u0103r\u0103 \u00eentreruperi a conducerii \u0219colilor din jude\u021bul Suceava, permi\u021b\u00e2nd concentrarea asupra procesului educa\u021bional \u0219i a preg\u0103tirii pentru noul an \u0219colar.<\/p>\n<figure class=\"wp-block-embed is-type-video is-provider-youtube wp-block-embed-youtube wp-embed-aspect-16-9 wp-has-aspect-ratio\">\n<div class=\"wp-block-embed__wrapper\">\n<div class=\"youtube-embed\" data-video_id=\"Ls_QSaZQl1o\"><iframe loading=\"lazy\" title=\"Moartea p\u00e2nde\u0219te pe \u0219oseaua de centur\u0103 a Sucevei! Ziua ne iau banii cu for\u021ba, Noaptea vine namolul!\" width=\"696\" height=\"392\" src=\"https:\/\/www.youtube.com\/embed\/Ls_QSaZQl1o?feature=oembed&amp;enablejsapi=1\" frameborder allow=\"accelerometer; autoplay; clipboard-write; encrypted-media; gyroscope; picture-in-picture; web-share\" referrerpolicy=\"strict-origin-when-cross-origin\" allowfullscreen><\/iframe><\/div>\n<\/div>\n<\/figure>\n<div class=\"td-a-rec td-a-rec-id-content_bottom  tdi_4 td_block_template_1\"><strong>Intr\u0103 acum \u0219i \u00een grupul de <\/p>\n<div class=\"wp-block-button\"><a class=\"wp-block-button__link wp-element-button\" href=\"https:\/\/t.me\/+TH8wcfnp8fw5NWI0\">Telegram News Bucovina<\/a><\/div>\n<p><\/strong><\/div>\n<\/div>\n<p>[analyse_source url=&#8221;https:\/\/www.newsbucovina.ro\/actualitate\/436332\/isj-suceava-a-finalizat-numirea-directorilor-si-directorilor-adjuncti-prin-detasare-41-de-cadre-didactice-vor-continua-managementul-scolilor-pana-la-organizarea-concursurilor&#8221;]<\/p>\n","protected":false},"excerpt":{"rendered":"<p>[analyse_image type=&#8221;featured&#8221; src=&#8221;https:\/\/www.newsbucovina.ro\/wp-content\/uploads\/2026\/03\/ciprian-anton.jpghttps:\/\/cdn.newsbucovina.ro\/wp-content\/uploads\/2026\/03\/ciprian-anton.jpg&#8221;] Intr\u0103 acum \u0219i \u00een grupul de Telegram News Bucovina Inspectoratul \u0218colar Jude\u021bean Suceava a \u00eencheiat procedura de numire a directorilor \u0219i directorilor adjunc\u021bi prin deta\u0219are \u00een interesul \u00eenv\u0103\u021b\u0103m\u00e2ntului pentru anul \u0219colar 2025-2026. Potrivit comunicatului oficial semnat de inspectorul \u0219colar general, prof. Nicolae-Ciprian Anton, numirea \u00een aceste func\u021bii se face prin decizia inspectorului [&hellip;]<\/p>\n","protected":false},"author":1,"featured_media":0,"comment_status":"open","ping_status":"","sticky":false,"template":"","format":"standard","meta":{"footnotes":""},"categories":[89],"tags":[226,165],"class_list":["post-1886052","post","type-post","status-publish","format-standard","hentry","category-romania","tag-crawlmanager","tag-newsbucovina-ro"],"_links":{"self":[{"href":"https:\/\/analyse.optim.biz\/index.php?rest_route=\/wp\/v2\/posts\/1886052","targetHints":{"allow":["GET"]}}],"collection":[{"href":"https:\/\/analyse.optim.biz\/index.php?rest_route=\/wp\/v2\/posts"}],"about":[{"href":"https:\/\/analyse.optim.biz\/index.php?rest_route=\/wp\/v2\/types\/post"}],"author":[{"embeddable":true,"href":"https:\/\/analyse.optim.biz\/index.php?rest_route=\/wp\/v2\/users\/1"}],"replies":[{"embeddable":true,"href":"https:\/\/analyse.optim.biz\/index.php?rest_route=%2Fwp%2Fv2%2Fcomments&post=1886052"}],"version-history":[{"count":0,"href":"https:\/\/analyse.optim.biz\/index.php?rest_route=\/wp\/v2\/posts\/1886052\/revisions"}],"wp:attachment":[{"href":"https:\/\/analyse.optim.biz\/index.php?rest_route=%2Fwp%2Fv2%2Fmedia&parent=1886052"}],"wp:term":[{"taxonomy":"category","embeddable":true,"href":"https:\/\/analyse.optim.biz\/index.php?rest_route=%2Fwp%2Fv2%2Fcategories&post=1886052"},{"taxonomy":"post_tag","embeddable":true,"href":"https:\/\/analyse.optim.biz\/index.php?rest_route=%2Fwp%2Fv2%2Ftags&post=1886052"}],"curies":[{"name":"wp","href":"https:\/\/api.w.org\/{rel}","templated":true}]}}