{"id":1885869,"date":"2026-04-01T02:26:00","date_gmt":"2026-03-31T23:26:00","guid":{"rendered":"https:\/\/analyse.optim.biz\/?p=1885869"},"modified":"2026-04-01T02:26:00","modified_gmt":"2026-03-31T23:26:00","slug":"cannes-2026-virginie-efira-devrait-nous-bouleverser-dans-le-film-soudain","status":"publish","type":"post","link":"https:\/\/analyse.optim.biz\/?p=1885869","title":{"rendered":"Cannes 2026 : Virginie Efira devrait nous bouleverser dans le film Soudain"},"content":{"rendered":"<div class=\"entry-content\">\n<section class=\"single-header padding-top-s\">\n<div class=\"container\">\n<div class=\"row justify-content-between\">\n<div class=\"col-lg-9 col-xl-8\">\n<div class=\"video-container\">\n\t\t\t\t\t\t\t\t\t\t\t\t\t<\/div>\n<div class=\"container-img desktop\">\n\t\t\t\t\t\t\t\t<img decoding=\"async\" width=\"640\" height=\"408\" src=\"https:\/\/numero.com\/wp-content\/uploads\/2026\/04\/push-soudain-numero-magazine-768x490.jpg\" class=\"img-fluid\" alt=\"Soudain de Ryusuke Hamaguchi avec Virginie Efira et Tao Okamoto, premier film fran\u00e7ais du r\u00e9alisateur de Drive My Car. En comp\u00e9tition \u00e0 Cannes 2026, au cin\u00e9ma le 12 ao\u00fbt.\" loading=\"lazy\">\t\t\t\t\t\t\t\t<\/p>\n<p class=\"number big\">16<\/p>\n<\/p><\/div>\n<div class=\"container-img mobile\">\n\t\t\t\t\t\t\t\t<img decoding=\"async\" width=\"640\" height=\"804\" src=\"https:\/\/numero.com\/wp-content\/uploads\/2026\/04\/virginie-efira-soudain-768x965.jpg\" class=\"img-fluid\" alt=\"Virginie Efira dans le film Soudain.\" loading=\"lazy\">\t\t\t\t\t\t\t\t<\/p>\n<p class=\"number big\">16<\/p>\n<\/p><\/div>\n<\/p><\/div>\n<div class=\"col col-lg-3 col-xl-4 desktop\">\n<div class=\"ad grand-angle desktop\">\n    <!-- \/21730003857\/numero-ad-unit\/numero-grand-angle --><\/p>\n<div id=\"div-gpt-ad-1757063143832-0\" class=\"px-0\">\n<p>            googletag.cmd.push(function () {<br \/>\n                googletag.display(&#8216;div-gpt-ad-1757063143832-0&#8217;);<br \/>\n            });<\/p><\/div>\n<\/div><\/div>\n<\/p><\/div>\n<\/p><\/div>\n<\/section>\n<section class=\"post-content\">\n<div class=\"container\">\n<div class=\"row g-0 justify-content-between\">\n<div class=\"col-lg-9 col-xl-8 padding-top-s\">\n<p class=\"share-widget\" id=\"share-widget\"><img decoding=\"async\" src=\"https:\/\/numero.com\/wp-content\/themes\/%09%09%09understrap-child-main\/src\/public\/images\/share.svg\" alt=\"share-widget\"><\/p>\n<div class=\"share-icons\" id=\"share-icons\">\n<p class=\"copy-link\"><img decoding=\"async\" src=\"https:\/\/numero.com\/wp-content\/themes\/understrap-child-main\/src\/public\/images\/copy-link.svg\" alt=\"copy-link\"><\/p>\n<p>\t\t\t\t\t\t\t<a href=\"https:\/\/www.facebook.com\/sharer\/sharer.php?u=https:\/\/numero.com\/culture\/cinema\/soudain-virginie-efira-ryusuke-hamaguchi\/\" class=\"facebook\" target=\"_blank\" rel=\"noopener\"><img decoding=\"async\" src=\"https:\/\/numero.com\/wp-content\/themes\/understrap-child-main\/src\/public\/images\/facebook.svg\" alt=\"facebook\"><\/a><br \/>\n\t\t\t\t\t\t\t<a href=\"https:\/\/twitter.com\/share?url=https:\/\/numero.com\/culture\/cinema\/soudain-virginie-efira-ryusuke-hamaguchi\/\" class=\"twitter\" target=\"_blank\" rel=\"noopener\"><img decoding=\"async\" src=\"https:\/\/numero.com\/wp-content\/themes\/understrap-child-main\/src\/public\/images\/twitter.svg\" alt=\"twitter\"><\/a>\n\t\t\t\t\t\t<\/div>\n<p>\t\t\t\t\t\t<span class id=\"custom-tooltip\">Lien copi\u00e9<\/span><\/p>\n<div class=\"col-lg-10\">\n<div class=\"meta d-flex justify-content-between align-items-center\">\n<div class=\"cat\">\n\t\t\t\t\t\t\t\t\t<a class=\"cat-title\" href=\"https:\/\/numero.com\/category\/culture\/cinema\/\">Cin\u00e9ma<\/a>\t\t\t\t\t\t\t\t<\/div>\n<p class=\"date\">\n\t\t\t\t\t\t\t\t\t16 avr 2026\t\t\t\t\t\t\t\t<\/p>\n<\/p><\/div>\n<h1>Cannes 2026 : Virginie Efira devrait nous bouleverser dans le film Soudain<\/h1>\n<div class=\"introduction\">\n<p>Apr\u00e8s <em>Drive My Car<\/em> et <em>Le mal n\u2019existe pas <\/em>, le r\u00e9alisateur japonais Ryusuke Hamaguchi pr\u00e9sentera en comp\u00e9tition au Festival de Cannes 2026 son premier film en fran\u00e7ais. <em>Soudain<\/em> suivra la rencontre entre la directrice d\u2019un EHPAD de banlieue parisienne, incarn\u00e9e par Virginie Efira, et une metteuse en sc\u00e8ne nippone atteinte d\u2019un cancer, camp\u00e9e par Tao Okamoto.<\/p>\n<\/div>\n<li class=\"credits d-flex\">\n<p>\n\t\t\t\t\t\t\t\t\t\t\tpar\t\t\t\t\t\t\t\t\t\t\t\t\t\t\t\t\t\t\t\t\t\t\t<a href=\"https:\/\/numero.com\/contributeur\/la-redaction\/\">La r\u00e9daction<\/a>.\t\t\t\t\t\t\t\t\t\t\t\t\t\t\t\t\t\t\t\t\t<\/p>\n<\/li>\n<div id=\"ads03\" class=\"mobile\">\n<div class=\"ad-wrapper\">\n<div class=\"ad interscroller desktop\">\n<\/div>\n<p><!-- \/21730003857\/numero-ad-unit\/numero-interscroller --><\/p>\n<div id=\"div-gpt-ad-1757521738078-0\" class=\"ads-pub\">\n<p>        googletag.cmd.push(function () {<br \/>\n            googletag.display(&#8216;div-gpt-ad-1757521738078-0&#8217;);<br \/>\n        });<\/p>\n<\/div><\/div>\n<\/p><\/div>\n<p>\t\t\t\t\t\t\t&lt;!&#8211; <\/p>\n<div class=\"padding-bottom-s\">\n\t\t\t\t\t\t\t\t\t\t\t\t\t\t\t<\/div>\n<p> &#8211;&gt;<\/p>\n<figure data-wp-context='{\"imageId\":\"69e1038e933cb\"}' data-wp-interactive=\"core\/image\" data-wp-key=\"69e1038e933cb\" class=\"wp-block-image size-full wp-lightbox-container\"><img loading=\"lazy\" decoding=\"async\" width=\"1068\" height=\"801\" data-wp-class--hide=\"state.isContentHidden\" data-wp-class--show=\"state.isContentVisible\" data-wp-init=\"callbacks.setButtonStyles\" data-wp-on--click=\"actions.showLightbox\" data-wp-on--load=\"callbacks.setButtonStyles\" data-wp-on-window--resize=\"callbacks.setButtonStyles\" src=\"https:\/\/numero.com\/wp-content\/uploads\/2026\/04\/soudain-1068x801-1.jpg\" alt=\"Les actrices Tao Okamoto et Virginie Efira dans Soudain (2026) de Ryusuke Hamaguchi.\" class=\"wp-image-829735\"><button class=\"lightbox-trigger\" type=\"button\" aria-haspopup=\"dialog\" aria-label=\"Agrandir\" data-wp-init=\"callbacks.initTriggerButton\" data-wp-on--click=\"actions.showLightbox\" data-wp-style--right=\"state.imageButtonRight\" data-wp-style--top=\"state.imageButtonTop\"><\/p>\n<p>\t\t<\/button><figcaption class=\"wp-element-caption\">Les actrices Tao Okamoto et Virginie Efira dans le film <em>Soudain<\/em> (2026) de Ryusuke Hamaguchi. \u00a9 Diaphana.<\/figcaption><\/figure>\n<h2 class=\"wp-block-heading\">Virginie Efira dirig\u00e9e par Ryusuke Hamaguchi<\/h2>\n<p>Apr\u00e8s l\u2019extraordinaire <em><strong>Drive My Car<\/strong><\/em> (2021), qui a re\u00e7u le <strong>prix de la mise en sc\u00e8ne au Festival de Cannes <\/strong>et  l\u2019<strong>Oscar<\/strong> du meilleur film international\u00a0en\u00a0mars 2022, <em>Contes du hasard et autres fantaisies<\/em> (2021) et <em>Le mal n\u2019existe pas<\/em> (2023), le cin\u00e9aste japonais <strong>Ryusuke Hamaguchi<\/strong> franchit un nouveau cap avec <em><strong>Soudain<\/strong> <\/em>(2026), un film tourn\u00e9 en France et en fran\u00e7ais. L\u2019\u0153uvre s\u2019inspire librement d\u2019un recueil de lettres r\u00e9elles, publi\u00e9es en 2019 au Japon. Et plus pr\u00e9cis\u00e9ment d\u2019un \u00e9change entre la philosophe <strong>Makiko Miyano<\/strong>, atteinte d\u2019un cancer du sein et l\u2019anthropologue m\u00e9dicale <strong>Maho Isono<\/strong>. La premi\u00e8re avait perdu connaissance peu apr\u00e8s avoir r\u00e9dig\u00e9 la pr\u00e9face du livre. Son d\u00e9c\u00e8s surviendra quinze jours plus tard\u2026<\/p>\n<p>Pour son nouveau long-m\u00e9trage, en comp\u00e9tition pour remporter la <strong>Palme d\u2019or au Festival de Cannes 2026<\/strong>, le cin\u00e9aste braquera sa cam\u00e9ra sur <a href=\"https:\/\/numero.com\/culture\/cinema\/histoires-paralleles-asghar-farhadi-virginie-efira\/\"><strong>Virginie Efira<\/strong><\/a> qui incarnera la directrice d\u2019un EHPAD de banlieue parisienne. Elle tentera d\u2019y introduire l\u2019Humanitude, m\u00e9thode de soins fran\u00e7aise import\u00e9e au Japon qui place la dimension humaine au c\u0153ur du traitement. Malgr\u00e9 les r\u00e9sistances de son \u00e9quipe, elle persistera. Sa rencontre avec Mari Morisaki (<strong>Tao Okamoto<\/strong>), metteuse en sc\u00e8ne japonaise en phase terminale, bouleversera in\u00e9vitablement sa trajectoire. Li\u00e9es par une vision commune et par l\u2019attachement de chacune \u00e0 la langue de l\u2019autre, les deux femmes entameront une amiti\u00e9 qui transformera le regard de tout un \u00e9tablissement\u2026<\/p>\n<figure class=\"wp-block-embed is-type-video is-provider-youtube wp-block-embed-youtube wp-embed-aspect-16-9 wp-has-aspect-ratio\">\n<div class=\"wp-block-embed__wrapper\">\n<div class=\"cookieconsent-optout-statistics cookieconsent-optout-marketing\"><\/div>\n<\/div><figcaption class=\"wp-element-caption\">La bande-annonce de <em>Drive My Car <\/em>(2021) de Ryusuke Hamaguchi.<\/figcaption><\/figure>\n<h2 class=\"wp-block-heading\"><em>Soudain <\/em>en comp\u00e9tition au Festival de Cannes 2026<\/h2>\n<p>On d\u00e9couvrira dans ce film un Paris loin des clich\u00e9s, inspir\u00e9 par les s\u00e9jours du cin\u00e9aste dans des quartiers peu touristiques. Le long-m\u00e9trage, en comp\u00e9tition donc, fait partie l\u2019agenda tr\u00e8s charg\u00e9 de Virginie Efira qui sera \u00e9galement \u00e0 l\u2019affiche d\u2019<em><strong>Histoires parall\u00e8les<\/strong><\/em> d\u2019<strong><a href=\"https:\/\/numero.com\/culture\/cinema\/un-simple-accident-palme-or-cannes\/\">Asghar Farhadi<\/a><\/strong>, \u00e9galement en lice pour la <strong>Palme d\u2019or<\/strong> au <strong>Festival de Cannes 2026<\/strong>, aux c\u00f4t\u00e9s de <strong><a href=\"https:\/\/numero.com\/mode\/fashion-week\/le-defile-kidsuper-automne-hiver-2026-2027-vincent-cassel-colm-dillane\/\">Vincent Cassel<\/a><\/strong>, <strong><a href=\"https:\/\/numero.com\/culture\/cinema\/pierre-niney-gourou-yann-gozlan\/\">Pierre Niney<\/a><\/strong>, <strong>Catherine Deneuve <\/strong>et <strong><a href=\"https:\/\/numero.com\/lifestyle\/hotel-lutetia-isabelle-huppert\/\">Isabelle Huppert<\/a><\/strong>.<\/p>\n<p><strong>Ryusuke Hamaguchi <\/strong>avoue avoir choisi la star du cin\u00e9ma fran\u00e7ais <strong>Virginie Efira<\/strong> apr\u00e8s avoir \u00e9t\u00e9 s\u00e9duit par sa performance dans le film <em>Benedetta<\/em> (2021) de <strong><a href=\"https:\/\/numero.com\/culture\/paul-verhoeven-en-5-scenes-trash\/\">Paul Verhoeven<\/a><\/strong>. <strong>Tao Okamoto<\/strong>, principalement connue au Japon, s\u2019\u00e9tait, quant \u00e0 elle, fait une place \u00e0 Hollywood gr\u00e2ce \u00e0 <em>Wolverine : le combat de l\u2019immortel<\/em> (2013) de <strong>James Mangold<\/strong>.<\/p>\n<p><em>Soudain (2026) de Ryusuke Hamaguchi. En comp\u00e9tition officielle au Festival de Cannes. Au cin\u00e9ma le 12 ao\u00fbt 2026.<\/em><\/p>\n<\/p><\/div>\n<\/p><\/div>\n<div class=\"col-lg-3\">\n<div class=\"suggested-posts padding-top-s\">\n<div class=\"title\">Recommand\u00e9<\/div>\n<div class=\"post-card\">\n\t\t\t\t\t\t\t\t\t\t<a class=\"post-link d-flex\" href=\"https:\/\/numero.com\/culture\/cinema\/peter-jackson-festival-de-cannes-palme-honneur\/\"><\/p>\n<div class=\"container-img\">\n\t\t\t\t\t\t\t\t\t\t\t\t<img decoding=\"async\" width=\"640\" height=\"426\" src=\"https:\/\/numero.com\/wp-content\/uploads\/2026\/03\/director-peter-jackson-GettyImages-529972490-768x511.jpg\" class=\"img-fluid\" alt=\"r\u00e9alisateur peter Jackson.\" loading=\"lazy\">\t\t\t\t\t\t\t\t\t\t\t\t<\/p>\n<p class=\"number\">31<\/p>\n<\/p><\/div>\n<div class=\"card-info d-flex\">\n<div>\n<p class=\"cat-title\">Cin\u00e9ma<\/p>\n<h3 class=\"post-title\">3 choses \u00e0 savoir sur Peter Jackson, Palme d\u2019or d\u2019honneur \u00e0 Cannes<\/h3>\n<\/p><\/div>\n<p class=\"date\">\n\t\t\t\t\t\t\t\t\t\t\t\t\t31 mars 2026\t\t\t\t\t\t\t\t\t\t\t\t<\/p>\n<\/p><\/div>\n<p>\t\t\t\t\t\t\t\t\t\t<\/a>\n\t\t\t\t\t\t\t\t\t<\/div>\n<div class=\"post-card\">\n\t\t\t\t\t\t\t\t\t\t<a class=\"post-link d-flex\" href=\"https:\/\/numero.com\/culture\/cinema\/les-films-en-competition-au-festival-de-cannes-2026\/\"><\/p>\n<div class=\"container-img\">\n\t\t\t\t\t\t\t\t\t\t\t\t<img decoding=\"async\" width=\"640\" height=\"804\" src=\"https:\/\/numero.com\/wp-content\/uploads\/2026\/04\/Virginie-Efira-768x965.jpg\" class=\"img-fluid\" alt=\"Virginie Efira au 78e Festival de Cannes, au Palais des Festivals, le 20 mai 2025. \u00a9 Fran\u00e7ois G. Durand\/WireImage.\" loading=\"lazy\">\t\t\t\t\t\t\t\t\t\t\t\t<\/p>\n<p class=\"number\">9<\/p>\n<\/p><\/div>\n<div class=\"card-info d-flex\">\n<div>\n<p class=\"cat-title\">Cin\u00e9ma<\/p>\n<h3 class=\"post-title\">Cannes 2026 : quels sont les films en comp\u00e9tition ?<\/h3>\n<\/p><\/div>\n<p class=\"date\">\n\t\t\t\t\t\t\t\t\t\t\t\t\t9 avr 2026\t\t\t\t\t\t\t\t\t\t\t\t<\/p>\n<\/p><\/div>\n<p>\t\t\t\t\t\t\t\t\t\t<\/a>\n\t\t\t\t\t\t\t\t\t<\/div>\n<div class=\"post-card\">\n\t\t\t\t\t\t\t\t\t\t<a class=\"post-link d-flex\" href=\"https:\/\/numero.com\/culture\/cinema\/out-of-this-world-albert-serra-riley-keough\/\"><\/p>\n<div class=\"container-img\">\n\t\t\t\t\t\t\t\t\t\t\t\t<img decoding=\"async\" width=\"640\" height=\"804\" src=\"https:\/\/numero.com\/wp-content\/uploads\/2026\/04\/riley-keough1-768x965.jpg\" class=\"img-fluid\" alt=\"L'actrice Riley Keough.\" loading=\"lazy\">\t\t\t\t\t\t\t\t\t\t\t\t<\/p>\n<p class=\"number\">2<\/p>\n<\/p><\/div>\n<div class=\"card-info d-flex\">\n<div>\n<p class=\"cat-title\">Cin\u00e9ma<\/p>\n<h3 class=\"post-title\">Cannes 2026 : le duo Albert Serra et Riley Keough pourrait enflammer le festival<\/h3>\n<\/p><\/div>\n<p class=\"date\">\n\t\t\t\t\t\t\t\t\t\t\t\t\t2 avr 2026\t\t\t\t\t\t\t\t\t\t\t\t<\/p>\n<\/p><\/div>\n<p>\t\t\t\t\t\t\t\t\t\t<\/a>\n\t\t\t\t\t\t\t\t\t<\/div>\n<div class=\"post-card\">\n\t\t\t\t\t\t\t\t\t\t<a class=\"post-link d-flex\" href=\"https:\/\/numero.com\/culture\/cinema\/the-way-of-the-wind-terrence-malick\/\"><\/p>\n<div class=\"container-img\">\n\t\t\t\t\t\t\t\t\t\t\t\t<img decoding=\"async\" width=\"640\" height=\"804\" src=\"https:\/\/numero.com\/wp-content\/uploads\/2026\/04\/thumb-terence-malick-numero-magazine-768x965.jpg\" class=\"img-fluid\" alt=\"Le film The Way of Wind (2026) de Terrence Malick en bonne voie pour \u00eatres pr\u00e9sent\u00e9 au Festival De Cannes 2026\" loading=\"lazy\">\t\t\t\t\t\t\t\t\t\t\t\t<\/p>\n<p class=\"number\">10<\/p>\n<\/p><\/div>\n<div class=\"card-info d-flex\">\n<div>\n<p class=\"cat-title\">Cin\u00e9ma<\/p>\n<h3 class=\"post-title\">The Way of the Wind : le nouveau film de Terrence Malick sera-t-il \u00e0 Cannes ?<\/h3>\n<\/p><\/div>\n<p class=\"date\">\n\t\t\t\t\t\t\t\t\t\t\t\t\t10 avr 2026\t\t\t\t\t\t\t\t\t\t\t\t<\/p>\n<\/p><\/div>\n<p>\t\t\t\t\t\t\t\t\t\t<\/a>\n\t\t\t\t\t\t\t\t\t<\/div>\n<\/p><\/div>\n<\/p><\/div>\n<\/p><\/div>\n<div class=\"padding-top-s\">\n<div class=\"ad banner desktop\">\n<div class=\"container\">\n<div class=\"row\">\n            <!-- \/21730003857\/numero-ad-unit\/numero-banner-1 --><\/p>\n<div id=\"div-gpt-ad-1757006327907-0\" style=\"min-width: 350px\">\n<p>                    googletag.cmd.push(function () {<br \/>\n                        googletag.display(&#8216;div-gpt-ad-1757006327907-0&#8217;);<br \/>\n                    });<\/p><\/div>\n<\/p><\/div>\n<\/p><\/div>\n<\/div><\/div>\n<\/p><\/div>\n<\/section>\n<p>        <button class=\"btn-newsletter btn-outline-white my-5\" id=\"open-modal-newsletter\">Inscrivez-vous \u00e0 la newsletter<\/button>\t\t<\/p>\n<section class=\"related-posts post-list padding-top-m padding-bottom-s\">\n<div class=\"container\">\n<h2 class=\"title mx-auto\">\u00c0 lire aussi<\/h2>\n<div class=\"row\">\n<div class=\"col-lg-3\">\n<div class=\"post-card desktop\">\n\t\t\t\t\t\t\t\t\t\t<a class=\"post-link\" href=\"https:\/\/numero.com\/culture\/musique\/les-albums-les-plus-attendus-de-2026\/\"><\/p>\n<div class=\"container-img\">\n\t\t\t\t\t\t\t\t\t\t\t\t<img decoding=\"async\" width=\"640\" height=\"804\" src=\"https:\/\/numero.com\/wp-content\/uploads\/2026\/03\/thumb-les-albums-les-plus-attendus-de-2026-madonna-confessions-2-768x965.jpg\" class=\"img-fluid\" alt loading=\"lazy\">\t\t\t\t\t\t\t\t\t\t\t\t<\/p>\n<div class=\"number\">16<\/div>\n<\/p><\/div>\n<div class=\"card-info\">\n<div class=\"meta d-flex justify-content-between\">\n<p class=\"cat-title\">Musique<\/p>\n<p class=\"date\">\n\t\t\t\t\t\t\t\t\t\t\t\t\t\t16 avr 2026\t\t\t\t\t\t\t\t\t\t\t\t\t<\/p>\n<\/p><\/div>\n<div class=\"post-title\">Quels sont les albums les plus attendus de 2026 ?<\/div>\n<\/p><\/div>\n<p>\t\t\t\t\t\t\t\t\t\t<\/a>\n\t\t\t\t\t\t\t\t\t<\/div>\n<div class=\"post-card mobile\">\n\t\t\t\t\t\t\t\t\t\t<a class=\"post-link d-flex\" href=\"https:\/\/numero.com\/culture\/musique\/les-albums-les-plus-attendus-de-2026\/\"><\/p>\n<div class=\"container-img\">\n\t\t\t\t\t\t\t\t\t\t\t\t<img decoding=\"async\" width=\"640\" height=\"804\" src=\"https:\/\/numero.com\/wp-content\/uploads\/2026\/03\/thumb-les-albums-les-plus-attendus-de-2026-madonna-confessions-2-768x965.jpg\" class=\"img-fluid\" alt loading=\"lazy\">\t\t\t\t\t\t\t\t\t\t\t\t<\/p>\n<div class=\"number\">16<\/div>\n<\/p><\/div>\n<div class=\"card-info d-flex\">\n<div>\n<p class=\"cat-title\">Musique<\/p>\n<h3 class=\"post-title\">Quels sont les albums les plus attendus de 2026 ?<\/h3>\n<\/p><\/div>\n<p class=\"date\">\n\t\t\t\t\t\t\t\t\t\t\t\t\t16 avr 2026\t\t\t\t\t\t\t\t\t\t\t\t<\/p>\n<\/p><\/div>\n<p>\t\t\t\t\t\t\t\t\t\t<\/a>\n\t\t\t\t\t\t\t\t\t<\/div>\n<\/p><\/div>\n<div class=\"col-lg-3\">\n<div class=\"post-card desktop\">\n\t\t\t\t\t\t\t\t\t\t<a class=\"post-link\" href=\"https:\/\/numero.com\/culture\/cinema\/teenage-sex-and-death-and-camp-miasma\/\"><\/p>\n<div class=\"container-img\">\n\t\t\t\t\t\t\t\t\t\t\t\t<img decoding=\"async\" width=\"640\" height=\"804\" src=\"https:\/\/numero.com\/wp-content\/uploads\/2026\/04\/teenage-sex-and-death-at-camp-miasma-768x965.jpg\" class=\"img-fluid\" alt=\"Hannah Einbinder et Gillian Anderson dans le film Teenage Sex and Death at Camp Miasma (2026).\" loading=\"lazy\">\t\t\t\t\t\t\t\t\t\t\t\t<\/p>\n<div class=\"number\">16<\/div>\n<\/p><\/div>\n<div class=\"card-info\">\n<div class=\"meta d-flex justify-content-between\">\n<p class=\"cat-title\">Cin\u00e9ma<\/p>\n<p class=\"date\">\n\t\t\t\t\t\t\t\t\t\t\t\t\t\t16 avr 2026\t\t\t\t\t\t\t\t\t\t\t\t\t<\/p>\n<\/p><\/div>\n<div class=\"post-title\">Cannes 2026 : Gillian Anderson devrait faire sensation dans un film d\u2019horreur queer<\/div>\n<\/p><\/div>\n<p>\t\t\t\t\t\t\t\t\t\t<\/a>\n\t\t\t\t\t\t\t\t\t<\/div>\n<div class=\"post-card mobile\">\n\t\t\t\t\t\t\t\t\t\t<a class=\"post-link d-flex\" href=\"https:\/\/numero.com\/culture\/cinema\/teenage-sex-and-death-and-camp-miasma\/\"><\/p>\n<div class=\"container-img\">\n\t\t\t\t\t\t\t\t\t\t\t\t<img decoding=\"async\" width=\"640\" height=\"804\" src=\"https:\/\/numero.com\/wp-content\/uploads\/2026\/04\/teenage-sex-and-death-at-camp-miasma-768x965.jpg\" class=\"img-fluid\" alt=\"Hannah Einbinder et Gillian Anderson dans le film Teenage Sex and Death at Camp Miasma (2026).\" loading=\"lazy\">\t\t\t\t\t\t\t\t\t\t\t\t<\/p>\n<div class=\"number\">16<\/div>\n<\/p><\/div>\n<div class=\"card-info d-flex\">\n<div>\n<p class=\"cat-title\">Cin\u00e9ma<\/p>\n<h3 class=\"post-title\">Cannes 2026 : Gillian Anderson devrait faire sensation dans un film d\u2019horreur queer<\/h3>\n<\/p><\/div>\n<p class=\"date\">\n\t\t\t\t\t\t\t\t\t\t\t\t\t16 avr 2026\t\t\t\t\t\t\t\t\t\t\t\t<\/p>\n<\/p><\/div>\n<p>\t\t\t\t\t\t\t\t\t\t<\/a>\n\t\t\t\t\t\t\t\t\t<\/div>\n<\/p><\/div>\n<div class=\"col-lg-3\">\n<div class=\"post-card desktop\">\n\t\t\t\t\t\t\t\t\t\t<a class=\"post-link\" href=\"https:\/\/numero.com\/culture\/cinema\/margot-robbie-bradley-cooper-oceans-eleven-prequel\/\"><\/p>\n<div class=\"container-img\">\n\t\t\t\t\t\t\t\t\t\t\t\t<img decoding=\"async\" width=\"640\" height=\"804\" src=\"https:\/\/numero.com\/wp-content\/uploads\/2023\/06\/thumb-oceans-prequel-768x965.jpg\" class=\"img-fluid\" alt=\"Margot Robbie et Bradley Cooper.\" loading=\"lazy\">\t\t\t\t\t\t\t\t\t\t\t\t<\/p>\n<div class=\"number\">16<\/div>\n<\/p><\/div>\n<div class=\"card-info\">\n<div class=\"meta d-flex justify-content-between\">\n<p class=\"cat-title\">Cin\u00e9ma<\/p>\n<p class=\"date\">\n\t\t\t\t\t\t\t\t\t\t\t\t\t\t16 avr 2026\t\t\t\t\t\t\t\t\t\t\t\t\t<\/p>\n<\/p><\/div>\n<div class=\"post-title\">Quelle star hollywoodienne devrait r\u00e9aliser le pr\u00e9quel d\u2019Ocean\u2019s Eleven avec Margot Robbie ?<\/div>\n<\/p><\/div>\n<p>\t\t\t\t\t\t\t\t\t\t<\/a>\n\t\t\t\t\t\t\t\t\t<\/div>\n<div class=\"post-card mobile\">\n\t\t\t\t\t\t\t\t\t\t<a class=\"post-link d-flex\" href=\"https:\/\/numero.com\/culture\/cinema\/margot-robbie-bradley-cooper-oceans-eleven-prequel\/\"><\/p>\n<div class=\"container-img\">\n\t\t\t\t\t\t\t\t\t\t\t\t<img decoding=\"async\" width=\"640\" height=\"804\" src=\"https:\/\/numero.com\/wp-content\/uploads\/2023\/06\/thumb-oceans-prequel-768x965.jpg\" class=\"img-fluid\" alt=\"Margot Robbie et Bradley Cooper.\" loading=\"lazy\">\t\t\t\t\t\t\t\t\t\t\t\t<\/p>\n<div class=\"number\">16<\/div>\n<\/p><\/div>\n<div class=\"card-info d-flex\">\n<div>\n<p class=\"cat-title\">Cin\u00e9ma<\/p>\n<h3 class=\"post-title\">Quelle star hollywoodienne devrait r\u00e9aliser le pr\u00e9quel d\u2019Ocean\u2019s Eleven avec Margot Robbie ?<\/h3>\n<\/p><\/div>\n<p class=\"date\">\n\t\t\t\t\t\t\t\t\t\t\t\t\t16 avr 2026\t\t\t\t\t\t\t\t\t\t\t\t<\/p>\n<\/p><\/div>\n<p>\t\t\t\t\t\t\t\t\t\t<\/a>\n\t\t\t\t\t\t\t\t\t<\/div>\n<\/p><\/div>\n<div class=\"col-lg-3\">\n<div class=\"post-card desktop\">\n\t\t\t\t\t\t\t\t\t\t<a class=\"post-link\" href=\"https:\/\/numero.com\/culture\/musique\/les-meilleurs-albums-de-2026\/\"><\/p>\n<div class=\"container-img\">\n\t\t\t\t\t\t\t\t\t\t\t\t<img decoding=\"async\" width=\"640\" height=\"804\" src=\"https:\/\/numero.com\/wp-content\/uploads\/2026\/04\/slayyyter2-768x965.jpg\" class=\"img-fluid\" alt=\"La chanteuse Slayyyter.\" loading=\"lazy\">\t\t\t\t\t\t\t\t\t\t\t\t<\/p>\n<div class=\"number\">16<\/div>\n<\/p><\/div>\n<div class=\"card-info\">\n<div class=\"meta d-flex justify-content-between\">\n<p class=\"cat-title\">Musique<\/p>\n<p class=\"date\">\n\t\t\t\t\t\t\t\t\t\t\t\t\t\t16 avr 2026\t\t\t\t\t\t\t\t\t\t\t\t\t<\/p>\n<\/p><\/div>\n<div class=\"post-title\">Quels sont nos albums pr\u00e9f\u00e9r\u00e9s de 2026 (jusqu\u2019ici) ?<\/div>\n<\/p><\/div>\n<p>\t\t\t\t\t\t\t\t\t\t<\/a>\n\t\t\t\t\t\t\t\t\t<\/div>\n<div class=\"post-card mobile\">\n\t\t\t\t\t\t\t\t\t\t<a class=\"post-link d-flex\" href=\"https:\/\/numero.com\/culture\/musique\/les-meilleurs-albums-de-2026\/\"><\/p>\n<div class=\"container-img\">\n\t\t\t\t\t\t\t\t\t\t\t\t<img decoding=\"async\" width=\"640\" height=\"804\" src=\"https:\/\/numero.com\/wp-content\/uploads\/2026\/04\/slayyyter2-768x965.jpg\" class=\"img-fluid\" alt=\"La chanteuse Slayyyter.\" loading=\"lazy\">\t\t\t\t\t\t\t\t\t\t\t\t<\/p>\n<div class=\"number\">16<\/div>\n<\/p><\/div>\n<div class=\"card-info d-flex\">\n<div>\n<p class=\"cat-title\">Musique<\/p>\n<h3 class=\"post-title\">Quels sont nos albums pr\u00e9f\u00e9r\u00e9s de 2026 (jusqu\u2019ici) ?<\/h3>\n<\/p><\/div>\n<p class=\"date\">\n\t\t\t\t\t\t\t\t\t\t\t\t\t16 avr 2026\t\t\t\t\t\t\t\t\t\t\t\t<\/p>\n<\/p><\/div>\n<p>\t\t\t\t\t\t\t\t\t\t<\/a>\n\t\t\t\t\t\t\t\t\t<\/div>\n<\/p><\/div>\n<\/p><\/div>\n<\/p><\/div>\n<\/section>\n<div class=\"padding-bottom-s\">\n<div class=\"ad banner desktop\">\n<div class=\"container\">\n<div class=\"row\">\n            <!-- \/21730003857\/numero-ad-unit\/numero-banner-1 --><\/p>\n<div id=\"div-gpt-ad-1757006327907-0\" style=\"min-width: 350px\">\n<p>                    googletag.cmd.push(function () {<br \/>\n                        googletag.display(&#8216;div-gpt-ad-1757006327907-0&#8217;);<br \/>\n                    });<\/p><\/div>\n<\/p><\/div>\n<\/p><\/div>\n<\/div><\/div>\n<\/p><\/div>\n","protected":false},"excerpt":{"rendered":"<p>16 16 googletag.cmd.push(function () { googletag.display(&#8216;div-gpt-ad-1757063143832-0&#8217;); }); Lien copi\u00e9 Cin\u00e9ma 16 avr 2026 Cannes 2026 : Virginie Efira devrait nous bouleverser dans le film Soudain Apr\u00e8s Drive My Car et Le mal n\u2019existe pas , le r\u00e9alisateur japonais Ryusuke Hamaguchi pr\u00e9sentera en comp\u00e9tition au Festival de Cannes 2026 son premier film en fran\u00e7ais. Soudain suivra [&hellip;]<\/p>\n","protected":false},"author":1,"featured_media":0,"comment_status":"open","ping_status":"","sticky":false,"template":"","format":"standard","meta":{"footnotes":""},"categories":[1],"tags":[226,258],"class_list":["post-1885869","post","type-post","status-publish","format-standard","hentry","category-uncategorized","tag-crawlmanager","tag-numero-com"],"_links":{"self":[{"href":"https:\/\/analyse.optim.biz\/index.php?rest_route=\/wp\/v2\/posts\/1885869","targetHints":{"allow":["GET"]}}],"collection":[{"href":"https:\/\/analyse.optim.biz\/index.php?rest_route=\/wp\/v2\/posts"}],"about":[{"href":"https:\/\/analyse.optim.biz\/index.php?rest_route=\/wp\/v2\/types\/post"}],"author":[{"embeddable":true,"href":"https:\/\/analyse.optim.biz\/index.php?rest_route=\/wp\/v2\/users\/1"}],"replies":[{"embeddable":true,"href":"https:\/\/analyse.optim.biz\/index.php?rest_route=%2Fwp%2Fv2%2Fcomments&post=1885869"}],"version-history":[{"count":0,"href":"https:\/\/analyse.optim.biz\/index.php?rest_route=\/wp\/v2\/posts\/1885869\/revisions"}],"wp:attachment":[{"href":"https:\/\/analyse.optim.biz\/index.php?rest_route=%2Fwp%2Fv2%2Fmedia&parent=1885869"}],"wp:term":[{"taxonomy":"category","embeddable":true,"href":"https:\/\/analyse.optim.biz\/index.php?rest_route=%2Fwp%2Fv2%2Fcategories&post=1885869"},{"taxonomy":"post_tag","embeddable":true,"href":"https:\/\/analyse.optim.biz\/index.php?rest_route=%2Fwp%2Fv2%2Ftags&post=1885869"}],"curies":[{"name":"wp","href":"https:\/\/api.w.org\/{rel}","templated":true}]}}