{"id":188586,"date":"2015-01-10T06:07:42","date_gmt":"2015-01-10T03:07:42","guid":{"rendered":"https:\/\/analyse.optim.biz\/?p=188586"},"modified":"2015-01-10T06:07:42","modified_gmt":"2015-01-10T03:07:42","slug":"pnl-propune-desfiintarea-a-trei-servicii-speciale","status":"publish","type":"post","link":"https:\/\/analyse.optim.biz\/?p=188586","title":{"rendered":"PNL propune desfiin\u021barea a trei servicii speciale"},"content":{"rendered":"<div class=\"entry data-app-meta data-app-meta-article\" data-embed-base-url-canonical=\"https:\/\/www.digi24.ro\/embed\/stiri\/actualitate\/politica\/pnl-propune-desfiintarea-a-trei-servicii-speciale-345324\">\n<p data-index=\"1\">PNL sus\u021bine c\u0103 Rom\u00e2nia are cu trei servicii speciale mai mult dec\u00e2t ar avea nevoie.<\/p>\n<p data-index=\"2\">\u201eDa, sunt prea multe \u015fi cu mul\u0163i angaja\u0163i. Genereaz\u0103 oameni lega\u0163i de servicii (&#8230;) greu de controlat. \u015ei nu-\u015fi \u00eendeplinesc obiectivele, ci tind s\u0103 se privatizeze. (&#8230;) Avem serviciul Ministerului de Interne nereglementat prin lege. (&#8230;) Nu v\u0103d nicio noim\u0103 pentru care ai p\u0103stra STS \u015fi SPP\u201d, a declarat <strong>Ludovic Orban<\/strong>, prim-vicepre\u0219edinte PNL, la<a href=\"http:\/\/adevarul.ro\/news\/politica\/adevarul-live-ora-1200-ludovic-orban-despre-incercarea-liberalilor-tranti-guvernul-ponta-1_54ae42d9448e03c0fd68a30b\/index.html\" target=\"_blank\" data-skip-linkfix=\"1\" rel=\"noopener\"><strong> Adev\u0103rul Live.<\/strong><\/a><\/p>\n<p data-index=\"3\">Procedura de desfiin\u0163are a unui serviciu de special trece prin Consiliul Suprem de Ap\u0103rare a \u021a\u0103rii (CSAT). \u00cen perioada postdecembrist\u0103 a existat un singur precededent. \u00cen mai 1998 a fost desfiin\u0163at\u0103 celebra unitate \u201eDoi \u015f-un sfert\u201d din cadrul MAI, acuzat\u0103 de \u00eencorporarea unor foste cadre de poli\u0163ie politic\u0103 \u015fi de dep\u0103\u015fire a atribu\u0163iilor \u00een timpul mineriadelor.<\/p>\n<p data-index=\"4\">\u201eLa nivelul CSAT, aceast\u0103 problem\u0103 ar putea fi abordat\u0103, de asemenea \u015fi la nivelul Parlamentului. (&#8230;) Ar trebui o analiz\u0103 \u015fi o discu\u0163ie serioas\u0103 asupra eficien\u0163ei, func\u0163ion\u0103rii, rezultatelor\u201d, a comentat pentru Digi24 <strong>Mih\u0103i\u021b\u0103 Calimente<\/strong>, pre\u0219edintele comisiei parlamentare de control a SIE.<\/p>\n<p data-index=\"5\">\u201eDomnul Orban, una este s\u0103 c\u00e2nte cucul \u00een Bucovina \u015fi alta este s\u0103 vorbe\u015fti despre serviciile secrete. Comasarea unor servicii poate genera efecte cu caracter ireversibil \u00een domeniul siguran\u0163ei na\u0163ionale\u201d, spune<strong> Daniel Savu<\/strong>, membru al comisiei parlamentare de control a SRI.<\/p>\n<p data-index=\"6\">DGIPI, STS \u015fi SPP sunt singurele servicii speciale care nu fac parte din Comunitatea Na\u0163ional\u0103 de Informa\u0163ii, institu\u0163ie aflat\u0103 sub control preziden\u0163ial din 2005 \u00eencoace.<\/p>\n<p data-index=\"7\">\u201e<span>Este absolut imperios necesar ca acest subiect s\u0103 fie redeschis, nu numai asupra comunit\u0103\u0163ii de informa\u0163ii, ci \u015fi asupra legisla\u0163iei pentru c\u0103 cele mai multe legi pe care le au serviciile de securitate din Rom\u00e2nia sunt de la \u00eenceputul anilor &#8217;90. Suntem \u00eentr-o alt\u0103 etap\u0103 \u015fi neap\u0103rat aceste legi trebuie adaptate \u015fi reactualizate\u201d, spune <strong>Mih\u0103i\u021b\u0103 Calimente.<\/strong><\/span><\/p>\n<p data-index=\"8\">\u201e<span>Este greu s\u0103 se pun\u0103 \u00eentr-o comunitate de informa\u0163ii toate datele, ca \u00eentr-o mare c\u0103ciul\u0103, la care s\u0103 aib\u0103 to\u0163i acces. Tendin\u0163a asta a existat \u015fi pe plan european. Belgia este cea care a ini\u0163iat primele demersuri. \u0218i a existat o deficien\u0163\u0103 major\u0103 a celor cu servicii puternice \u00een a pune la dispozi\u0163ia tuturor toate informa\u0163iile pe ce le ob\u0163in\u201d, argumenteaz\u0103 <strong>Daniel Savu.<\/strong><\/span><\/p>\n<p data-index=\"9\">Componen\u0163a \u015fi controlul Comunit\u0103\u0163ii Na\u0163ionale de Informa\u0163ii a provocat numeroase controverse politice. \u00cen 1997 \u015fi \u00een 2001, proiecte pentru \u00eenfiin\u0163area CNI sub controlul direct al legislativului nu au reu\u015fit s\u0103 treac\u0103 de comisiile parlamentare. \u00cen 2005, pe fondul crizei jurnali\u015ftilor rom\u00e2ni r\u0103pi\u0163i \u00een Irak, au fost \u00eenfiin\u0163ate Comunitatea Na\u0163ional\u0103 de Informa\u0163ii \u015fi Departamentul Securit\u0103\u0163ii Na\u0163ionale, ambele \u00een subordinea pre\u015fedintelui \u0163\u0103rii, la acea vreme<strong> Traian B\u0103sescu.<\/strong><\/p>\n<\/div>\n<p> Source URL: https:\/\/www.digi24.ro\/stiri\/actualitate\/politica\/pnl-propune-desfiintarea-a-trei-servicii-speciale-345324<\/p>\n","protected":false},"excerpt":{"rendered":"<p>PNL sus\u021bine c\u0103 Rom\u00e2nia are cu trei servicii speciale mai mult dec\u00e2t ar avea nevoie. \u201eDa, sunt prea multe \u015fi cu mul\u0163i angaja\u0163i. Genereaz\u0103 oameni lega\u0163i de servicii (&#8230;) greu de controlat. \u015ei nu-\u015fi \u00eendeplinesc obiectivele, ci tind s\u0103 se privatizeze. (&#8230;) Avem serviciul Ministerului de Interne nereglementat prin lege. (&#8230;) Nu v\u0103d nicio noim\u0103 [&hellip;]<\/p>\n","protected":false},"author":1,"featured_media":188587,"comment_status":"open","ping_status":"","sticky":false,"template":"","format":"standard","meta":{"footnotes":""},"categories":[2],"tags":[11],"class_list":["post-188586","post","type-post","status-publish","format-standard","has-post-thumbnail","hentry","category-politics","tag-digi24"],"_links":{"self":[{"href":"https:\/\/analyse.optim.biz\/index.php?rest_route=\/wp\/v2\/posts\/188586","targetHints":{"allow":["GET"]}}],"collection":[{"href":"https:\/\/analyse.optim.biz\/index.php?rest_route=\/wp\/v2\/posts"}],"about":[{"href":"https:\/\/analyse.optim.biz\/index.php?rest_route=\/wp\/v2\/types\/post"}],"author":[{"embeddable":true,"href":"https:\/\/analyse.optim.biz\/index.php?rest_route=\/wp\/v2\/users\/1"}],"replies":[{"embeddable":true,"href":"https:\/\/analyse.optim.biz\/index.php?rest_route=%2Fwp%2Fv2%2Fcomments&post=188586"}],"version-history":[{"count":0,"href":"https:\/\/analyse.optim.biz\/index.php?rest_route=\/wp\/v2\/posts\/188586\/revisions"}],"wp:featuredmedia":[{"embeddable":true,"href":"https:\/\/analyse.optim.biz\/index.php?rest_route=\/wp\/v2\/media\/188587"}],"wp:attachment":[{"href":"https:\/\/analyse.optim.biz\/index.php?rest_route=%2Fwp%2Fv2%2Fmedia&parent=188586"}],"wp:term":[{"taxonomy":"category","embeddable":true,"href":"https:\/\/analyse.optim.biz\/index.php?rest_route=%2Fwp%2Fv2%2Fcategories&post=188586"},{"taxonomy":"post_tag","embeddable":true,"href":"https:\/\/analyse.optim.biz\/index.php?rest_route=%2Fwp%2Fv2%2Ftags&post=188586"}],"curies":[{"name":"wp","href":"https:\/\/api.w.org\/{rel}","templated":true}]}}