{"id":188583,"date":"2015-01-10T11:16:54","date_gmt":"2015-01-10T08:16:54","guid":{"rendered":"https:\/\/analyse.optim.biz\/?p=188583"},"modified":"2015-01-10T11:16:54","modified_gmt":"2015-01-10T08:16:54","slug":"intelegeri-politice-sortite-esecului","status":"publish","type":"post","link":"https:\/\/analyse.optim.biz\/?p=188583","title":{"rendered":"\u00cen\u021belegeri politice sortite e\u0219ecului"},"content":{"rendered":"<div class=\"entry data-app-meta data-app-meta-article\" data-embed-base-url-canonical=\"https:\/\/www.digi24.ro\/embed\/stiri\/actualitate\/politica\/intelegeri-politice-sortite-esecului-345362\">\n<p data-index=\"1\"><img decoding=\"async\" src=\"https:\/\/analyse.optim.biz\/wp-content\/uploads\/2024\/09\/mmjknthknzg1yzmwzdziytzkmgyxzgjkowmy-thumb_.jpg\" data-skip-htmlfix=\"1\" title=\"mmjknthknzg1yzmwzdziytzkmgyxzgjkowmy-thumb_\"><\/p>\n<p data-index=\"2\"><span><em><strong>Sursa foto: Mediafax<\/strong><\/em><\/span><\/p>\n<p data-index=\"3\">\u00cen 2008, pre\u015fedintele Traian B\u0103sescu chema toate partidele reprezentate \u00een Parlament s\u0103 \u00ee\u015fi asume opt obiective pentru \u00eenv\u0103\u0163\u0103m\u00e2ntul rom\u00e2nesc. Pactul Na\u0163ional pentru Educa\u0163ie a fost semnat \u00een 5 martie 2008 \u015fi prevedea, printre altele, alocarea din bugetul anual, \u00een perioada 2008-2013, a minimum 6% din PIB pentru educa\u0163ie \u015fi 1% pentru cercetare. Tot partidele promiteau p\u0103rin\u0163ilor, elevilor \u015fi profesorilor c\u0103 regulile sistemului de educa\u0163ie nu se vor schimba de la an la an.<\/p>\n<p data-index=\"4\">Traian B\u0103sescu: <span><strong>Este un angajament al clasei politice fa\u0163\u0103 de societate. Dac\u0103 vom avea o bun\u0103 guvernare \u00een viitor care va avea curajul s\u0103 ia deciziile necesare pentru modernizarea sistemului de educa\u0163ie, atunci Rom\u00e2nia va deveni o \u0163ar\u0103 cu adev\u0103rat competitiv\u0103 \u00een Europa \u015fi \u00een lume iar cet\u0103\u0163enii ei vor deveni prosperi.<\/strong><\/span><\/p>\n<p data-index=\"5\">\u00cens\u0103 angajamentul nu a fost respectat de Guvernele care s-au perindat la Palatul Victoria.<\/p>\n<p data-index=\"6\">Gheorghe Iancu, profesor de drept constitu\u0163ional: <strong>Efectele acestor pacte sunt numai politice, pentru c\u00e2\u0219tigarea imaginii pentru cei care militeaz\u0103 \u00een acest scop.<\/strong><\/p>\n<p data-index=\"7\">Klaus Iohannis a propus prima \u00een\u0163elegere de acest gen pe c\u00e2nd era doar preziden\u0163iabilul PNL. A cerut tuturor s\u0103-\u015fi asume un pact na\u0163ional pentru stabilitate \u015fi democra\u0163ie. Ca pre\u015fedinte, Klaus Iohannis propune, \u00een prim\u0103 instan\u0163\u0103, un angajament care vizeaz\u0103 Armata. Luni, pre\u015fedintele consult\u0103 partidele \u00een acest sens.<\/p>\n<p data-index=\"8\">Claudiu Dinu, fost consilier preziden\u0163ial: <strong>R\u0103spunderea este politic\u0103. Asta \u00eenseamn\u0103 ce? \u00censeamn\u0103 c\u0103 acei parlamentari, politicieni care au spus acuma da, vot\u0103m 2%, nu vot\u0103m \u00een 2017. 2% vor fi sanc\u021biona\u021bi la alegeri. E singura sanc\u021biune.<\/strong><\/p>\n<p data-index=\"9\">O \u00een\u0163elegere numit\u0103 \u201e<span><strong>Pact de coabitare<\/strong><\/span><span>\u201d a fost \u00eencheiat\u0103 \u00een 12 decembrie 2012, \u00eentre Traian B\u0103sescu \u015fi Victor Ponta \u00eenainte de a doua desemnare acestuia \u00een func\u0163ia de premier. Cei doi se angajau c\u0103 vor evita confrunt\u0103rile publice inutile dar \u015fi c\u0103 nu vor \u00eengr\u0103di independen\u0163a justi\u0163iei. Victor Ponta anun\u0163a \u00eens\u0103 c\u0103 a rupt pactul de coabitare la \u00eenceputul lunii august, anul trecut.<\/span><\/p>\n<p data-index=\"10\"><span lang=\"en-US\">Traian B\u0103sescu: <\/span><span lang=\"en-US\"><strong>Slav\u0103 domnului, pe lipsa de experien\u0163\u0103 a lui Victor Ponta am reu\u015fit s\u0103 semnez cu el acel celebru pact de coabitare. <\/strong><\/span><\/p>\n<p data-index=\"11\"><strong><span>Vre\u0163i s\u0103 spune\u0163i c\u0103 l-a\u0163i p\u0103c\u0103lit? <\/span><\/strong><\/p>\n<p data-index=\"12\"><strong><span>Da, a fost un politician mai slab decat mine.<\/span><\/strong><\/p>\n<p data-index=\"13\">Pactul nu s-ar \u00eencadra \u00een acela\u015fi registru consider\u0103 fostul consilier al lui Traian B\u0103sescu.<\/p>\n<p data-index=\"14\">Claudiu Dinu, fost consilier preziden\u0163ial: <strong>Nu intr\u0103 pe aceast\u0103 zon\u0103 de consultare cu partidele \u015fi de ob\u0163inere a unui acord care s\u0103 se concretizeze \u015fi \u00eentr-un act normativ. Ca regul\u0103 a func\u0163ionat pentru c\u0103, ce se \u00eent\u00e2mpl\u0103, acel pact nu putea s\u0103 adauge la constitu\u0163ie. Lucrurile au mers c\u00e2t de c\u00e2t pe un f\u0103ga\u015f normal, c\u00e2t s-a putut.<\/strong><\/p>\n<\/div>\n<p> Source URL: https:\/\/www.digi24.ro\/stiri\/actualitate\/politica\/intelegeri-politice-sortite-esecului-345362<\/p>\n","protected":false},"excerpt":{"rendered":"<p>Sursa foto: Mediafax \u00cen 2008, pre\u015fedintele Traian B\u0103sescu chema toate partidele reprezentate \u00een Parlament s\u0103 \u00ee\u015fi asume opt obiective pentru \u00eenv\u0103\u0163\u0103m\u00e2ntul rom\u00e2nesc. Pactul Na\u0163ional pentru Educa\u0163ie a fost semnat \u00een 5 martie 2008 \u015fi prevedea, printre altele, alocarea din bugetul anual, \u00een perioada 2008-2013, a minimum 6% din PIB pentru educa\u0163ie \u015fi 1% pentru cercetare. [&hellip;]<\/p>\n","protected":false},"author":1,"featured_media":188584,"comment_status":"open","ping_status":"","sticky":false,"template":"","format":"standard","meta":{"footnotes":""},"categories":[2],"tags":[11],"class_list":["post-188583","post","type-post","status-publish","format-standard","has-post-thumbnail","hentry","category-politics","tag-digi24"],"_links":{"self":[{"href":"https:\/\/analyse.optim.biz\/index.php?rest_route=\/wp\/v2\/posts\/188583","targetHints":{"allow":["GET"]}}],"collection":[{"href":"https:\/\/analyse.optim.biz\/index.php?rest_route=\/wp\/v2\/posts"}],"about":[{"href":"https:\/\/analyse.optim.biz\/index.php?rest_route=\/wp\/v2\/types\/post"}],"author":[{"embeddable":true,"href":"https:\/\/analyse.optim.biz\/index.php?rest_route=\/wp\/v2\/users\/1"}],"replies":[{"embeddable":true,"href":"https:\/\/analyse.optim.biz\/index.php?rest_route=%2Fwp%2Fv2%2Fcomments&post=188583"}],"version-history":[{"count":0,"href":"https:\/\/analyse.optim.biz\/index.php?rest_route=\/wp\/v2\/posts\/188583\/revisions"}],"wp:featuredmedia":[{"embeddable":true,"href":"https:\/\/analyse.optim.biz\/index.php?rest_route=\/wp\/v2\/media\/188584"}],"wp:attachment":[{"href":"https:\/\/analyse.optim.biz\/index.php?rest_route=%2Fwp%2Fv2%2Fmedia&parent=188583"}],"wp:term":[{"taxonomy":"category","embeddable":true,"href":"https:\/\/analyse.optim.biz\/index.php?rest_route=%2Fwp%2Fv2%2Fcategories&post=188583"},{"taxonomy":"post_tag","embeddable":true,"href":"https:\/\/analyse.optim.biz\/index.php?rest_route=%2Fwp%2Fv2%2Ftags&post=188583"}],"curies":[{"name":"wp","href":"https:\/\/api.w.org\/{rel}","templated":true}]}}