{"id":1885800,"date":"2026-04-16T14:33:04","date_gmt":"2026-04-16T11:33:04","guid":{"rendered":"https:\/\/analyse.optim.biz\/?p=1885800"},"modified":"2026-04-16T14:33:04","modified_gmt":"2026-04-16T11:33:04","slug":"se-suspenda-trecerea-cu-bacul-isaccea-orlovka","status":"publish","type":"post","link":"https:\/\/analyse.optim.biz\/?p=1885800","title":{"rendered":"Se suspend\u0103 trecerea cu bacul Isaccea \u2013 Orlovka"},"content":{"rendered":"<p>[analyse_image type=&#8221;featured&#8221; src=&#8221;https:\/\/dobrogeanews.b-cdn.net\/wp-content\/uploads\/2026\/04\/Trecerea-cu-bacul-Isaccea-Orlovka.jpg&#8221;]<\/p>\n<div id=\"post-70001\" class=\"entry single-default post-70001 post type-post status-publish format-standard has-post-thumbnail hentry category-info tag-isaccea tag-orlovka tag-se-supenda tag-trecerea-cu-bacul\">\n<div>\n<div class=\"ss-follow-wrapper ss-clearfix ss-regular-buttons ss-columns-1 ss-default-style\">\n<div class=\"ss-follow-column\" data-ss-sf-network-id='\"facebook\"'><a href=\"https:\/\/www.facebook.com\/dobrogeanews\" class=\"ss-follow-network ss-facebook-color\" rel=\"nofollow noopener\" aria-label=\"facebook\" target=\"_blank\"><span class=\"ss-follow-network-label\">Urm\u0103re\u015fte-ne \u015fi pe Facebook!<\/span><span class=\"ss-follow-network-count\"><span class=\"ss-follow-network-count-number\">57K<\/span><span class=\"ss-follow-network-count-label\">Followers<\/span><\/span><\/a><\/div>\n<\/div>\n<\/div>\n<p>Garda de Coast\u0103 informeaz\u0103 participan\u021bii la traficul transfrontalier c\u0103, <strong>\u00een data de 17.04.2026<\/strong>, ca urmare a lucr\u0103rilor de \u00eenlocuire a pontonului de la Isaccea, trecerea cu bacul peste fluviul Dun\u0103rea, la Punctul de Trecere a Frontierei Isaccea \u2013 Orlovka, va fi suspendat\u0103 temporar \u00een intervalul orar 08:00 \u2013 14:00.<\/p>\n<figure class=\"wp-block-image size-full is-resized\">\n<source type=\"image\/webp\" data-lazy-srcset=\"https:\/\/dobrogeanews.b-cdn.net\/wp-content\/uploads\/2026\/04\/Trecerea-cu-bacul-Isaccea-Orlovka.jpg.webp 2560w, https:\/\/dobrogeanews.b-cdn.net\/wp-content\/uploads\/2026\/04\/Trecerea-cu-bacul-Isaccea-Orlovka-300x238.jpg.webp 300w, https:\/\/dobrogeanews.b-cdn.net\/wp-content\/uploads\/2026\/04\/Trecerea-cu-bacul-Isaccea-Orlovka-1024x811.jpg.webp 1024w, https:\/\/dobrogeanews.b-cdn.net\/wp-content\/uploads\/2026\/04\/Trecerea-cu-bacul-Isaccea-Orlovka-768x608.jpg.webp 768w, https:\/\/dobrogeanews.b-cdn.net\/wp-content\/uploads\/2026\/04\/Trecerea-cu-bacul-Isaccea-Orlovka-1536x1217.jpg.webp 1536w, https:\/\/dobrogeanews.b-cdn.net\/wp-content\/uploads\/2026\/04\/Trecerea-cu-bacul-Isaccea-Orlovka-2048x1622.jpg.webp 2048w\" sizes=\"(max-width: 640px) 100vw, 640px\" \/><br \/>\n<img loading=\"lazy\" decoding=\"async\" src=\"https:\/\/dobrogeanews.b-cdn.net\/wp-content\/uploads\/2026\/04\/Trecerea-cu-bacul-Isaccea-Orlovka.jpg\" alt=\"Trecerea cu bacul Isaccea Orlovka\" width=\"640\" height=\"507\"><\/figure>\n<p>M\u0103surile au fost adoptate pentru desf\u0103\u0219urarea lucr\u0103rilor \u00een condi\u021bii de siguran\u021b\u0103 \u0219i pentru prevenirea unor situa\u021bii de risc.<\/p>\n<p>Recomand\u0103m cet\u0103\u021benilor s\u0103 urm\u0103reasc\u0103 inform\u0103rile oficiale \u00eenainte de a-\u0219i planifica deplasarea.<\/p>\n<p>Vom reveni cu actualiz\u0103ri imediat ce trecerea cu bacul va fi reluat\u0103 \u00een condi\u021bii normale. (CP Garda de Coast\u0103)<\/p>\n<div class=\"monsterinsights-inline-popular-posts monsterinsights-inline-popular-posts-charlie monsterinsights-popular-posts-styled\">\n<div class=\"monsterinsights-inline-popular-posts-text\"><span class=\"monsterinsights-inline-popular-posts-label\">Vezi \u0219i:<\/span><\/p>\n<div class=\"monsterinsights-inline-popular-posts-post\"><a class=\"monsterinsights-inline-popular-posts-title\" href=\"https:\/\/www.dobrogeanews.ro\/liliana-marinescu-a-fost-semnat-contractul-de-finantare-pentru-alimentare-cu-gaze-la-baia-in-valoare-de-8-075-000-lei\/\">Liliana Marinescu: A fost semnat contractul de finan\u021bare pentru \u201eAlimentare cu gaze\u201d la Baia \u00een valoare de 8.075.000 lei<\/a><\/div>\n<div class=\"monsterinsights-inline-popular-posts-post\"><a class=\"monsterinsights-inline-popular-posts-title\" href=\"https:\/\/www.dobrogeanews.ro\/video-primarul-stefan-ilie-raspunde-intrebarilor-privind-reabilitarea-strazilor-din-municipiul-tulcea\/\">(Video) Primarul \u0218tefan Ilie, r\u0103spunde \u00eentreb\u0103rilor privind reabilitarea Str\u0103zilor din Municipiul Tulcea<\/a><\/div>\n<div class=\"monsterinsights-inline-popular-posts-post\"><a class=\"monsterinsights-inline-popular-posts-title\" href=\"https:\/\/www.dobrogeanews.ro\/municipiul-tulcea-a-adoptat-o-crestere-minima-a-taxelor-locale-taxa-de-habitat-creste-cu-3-lei-iar-pentru-impozitul-auto-trebuie-sa-depuneti-declaratie\/\">Municipiul Tulcea a adoptat o cre\u0219tere minim\u0103 a taxelor locale. Taxa de habitat cre\u0219te cu 3 lei iar pentru impozitul auto trebuie s\u0103 depune\u021bi declara\u021bie<\/a><\/div>\n<\/div>\n<\/div>\n<p class=\"has-text-align-center has-white-color has-text-color has-background\"><span><a href=\"https:\/\/news.google.com\/publications\/CAAqBwgKMIu5pgsw88O-Aw?ceid=RO:ro&amp;oc=3\">Urm\u0103ri\u0163i \u015etirile Dobrogeanews \u015fi pe Google News<\/a><\/span><\/p>\n<\/div>\n<div id=\"post-70001\" class=\"entry single-default post-70001 post type-post status-publish format-standard has-post-thumbnail hentry category-info tag-isaccea tag-orlovka tag-se-supenda tag-trecerea-cu-bacul\">\n<div>\n<div class=\"ss-follow-wrapper ss-clearfix ss-regular-buttons ss-columns-1 ss-default-style\">\n<div class=\"ss-follow-column\" data-ss-sf-network-id='\"facebook\"'><a href=\"https:\/\/www.facebook.com\/dobrogeanews\" class=\"ss-follow-network ss-facebook-color\" rel=\"nofollow noopener\" aria-label=\"facebook\" target=\"_blank\"><span class=\"ss-follow-network-label\">Urm\u0103re\u015fte-ne \u015fi pe Facebook!<\/span><span class=\"ss-follow-network-count\"><span class=\"ss-follow-network-count-number\">57K<\/span><span class=\"ss-follow-network-count-label\">Followers<\/span><\/span><\/a><\/div>\n<\/div>\n<\/div>\n<p>Garda de Coast\u0103 informeaz\u0103 participan\u021bii la traficul transfrontalier c\u0103, <strong>\u00een data de 17.04.2026<\/strong>, ca urmare a lucr\u0103rilor de \u00eenlocuire a pontonului de la Isaccea, trecerea cu bacul peste fluviul Dun\u0103rea, la Punctul de Trecere a Frontierei Isaccea \u2013 Orlovka, va fi suspendat\u0103 temporar \u00een intervalul orar 08:00 \u2013 14:00.<\/p>\n<figure class=\"wp-block-image size-full is-resized\">\n<source type=\"image\/webp\" data-lazy-srcset=\"https:\/\/dobrogeanews.b-cdn.net\/wp-content\/uploads\/2026\/04\/Trecerea-cu-bacul-Isaccea-Orlovka.jpg.webp 2560w, https:\/\/dobrogeanews.b-cdn.net\/wp-content\/uploads\/2026\/04\/Trecerea-cu-bacul-Isaccea-Orlovka-300x238.jpg.webp 300w, https:\/\/dobrogeanews.b-cdn.net\/wp-content\/uploads\/2026\/04\/Trecerea-cu-bacul-Isaccea-Orlovka-1024x811.jpg.webp 1024w, https:\/\/dobrogeanews.b-cdn.net\/wp-content\/uploads\/2026\/04\/Trecerea-cu-bacul-Isaccea-Orlovka-768x608.jpg.webp 768w, https:\/\/dobrogeanews.b-cdn.net\/wp-content\/uploads\/2026\/04\/Trecerea-cu-bacul-Isaccea-Orlovka-1536x1217.jpg.webp 1536w, https:\/\/dobrogeanews.b-cdn.net\/wp-content\/uploads\/2026\/04\/Trecerea-cu-bacul-Isaccea-Orlovka-2048x1622.jpg.webp 2048w\" sizes=\"(max-width: 640px) 100vw, 640px\" \/><br \/>\n<img loading=\"lazy\" decoding=\"async\" src=\"https:\/\/dobrogeanews.b-cdn.net\/wp-content\/uploads\/2026\/04\/Trecerea-cu-bacul-Isaccea-Orlovka.jpg\" alt=\"Trecerea cu bacul Isaccea Orlovka\" width=\"640\" height=\"507\"><\/figure>\n<p>M\u0103surile au fost adoptate pentru desf\u0103\u0219urarea lucr\u0103rilor \u00een condi\u021bii de siguran\u021b\u0103 \u0219i pentru prevenirea unor situa\u021bii de risc.<\/p>\n<p>Recomand\u0103m cet\u0103\u021benilor s\u0103 urm\u0103reasc\u0103 inform\u0103rile oficiale \u00eenainte de a-\u0219i planifica deplasarea.<\/p>\n<p>Vom reveni cu actualiz\u0103ri imediat ce trecerea cu bacul va fi reluat\u0103 \u00een condi\u021bii normale. (CP Garda de Coast\u0103)<\/p>\n<div class=\"monsterinsights-inline-popular-posts monsterinsights-inline-popular-posts-charlie monsterinsights-popular-posts-styled\">\n<div class=\"monsterinsights-inline-popular-posts-text\"><span class=\"monsterinsights-inline-popular-posts-label\">Vezi \u0219i:<\/span><\/p>\n<div class=\"monsterinsights-inline-popular-posts-post\"><a class=\"monsterinsights-inline-popular-posts-title\" href=\"https:\/\/www.dobrogeanews.ro\/liliana-marinescu-a-fost-semnat-contractul-de-finantare-pentru-alimentare-cu-gaze-la-baia-in-valoare-de-8-075-000-lei\/\">Liliana Marinescu: A fost semnat contractul de finan\u021bare pentru \u201eAlimentare cu gaze\u201d la Baia \u00een valoare de 8.075.000 lei<\/a><\/div>\n<div class=\"monsterinsights-inline-popular-posts-post\"><a class=\"monsterinsights-inline-popular-posts-title\" href=\"https:\/\/www.dobrogeanews.ro\/video-primarul-stefan-ilie-raspunde-intrebarilor-privind-reabilitarea-strazilor-din-municipiul-tulcea\/\">(Video) Primarul \u0218tefan Ilie, r\u0103spunde \u00eentreb\u0103rilor privind reabilitarea Str\u0103zilor din Municipiul Tulcea<\/a><\/div>\n<div class=\"monsterinsights-inline-popular-posts-post\"><a class=\"monsterinsights-inline-popular-posts-title\" href=\"https:\/\/www.dobrogeanews.ro\/municipiul-tulcea-a-adoptat-o-crestere-minima-a-taxelor-locale-taxa-de-habitat-creste-cu-3-lei-iar-pentru-impozitul-auto-trebuie-sa-depuneti-declaratie\/\">Municipiul Tulcea a adoptat o cre\u0219tere minim\u0103 a taxelor locale. Taxa de habitat cre\u0219te cu 3 lei iar pentru impozitul auto trebuie s\u0103 depune\u021bi declara\u021bie<\/a><\/div>\n<\/div>\n<\/div>\n<p class=\"has-text-align-center has-white-color has-text-color has-background\"><span><a href=\"https:\/\/news.google.com\/publications\/CAAqBwgKMIu5pgsw88O-Aw?ceid=RO:ro&amp;oc=3\">Urm\u0103ri\u0163i \u015etirile Dobrogeanews \u015fi pe Google News<\/a><\/span><\/p>\n<\/div>\n<p>[analyse_source url=&#8221;https:\/\/www.dobrogeanews.ro\/se-suspenda-trecerea-cu-bacul-isaccea-orlovka\/&#8221;]<\/p>\n","protected":false},"excerpt":{"rendered":"<p>[analyse_image type=&#8221;featured&#8221; src=&#8221;https:\/\/dobrogeanews.b-cdn.net\/wp-content\/uploads\/2026\/04\/Trecerea-cu-bacul-Isaccea-Orlovka.jpg&#8221;] Urm\u0103re\u015fte-ne \u015fi pe Facebook!57KFollowers Garda de Coast\u0103 informeaz\u0103 participan\u021bii la traficul transfrontalier c\u0103, \u00een data de 17.04.2026, ca urmare a lucr\u0103rilor de \u00eenlocuire a pontonului de la Isaccea, trecerea cu bacul peste fluviul Dun\u0103rea, la Punctul de Trecere a Frontierei Isaccea \u2013 Orlovka, va fi suspendat\u0103 temporar \u00een intervalul orar 08:00 \u2013 [&hellip;]<\/p>\n","protected":false},"author":1,"featured_media":0,"comment_status":"open","ping_status":"","sticky":false,"template":"","format":"standard","meta":{"footnotes":""},"categories":[89],"tags":[226,223],"class_list":["post-1885800","post","type-post","status-publish","format-standard","hentry","category-romania","tag-crawlmanager","tag-dobrogeanews-ro"],"_links":{"self":[{"href":"https:\/\/analyse.optim.biz\/index.php?rest_route=\/wp\/v2\/posts\/1885800","targetHints":{"allow":["GET"]}}],"collection":[{"href":"https:\/\/analyse.optim.biz\/index.php?rest_route=\/wp\/v2\/posts"}],"about":[{"href":"https:\/\/analyse.optim.biz\/index.php?rest_route=\/wp\/v2\/types\/post"}],"author":[{"embeddable":true,"href":"https:\/\/analyse.optim.biz\/index.php?rest_route=\/wp\/v2\/users\/1"}],"replies":[{"embeddable":true,"href":"https:\/\/analyse.optim.biz\/index.php?rest_route=%2Fwp%2Fv2%2Fcomments&post=1885800"}],"version-history":[{"count":0,"href":"https:\/\/analyse.optim.biz\/index.php?rest_route=\/wp\/v2\/posts\/1885800\/revisions"}],"wp:attachment":[{"href":"https:\/\/analyse.optim.biz\/index.php?rest_route=%2Fwp%2Fv2%2Fmedia&parent=1885800"}],"wp:term":[{"taxonomy":"category","embeddable":true,"href":"https:\/\/analyse.optim.biz\/index.php?rest_route=%2Fwp%2Fv2%2Fcategories&post=1885800"},{"taxonomy":"post_tag","embeddable":true,"href":"https:\/\/analyse.optim.biz\/index.php?rest_route=%2Fwp%2Fv2%2Ftags&post=1885800"}],"curies":[{"name":"wp","href":"https:\/\/api.w.org\/{rel}","templated":true}]}}