{"id":188580,"date":"2015-01-10T17:33:24","date_gmt":"2015-01-10T14:33:24","guid":{"rendered":"https:\/\/analyse.optim.biz\/?p=188580"},"modified":"2015-01-10T17:33:24","modified_gmt":"2015-01-10T14:33:24","slug":"klaus-iohannis-va-participa-la-sibiu-la-o-slujba-de-comemorare-a-sasilor-deportati-in-urma-cu-70-de-ani","status":"publish","type":"post","link":"https:\/\/analyse.optim.biz\/?p=188580","title":{"rendered":"Klaus Iohannis va participa, la Sibiu, la o slujb\u0103 de comemorare a sa\u015filor deporta\u0163i \u00een urm\u0103 cu 70 de ani"},"content":{"rendered":"<div class=\"entry data-app-meta data-app-meta-article\" data-embed-base-url-canonical=\"https:\/\/www.digi24.ro\/embed\/stiri\/actualitate\/politica\/klaus-iohannis-va-participa-la-sibiu-la-o-slujba-de-comemorare-a-sasilor-deportati-in-urma-cu-70-de-ani-345408\">\n<p data-index=\"1\"><img decoding=\"async\" src=\"https:\/\/analyse.optim.biz\/wp-content\/uploads\/2024\/09\/zjdlytazyzg0yje0ytq5m2nlowflmze4nja2zg-thumb_.jpg\" data-skip-htmlfix=\"1\" title=\"zjdlytazyzg0yje0ytq5m2nlowflmze4nja2zg-thumb_\"><\/p>\n<p data-index=\"2\">Potrivit unui comunicat de pres\u0103 transmis, s\u00e2mb\u0103t\u0103, de Administra\u0163ia Preziden\u0163ial\u0103, pre\u015fedintele\u00a0Klaus Iohannis\u00a0va participa, duminic\u0103, la Catedrala Luteran\u0103 din Sibiu, la slujba de comemorare a 70 de ani de la deportarea sa\u015filor \u015fi \u015fvabilor din Rom\u00e2nia \u00een lag\u0103rele de munc\u0103 sovietice.<\/p>\n<p data-index=\"3\"><strong>Reprezentan\u0163ii comunit\u0103\u0163ii s\u0103se\u015fti din Sibiu au declarat corespondentului Mediafax c\u0103 va fi o slujb\u0103 obi\u015fnuit\u0103 de duminic\u0103, \u00een care preotul va vorbi \u015fi despre deportarea sa\u015filor \u015fi \u015fvabilor.\u00a0<\/strong>De asemenea, \u00een 13 ianuarie la sediul Forumului Democrat al Germanilor din Rom\u00e2nia (FDGR) vor avea loc mai multe evenimente pentru comemorarea sa\u015filor \u015fi \u015fvabilor din Rom\u00e2nia care au fost deporta\u0163i \u00een urm\u0103 cu 70 de ani.<\/p>\n<p data-index=\"4\">&#8220;Sa\u015fii din Sibiu au fost ridica\u0163i \u00een noaptea de 13 ianuarie 1945 la ordinul lui Stalin. De aceea, cele mai multe manifest\u0103ri vor avea loc \u00een cursul zilei de mar\u0163i la sediul Forumului&#8221;, au declarat reprezentan\u0163ii FDGR.<\/p>\n<p data-index=\"5\"><strong>Potrivit acestora, manifest\u0103ri similare celor de la Sibiu vor avea loc la Re\u015fi\u0163a, Satu-Mare, Bra\u015fov \u015fi \u00een alte localit\u0103\u0163i.<\/strong>\u00a0De asemenea, \u00een prim\u0103var\u0103 va fi organizat\u0103 o manifestare na\u0163ional\u0103, la Timi\u015foara, unde vor participa \u015fi supravie\u0163uitori din lag\u0103rele sovietice.<\/p>\n<p data-index=\"6\">Potrivit datelor de\u0163inute de etnicii germani din Sibiu, din Rom\u00e2nia au fost deporta\u0163i \u00een lag\u0103rele sovietice \u00een jur de 70.000 de sa\u015fi \u015fi \u015fvabi, aproximativ 4.500 dintre ace\u015ftia fiind doar din jude\u0163ul Sibiu.<\/p>\n<\/div>\n<p> Source URL: https:\/\/www.digi24.ro\/stiri\/actualitate\/politica\/klaus-iohannis-va-participa-la-sibiu-la-o-slujba-de-comemorare-a-sasilor-deportati-in-urma-cu-70-de-ani-345408<\/p>\n","protected":false},"excerpt":{"rendered":"<p>Potrivit unui comunicat de pres\u0103 transmis, s\u00e2mb\u0103t\u0103, de Administra\u0163ia Preziden\u0163ial\u0103, pre\u015fedintele\u00a0Klaus Iohannis\u00a0va participa, duminic\u0103, la Catedrala Luteran\u0103 din Sibiu, la slujba de comemorare a 70 de ani de la deportarea sa\u015filor \u015fi \u015fvabilor din Rom\u00e2nia \u00een lag\u0103rele de munc\u0103 sovietice. Reprezentan\u0163ii comunit\u0103\u0163ii s\u0103se\u015fti din Sibiu au declarat corespondentului Mediafax c\u0103 va fi o slujb\u0103 obi\u015fnuit\u0103 [&hellip;]<\/p>\n","protected":false},"author":1,"featured_media":188581,"comment_status":"open","ping_status":"","sticky":false,"template":"","format":"standard","meta":{"footnotes":""},"categories":[2],"tags":[11],"class_list":["post-188580","post","type-post","status-publish","format-standard","has-post-thumbnail","hentry","category-politics","tag-digi24"],"_links":{"self":[{"href":"https:\/\/analyse.optim.biz\/index.php?rest_route=\/wp\/v2\/posts\/188580","targetHints":{"allow":["GET"]}}],"collection":[{"href":"https:\/\/analyse.optim.biz\/index.php?rest_route=\/wp\/v2\/posts"}],"about":[{"href":"https:\/\/analyse.optim.biz\/index.php?rest_route=\/wp\/v2\/types\/post"}],"author":[{"embeddable":true,"href":"https:\/\/analyse.optim.biz\/index.php?rest_route=\/wp\/v2\/users\/1"}],"replies":[{"embeddable":true,"href":"https:\/\/analyse.optim.biz\/index.php?rest_route=%2Fwp%2Fv2%2Fcomments&post=188580"}],"version-history":[{"count":0,"href":"https:\/\/analyse.optim.biz\/index.php?rest_route=\/wp\/v2\/posts\/188580\/revisions"}],"wp:featuredmedia":[{"embeddable":true,"href":"https:\/\/analyse.optim.biz\/index.php?rest_route=\/wp\/v2\/media\/188581"}],"wp:attachment":[{"href":"https:\/\/analyse.optim.biz\/index.php?rest_route=%2Fwp%2Fv2%2Fmedia&parent=188580"}],"wp:term":[{"taxonomy":"category","embeddable":true,"href":"https:\/\/analyse.optim.biz\/index.php?rest_route=%2Fwp%2Fv2%2Fcategories&post=188580"},{"taxonomy":"post_tag","embeddable":true,"href":"https:\/\/analyse.optim.biz\/index.php?rest_route=%2Fwp%2Fv2%2Ftags&post=188580"}],"curies":[{"name":"wp","href":"https:\/\/api.w.org\/{rel}","templated":true}]}}