{"id":1885742,"date":"2026-04-15T08:02:34","date_gmt":"2026-04-15T05:02:34","guid":{"rendered":"https:\/\/analyse.optim.biz\/?p=1885742"},"modified":"2026-04-15T08:02:34","modified_gmt":"2026-04-15T05:02:34","slug":"trei-mentiuni-nationale-pentru-elevii-suceveni-la-olimpiada-de-educatie-tehnologica-si-aplicatii-practice","status":"publish","type":"post","link":"https:\/\/analyse.optim.biz\/?p=1885742","title":{"rendered":"Trei men\u021biuni na\u021bionale pentru elevii suceveni la Olimpiada de Educa\u021bie Tehnologic\u0103 \u0219i Aplica\u021bii Practice"},"content":{"rendered":"<p>[analyse_image type=&#8221;featured&#8221; src=&#8221;https:\/\/www.newsbucovina.ro\/wp-content\/uploads\/2026\/04\/WhatsApp-Image-2026-04-15-at-08.54.46-1.jpeghttps:\/\/cdn.newsbucovina.ro\/wp-content\/uploads\/2026\/04\/WhatsApp-Image-2026-04-15-at-08.54.46-1.jpeg&#8221;]<\/p>\n<div class=\"td-post-content tagdiv-type\">\n<div class=\"td-a-rec td-a-rec-id-content_top  tdi_3 td_block_template_1\"><strong>Intr\u0103 acum \u0219i \u00een grupul de <\/p>\n<div class=\"wp-block-button\"><a class=\"wp-block-button__link wp-element-button\" href=\"https:\/\/t.me\/+TH8wcfnp8fw5NWI0\">Telegram News Bucovina<\/a><\/div>\n<p><\/strong><\/div>\n<p>Lotul jude\u021bului Suceava a ob\u021binut trei men\u021biuni la etapa na\u021bional\u0103 a Olimpiadei de Educa\u021bie Tehnologic\u0103 \u0219i Aplica\u021bii Practice, desf\u0103\u0219urat\u0103 \u00een perioada 7-10 aprilie 2026 la Universitatea Na\u021bional\u0103 de \u0218tiin\u021b\u0103 \u0219i Tehnologie Politehnica Bucure\u0219ti.<\/p>\n<div class=\"wp-block-image\">\n<figure class=\"aligncenter size-large\"><a href=\"https:\/\/cdn.newsbucovina.ro\/wp-content\/uploads\/2026\/04\/WhatsApp-Image-2026-04-15-at-08.54.46.jpeg\"><img loading=\"lazy\" decoding=\"async\" width=\"768\" height=\"1024\" src=\"https:\/\/cdn.newsbucovina.ro\/wp-content\/uploads\/2026\/04\/WhatsApp-Image-2026-04-15-at-08.54.46-768x1024.jpeg\" alt class=\"wp-image-436209\"><\/a><\/figure>\n<\/div>\n<p>11 elevi din jude\u021bul Suceava au reprezentat jude\u021bul la aceast\u0103 competi\u021bie prestigioas\u0103, particip\u00e2nd la cele dou\u0103 probe ale olimpiadei: proba scris\u0103 \u0219i proba practic\u0103. Elevii au ob\u021binut punctaje foarte bune, demonstr\u00e2nd competen\u021be solide \u00een domeniul educa\u021biei tehnologice \u0219i al aplica\u021biilor practice.<\/p>\n<p>Cei trei elevi premia\u021bi cu men\u021biuni na\u021bionale sunt:<\/p>\n<ul class=\"wp-block-list\">\n<li><strong>Manole Ionela Anastasia<\/strong>, clasa a VII-a, de la \u0218coala Gimnazial\u0103 \u201eEpiscop Gherasim Putneanul\u201d Vadu Moldovei (prof. coordonator Iacob Viorel)<\/li>\n<li><strong>Axinia Narcisa Maria<\/strong>, clasa a VII-a, de la \u0218coala Gimnazial\u0103 Preute\u0219ti (prof. coordonator Turcu Marcela)<\/li>\n<li><strong>Ciciu Georgiana Cristina<\/strong>, clasa a VIII-a, de la \u0218coala Gimnazial\u0103 \u201eEpiscop Gherasim Putneanul\u201d Vadu Moldovei (prof. coordonator Iacob Viorel)<\/li>\n<\/ul>\n<p>Lotul complet al jude\u021bului Suceava a fost format din: Herghiligiu Teodora (cl. a V-a), Guri\u021ba Octavian \u0219i Ocheana Maria (cl. a VI-a), Sasu Maria Amalia, Manole Ionela Anastasia \u0219i Axinia Narcisa Maria (cl. a VII-a), Ciciu Georgiana Cristina, \u021aurcanu Andrei Sebastian, Niga Andrei, Mustea\u021b\u0103 Tudor Gabriel \u0219i B\u00e2lb\u0103 Andrei (cl. a VIII-a).<\/p>\n<p>Elevii au fost \u00eenso\u021bi\u021bi de prof. Iacob Viorel de la \u0218coala Gimnazial\u0103 \u201eEpiscop Gherasim Putneanul\u201d Vadu Moldovei, iar \u00eentregul lot a fost coordonat de inspectorul \u0219colar pentru educa\u021bie tehnologic\u0103, prof. Dumitru-Gavril Ursulean.<\/p>\n<figure class=\"wp-block-embed is-type-video is-provider-youtube wp-block-embed-youtube wp-embed-aspect-16-9 wp-has-aspect-ratio\">\n<div class=\"wp-block-embed__wrapper\">\n<div class=\"youtube-embed\" data-video_id=\"Ls_QSaZQl1o\"><iframe loading=\"lazy\" title=\"Moartea p\u00e2nde\u0219te pe \u0219oseaua de centur\u0103 a Sucevei! Ziua ne iau banii cu for\u021ba, Noaptea vine namolul!\" width=\"696\" height=\"392\" src=\"https:\/\/www.youtube.com\/embed\/Ls_QSaZQl1o?feature=oembed&amp;enablejsapi=1\" frameborder allow=\"accelerometer; autoplay; clipboard-write; encrypted-media; gyroscope; picture-in-picture; web-share\" referrerpolicy=\"strict-origin-when-cross-origin\" allowfullscreen><\/iframe><\/div>\n<\/div>\n<\/figure>\n<div class=\"td-a-rec td-a-rec-id-content_bottom  tdi_4 td_block_template_1\"><strong>Intr\u0103 acum \u0219i \u00een grupul de <\/p>\n<div class=\"wp-block-button\"><a class=\"wp-block-button__link wp-element-button\" href=\"https:\/\/t.me\/+TH8wcfnp8fw5NWI0\">Telegram News Bucovina<\/a><\/div>\n<p><\/strong><\/div>\n<\/div>\n<div class=\"td-post-content tagdiv-type\">\n<div class=\"td-a-rec td-a-rec-id-content_top  tdi_3 td_block_template_1\"><strong>Intr\u0103 acum \u0219i \u00een grupul de <\/p>\n<div class=\"wp-block-button\"><a class=\"wp-block-button__link wp-element-button\" href=\"https:\/\/t.me\/+TH8wcfnp8fw5NWI0\">Telegram News Bucovina<\/a><\/div>\n<p><\/strong><\/div>\n<p>Lotul jude\u021bului Suceava a ob\u021binut trei men\u021biuni la etapa na\u021bional\u0103 a Olimpiadei de Educa\u021bie Tehnologic\u0103 \u0219i Aplica\u021bii Practice, desf\u0103\u0219urat\u0103 \u00een perioada 7-10 aprilie 2026 la Universitatea Na\u021bional\u0103 de \u0218tiin\u021b\u0103 \u0219i Tehnologie Politehnica Bucure\u0219ti.<\/p>\n<div class=\"wp-block-image\">\n<figure class=\"aligncenter size-large\"><a href=\"https:\/\/cdn.newsbucovina.ro\/wp-content\/uploads\/2026\/04\/WhatsApp-Image-2026-04-15-at-08.54.46.jpeg\"><img loading=\"lazy\" decoding=\"async\" width=\"768\" height=\"1024\" src=\"https:\/\/cdn.newsbucovina.ro\/wp-content\/uploads\/2026\/04\/WhatsApp-Image-2026-04-15-at-08.54.46-768x1024.jpeg\" alt class=\"wp-image-436209\"><\/a><\/figure>\n<\/div>\n<p>11 elevi din jude\u021bul Suceava au reprezentat jude\u021bul la aceast\u0103 competi\u021bie prestigioas\u0103, particip\u00e2nd la cele dou\u0103 probe ale olimpiadei: proba scris\u0103 \u0219i proba practic\u0103. Elevii au ob\u021binut punctaje foarte bune, demonstr\u00e2nd competen\u021be solide \u00een domeniul educa\u021biei tehnologice \u0219i al aplica\u021biilor practice.<\/p>\n<p>Cei trei elevi premia\u021bi cu men\u021biuni na\u021bionale sunt:<\/p>\n<ul class=\"wp-block-list\">\n<li><strong>Manole Ionela Anastasia<\/strong>, clasa a VII-a, de la \u0218coala Gimnazial\u0103 \u201eEpiscop Gherasim Putneanul\u201d Vadu Moldovei (prof. coordonator Iacob Viorel)<\/li>\n<li><strong>Axinia Narcisa Maria<\/strong>, clasa a VII-a, de la \u0218coala Gimnazial\u0103 Preute\u0219ti (prof. coordonator Turcu Marcela)<\/li>\n<li><strong>Ciciu Georgiana Cristina<\/strong>, clasa a VIII-a, de la \u0218coala Gimnazial\u0103 \u201eEpiscop Gherasim Putneanul\u201d Vadu Moldovei (prof. coordonator Iacob Viorel)<\/li>\n<\/ul>\n<p>Lotul complet al jude\u021bului Suceava a fost format din: Herghiligiu Teodora (cl. a V-a), Guri\u021ba Octavian \u0219i Ocheana Maria (cl. a VI-a), Sasu Maria Amalia, Manole Ionela Anastasia \u0219i Axinia Narcisa Maria (cl. a VII-a), Ciciu Georgiana Cristina, \u021aurcanu Andrei Sebastian, Niga Andrei, Mustea\u021b\u0103 Tudor Gabriel \u0219i B\u00e2lb\u0103 Andrei (cl. a VIII-a).<\/p>\n<p>Elevii au fost \u00eenso\u021bi\u021bi de prof. Iacob Viorel de la \u0218coala Gimnazial\u0103 \u201eEpiscop Gherasim Putneanul\u201d Vadu Moldovei, iar \u00eentregul lot a fost coordonat de inspectorul \u0219colar pentru educa\u021bie tehnologic\u0103, prof. Dumitru-Gavril Ursulean.<\/p>\n<figure class=\"wp-block-embed is-type-video is-provider-youtube wp-block-embed-youtube wp-embed-aspect-16-9 wp-has-aspect-ratio\">\n<div class=\"wp-block-embed__wrapper\">\n<div class=\"youtube-embed\" data-video_id=\"Ls_QSaZQl1o\"><iframe loading=\"lazy\" title=\"Moartea p\u00e2nde\u0219te pe \u0219oseaua de centur\u0103 a Sucevei! Ziua ne iau banii cu for\u021ba, Noaptea vine namolul!\" width=\"696\" height=\"392\" src=\"https:\/\/www.youtube.com\/embed\/Ls_QSaZQl1o?feature=oembed&amp;enablejsapi=1\" frameborder allow=\"accelerometer; autoplay; clipboard-write; encrypted-media; gyroscope; picture-in-picture; web-share\" referrerpolicy=\"strict-origin-when-cross-origin\" allowfullscreen><\/iframe><\/div>\n<\/div>\n<\/figure>\n<div class=\"td-a-rec td-a-rec-id-content_bottom  tdi_4 td_block_template_1\"><strong>Intr\u0103 acum \u0219i \u00een grupul de <\/p>\n<div class=\"wp-block-button\"><a class=\"wp-block-button__link wp-element-button\" href=\"https:\/\/t.me\/+TH8wcfnp8fw5NWI0\">Telegram News Bucovina<\/a><\/div>\n<p><\/strong><\/div>\n<\/div>\n<p>[analyse_source url=&#8221;https:\/\/www.newsbucovina.ro\/actualitate\/436208\/trei-mentiuni-nationale-pentru-elevii-suceveni-la-olimpiada-de-educatie-tehnologica-si-aplicatii-practice&#8221;]<\/p>\n","protected":false},"excerpt":{"rendered":"<p>[analyse_image type=&#8221;featured&#8221; src=&#8221;https:\/\/www.newsbucovina.ro\/wp-content\/uploads\/2026\/04\/WhatsApp-Image-2026-04-15-at-08.54.46-1.jpeghttps:\/\/cdn.newsbucovina.ro\/wp-content\/uploads\/2026\/04\/WhatsApp-Image-2026-04-15-at-08.54.46-1.jpeg&#8221;] Intr\u0103 acum \u0219i \u00een grupul de Telegram News Bucovina Lotul jude\u021bului Suceava a ob\u021binut trei men\u021biuni la etapa na\u021bional\u0103 a Olimpiadei de Educa\u021bie Tehnologic\u0103 \u0219i Aplica\u021bii Practice, desf\u0103\u0219urat\u0103 \u00een perioada 7-10 aprilie 2026 la Universitatea Na\u021bional\u0103 de \u0218tiin\u021b\u0103 \u0219i Tehnologie Politehnica Bucure\u0219ti. 11 elevi din jude\u021bul Suceava au reprezentat jude\u021bul la aceast\u0103 [&hellip;]<\/p>\n","protected":false},"author":1,"featured_media":0,"comment_status":"open","ping_status":"","sticky":false,"template":"","format":"standard","meta":{"footnotes":""},"categories":[89],"tags":[226,165],"class_list":["post-1885742","post","type-post","status-publish","format-standard","hentry","category-romania","tag-crawlmanager","tag-newsbucovina-ro"],"_links":{"self":[{"href":"https:\/\/analyse.optim.biz\/index.php?rest_route=\/wp\/v2\/posts\/1885742","targetHints":{"allow":["GET"]}}],"collection":[{"href":"https:\/\/analyse.optim.biz\/index.php?rest_route=\/wp\/v2\/posts"}],"about":[{"href":"https:\/\/analyse.optim.biz\/index.php?rest_route=\/wp\/v2\/types\/post"}],"author":[{"embeddable":true,"href":"https:\/\/analyse.optim.biz\/index.php?rest_route=\/wp\/v2\/users\/1"}],"replies":[{"embeddable":true,"href":"https:\/\/analyse.optim.biz\/index.php?rest_route=%2Fwp%2Fv2%2Fcomments&post=1885742"}],"version-history":[{"count":0,"href":"https:\/\/analyse.optim.biz\/index.php?rest_route=\/wp\/v2\/posts\/1885742\/revisions"}],"wp:attachment":[{"href":"https:\/\/analyse.optim.biz\/index.php?rest_route=%2Fwp%2Fv2%2Fmedia&parent=1885742"}],"wp:term":[{"taxonomy":"category","embeddable":true,"href":"https:\/\/analyse.optim.biz\/index.php?rest_route=%2Fwp%2Fv2%2Fcategories&post=1885742"},{"taxonomy":"post_tag","embeddable":true,"href":"https:\/\/analyse.optim.biz\/index.php?rest_route=%2Fwp%2Fv2%2Ftags&post=1885742"}],"curies":[{"name":"wp","href":"https:\/\/api.w.org\/{rel}","templated":true}]}}