{"id":1885735,"date":"2026-04-16T13:43:18","date_gmt":"2026-04-16T10:43:18","guid":{"rendered":"https:\/\/analyse.optim.biz\/?p=1885735"},"modified":"2026-04-16T13:43:18","modified_gmt":"2026-04-16T10:43:18","slug":"un-barbat-injunghiat-de-prietenul-de-pahar-a-mintit-initial-politistii-ca-s-a-ranit-dupa-ce-a-cazut-peste-o","status":"publish","type":"post","link":"https:\/\/analyse.optim.biz\/?p=1885735","title":{"rendered":"Un b\u0103rbat \u00eenjunghiat de prietenul de pahar a min\u021bit ini\u021bial poli\u021bi\u0219tii c\u0103 s-a r\u0103nit dup\u0103 ce a c\u0103zut peste o"},"content":{"rendered":"<p>[analyse_image type=&#8221;featured&#8221; src=&#8221;https:\/\/www.informatiata.ro\/wp-content\/uploads\/2026\/04\/Screenshot_20260416_163510-1024&#215;682.jpg&#8221;]<\/p>\n<div class=\"td-post-content tagdiv-type\">\n<div class=\"td-post-featured-image\"><a href=\"https:\/\/www.informatiata.ro\/wp-content\/uploads\/2026\/04\/Screenshot_20260416_163510-scaled.jpg\" data-caption><img loading=\"lazy\" decoding=\"async\" width=\"696\" height=\"463\" class=\"entry-thumb td-modal-image\" src=\"https:\/\/www.informatiata.ro\/wp-content\/uploads\/2026\/04\/Screenshot_20260416_163510-696x463.jpg\" alt title=\"Screenshot_20260416_163510\"><img loading=\"lazy\" decoding=\"async\" width=\"696\" height=\"463\" class=\"entry-thumb td-modal-image\" src=\"https:\/\/www.informatiata.ro\/wp-content\/uploads\/2026\/04\/Screenshot_20260416_163510-696x463.jpg\" alt title=\"Screenshot_20260416_163510\"><\/a><\/div>\n<p>Un b\u0103rbat \u00eenjunghiat de prietenul de pahar a declarat ini\u021bial poli\u021bi\u0219tilor ca s-a r\u0103nit dup\u0103 ce a c\u0103zut peste o biciclet\u0103.<\/p>\n<p>\u00cen fapt, acesta a fost lovit cu cu\u021bitul de cumnatul s\u0103u, \u00een urma unui conflict spontan.<\/p>\n<div class=\"td-a-rec td-a-rec-id-content_inlineright  tdi_6 td_block_template_1\"><img loading=\"lazy\" decoding=\"async\" class=\"aligncenter size-full wp-image-64555\" src=\"https:\/\/www.informatiata.ro\/wp-content\/uploads\/2026\/04\/SAVCOM-13.gif\" alt width=\"299\" height=\"250\"><img loading=\"lazy\" decoding=\"async\" class=\"aligncenter size-full wp-image-64555\" src=\"https:\/\/www.informatiata.ro\/wp-content\/uploads\/2026\/04\/SAVCOM-13.gif\" alt width=\"299\" height=\"250\"><img loading=\"lazy\" decoding=\"async\" class=\"aligncenter size-full wp-image-64556\" src=\"https:\/\/www.informatiata.ro\/wp-content\/uploads\/2026\/04\/FACOS-11.gif\" alt width=\"300\" height=\"250\"><img loading=\"lazy\" decoding=\"async\" class=\"aligncenter size-full wp-image-64556\" src=\"https:\/\/www.informatiata.ro\/wp-content\/uploads\/2026\/04\/FACOS-11.gif\" alt width=\"300\" height=\"250\"><\/div>\n<p>Pe 12.04.2026, \u00een jurul orei 00:57, Poli\u021bia Municipiului C\u00e2mpulung Moldovenesc a fost sesizat\u0103 telefonic de lucr\u0103torii din cadrul sec\u021biei C.P.U al Spitalului Municipal C\u00e2mpulung Moldovenesc cu privire la faptul c\u0103 la aceast\u0103 unitate medical\u0103 s-a prezentat un b\u0103rbat care prezenta o plag\u0103 superficial\u0103.<\/p>\n<p>Cu ocazia discu\u021biilor purtate cu poli\u021bi\u0219tii din cadrul Biroului de Ordine Public\u0103 deplasa\u021bi la fa\u021ba locului, r\u0103nitul, G.D., a declarat verbal faptul c\u0103, \u00een \u00eencercarea de a cobor\u00ee treptele \u00een timp ce era \u00een vizit\u0103 la un cumnat, din cauza st\u0103rii de ebrietate \u00een care se afla, s-ar fi dezechilibrat.<\/p>\n<p>B\u0103rbatul a declarat c\u0103 a c\u0103zut pe o biciclet\u0103 depozitat\u0103 \u00een casa sc\u0103rii, moment \u00een care i-a fost creat\u0103 leziunea respectiv\u0103.<\/p>\n<p>Ulterior, la aceea\u0219i dat\u0103, r\u0103nitul a fost transferat la UPU Suceava.<\/p>\n<p>Lucr\u0103torii de poli\u021bie din cadrul Poli\u021biei Municipiului Suceava \u2013 Biroul de Ordine Public\u0103 s-au deplasat la unitatea medical\u0103 men\u021bionat\u0103 pentru a discuta cu r\u0103nitul.<\/p>\n<p>De aceast\u0103 dat\u0103 b\u0103rbatul a relatat agen\u021bilor c\u0103, \u00een seara zilei de 11.04.2026, a consumat b\u0103uturi alcoolice \u00eempreun\u0103 cu cumnatul s\u0103u V. P., la domiciliul acestuia din C\u00e2mpulung Moldovenesc.<\/p>\n<p>La un moment dat, pe fondul unor discu\u021bii \u00een contradictoriu, cumnatul s\u0103u a luat un cu\u021bit de buc\u0103t\u0103rie \u0219i i-a provocat o plag\u0103 la nivelul toracelui.<\/p>\n<p>S-a \u00eentocmit dosar penal privind infrac\u021biunea de \u201elovirea sau alte violen\u021be\u201d.<\/p>\n<p>Prin ordonan\u0163a procurorului din cadrul Parchetului de pe l\u00e2ng\u0103 Tribunalul Suceava, din data de 15.04.2026 a fost schimbat\u0103 \u00eencadrarea juridic\u0103 a faptei din infrac\u0163iunea de \u201ev\u0103t\u0103mare corporal\u0103\u201d, \u00een \u201etentativ\u0103 la omor\u201d.<\/p>\n<p>\u00cen urma investiga\u0163iilor efectuate de c\u0103tre organele de cercetare penal\u0103 din cadrul Serviciului Investiga\u021bii Criminale \u015fi a probatoriului administrat \u00een cauz\u0103, procurorul din cadrul Parchetului de pe l\u00e2ng\u0103 Tribunalul Suceava a dispus continuarea urm\u0103ririi penale fa\u0163\u0103 de atacator.<\/p>\n<p>De asemenea, procurorul din cadrul Parchetului de pe l\u00e2ng\u0103 Tribunalul Suceava a dispus re\u0163inerea suspectului pentru o perioad\u0103 de 24 de ore.<\/p>\n<blockquote>\n<p>Acesta urmeaz\u0103 a fi prezentat judec\u0103torului de drepturi \u0219i libert\u0103\u021bi din cadrul Tribunalului Suceava cu propunerea de arestare preventiv\u0103 pe o perioad\u0103 de 30 de zile.<\/p>\n<\/blockquote>\n<p>\u00a0<\/p>\n<blockquote>\n<p>\u00a0<\/p>\n<\/blockquote>\n<div class=\"td-a-rec td-a-rec-id-content_bottom  tdi_7 td_block_template_1\"><img loading=\"lazy\" decoding=\"async\" class=\"aligncenter size-large wp-image-64642\" src=\"https:\/\/www.informatiata.ro\/wp-content\/uploads\/2026\/04\/felicitare-bun-Dzimi-1024x612.jpg\" alt width=\"696\" height=\"416\"><img loading=\"lazy\" decoding=\"async\" class=\"aligncenter size-large wp-image-64642\" src=\"https:\/\/www.informatiata.ro\/wp-content\/uploads\/2026\/04\/felicitare-bun-Dzimi-1024x612.jpg\" alt width=\"696\" height=\"416\"><img loading=\"lazy\" decoding=\"async\" class=\"aligncenter size-large wp-image-64641\" src=\"https:\/\/www.informatiata.ro\/wp-content\/uploads\/2026\/04\/felicitare-bun-balan-1024x765.jpg\" alt width=\"696\" height=\"520\"><img loading=\"lazy\" decoding=\"async\" class=\"aligncenter size-large wp-image-64641\" src=\"https:\/\/www.informatiata.ro\/wp-content\/uploads\/2026\/04\/felicitare-bun-balan-1024x765.jpg\" alt width=\"696\" height=\"520\"><img loading=\"lazy\" decoding=\"async\" class=\"aligncenter size-large wp-image-64643\" src=\"https:\/\/www.informatiata.ro\/wp-content\/uploads\/2026\/04\/felicitare-bun-boliacu-1024x1024.jpg\" alt width=\"696\" height=\"696\"><img loading=\"lazy\" decoding=\"async\" class=\"aligncenter size-large wp-image-64643\" src=\"https:\/\/www.informatiata.ro\/wp-content\/uploads\/2026\/04\/felicitare-bun-boliacu-1024x1024.jpg\" alt width=\"696\" height=\"696\"><\/div>\n<\/div>\n<p>[analyse_source url=&#8221;https:\/\/www.informatiata.ro\/un-barbat-injunghiat-a-mintit-politistii\/&#8221;]<\/p>\n","protected":false},"excerpt":{"rendered":"<p>[analyse_image type=&#8221;featured&#8221; src=&#8221;https:\/\/www.informatiata.ro\/wp-content\/uploads\/2026\/04\/Screenshot_20260416_163510-1024&#215;682.jpg&#8221;] Un b\u0103rbat \u00eenjunghiat de prietenul de pahar a declarat ini\u021bial poli\u021bi\u0219tilor ca s-a r\u0103nit dup\u0103 ce a c\u0103zut peste o biciclet\u0103. \u00cen fapt, acesta a fost lovit cu cu\u021bitul de cumnatul s\u0103u, \u00een urma unui conflict spontan. Pe 12.04.2026, \u00een jurul orei 00:57, Poli\u021bia Municipiului C\u00e2mpulung Moldovenesc a fost sesizat\u0103 telefonic de [&hellip;]<\/p>\n","protected":false},"author":1,"featured_media":0,"comment_status":"open","ping_status":"","sticky":false,"template":"","format":"standard","meta":{"footnotes":""},"categories":[89],"tags":[226,167],"class_list":["post-1885735","post","type-post","status-publish","format-standard","hentry","category-romania","tag-crawlmanager","tag-informatiata-ro"],"_links":{"self":[{"href":"https:\/\/analyse.optim.biz\/index.php?rest_route=\/wp\/v2\/posts\/1885735","targetHints":{"allow":["GET"]}}],"collection":[{"href":"https:\/\/analyse.optim.biz\/index.php?rest_route=\/wp\/v2\/posts"}],"about":[{"href":"https:\/\/analyse.optim.biz\/index.php?rest_route=\/wp\/v2\/types\/post"}],"author":[{"embeddable":true,"href":"https:\/\/analyse.optim.biz\/index.php?rest_route=\/wp\/v2\/users\/1"}],"replies":[{"embeddable":true,"href":"https:\/\/analyse.optim.biz\/index.php?rest_route=%2Fwp%2Fv2%2Fcomments&post=1885735"}],"version-history":[{"count":0,"href":"https:\/\/analyse.optim.biz\/index.php?rest_route=\/wp\/v2\/posts\/1885735\/revisions"}],"wp:attachment":[{"href":"https:\/\/analyse.optim.biz\/index.php?rest_route=%2Fwp%2Fv2%2Fmedia&parent=1885735"}],"wp:term":[{"taxonomy":"category","embeddable":true,"href":"https:\/\/analyse.optim.biz\/index.php?rest_route=%2Fwp%2Fv2%2Fcategories&post=1885735"},{"taxonomy":"post_tag","embeddable":true,"href":"https:\/\/analyse.optim.biz\/index.php?rest_route=%2Fwp%2Fv2%2Ftags&post=1885735"}],"curies":[{"name":"wp","href":"https:\/\/api.w.org\/{rel}","templated":true}]}}