{"id":188569,"date":"2015-01-10T19:09:27","date_gmt":"2015-01-10T16:09:27","guid":{"rendered":"https:\/\/analyse.optim.biz\/?p=188569"},"modified":"2015-01-10T19:09:27","modified_gmt":"2015-01-10T16:09:27","slug":"parlamentarii-certati-cu-microfonul-din-plen","status":"publish","type":"post","link":"https:\/\/analyse.optim.biz\/?p=188569","title":{"rendered":"Parlamentarii, certa\u021bi cu microfonul din plen"},"content":{"rendered":"<div class=\"entry data-app-meta data-app-meta-article\" data-embed-base-url-canonical=\"https:\/\/www.digi24.ro\/embed\/stiri\/actualitate\/politica\/parlamentarii-certati-cu-microfonul-din-plen-345427\">\n<p data-index=\"1\">Printre ei: Ionu\u0163 Vulpescu \u015fi Sorin Grindeanu, recent recompensa\u0163i cu func\u0163ii ministeriale. \u015ei Opozi\u0163ia se fere\u015fte de microfonul de la tribun\u0103. Un sfert dintre liberali nu au avut niciun mesaj de transmis. <strong>Ale\u015fii se scuz\u0103: nu activitatea din plen conteaz\u0103, important\u0103 este cea de la comisii.<\/strong><\/p>\n<p data-index=\"2\"><strong>140 de deputa\u0163i din 400 au avut o singur\u0103 activitate \u00een plen<\/strong>: votul. Iar aproape 40 de ale\u015fi au avut o singur\u0103 interven\u0163ie de la \u00eenceputul legislaturii p\u00e2n\u0103 acum: atunci c\u00e2nd au depus jur\u0103m\u00e2ntul, \u00een decembrie 2012. <\/p>\n<p data-index=\"3\"><strong>Aproape jum\u0103tate din social-democra\u0163i au t\u0103cut tot anul trecut.<\/strong> Nici ale\u015fii PC-PLR nu s-au \u00eentrecut \u00een a lua cuv\u00e2ntul \u00een plen. O treime din ei au t\u0103cut tot anul. Liberalii nu au f\u0103cut prea mult\u0103 opozi\u0163ie \u00een plen. 24 la sut\u0103 din ale\u015fii PNL \u015fi PDL s-au ferit de tribun\u0103.<\/p>\n<p data-index=\"4\"><strong>Ale\u015fi care nu vin la tribun\u0103<\/strong><\/p>\n<p data-index=\"5\">Total deputa\u0163i: 400<\/p>\n<p data-index=\"6\">Deputa\u0163i t\u0103cu\u0163i: 140<\/p>\n<p data-index=\"7\">Deputa\u0163i care au spus doar jur\u0103m\u00e2ntul: 40<\/p>\n<p data-index=\"8\">sursa: www.cdep.ro<\/p>\n<p data-index=\"9\"><strong>Topul partidelor cu ale\u015fi care nu au luat cuv\u00e2ntul \u00een plen<\/strong><\/p>\n<p data-index=\"10\">Grup PSD: 46%<\/p>\n<p data-index=\"11\">PC-PLR: 34%<\/p>\n<p data-index=\"12\">PP-DD: 30%<\/p>\n<p data-index=\"13\">PNL: 24%<\/p>\n<p data-index=\"14\">Minorit\u0103\u0163i: 23%<\/p>\n<p data-index=\"15\">Neafilia\u0163i: 22%<\/p>\n<p data-index=\"16\">UDMR: 11%<\/p>\n<p data-index=\"17\">sursa: www.cdep.ro<\/p>\n<p data-index=\"18\"><strong>Printre social-democra\u0163ii care, anul trecut, nu au luat cuv\u00e2ntul \u00een plen sunt nume sonore, precum M\u0103d\u0103lin Voicu, Sebastian Ghi\u0163\u0103 \u015fi Claudiu Manda.<\/strong> \u201eSunt parlamentari care sus\u0163in Puterea \u015fi sus\u0163in punctul de vedere al Guvernului. Dac\u0103 am avut o pozi\u0163ie proprie, am sus\u0163inut-o la comisii\u201d, a spus Claudiu Manda, deputat PSD. Acela\u015fi argument este invocat \u015fi de parlamentarii liberali.<\/p>\n<p data-index=\"19\">\u201e<strong>Eu cred c\u0103 activitatea parlamentarului trebuie s\u0103 se desf\u0103\u015foare acolo unde ea este necesar\u0103.<\/strong> Neexist\u00e2nd, s\u0103 zic, dezbateri generale la care vocea mea din interiorul grupului s\u0103 fie cea mai important\u0103, atunci nu am intervenit eu\u201d, a spus Roberta Anastase, deputat PDL.<\/p>\n<p data-index=\"20\"><strong>Deputa\u0163ii neafilia\u0163i politic au motive diferite. \u201eIei cuv\u00e2ntul \u00een Parlament atunci c\u00e2nd e\u015fti desemnat de c\u0103tre partidul t\u0103u s\u0103 iei cuv\u00e2ntul\u201d, a spus Theodor Paleologu, deputat neafiliat.\u00a0<\/strong>Parlamentarii mai au, \u00eens\u0103, un an la dispozi\u0163ie s\u0103 se hot\u0103rasc\u0103 dac\u0103 s\u0103 urce sau nu la tribuna din plenul Camerei.<\/p>\n<\/div>\n<p> Source URL: https:\/\/www.digi24.ro\/stiri\/actualitate\/politica\/parlamentarii-certati-cu-microfonul-din-plen-345427<\/p>\n","protected":false},"excerpt":{"rendered":"<p>Printre ei: Ionu\u0163 Vulpescu \u015fi Sorin Grindeanu, recent recompensa\u0163i cu func\u0163ii ministeriale. \u015ei Opozi\u0163ia se fere\u015fte de microfonul de la tribun\u0103. Un sfert dintre liberali nu au avut niciun mesaj de transmis. Ale\u015fii se scuz\u0103: nu activitatea din plen conteaz\u0103, important\u0103 este cea de la comisii. 140 de deputa\u0163i din 400 au avut o singur\u0103 [&hellip;]<\/p>\n","protected":false},"author":1,"featured_media":188570,"comment_status":"open","ping_status":"","sticky":false,"template":"","format":"standard","meta":{"footnotes":""},"categories":[2],"tags":[11],"class_list":["post-188569","post","type-post","status-publish","format-standard","has-post-thumbnail","hentry","category-politics","tag-digi24"],"_links":{"self":[{"href":"https:\/\/analyse.optim.biz\/index.php?rest_route=\/wp\/v2\/posts\/188569","targetHints":{"allow":["GET"]}}],"collection":[{"href":"https:\/\/analyse.optim.biz\/index.php?rest_route=\/wp\/v2\/posts"}],"about":[{"href":"https:\/\/analyse.optim.biz\/index.php?rest_route=\/wp\/v2\/types\/post"}],"author":[{"embeddable":true,"href":"https:\/\/analyse.optim.biz\/index.php?rest_route=\/wp\/v2\/users\/1"}],"replies":[{"embeddable":true,"href":"https:\/\/analyse.optim.biz\/index.php?rest_route=%2Fwp%2Fv2%2Fcomments&post=188569"}],"version-history":[{"count":0,"href":"https:\/\/analyse.optim.biz\/index.php?rest_route=\/wp\/v2\/posts\/188569\/revisions"}],"wp:featuredmedia":[{"embeddable":true,"href":"https:\/\/analyse.optim.biz\/index.php?rest_route=\/wp\/v2\/media\/188570"}],"wp:attachment":[{"href":"https:\/\/analyse.optim.biz\/index.php?rest_route=%2Fwp%2Fv2%2Fmedia&parent=188569"}],"wp:term":[{"taxonomy":"category","embeddable":true,"href":"https:\/\/analyse.optim.biz\/index.php?rest_route=%2Fwp%2Fv2%2Fcategories&post=188569"},{"taxonomy":"post_tag","embeddable":true,"href":"https:\/\/analyse.optim.biz\/index.php?rest_route=%2Fwp%2Fv2%2Ftags&post=188569"}],"curies":[{"name":"wp","href":"https:\/\/api.w.org\/{rel}","templated":true}]}}