{"id":1885476,"date":"2026-04-16T07:56:55","date_gmt":"2026-04-16T04:56:55","guid":{"rendered":"https:\/\/analyse.optim.biz\/?p=1885476"},"modified":"2026-04-16T07:56:55","modified_gmt":"2026-04-16T04:56:55","slug":"dupa-clanurile-tiganesti-primaria-timisoara-ia-in-vizor-si-gospodinele-cu-muraturi-buncarile-din-blocuri-trebuie-sa-fie-eliberate-urgent","status":"publish","type":"post","link":"https:\/\/analyse.optim.biz\/?p=1885476","title":{"rendered":"Dup\u0103 clanurile \u021big\u0103ne\u0219ti, Prim\u0103ria Timi\u0219oara ia \u00een vizor \u0219i gospodinele cu mur\u0103turi: Bunc\u0103rile din blocuri trebuie s\u0103 fie eliberate urgent"},"content":{"rendered":"<p>[analyse_image type=&#8221;featured&#8221; src=&#8221;https:\/\/focustim.ro\/wp-content\/uploads\/2026\/04\/adapost-civil.jpg&#8221;]<\/p>\n<article id=\"post-39984\" class=\"penci-single-artcontent noloaddisqus post-39984 post type-post status-publish format-standard has-post-thumbnail hentry category-actualitate category-administratie tag-blocuri tag-buncar penci-post-item\">\n<header class=\"entry-header penci-entry-header penci-title-\">\n<div class=\"penci-entry-categories\"><span class=\"penci-cat-links\"><a href=\"https:\/\/focustim.ro\/category\/actualitate\/\" rel=\"category tag\">Actualitate<\/a><a href=\"https:\/\/focustim.ro\/category\/administratie\/\" rel=\"category tag\">Administra\u021bie<\/a><\/span><\/div>\n<h1 class=\"entry-title penci-entry-title penci-title-\">Dup\u0103 clanurile \u021big\u0103ne\u0219ti, Prim\u0103ria Timi\u0219oara ia \u00een vizor \u0219i gospodinele cu mur\u0103turi: Bunc\u0103rile din blocuri trebuie s\u0103 fie eliberate urgent<\/h1>\n<div class=\"entry-meta penci-entry-meta\"><span class=\"entry-meta-item penci-posted-on\"><time class=\"entry-date published\" datetime=\"2026-04-16T10:56:55+03:00\">16\/04\/2026<\/time><time class=\"updated\" datetime=\"2026-04-16T10:57:00+03:00\">16\/04\/2026<\/time><\/span><span class=\"entry-meta-item penci-comment-count\"><a class=\"penci_pmeta-link\" href=\"https:\/\/focustim.ro\/dupa-clanurile-tiganesti-primaria-timisoara-ia-in-vizor-si-gospodinele-cu-muraturi-buncarile-din-blocuri-trebuie-sa-fie-eliberate-urgent\/#respond\">0<\/a><\/span><\/div>\n<p><span class=\"penci-social-buttons penci-social-share-footer\"><span class=\"penci-social-share-text\">Distribuie<\/span><a href=\"https:\/\/focustim.ro\/dupa-clanurile-tiganesti-primaria-timisoara-ia-in-vizor-si-gospodinele-cu-muraturi-buncarile-din-blocuri-trebuie-sa-fie-eliberate-urgent\/\" class=\"penci-post-like penci_post-meta_item  single-like-button penci-social-item like\" data-post_id=\"39984\" title=\"Like\" data-like=\"Like\" data-unlike=\"Unlike\"><span class=\"penci-share-number\">0<\/span><\/a><\/span><\/header>\n<div class=\"entry-media penci-entry-media\">\n<div class=\"post-format-meta \">\n<div class=\"post-image penci-standard-format\"><img decoding=\"async\" width=\"960\" height=\"640\" src=\"https:\/\/focustim.ro\/wp-content\/uploads\/2026\/04\/adapost-civil-960x640.jpg\" class=\"attachment-penci-thumb-960-auto size-penci-thumb-960-auto wp-post-image\" alt loading=\"lazy\"><\/div>\n<\/div>\n<\/div>\n<div class=\"penci-entry-content entry-content\">\n<p><strong>Prim\u0103ria Timi\u0219oara ia \u00een vizor \u0219i proprietarii de bunc\u0103re din blocuri. Gospodinele sunt somate s\u0103 \u00ee\u0219i mute mur\u0103turile de acolo, fiindc\u0103 \u00een caz de cutremur sau de o alt\u0103 calamitate, natural\u0103 sau cauzat\u0103, de exemplu, de un r\u0103zboi, oamenii vor trebui s\u0103 se ascund\u0103 acolo.<\/strong><\/p>\n<p>\u201c\u00cen total, municipalitatea are \u00een eviden\u021b\u0103 89 de ad\u0103posturi civile, cu o capacitate de peste 12.000 de persoane, situate \u00een blocuri construite \u00een perioada comunist\u0103, iar 48 au fost intabulate. Multe dintre aceste spa\u021bii sunt blocate cu diverse obiecte sau au suferit modific\u0103ri neautorizate, prin interven\u021bii asupra instala\u021biilor sau compartiment\u0103rilor.<\/p>\n<p>Astfel, asocia\u021biile de proprietari vor fi \u00een\u0219tiin\u021bate c\u0103 trebuie s\u0103 asigure accesul \u00een ad\u0103posturile blocurilor \u0219i s\u0103 elibereze spa\u021biile de obiectele depozitate p\u00e2n\u0103 la data de 15 mai 2026. Ulterior, Prim\u0103ria Municipiului Timi\u0219oara va preg\u0103ti documenta\u021bia necesar\u0103 \u00eembun\u0103t\u0103\u021birii func\u021bionalit\u0103\u021bii spa\u021biilor.<\/p>\n<p>\u00cen cazul \u00een care \u00een interiorul ad\u0103postului au fost amenajate construc\u021bii (boxe, pere\u021bi sau alte compartiment\u0103ri care nu fac parte din forma ini\u021bial\u0103 a spa\u021biului) asocia\u021biile de proprietari au obliga\u021bia de a lua m\u0103surile necesare pentru \u00eendep\u0103rtarea acestora. \u00cen caz contrar, Prim\u0103ria Municipiului Timi\u0219oara va interveni pentru a readuce ad\u0103postul la starea ini\u021bial\u0103.<\/p>\n<p>Dup\u0103 finalizarea lucr\u0103rilor, ad\u0103posturile vor putea fi folosite \u00een continuare de c\u0103tre locatari, conform legisla\u021biei na\u021bionale \u00een vigoare\u201c, transmit reprezentantii Primariei Timisoara.<\/p>\n<p>Foto: \u0218tiri de Timi\u0219oara<\/p>\n<div class=\"sharedaddy sd-sharing-enabled\">\n<div class=\"robots-nocontent sd-block sd-social sd-social-icon-text sd-sharing\">\n<h3 class=\"sd-title\">Partajeaz\u0103 asta:<\/h3>\n<div class=\"sd-content\">\n<ul>\n<li class=\"share-twitter\"><a rel=\"nofollow noopener noreferrer\" data-shared=\"sharing-twitter-39984\" class=\"share-twitter sd-button share-icon\" href=\"https:\/\/focustim.ro\/dupa-clanurile-tiganesti-primaria-timisoara-ia-in-vizor-si-gospodinele-cu-muraturi-buncarile-din-blocuri-trebuie-sa-fie-eliberate-urgent\/?share=twitter\" target=\"_blank\" title=\"D\u0103 clic pentru a partaja pe Twitter\"><span>Twitter<\/span><\/a><\/li>\n<li class=\"share-facebook\"><a rel=\"nofollow noopener noreferrer\" data-shared=\"sharing-facebook-39984\" class=\"share-facebook sd-button share-icon\" href=\"https:\/\/focustim.ro\/dupa-clanurile-tiganesti-primaria-timisoara-ia-in-vizor-si-gospodinele-cu-muraturi-buncarile-din-blocuri-trebuie-sa-fie-eliberate-urgent\/?share=facebook\" target=\"_blank\" title=\"D\u0103 clic pentru a partaja pe Facebook\"><span>Facebook<\/span><\/a><\/li>\n<li class=\"share-end\"><\/ul>\n<\/div>\n<\/div>\n<\/div>\n<div class=\"sharedaddy sd-block sd-like jetpack-likes-widget-wrapper jetpack-likes-widget-unloaded\" id=\"like-post-wrapper-167025405-39984-69e0ea25e0483\" data-src=\"https:\/\/widgets.wp.com\/likes\/#blog_id=167025405&amp;post_id=39984&amp;origin=focustim.ro&amp;obj_id=167025405-39984-69e0ea25e0483\" data-name=\"like-post-frame-167025405-39984-69e0ea25e0483\" data-title=\"Apreciaz\u0103 sau republic\u0103\">\n<h3 class=\"sd-title\">Apreciaz\u0103:<\/h3>\n<div class=\"likes-widget-placeholder post-likes-widget-placeholder\"><span class=\"button\"><span>Apreciere<\/span><\/span><span class=\"loading\">\u00cencarc&#8230;<\/span><\/div>\n<\/div>\n<\/div>\n<footer class=\"penci-entry-footer\">\n<div class=\"penci-source-via-tags-wrap\"><span class=\"tags-links penci-tags-links\"><a href=\"https:\/\/focustim.ro\/tag\/blocuri\/\" rel=\"tag\">blocuri<\/a><a href=\"https:\/\/focustim.ro\/tag\/buncar\/\" rel=\"tag\">buncar<\/a><\/span><\/div>\n<p><span class=\"penci-social-buttons penci-social-share-footer\"><span class=\"penci-social-share-text\">Distribuie<\/span><a href=\"https:\/\/focustim.ro\/dupa-clanurile-tiganesti-primaria-timisoara-ia-in-vizor-si-gospodinele-cu-muraturi-buncarile-din-blocuri-trebuie-sa-fie-eliberate-urgent\/\" class=\"penci-post-like penci_post-meta_item  single-like-button penci-social-item like\" data-post_id=\"39984\" title=\"Like\" data-like=\"Like\" data-unlike=\"Unlike\"><span class=\"penci-share-number\">0<\/span><\/a><\/span><\/footer>\n<\/article>\n<div class=\"penci-entry-content entry-content\">\n<p><strong>Prim\u0103ria Timi\u0219oara ia \u00een vizor \u0219i proprietarii de bunc\u0103re din blocuri. Gospodinele sunt somate s\u0103 \u00ee\u0219i mute mur\u0103turile de acolo, fiindc\u0103 \u00een caz de cutremur sau de o alt\u0103 calamitate, natural\u0103 sau cauzat\u0103, de exemplu, de un r\u0103zboi, oamenii vor trebui s\u0103 se ascund\u0103 acolo.<\/strong><\/p>\n<p>\u201c\u00cen total, municipalitatea are \u00een eviden\u021b\u0103 89 de ad\u0103posturi civile, cu o capacitate de peste 12.000 de persoane, situate \u00een blocuri construite \u00een perioada comunist\u0103, iar 48 au fost intabulate. Multe dintre aceste spa\u021bii sunt blocate cu diverse obiecte sau au suferit modific\u0103ri neautorizate, prin interven\u021bii asupra instala\u021biilor sau compartiment\u0103rilor.<\/p>\n<p>Astfel, asocia\u021biile de proprietari vor fi \u00een\u0219tiin\u021bate c\u0103 trebuie s\u0103 asigure accesul \u00een ad\u0103posturile blocurilor \u0219i s\u0103 elibereze spa\u021biile de obiectele depozitate p\u00e2n\u0103 la data de 15 mai 2026. Ulterior, Prim\u0103ria Municipiului Timi\u0219oara va preg\u0103ti documenta\u021bia necesar\u0103 \u00eembun\u0103t\u0103\u021birii func\u021bionalit\u0103\u021bii spa\u021biilor.<\/p>\n<p>\u00cen cazul \u00een care \u00een interiorul ad\u0103postului au fost amenajate construc\u021bii (boxe, pere\u021bi sau alte compartiment\u0103ri care nu fac parte din forma ini\u021bial\u0103 a spa\u021biului) asocia\u021biile de proprietari au obliga\u021bia de a lua m\u0103surile necesare pentru \u00eendep\u0103rtarea acestora. \u00cen caz contrar, Prim\u0103ria Municipiului Timi\u0219oara va interveni pentru a readuce ad\u0103postul la starea ini\u021bial\u0103.<\/p>\n<p>Dup\u0103 finalizarea lucr\u0103rilor, ad\u0103posturile vor putea fi folosite \u00een continuare de c\u0103tre locatari, conform legisla\u021biei na\u021bionale \u00een vigoare\u201c, transmit reprezentantii Primariei Timisoara.<\/p>\n<p>Foto: \u0218tiri de Timi\u0219oara<\/p>\n<div class=\"sharedaddy sd-sharing-enabled\">\n<div class=\"robots-nocontent sd-block sd-social sd-social-icon-text sd-sharing\">\n<h3 class=\"sd-title\">Partajeaz\u0103 asta:<\/h3>\n<div class=\"sd-content\">\n<ul>\n<li class=\"share-twitter\"><a rel=\"nofollow noopener noreferrer\" data-shared=\"sharing-twitter-39984\" class=\"share-twitter sd-button share-icon\" href=\"https:\/\/focustim.ro\/dupa-clanurile-tiganesti-primaria-timisoara-ia-in-vizor-si-gospodinele-cu-muraturi-buncarile-din-blocuri-trebuie-sa-fie-eliberate-urgent\/?share=twitter\" target=\"_blank\" title=\"D\u0103 clic pentru a partaja pe Twitter\"><span>Twitter<\/span><\/a><\/li>\n<li class=\"share-facebook\"><a rel=\"nofollow noopener noreferrer\" data-shared=\"sharing-facebook-39984\" class=\"share-facebook sd-button share-icon\" href=\"https:\/\/focustim.ro\/dupa-clanurile-tiganesti-primaria-timisoara-ia-in-vizor-si-gospodinele-cu-muraturi-buncarile-din-blocuri-trebuie-sa-fie-eliberate-urgent\/?share=facebook\" target=\"_blank\" title=\"D\u0103 clic pentru a partaja pe Facebook\"><span>Facebook<\/span><\/a><\/li>\n<li class=\"share-end\"><\/ul>\n<\/div>\n<\/div>\n<\/div>\n<div class=\"sharedaddy sd-block sd-like jetpack-likes-widget-wrapper jetpack-likes-widget-unloaded\" id=\"like-post-wrapper-167025405-39984-69e0ea25e0483\" data-src=\"https:\/\/widgets.wp.com\/likes\/#blog_id=167025405&amp;post_id=39984&amp;origin=focustim.ro&amp;obj_id=167025405-39984-69e0ea25e0483\" data-name=\"like-post-frame-167025405-39984-69e0ea25e0483\" data-title=\"Apreciaz\u0103 sau republic\u0103\">\n<h3 class=\"sd-title\">Apreciaz\u0103:<\/h3>\n<div class=\"likes-widget-placeholder post-likes-widget-placeholder\"><span class=\"button\"><span>Apreciere<\/span><\/span><span class=\"loading\">\u00cencarc&#8230;<\/span><\/div>\n<\/div>\n<\/div>\n<p>[analyse_source url=&#8221;https:\/\/focustim.ro\/dupa-clanurile-tiganesti-primaria-timisoara-ia-in-vizor-si-gospodinele-cu-muraturi-buncarile-din-blocuri-trebuie-sa-fie-eliberate-urgent\/&#8221;]<\/p>\n","protected":false},"excerpt":{"rendered":"<p>[analyse_image type=&#8221;featured&#8221; src=&#8221;https:\/\/focustim.ro\/wp-content\/uploads\/2026\/04\/adapost-civil.jpg&#8221;] ActualitateAdministra\u021bie Dup\u0103 clanurile \u021big\u0103ne\u0219ti, Prim\u0103ria Timi\u0219oara ia \u00een vizor \u0219i gospodinele cu mur\u0103turi: Bunc\u0103rile din blocuri trebuie s\u0103 fie eliberate urgent 16\/04\/202616\/04\/20260 Distribuie0 Prim\u0103ria Timi\u0219oara ia \u00een vizor \u0219i proprietarii de bunc\u0103re din blocuri. Gospodinele sunt somate s\u0103 \u00ee\u0219i mute mur\u0103turile de acolo, fiindc\u0103 \u00een caz de cutremur sau de o alt\u0103 [&hellip;]<\/p>\n","protected":false},"author":1,"featured_media":0,"comment_status":"open","ping_status":"","sticky":false,"template":"","format":"standard","meta":{"footnotes":""},"categories":[89],"tags":[226,197],"class_list":["post-1885476","post","type-post","status-publish","format-standard","hentry","category-romania","tag-crawlmanager","tag-focustim-ro"],"_links":{"self":[{"href":"https:\/\/analyse.optim.biz\/index.php?rest_route=\/wp\/v2\/posts\/1885476","targetHints":{"allow":["GET"]}}],"collection":[{"href":"https:\/\/analyse.optim.biz\/index.php?rest_route=\/wp\/v2\/posts"}],"about":[{"href":"https:\/\/analyse.optim.biz\/index.php?rest_route=\/wp\/v2\/types\/post"}],"author":[{"embeddable":true,"href":"https:\/\/analyse.optim.biz\/index.php?rest_route=\/wp\/v2\/users\/1"}],"replies":[{"embeddable":true,"href":"https:\/\/analyse.optim.biz\/index.php?rest_route=%2Fwp%2Fv2%2Fcomments&post=1885476"}],"version-history":[{"count":0,"href":"https:\/\/analyse.optim.biz\/index.php?rest_route=\/wp\/v2\/posts\/1885476\/revisions"}],"wp:attachment":[{"href":"https:\/\/analyse.optim.biz\/index.php?rest_route=%2Fwp%2Fv2%2Fmedia&parent=1885476"}],"wp:term":[{"taxonomy":"category","embeddable":true,"href":"https:\/\/analyse.optim.biz\/index.php?rest_route=%2Fwp%2Fv2%2Fcategories&post=1885476"},{"taxonomy":"post_tag","embeddable":true,"href":"https:\/\/analyse.optim.biz\/index.php?rest_route=%2Fwp%2Fv2%2Ftags&post=1885476"}],"curies":[{"name":"wp","href":"https:\/\/api.w.org\/{rel}","templated":true}]}}