{"id":1885454,"date":"2026-04-16T12:45:20","date_gmt":"2026-04-16T09:45:20","guid":{"rendered":"https:\/\/analyse.optim.biz\/?p=1885454"},"modified":"2026-04-16T12:45:20","modified_gmt":"2026-04-16T09:45:20","slug":"sute-de-voluntari-asteptati-in-timis-pentru-renovarea-unui-sat-start-inscrieri-color-the-village","status":"publish","type":"post","link":"https:\/\/analyse.optim.biz\/?p=1885454","title":{"rendered":"Sute de voluntari a\u0219tepta\u021bi \u00een Timi\u0219 pentru renovarea unui sat: start \u00eenscrieri Color the Village"},"content":{"rendered":"<p>[analyse_image type=&#8221;featured&#8221; src=&#8221;https:\/\/orasul-timisoara.ro\/wp-content\/uploads\/2026\/04\/Color-the-Village-Gradinari-2.jpg&#8221;]<\/p>\n<article id=\"post-38174\" class=\"td-post-template-7 post-38174 post type-post status-publish format-standard has-post-thumbnail category-featured category-investitii-in-timisoara category-stiri-timisoara tag-acasa-in-banat tag-color-the-village tag-eveniment-timis-2 tag-macedonia-timis tag-patrimoniu-banatean-2 tag-proiect-comunitar tag-renovare-sate tag-voluntari-timis tag-voluntariat-romania-2 td-container-wrap\">\n<div class=\"td-full-screen-header-image-wrap\">\n<div class=\"td-container td-post-header\">\n<div class=\"td-crumb-container\">\n<div class=\"entry-crumbs\"><span><a title=\"Vede\u021bi toate articolele \u00een Investitii in Timisoara\" class=\"entry-crumb\" href=\"https:\/\/orasul-timisoara.ro\/local-category\/investitii-in-timisoara\/\">Investitii in Timisoara<\/a><\/span><span class=\"td-bred-no-url-last\">Sute de voluntari a\u0219tepta\u021bi \u00een Timi\u0219 pentru renovarea unui sat: start \u00eenscrieri&#8230;<\/span><\/div>\n<\/div>\n<div class=\"td-post-header-holder\">\n<div class=\"td-parallax-header\">\n<header class=\"td-post-title\">\n<ul class=\"td-category\">\n<li class=\"entry-category\"><a href=\"https:\/\/orasul-timisoara.ro\/local-category\/investitii-in-timisoara\/\">Investitii in Timisoara<\/a><\/li>\n<li class=\"entry-category\"><a href=\"https:\/\/orasul-timisoara.ro\/local-category\/stiri-timisoara\/\">\u0218tiri Locale<\/a><\/li>\n<\/ul>\n<h1 class=\"entry-title\">Sute de voluntari a\u0219tepta\u021bi \u00een Timi\u0219 pentru renovarea unui sat: start \u00eenscrieri Color the Village<\/h1>\n<div class=\"td-module-meta-info\">\n<div class=\"td-post-author-name\">\n<div class=\"td-author-by\">De c\u0103tre<\/div>\n<p><a href=\"https:\/\/orasul-timisoara.ro\/author\/timisoara\/\">redactia<\/a><\/p>\n<div class=\"td-author-line\"> &#8211; <\/div>\n<\/div>\n<p><span class=\"td-post-date\"><time class=\"entry-date updated td-module-date\" datetime=\"2026-04-16T15:45:20+03:00\">16\/04\/2026<\/time><\/span><\/div>\n<\/header>\n<\/div>\n<\/div>\n<\/div>\n<div id=\"td-full-screen-header-image\" class=\"td-image-gradient-style7\"><img decoding=\"async\" class=\"td-backstretch\" src=\"https:\/\/orasul-timisoara.ro\/wp-content\/uploads\/2026\/04\/Color-the-Village-Gradinari-2.jpg\"><\/div>\n<\/div>\n<div class=\"td-container\">\n<div class=\"td-pb-row\">\n<div class=\"td-pb-span8 td-main-content\" role=\"main\">\n<div class=\"td-ss-main-content\">\n<div class=\"td-post-sharing-top\">\n<div class=\"td-post-sharing-classic\"><iframe title=\"topFacebookLike\" frameborder src=\"https:\/\/www.facebook.com\/plugins\/like.php?href=https:\/\/orasul-timisoara.ro\/local-38174\/&amp;layout=button_count&amp;show_faces=false&amp;width=105&amp;action=like&amp;colorscheme=light&amp;height=21\"><\/iframe><\/div>\n<div id=\"td_social_sharing_article_top\" class=\"td-post-sharing td-ps-bg td-ps-notext td-post-sharing-style1 \">\n<div class=\"td-post-sharing-visible\"><a class=\"td-social-sharing-button td-social-sharing-button-js td-social-network td-social-facebook\" href=\"https:\/\/www.facebook.com\/sharer.php?u=https%3A%2F%2Forasul-timisoara.ro%2Flocal-38174%2F\" title=\"Facebook\"><\/p>\n<div class=\"td-social-but-text\">Facebook<\/div>\n<p><\/a><a class=\"td-social-sharing-button td-social-sharing-button-js td-social-network td-social-twitter\" href=\"https:\/\/twitter.com\/intent\/tweet?text=Sute+de+voluntari+a%C8%99tepta%C8%9Bi+%C3%AEn+Timi%C8%99+pentru+renovarea+unui+sat%3A+start+%C3%AEnscrieri+Color+the+Village&amp;url=https%3A%2F%2Forasul-timisoara.ro%2Flocal-38174%2F&amp;via=orasultm\" title=\"Twitter\"><\/p>\n<div class=\"td-social-but-text\">Twitter<\/div>\n<p><\/a><a class=\"td-social-sharing-button td-social-sharing-button-js td-social-network td-social-whatsapp\" href=\"https:\/\/api.whatsapp.com\/send?text=Sute+de+voluntari+a%C8%99tepta%C8%9Bi+%C3%AEn+Timi%C8%99+pentru+renovarea+unui+sat%3A+start+%C3%AEnscrieri+Color+the+Village%20%0A%0A%20https:\/\/orasul-timisoara.ro\/local-38174\/\" title=\"WhatsApp\"><\/p>\n<div class=\"td-social-but-text\">WhatsApp<\/div>\n<p><\/a><a class=\"td-social-sharing-button td-social-sharing-button-js td-social-network td-social-linkedin\" href=\"https:\/\/www.linkedin.com\/shareArticle?mini=true&amp;url=https:\/\/orasul-timisoara.ro\/local-38174\/&amp;title=Sute+de+voluntari+a%C8%99tepta%C8%9Bi+%C3%AEn+Timi%C8%99+pentru+renovarea+unui+sat%3A+start+%C3%AEnscrieri+Color+the+Village\" title=\"Linkedin\"><\/p>\n<div class=\"td-social-but-text\">Linkedin<\/div>\n<p><\/a><a class=\"td-social-sharing-button td-social-sharing-button-js td-social-network td-social-reddit\" href=\"https:\/\/reddit.com\/submit?url=https:\/\/orasul-timisoara.ro\/local-38174\/&amp;title=Sute+de+voluntari+a%C8%99tepta%C8%9Bi+%C3%AEn+Timi%C8%99+pentru+renovarea+unui+sat%3A+start+%C3%AEnscrieri+Color+the+Village\" title=\"ReddIt\"><\/p>\n<div class=\"td-social-but-text\">ReddIt<\/div>\n<p><\/a><a class=\"td-social-sharing-button td-social-sharing-button-js td-social-network td-social-mail\" href=\"mailto:?subject=Sute%20de%20voluntari%20a%C8%99tepta%C8%9Bi%20%C3%AEn%20Timi%C8%99%20pentru%20renovarea%20unui%20sat:%20start%20%C3%AEnscrieri%20Color%20the%20Village&amp;body=https:\/\/orasul-timisoara.ro\/local-38174\/\" title=\"Email\"><\/p>\n<div class=\"td-social-but-text\">Email<\/div>\n<p><\/a><a class=\"td-social-sharing-button td-social-sharing-button-js td-social-network td-social-print\" href=\"https:\/\/orasul-timisoara.ro\/local-38174\/\" title=\"Imprimare\"><\/p>\n<div class=\"td-social-but-text\">Imprimare<\/div>\n<p><\/a><\/div>\n<\/div>\n<\/div>\n<div class=\"td-post-content tagdiv-type\">\n<p>Asocia\u021bia Acas\u0103 \u00een Banat a dat startul \u00eenscrierilor pentru voluntarii celei de-a opta edi\u021bii a proiectului Color the Village, unul dintre cele mai cunoscute demersuri de revitalizare a satelor din vestul \u021b\u0103rii. \u00cen 2026, evenimentul va avea loc \u00een localitatea Macedonia, \u00een perioada 11\u201313 iunie.<\/p>\n<p>Timp de trei zile, sute de voluntari din \u00eentreaga \u021bar\u0103 sunt a\u0219tepta\u021bi s\u0103 participe la renovarea \u0219i \u00eenfrumuse\u021barea satului, prin lucr\u0103ri de zugr\u0103vire, vopsire \u0219i \u00eentre\u021binere a cl\u0103dirilor. Organizatorii \u0219i-au propus reabilitarea a aproximativ 30 de fa\u021bade de case, dar \u0219i a unor obiective comunitare, pentru a reda farmecul arhitecturii tradi\u021bionale b\u0103n\u0103\u021bene.<\/p>\n<p>Participarea nu necesit\u0103 experien\u021b\u0103 \u00een construc\u021bii, ci doar implicare \u0219i dorin\u021ba de a contribui la un proiect comunitar. Voluntarii pot opta pentru una, dou\u0103 sau toate cele trei zile de activitate, iar organizatorii asigur\u0103 mesele \u0219i materialele necesare.<\/p>\n<p>Pre\u0219edintele asocia\u021biei, Radu Trifan, subliniaz\u0103 rolul esen\u021bial al voluntarilor: energia \u0219i implicarea acestora sunt motorul \u00eentregului proiect, care transform\u0103 comunit\u0103\u021bi \u00een doar c\u00e2teva zile.<\/p>\n<p>\u00censcrierile sunt deschise p\u00e2n\u0103 \u00een 24 mai 2026, prin intermediul formularului online pus la dispozi\u021bie de organizatori.<\/p>\n<p>Satul Macedonia, apar\u021bin\u00e2nd administrativ de Ciacova, a fost ales datorit\u0103 patrimoniului s\u0103u arhitectural specific Banatului de C\u00e2mpie. De\u0219i p\u0103streaz\u0103 \u00eenc\u0103 fa\u021bade tradi\u021bionale valoroase, multe dintre acestea sunt \u00een stare de degradare \u0219i risc\u0103 s\u0103 dispar\u0103 \u00een lipsa interven\u021biilor.<\/p>\n<p>Proiectul este sus\u021binut de parteneri importan\u021bi din mediul privat, printre care Policolor Rom\u00e2nia, Funda\u021bia Bosch, Hella Rom\u00e2nia, L\u0103pt\u0103ria cu Caimac, BRD Groupe Soci\u00e9t\u00e9 G\u00e9n\u00e9rale \u0219i Linde Global Services Rom\u00e2nia.<\/p>\n<p>Ajuns la cea de-a opta edi\u021bie, Color the Village este un proiect unic \u00een Rom\u00e2nia, care a transformat, \u00een fiecare an, c\u00e2te un sat din Banat. Printre localit\u0103\u021bile revitalizate \u00een edi\u021biile anterioare se num\u0103r\u0103 Gr\u0103dinari, Altringen, Valeapai, F\u0103r\u0103\u0219e\u0219ti, Ilidia, Racovi\u021ba \u0219i Eftimie Murgu.<\/p>\n<p>Fondat\u0103 \u00een 2018, Asocia\u021bia Acas\u0103 \u00een Banat are ca obiectiv principal conservarea patrimoniului cultural \u0219i promovarea valorilor autentice ale satului b\u0103n\u0103\u021bean, readuc\u00e2nd \u00een aten\u021bie frumuse\u021bea arhitecturii locale \u0219i spiritul comunitar.<\/p>\n<\/div>\n<footer>\n<div class=\"td-post-source-tags\">\n<ul class=\"td-tags td-post-small-box clearfix\">\n<li><span>ETICHETE<\/span><\/li>\n<li><a href=\"https:\/\/orasul-timisoara.ro\/local-tag\/acasa-in-banat\/\">acasa in banat<\/a><\/li>\n<li><a href=\"https:\/\/orasul-timisoara.ro\/local-tag\/color-the-village\/\">Color the Village<\/a><\/li>\n<li><a href=\"https:\/\/orasul-timisoara.ro\/local-tag\/eveniment-timis-2\/\">eveniment timis<\/a><\/li>\n<li><a href=\"https:\/\/orasul-timisoara.ro\/local-tag\/macedonia-timis\/\">macedonia timis<\/a><\/li>\n<li><a href=\"https:\/\/orasul-timisoara.ro\/local-tag\/patrimoniu-banatean-2\/\">patrimoniu banatean<\/a><\/li>\n<li><a href=\"https:\/\/orasul-timisoara.ro\/local-tag\/proiect-comunitar\/\">proiect comunitar<\/a><\/li>\n<li><a href=\"https:\/\/orasul-timisoara.ro\/local-tag\/renovare-sate\/\">renovare sate<\/a><\/li>\n<li><a href=\"https:\/\/orasul-timisoara.ro\/local-tag\/voluntari-timis\/\">voluntari timis<\/a><\/li>\n<li><a href=\"https:\/\/orasul-timisoara.ro\/local-tag\/voluntariat-romania-2\/\">voluntariat romania<\/a><\/li>\n<\/ul>\n<\/div>\n<div class=\"td-post-sharing-bottom\">\n<div class=\"td-post-sharing-classic\"><iframe title=\"bottomFacebookLike\" frameborder src=\"https:\/\/www.facebook.com\/plugins\/like.php?href=https:\/\/orasul-timisoara.ro\/local-38174\/&amp;layout=button_count&amp;show_faces=false&amp;width=105&amp;action=like&amp;colorscheme=light&amp;height=21\"><\/iframe><\/div>\n<div id=\"td_social_sharing_article_bottom\" class=\"td-post-sharing td-ps-bg td-ps-notext td-post-sharing-style1 \">\n<div class=\"td-post-sharing-visible\"><a class=\"td-social-sharing-button td-social-sharing-button-js td-social-network td-social-facebook\" href=\"https:\/\/www.facebook.com\/sharer.php?u=https%3A%2F%2Forasul-timisoara.ro%2Flocal-38174%2F\" title=\"Facebook\"><\/p>\n<div class=\"td-social-but-text\">Facebook<\/div>\n<p><\/a><a class=\"td-social-sharing-button td-social-sharing-button-js td-social-network td-social-twitter\" href=\"https:\/\/twitter.com\/intent\/tweet?text=Sute+de+voluntari+a%C8%99tepta%C8%9Bi+%C3%AEn+Timi%C8%99+pentru+renovarea+unui+sat%3A+start+%C3%AEnscrieri+Color+the+Village&amp;url=https%3A%2F%2Forasul-timisoara.ro%2Flocal-38174%2F&amp;via=orasultm\" title=\"Twitter\"><\/p>\n<div class=\"td-social-but-text\">Twitter<\/div>\n<p><\/a><a class=\"td-social-sharing-button td-social-sharing-button-js td-social-network td-social-whatsapp\" href=\"https:\/\/api.whatsapp.com\/send?text=Sute+de+voluntari+a%C8%99tepta%C8%9Bi+%C3%AEn+Timi%C8%99+pentru+renovarea+unui+sat%3A+start+%C3%AEnscrieri+Color+the+Village%20%0A%0A%20https:\/\/orasul-timisoara.ro\/local-38174\/\" title=\"WhatsApp\"><\/p>\n<div class=\"td-social-but-text\">WhatsApp<\/div>\n<p><\/a><a class=\"td-social-sharing-button td-social-sharing-button-js td-social-network td-social-linkedin\" href=\"https:\/\/www.linkedin.com\/shareArticle?mini=true&amp;url=https:\/\/orasul-timisoara.ro\/local-38174\/&amp;title=Sute+de+voluntari+a%C8%99tepta%C8%9Bi+%C3%AEn+Timi%C8%99+pentru+renovarea+unui+sat%3A+start+%C3%AEnscrieri+Color+the+Village\" title=\"Linkedin\"><\/p>\n<div class=\"td-social-but-text\">Linkedin<\/div>\n<p><\/a><a class=\"td-social-sharing-button td-social-sharing-button-js td-social-network td-social-reddit\" href=\"https:\/\/reddit.com\/submit?url=https:\/\/orasul-timisoara.ro\/local-38174\/&amp;title=Sute+de+voluntari+a%C8%99tepta%C8%9Bi+%C3%AEn+Timi%C8%99+pentru+renovarea+unui+sat%3A+start+%C3%AEnscrieri+Color+the+Village\" title=\"ReddIt\"><\/p>\n<div class=\"td-social-but-text\">ReddIt<\/div>\n<p><\/a><a class=\"td-social-sharing-button td-social-sharing-button-js td-social-network td-social-mail\" href=\"mailto:?subject=Sute%20de%20voluntari%20a%C8%99tepta%C8%9Bi%20%C3%AEn%20Timi%C8%99%20pentru%20renovarea%20unui%20sat:%20start%20%C3%AEnscrieri%20Color%20the%20Village&amp;body=https:\/\/orasul-timisoara.ro\/local-38174\/\" title=\"Email\"><\/p>\n<div class=\"td-social-but-text\">Email<\/div>\n<p><\/a><a class=\"td-social-sharing-button td-social-sharing-button-js td-social-network td-social-print\" href=\"https:\/\/orasul-timisoara.ro\/local-38174\/\" title=\"Imprimare\"><\/p>\n<div class=\"td-social-but-text\">Imprimare<\/div>\n<p><\/a><\/div>\n<\/div>\n<\/div>\n<div class=\"td-block-row td-post-next-prev\">\n<div class=\"td-block-span6 td-post-prev-post\">\n<div class=\"td-post-next-prev-content\"><span>Articolul precedent<\/span><a href=\"https:\/\/orasul-timisoara.ro\/local-38172\/\">Derby de foc la Timi\u0219oara: SCM USV \u00eent\u00e2lne\u0219te Dinamo \u00een Liga de Rugby<\/a><\/div>\n<\/div>\n<div class=\"td-block-span6 td-post-next-post\">\n<div class=\"td-post-next-prev-content\"><span>Articolul urm\u0103tor<\/span><a href=\"https:\/\/orasul-timisoara.ro\/local-38177\/\">Electroruga de Buzad anun\u021b\u0103 noi arti\u0219ti: \u0218uie Paparude \u0219i Dimitri\u2019s Bats urc\u0103 pe scen\u0103<\/a><\/div>\n<\/div>\n<\/div>\n<div class=\"td-author-name vcard author\"><span class=\"fn\"><a href=\"https:\/\/orasul-timisoara.ro\/author\/timisoara\/\">redactia<\/a><\/span><\/div>\n<p><span class=\"td-page-meta\"><\/span><span class=\"td-page-meta\"><span class=\"td-page-meta\"><\/span><\/span><span class=\"td-page-meta\"><\/span><\/footer>\n<div class=\"td_block_wrap td_block_related_posts tdi_3 td_with_ajax_pagination td-pb-border-top td_block_template_8\" data-td-block-uid=\"tdi_3\">\n<h4 class=\"td-related-title td-block-title\"><a id=\"tdi_4\" class=\"td-related-left td-cur-simple-item\" data-td_filter_value data-td_block_id=\"tdi_3\" href=\"https:\/\/orasul-timisoara.ro\/local-38174\/\">ARTICOLE SIMILARE<\/a><a id=\"tdi_5\" class=\"td-related-right\" data-td_filter_value=\"td_related_more_from_author\" data-td_block_id=\"tdi_3\" href=\"https:\/\/orasul-timisoara.ro\/local-38174\/\">DE LA ACELA\u0218I AUTOR<\/a><\/h4>\n<div id=\"tdi_3\" class=\"td_block_inner\">\n<div class=\"td-related-row\">\n<div class=\"td-related-span4\">\n<div class=\"td_module_related_posts td-animation-stack td_mod_related_posts\">\n<div class=\"td-module-image\">\n<div class=\"td-module-thumb\"><a href=\"https:\/\/orasul-timisoara.ro\/local-31902\/\" rel=\"bookmark\" class=\"td-image-wrap \" title=\"Color the Village 2025: 30 de case renovate \u00een Gr\u0103dinari, cu ajutorul a peste 400 de voluntari\"><img loading=\"lazy\" decoding=\"async\" class=\"entry-thumb\" src=\"https:\/\/orasul-timisoara.ro\/wp-content\/uploads\/2025\/06\/color-the-village-iunie2025-9-copy-436x300.jpg\" alt title=\"Color the Village 2025: 30 de case renovate \u00een Gr\u0103dinari, cu ajutorul a peste 400 de voluntari\" width=\"218\" height=\"150\"><\/a><\/div>\n<\/div>\n<div class=\"item-details\">\n<h3 class=\"entry-title td-module-title\"><a href=\"https:\/\/orasul-timisoara.ro\/local-31902\/\" rel=\"bookmark\" title=\"Color the Village 2025: 30 de case renovate \u00een Gr\u0103dinari, cu ajutorul a peste 400 de voluntari\">Color the Village 2025: 30 de case renovate \u00een Gr\u0103dinari, cu ajutorul a peste 400 de voluntari<\/a><\/h3>\n<\/div>\n<\/div>\n<\/div>\n<div class=\"td-related-span4\">\n<div class=\"td_module_related_posts td-animation-stack td_mod_related_posts\">\n<div class=\"td-module-image\">\n<div class=\"td-module-thumb\"><a href=\"https:\/\/orasul-timisoara.ro\/local-25296\/\" rel=\"bookmark\" class=\"td-image-wrap \" title=\"Dar din Dar de Cr\u0103ciun: ajutoare pentru familii din Banat\"><img loading=\"lazy\" decoding=\"async\" class=\"entry-thumb\" src=\"https:\/\/orasul-timisoara.ro\/wp-content\/uploads\/2023\/12\/Dar-din-Dar-2-436x300.jpg\" alt title=\"Dar din Dar de Cr\u0103ciun: ajutoare pentru familii din Banat\" width=\"218\" height=\"150\"><\/a><\/div>\n<\/div>\n<div class=\"item-details\">\n<h3 class=\"entry-title td-module-title\"><a href=\"https:\/\/orasul-timisoara.ro\/local-25296\/\" rel=\"bookmark\" title=\"Dar din Dar de Cr\u0103ciun: ajutoare pentru familii din Banat\">Dar din Dar de Cr\u0103ciun: ajutoare pentru familii din Banat<\/a><\/h3>\n<\/div>\n<\/div>\n<\/div>\n<div class=\"td-related-span4\">\n<div class=\"td_module_related_posts td-animation-stack td_mod_related_posts\">\n<div class=\"td-module-image\">\n<div class=\"td-module-thumb\"><a href=\"https:\/\/orasul-timisoara.ro\/local-21142\/\" rel=\"bookmark\" class=\"td-image-wrap \" title=\"Dar din Dar se face Rai: doneaz\u0103 \u0219i tu pentru o familie nec\u0103jit\u0103 din Timi\u0219 sau Cara\u0219 Severin\"><img loading=\"lazy\" decoding=\"async\" class=\"entry-thumb\" src=\"https:\/\/orasul-timisoara.ro\/wp-content\/uploads\/2022\/12\/Dar-din-dar9-1-436x300.jpg\" alt title=\"Dar din Dar se face Rai: doneaz\u0103 \u0219i tu pentru o familie nec\u0103jit\u0103 din Timi\u0219 sau Cara\u0219 Severin\" width=\"218\" height=\"150\"><\/a><\/div>\n<\/div>\n<div class=\"item-details\">\n<h3 class=\"entry-title td-module-title\"><a href=\"https:\/\/orasul-timisoara.ro\/local-21142\/\" rel=\"bookmark\" title=\"Dar din Dar se face Rai: doneaz\u0103 \u0219i tu pentru o familie nec\u0103jit\u0103 din Timi\u0219 sau Cara\u0219 Severin\">Dar din Dar se face Rai: doneaz\u0103 \u0219i tu pentru o familie nec\u0103jit\u0103 din Timi\u0219 sau Cara\u0219 Severin<\/a><\/h3>\n<\/div>\n<\/div>\n<\/div>\n<\/div>\n<\/div>\n<\/div>\n<div class=\"comments\" id=\"comments\">\n<div id=\"respond\" class=\"comment-respond\">\n<h3 id=\"reply-title\" class=\"comment-reply-title\">L\u0102SA\u021aI UN MESAJ<\/h3>\n<div class=\"comment-form-input-wrap td-form-comment\">\n<div class=\"td-warning-comment\">V\u0103 rug\u0103m s\u0103 introduce\u021bi comentariul dvs.!<\/div>\n<\/div>\n<div class=\"comment-form-input-wrap td-form-author\">\n<div class=\"td-warning-author\">Introduce\u021bi aici numele dvs.<\/div>\n<\/div>\n<div class=\"comment-form-input-wrap td-form-email\">\n<div class=\"td-warning-email-error\">A\u021bi introdus o adres\u0103 de e-mail incorect\u0103!<\/div>\n<div class=\"td-warning-email\">V\u0103 rug\u0103m s\u0103 introduce\u021bi adresa dvs. de e-mail aici<\/div>\n<\/div>\n<\/div>\n<p class=\"akismet_comment_form_privacy_notice\">Acest site folose\u0219te Akismet pentru a reduce spamul. <a href=\"https:\/\/akismet.com\/privacy\/\" target=\"_blank\" rel=\"nofollow noopener\">Afl\u0103 cum sunt procesate datele comentariilor tale<\/a>.<\/p>\n<\/div>\n<\/div>\n<\/div>\n<div class=\"td-pb-span4 td-main-sidebar\" role=\"complementary\">\n<div class=\"td-ss-main-sidebar\">\n<aside id=\"block-5\" class=\"td_block_template_8 widget block-5 widget_block widget_media_image\">\n<div class=\"wp-block-image\">\n<figure class=\"aligncenter size-full\"><img loading=\"lazy\" decoding=\"async\" width=\"400\" height=\"400\" src=\"https:\/\/orasul-timisoara.ro\/wp-content\/uploads\/2026\/04\/400x400.png\" alt class=\"wp-image-38045\"><\/figure>\n<\/div>\n<\/aside>\n<aside id=\"block-4\" class=\"td_block_template_8 widget block-4 widget_block widget_media_image\">\n<figure class=\"wp-block-image size-full\"><img loading=\"lazy\" decoding=\"async\" width=\"336\" height=\"280\" src=\"https:\/\/orasul-timisoara.ro\/wp-content\/uploads\/2024\/11\/ReTIM-Abonamentul-Verde-Google-Ads-336x280px.gif\" alt class=\"wp-image-29257\"><\/figure>\n<\/aside>\n<div class=\"td_block_wrap td_block_social_counter td_block_widget tdi_6 td-social-style5 td-social-boxed td-pb-border-top td_block_template_8\">\n<div class=\"td-block-title-wrap\">\n<h4 class=\"td-block-title\"><span>Urm\u0103re\u0219te-ne pe Social Media<\/span><\/h4>\n<\/div>\n<div class=\"td-social-list\">\n<div class=\"td_social_type td-pb-margin-side td_social_facebook\">\n<div class=\"td-social-box\"><span class=\"td_social_info td_social_info_counter\">344,595<\/span><span class=\"td_social_info td_social_info_name\">Fani<\/span><span class=\"td_social_button\"><a href=\"https:\/\/www.facebook.com\/247timisoara\" target=\"_blank\" rel=\"nofollow\">\u00cemi place<\/a><\/span><\/div>\n<\/div>\n<div class=\"td_social_type td-pb-margin-side td_social_instagram\">\n<div class=\"td-social-box\"><span class=\"td_social_info td_social_info_counter\">4,416<\/span><span class=\"td_social_info td_social_info_name\">Cititori<\/span><span class=\"td_social_button\"><a href=\"https:\/\/instagram.com\/orasultimisoararo\/\" target=\"_blank\" rel=\"nofollow\">Conecta\u021bi-v\u0103<\/a><\/span><\/div>\n<\/div>\n<div class=\"td_social_type td-pb-margin-side td_social_rss\">\n<div class=\"td-social-box\"><span class=\"td_social_info td_social_info_counter\">12,506<\/span><span class=\"td_social_info td_social_info_name\">Cititori<\/span><span class=\"td_social_button\"><a href=\"https:\/\/orasul-timisoara.ro\/feed\/\" target=\"_blank\" rel=\"nofollow\">Conecta\u021bi-v\u0103<\/a><\/span><\/div>\n<\/div>\n<div class=\"td_social_type td-pb-margin-side td_social_tiktok\">\n<div class=\"td-social-box\"><span class=\"td_social_info td_social_info_counter\">1,500<\/span><span class=\"td_social_info td_social_info_name\">Cititori<\/span><span class=\"td_social_button\"><a href=\"https:\/\/www.tiktok.com\/@orasultimisoara\" target=\"_blank\" rel=\"nofollow\">Conecta\u021bi-v\u0103<\/a><\/span><\/div>\n<\/div>\n<div class=\"td_social_type td-pb-margin-side td_social_twitter\">\n<div class=\"td-social-box\"><span class=\"td_social_info td_social_info_counter\">1,595<\/span><span class=\"td_social_info td_social_info_name\">Cititori<\/span><span class=\"td_social_button\"><a href=\"https:\/\/twitter.com\/orasultm\" target=\"_blank\" rel=\"nofollow\">Conecta\u021bi-v\u0103<\/a><\/span><\/div>\n<\/div>\n<div class=\"td_social_type td-pb-margin-side td_social_youtube\">\n<div class=\"td-social-box\"><span class=\"td_social_info td_social_info_counter\">3,506<\/span><span class=\"td_social_info td_social_info_name\">Abona\u021bi<\/span><span class=\"td_social_button\"><a href=\"https:\/\/www.youtube.com\/channel\/UCQNsQvs2XCSIm1Z-AHRturw?sub_confirmation=1\" target=\"_blank\" rel=\"nofollow\">Abona\u021bi-v\u0103<\/a><\/span><\/div>\n<\/div>\n<\/div>\n<\/div>\n<aside id=\"text-7\" class=\"td_block_template_8 widget text-7 widget_text\">\n<h4 class=\"td-block-title\"><span>C\u0103ut\u0103ri populare pe OTM<\/span><\/h4>\n<div class=\"textwidget\"><a href=\"https:\/\/orasul-timisoara.ro\/?s=timisoara\"><span>Timisoara<\/span><\/a><a href=\"https:\/\/orasul-timisoara.ro\/?s=calin+dobra\"><span>Calin Dobra<\/span><\/a><a href=\"https:\/\/orasul-timisoara.ro\/?s=primaria+timisoara\"><span>Primaria Timisoara<\/span><\/a><a href=\"https:\/\/orasul-timisoara.ro\/?s=dominic+fritz\"><span>Dominic Fritz<\/span><\/a><a href=\"https:\/\/orasul-timisoara.ro\/?s=nicolae+robu\"><span>Nicolae Robu<\/span><\/a><a href=\"https:\/\/orasul-timisoara.ro\/?s=consiliul+local+timisoara\">Consiliul Local Timisoara<\/a><a href=\"https:\/\/orasul-timisoara.ro\/?s=consiliul+judetean+timis\"><span>Consiliul Judetean Timis<\/span><\/a><a href=\"https:\/\/orasul-timisoara.ro\/?s=cjt\"><span>CJT<\/span><\/a><a href=\"https:\/\/orasul-timisoara.ro\/?s=Alfred+Simonis\"><span>Alfred Simonis<\/span><\/a><a href=\"https:\/\/orasul-timisoara.ro\/?s=PNL\"><span>PNL<\/span><\/a><a href=\"https:\/\/orasul-timisoara.ro\/?s=coronavirus\"><span>coronavirus<\/span><\/a><a href=\"https:\/\/orasul-timisoara.ro\/?s=teatru+timisoara\">teatru Timisoara<\/a><a href=\"https:\/\/orasul-timisoara.ro\/?s=restaurante\"><span>restaurante Timisoara<\/span><\/a><a href=\"https:\/\/orasul-timisoara.ro\/?s=diskoteka\"><span>Diskoteka<\/span><\/a><a href=\"https:\/\/orasul-timisoara.ro\/?s=iulius+town\"><span>Iulius Town<\/span><\/a><a href=\"https:\/\/orasul-timisoara.ro\/?s=iulius+mall\"><span>Iulius Mall<\/span><\/a><a href=\"https:\/\/orasul-timisoara.ro\/?s=stpt\"><span>STPT<\/span><\/a><a href=\"https:\/\/orasul-timisoara.ro\/?s=alin+nica\"><span>Alin Nica<\/span><\/a><a href=\"https:\/\/orasul-timisoara.ro\/?s=psd\"><span>PSD<\/span><\/a><a href=\"https:\/\/orasul-timisoara.ro\/?s=aeroport\"><span>Aeroportul International Timisoara<\/span><\/a><a href=\"https:\/\/orasul-timisoara.ro\/?s=babes\"><span>Spitalul Victor Babes Timisoara<\/span><\/a><a href=\"https:\/\/orasul-timisoara.ro\/?s=poli\"><span>Poli Timi\u0219oara<\/span><\/a><a href=\"https:\/\/orasul-timisoara.ro\/?s=carantina\"><span>carantina<\/span><\/a><a href=\"https:\/\/orasul-timisoara.ro\/?s=aquatim\"><span>Aquatim<\/span><\/a><a href=\"https:\/\/orasul-timisoara.ro\/local-category\/stiri-timisoara\/\"><span>Stiri Timisoara<\/span><\/a><a href=\"https:\/\/orasul-timisoara.ro\/local-category\/investitii-in-timisoara\/\"><span>Investi\u021bii in Timi\u0219oara<\/span><\/a><a href=\"https:\/\/orasul-timisoara.ro\/local-9463\/\"><span>shaorma<\/span><\/a><a href=\"https:\/\/orasul-timisoara.ro\/?s=trafic\"><span>trafic rutier<\/span><\/a><a href=\"https:\/\/orasul-timisoara.ro\/?s=politia\"><span>politia locala timisoara<\/span><\/a><a href=\"https:\/\/orasul-timisoara.ro\/?s=roxana\"><span>Roxana Iliescu<\/span><\/a><a href=\"https:\/\/orasul-timisoara.ro\/?s=colterm\"><span>Colterm<\/span><\/a><a href=\"https:\/\/orasul-timisoara.ro\/?s=latcau\"><span>Ruben La\u021bc\u0103u<\/span><\/a><a href=\"https:\/\/orasul-timisoara.ro\/?s=timis\"><span>\u0218tiri din Timi\u0219<\/span><\/a><a href=\"https:\/\/orasul-timisoara.ro\/?s=spital\"><span>Spitale din Timi\u0219oara<\/span><\/a><a href=\"https:\/\/orasul-timisoara.ro\/?s=tabara\"><span>Cosmin Tab\u0103r\u0103<\/span><\/a><\/div>\n<\/aside>\n<aside id=\"rss-2\" class=\"td_block_template_8 widget rss-2 widget_rss\">\n<h4 class=\"td-block-title\"><span><a class=\"rsswidget rss-widget-feed\" href=\"https:\/\/fashionfridays.ro\/feed\"><img decoding=\"async\" class=\"rss-widget-icon\" width=\"14\" height=\"14\" src=\"https:\/\/orasul-timisoara.ro\/wp-includes\/images\/rss.png\" alt=\"RSS\" loading=\"lazy\"><\/a><a class=\"rsswidget rss-widget-title\" href=\"https:\/\/fashionfridays.ro\/\">Fashion Fridays<\/a><\/span><\/h4>\n<ul>\n<li><a class=\"rsswidget\" href=\"https:\/\/fashionfridays.ro\/crocs-lanseaza-crocband-gum-clog-confort-iconic-cu-influente-retro-sport-pentru-primavara\/\">Crocs lanseaz\u0103 Crocband Gum Clog: confort iconic cu influen\u021be retro-sport pentru prim\u0103var\u0103<\/a>\n<div class=\"rssSummary\">Martie marcheaz\u0103 acel moment al anului \u00een care stilul \u00eencepe s\u0103 se relaxeze. Zilele devin mai lungi, ritmul ora\u0219ului se schimb\u0103, iar garderoba face tranzi\u021bia c\u0103tre piese care pun confortul pe primul loc, f\u0103r\u0103 s\u0103 renun\u021be la atitudine. Este sezonul \u00een care autenticitatea devine declara\u021bie de stil, iar alegerile vestimentare reflect\u0103 mai mult ca oric\u00e2nd [\u2026]<\/div>\n<\/li>\n<\/ul>\n<\/aside>\n<aside id=\"rss-4\" class=\"td_block_template_8 widget rss-4 widget_rss\">\n<h4 class=\"td-block-title\"><span><a class=\"rsswidget rss-widget-feed\" href=\"https:\/\/emasini.ro\/feed\"><img decoding=\"async\" class=\"rss-widget-icon\" width=\"14\" height=\"14\" src=\"https:\/\/orasul-timisoara.ro\/wp-includes\/images\/rss.png\" alt=\"RSS\" loading=\"lazy\"><\/a><a class=\"rsswidget rss-widget-title\" href=\"https:\/\/emasini.ro\/\">eMasini<\/a><\/span><\/h4>\n<ul>\n<li><a class=\"rsswidget\" href=\"https:\/\/emasini.ro\/mercedes-eqs-2026-promite-autonomie-record-pana-la-925-km-electric\/\">Mercedes EQS 2026 promite autonomie record: p\u00e2n\u0103 la 925 km electric<\/a>\n<div class=\"rssSummary\">Mercedes-Benz intensific\u0103 competi\u021bia pe pia\u021ba ma\u0219inilor electrice de lux, lans\u00e2nd noua genera\u021bie Mercedes-Benz EQS, care promite o autonomie de p\u00e2n\u0103 la 925 de kilometri conform standardului WLTP. Modelul devine, cel pu\u021bin teoretic, liderul segmentului, dep\u0103\u0219ind rivalul direct, BMW, cu al s\u0103u sedan electric de top. Noua versiune EQS450+ aduce o cre\u0219tere de aproximativ 13% a [\u2026]<\/div>\n<\/li>\n<\/ul>\n<\/aside>\n<\/div>\n<\/div>\n<\/div>\n<\/div>\n<\/article>\n<div class=\"td-post-content tagdiv-type\">\n<p>Asocia\u021bia Acas\u0103 \u00een Banat a dat startul \u00eenscrierilor pentru voluntarii celei de-a opta edi\u021bii a proiectului Color the Village, unul dintre cele mai cunoscute demersuri de revitalizare a satelor din vestul \u021b\u0103rii. \u00cen 2026, evenimentul va avea loc \u00een localitatea Macedonia, \u00een perioada 11\u201313 iunie.<\/p>\n<p>Timp de trei zile, sute de voluntari din \u00eentreaga \u021bar\u0103 sunt a\u0219tepta\u021bi s\u0103 participe la renovarea \u0219i \u00eenfrumuse\u021barea satului, prin lucr\u0103ri de zugr\u0103vire, vopsire \u0219i \u00eentre\u021binere a cl\u0103dirilor. Organizatorii \u0219i-au propus reabilitarea a aproximativ 30 de fa\u021bade de case, dar \u0219i a unor obiective comunitare, pentru a reda farmecul arhitecturii tradi\u021bionale b\u0103n\u0103\u021bene.<\/p>\n<p>Participarea nu necesit\u0103 experien\u021b\u0103 \u00een construc\u021bii, ci doar implicare \u0219i dorin\u021ba de a contribui la un proiect comunitar. Voluntarii pot opta pentru una, dou\u0103 sau toate cele trei zile de activitate, iar organizatorii asigur\u0103 mesele \u0219i materialele necesare.<\/p>\n<p>Pre\u0219edintele asocia\u021biei, Radu Trifan, subliniaz\u0103 rolul esen\u021bial al voluntarilor: energia \u0219i implicarea acestora sunt motorul \u00eentregului proiect, care transform\u0103 comunit\u0103\u021bi \u00een doar c\u00e2teva zile.<\/p>\n<p>\u00censcrierile sunt deschise p\u00e2n\u0103 \u00een 24 mai 2026, prin intermediul formularului online pus la dispozi\u021bie de organizatori.<\/p>\n<p>Satul Macedonia, apar\u021bin\u00e2nd administrativ de Ciacova, a fost ales datorit\u0103 patrimoniului s\u0103u arhitectural specific Banatului de C\u00e2mpie. De\u0219i p\u0103streaz\u0103 \u00eenc\u0103 fa\u021bade tradi\u021bionale valoroase, multe dintre acestea sunt \u00een stare de degradare \u0219i risc\u0103 s\u0103 dispar\u0103 \u00een lipsa interven\u021biilor.<\/p>\n<p>Proiectul este sus\u021binut de parteneri importan\u021bi din mediul privat, printre care Policolor Rom\u00e2nia, Funda\u021bia Bosch, Hella Rom\u00e2nia, L\u0103pt\u0103ria cu Caimac, BRD Groupe Soci\u00e9t\u00e9 G\u00e9n\u00e9rale \u0219i Linde Global Services Rom\u00e2nia.<\/p>\n<p>Ajuns la cea de-a opta edi\u021bie, Color the Village este un proiect unic \u00een Rom\u00e2nia, care a transformat, \u00een fiecare an, c\u00e2te un sat din Banat. Printre localit\u0103\u021bile revitalizate \u00een edi\u021biile anterioare se num\u0103r\u0103 Gr\u0103dinari, Altringen, Valeapai, F\u0103r\u0103\u0219e\u0219ti, Ilidia, Racovi\u021ba \u0219i Eftimie Murgu.<\/p>\n<p>Fondat\u0103 \u00een 2018, Asocia\u021bia Acas\u0103 \u00een Banat are ca obiectiv principal conservarea patrimoniului cultural \u0219i promovarea valorilor autentice ale satului b\u0103n\u0103\u021bean, readuc\u00e2nd \u00een aten\u021bie frumuse\u021bea arhitecturii locale \u0219i spiritul comunitar.<\/p>\n<\/div>\n<p>[analyse_source url=&#8221;https:\/\/orasul-timisoara.ro\/local-38174\/&#8221;]<\/p>\n","protected":false},"excerpt":{"rendered":"<p>[analyse_image type=&#8221;featured&#8221; src=&#8221;https:\/\/orasul-timisoara.ro\/wp-content\/uploads\/2026\/04\/Color-the-Village-Gradinari-2.jpg&#8221;] Investitii in TimisoaraSute de voluntari a\u0219tepta\u021bi \u00een Timi\u0219 pentru renovarea unui sat: start \u00eenscrieri&#8230; Investitii in Timisoara \u0218tiri Locale Sute de voluntari a\u0219tepta\u021bi \u00een Timi\u0219 pentru renovarea unui sat: start \u00eenscrieri Color the Village De c\u0103tre redactia &#8211; 16\/04\/2026 Facebook Twitter WhatsApp Linkedin ReddIt Email Imprimare Asocia\u021bia Acas\u0103 \u00een Banat a dat [&hellip;]<\/p>\n","protected":false},"author":1,"featured_media":0,"comment_status":"open","ping_status":"","sticky":false,"template":"","format":"standard","meta":{"footnotes":""},"categories":[89],"tags":[226,189],"class_list":["post-1885454","post","type-post","status-publish","format-standard","hentry","category-romania","tag-crawlmanager","tag-orasul-timisoara-ro"],"_links":{"self":[{"href":"https:\/\/analyse.optim.biz\/index.php?rest_route=\/wp\/v2\/posts\/1885454","targetHints":{"allow":["GET"]}}],"collection":[{"href":"https:\/\/analyse.optim.biz\/index.php?rest_route=\/wp\/v2\/posts"}],"about":[{"href":"https:\/\/analyse.optim.biz\/index.php?rest_route=\/wp\/v2\/types\/post"}],"author":[{"embeddable":true,"href":"https:\/\/analyse.optim.biz\/index.php?rest_route=\/wp\/v2\/users\/1"}],"replies":[{"embeddable":true,"href":"https:\/\/analyse.optim.biz\/index.php?rest_route=%2Fwp%2Fv2%2Fcomments&post=1885454"}],"version-history":[{"count":0,"href":"https:\/\/analyse.optim.biz\/index.php?rest_route=\/wp\/v2\/posts\/1885454\/revisions"}],"wp:attachment":[{"href":"https:\/\/analyse.optim.biz\/index.php?rest_route=%2Fwp%2Fv2%2Fmedia&parent=1885454"}],"wp:term":[{"taxonomy":"category","embeddable":true,"href":"https:\/\/analyse.optim.biz\/index.php?rest_route=%2Fwp%2Fv2%2Fcategories&post=1885454"},{"taxonomy":"post_tag","embeddable":true,"href":"https:\/\/analyse.optim.biz\/index.php?rest_route=%2Fwp%2Fv2%2Ftags&post=1885454"}],"curies":[{"name":"wp","href":"https:\/\/api.w.org\/{rel}","templated":true}]}}