{"id":1885424,"date":"2026-04-15T17:32:22","date_gmt":"2026-04-15T14:32:22","guid":{"rendered":"https:\/\/analyse.optim.biz\/?p=1885424"},"modified":"2026-04-15T17:32:22","modified_gmt":"2026-04-15T14:32:22","slug":"conferinta-de-referinta-la-suceava-experti-din-belgia-si-romania-discuta-rezistenta-antimicrobiana-una-dintre-cele-mai-grave-amenintari-la-adresa-sanatatii-globale","status":"publish","type":"post","link":"https:\/\/analyse.optim.biz\/?p=1885424","title":{"rendered":"Conferin\u021b\u0103 de referin\u021b\u0103 la Suceava: exper\u021bi din Belgia \u0219i Rom\u00e2nia discut\u0103 rezisten\u021ba antimicrobian\u0103, una dintre cele mai grave amenin\u021b\u0103ri la adresa s\u0103n\u0103t\u0103\u021bii globale"},"content":{"rendered":"<p>[analyse_image type=&#8221;featured&#8221; src=&#8221;https:\/\/www.newsbucovina.ro\/wp-content\/uploads\/2026\/04\/668052744_1008238814888213_3754190350749375513_n.jpghttps:\/\/cdn.newsbucovina.ro\/wp-content\/uploads\/2026\/04\/668052744_1008238814888213_3754190350749375513_n.jpg&#8221;]<\/p>\n<div class=\"td-post-content tagdiv-type\">\n<div class=\"td-a-rec td-a-rec-id-content_top  tdi_3 td_block_template_1\"><strong>Intr\u0103 acum \u0219i \u00een grupul de <\/p>\n<div class=\"wp-block-button\"><a class=\"wp-block-button__link wp-element-button\" href=\"https:\/\/t.me\/+TH8wcfnp8fw5NWI0\">Telegram News Bucovina<\/a><\/div>\n<p><\/strong><\/div>\n<p>Rotary Club Suceava Cetate organizeaz\u0103 vineri, <strong>17 aprilie 2026<\/strong>, \u00eencep\u00e2nd cu ora <strong>12:00<\/strong>, o conferin\u021b\u0103 interna\u021bional\u0103 dedicat\u0103 rezisten\u021bei antimicrobiene (AMR) \u2013 una dintre cele mai serioase provoc\u0103ri ale s\u0103n\u0103t\u0103\u021bii publice la nivel mondial.<\/p>\n<figure class=\"wp-block-image size-large\"><a href=\"https:\/\/cdn.newsbucovina.ro\/wp-content\/uploads\/2026\/04\/668052744_1008238814888213_3754190350749375513_n.jpg\"><img loading=\"lazy\" decoding=\"async\" width=\"1024\" height=\"576\" src=\"https:\/\/cdn.newsbucovina.ro\/wp-content\/uploads\/2026\/04\/668052744_1008238814888213_3754190350749375513_n-1024x576.jpg\" alt class=\"wp-image-436257\"><\/a><\/figure>\n<p>Evenimentul va avea loc \u00een <strong>Amfiteatrul Nicolae Botan<\/strong> (Corp D) al Universit\u0103\u021bii \u201e\u0218tefan cel Mare\u201d din Suceava \u0219i se adreseaz\u0103 medicilor, cercet\u0103torilor, studen\u021bilor \u0219i publicului larg interesat de s\u0103n\u0103tate, educa\u021bie medical\u0103 \u0219i probleme globale contemporane.<\/p>\n<p>Invitatul special al conferin\u021bei este <strong>prof. Dimitri Van der Linden<\/strong>, medic specialist \u00een boli infec\u021bioase pediatrice la Cliniques Universitaires Saint-Luc din Bruxelles (Belgia). Acesta va sus\u021bine prelegerea principal\u0103 intitulat\u0103 <strong>\u201eOne Health on Two Wheels: From Thessaloniki to Stockholm to Tackle Antimicrobial Resistance and Build Microbiology Capacity in Mbujimayi, DRC\u201d<\/strong>.<\/p>\n<p>Prezentarea va eviden\u021bia abordarea interdisciplinar\u0103 \u201eOne Health\u201d, care subliniaz\u0103 leg\u0103turile str\u00e2nse dintre s\u0103n\u0103tatea uman\u0103, cea animal\u0103, agricultur\u0103 \u0219i mediu \u00een apari\u021bia \u0219i r\u0103sp\u00e2ndirea rezisten\u021bei la antimicrobiene. Prof. Van der Linden va prezenta \u0219i o ini\u021biativ\u0103 european\u0103 inedit\u0103: o expedi\u021bie pe biciclet\u0103 de la Salonic la Stockholm, menit\u0103 s\u0103 creasc\u0103 gradul de con\u0219tientizare asupra AMR \u0219i s\u0103 sprijine dezvoltarea capacit\u0103\u021bii de diagnostic microbiologic \u00eentr-o zon\u0103 vulnerabil\u0103 din Republica Democrat\u0103 Congo.<\/p>\n<p>Programul conferin\u021bei este structurat \u00een dou\u0103 p\u0103r\u021bi distincte:<\/p>\n<ol start=\"1\" class=\"wp-block-list\">\n<li><strong>Partea \u0219tiin\u021bific\u0103<\/strong> \u2013 va include deschiderea oficial\u0103 sus\u021binut\u0103 de <strong>dr. Monica Terteliu<\/strong>, \u0219efa Sec\u021biei de Boli Infec\u021bioase din cadrul Spitalului Clinic Jude\u021bean de Urgen\u021b\u0103 \u201eSf. Ioan cel Nou\u201d Suceava \u0219i membru Rotary Club Suceava Cetate, al\u0103turi de <strong>Loredana Pro\u021biencu<\/strong>, pre\u0219edintele Rotary Club Suceava Cetate 2025\u20132026. Vor urma prelegerea invitatului belgian \u0219i interven\u021bii ale unor reprezentan\u021bi ai mediului universitar \u0219i medical sucevean.<\/li>\n<li><strong>Partea \u201eOmul \u2013 inspira\u021bie\u201d<\/strong> \u2013 va aduce \u00een prim-plan dimensiunea uman\u0103 a profesiei medicale, cu o prezentare despre parcursul personal al prof. Dimitri Van der Linden, un mesaj motiva\u021bional adresat tinerilor \u0219i o sesiune interactiv\u0103 de \u00eentreb\u0103ri \u0219i r\u0103spunsuri.<\/li>\n<\/ol>\n<p>Prin acest eveniment, Rotary Club Suceava Cetate \u00ee\u0219i reafirm\u0103 angajamentul de a facilita dialogul \u00eentre comunitatea academic\u0103, mediul medical \u0219i societate, promov\u00e2nd educa\u021bia, preven\u021bia \u0219i cooperarea interna\u021bional\u0103 \u00een domeniul s\u0103n\u0103t\u0103\u021bii.<\/p>\n<div class=\"td-a-rec td-a-rec-id-content_bottom  tdi_4 td_block_template_1\"><strong>Intr\u0103 acum \u0219i \u00een grupul de <\/p>\n<div class=\"wp-block-button\"><a class=\"wp-block-button__link wp-element-button\" href=\"https:\/\/t.me\/+TH8wcfnp8fw5NWI0\">Telegram News Bucovina<\/a><\/div>\n<p><\/strong><\/div>\n<\/div>\n<div class=\"td-post-content tagdiv-type\">\n<div class=\"td-a-rec td-a-rec-id-content_top  tdi_3 td_block_template_1\"><strong>Intr\u0103 acum \u0219i \u00een grupul de <\/p>\n<div class=\"wp-block-button\"><a class=\"wp-block-button__link wp-element-button\" href=\"https:\/\/t.me\/+TH8wcfnp8fw5NWI0\">Telegram News Bucovina<\/a><\/div>\n<p><\/strong><\/div>\n<p>Rotary Club Suceava Cetate organizeaz\u0103 vineri, <strong>17 aprilie 2026<\/strong>, \u00eencep\u00e2nd cu ora <strong>12:00<\/strong>, o conferin\u021b\u0103 interna\u021bional\u0103 dedicat\u0103 rezisten\u021bei antimicrobiene (AMR) \u2013 una dintre cele mai serioase provoc\u0103ri ale s\u0103n\u0103t\u0103\u021bii publice la nivel mondial.<\/p>\n<figure class=\"wp-block-image size-large\"><a href=\"https:\/\/cdn.newsbucovina.ro\/wp-content\/uploads\/2026\/04\/668052744_1008238814888213_3754190350749375513_n.jpg\"><img loading=\"lazy\" decoding=\"async\" width=\"1024\" height=\"576\" src=\"https:\/\/cdn.newsbucovina.ro\/wp-content\/uploads\/2026\/04\/668052744_1008238814888213_3754190350749375513_n-1024x576.jpg\" alt class=\"wp-image-436257\"><\/a><\/figure>\n<p>Evenimentul va avea loc \u00een <strong>Amfiteatrul Nicolae Botan<\/strong> (Corp D) al Universit\u0103\u021bii \u201e\u0218tefan cel Mare\u201d din Suceava \u0219i se adreseaz\u0103 medicilor, cercet\u0103torilor, studen\u021bilor \u0219i publicului larg interesat de s\u0103n\u0103tate, educa\u021bie medical\u0103 \u0219i probleme globale contemporane.<\/p>\n<p>Invitatul special al conferin\u021bei este <strong>prof. Dimitri Van der Linden<\/strong>, medic specialist \u00een boli infec\u021bioase pediatrice la Cliniques Universitaires Saint-Luc din Bruxelles (Belgia). Acesta va sus\u021bine prelegerea principal\u0103 intitulat\u0103 <strong>\u201eOne Health on Two Wheels: From Thessaloniki to Stockholm to Tackle Antimicrobial Resistance and Build Microbiology Capacity in Mbujimayi, DRC\u201d<\/strong>.<\/p>\n<p>Prezentarea va eviden\u021bia abordarea interdisciplinar\u0103 \u201eOne Health\u201d, care subliniaz\u0103 leg\u0103turile str\u00e2nse dintre s\u0103n\u0103tatea uman\u0103, cea animal\u0103, agricultur\u0103 \u0219i mediu \u00een apari\u021bia \u0219i r\u0103sp\u00e2ndirea rezisten\u021bei la antimicrobiene. Prof. Van der Linden va prezenta \u0219i o ini\u021biativ\u0103 european\u0103 inedit\u0103: o expedi\u021bie pe biciclet\u0103 de la Salonic la Stockholm, menit\u0103 s\u0103 creasc\u0103 gradul de con\u0219tientizare asupra AMR \u0219i s\u0103 sprijine dezvoltarea capacit\u0103\u021bii de diagnostic microbiologic \u00eentr-o zon\u0103 vulnerabil\u0103 din Republica Democrat\u0103 Congo.<\/p>\n<p>Programul conferin\u021bei este structurat \u00een dou\u0103 p\u0103r\u021bi distincte:<\/p>\n<ol start=\"1\" class=\"wp-block-list\">\n<li><strong>Partea \u0219tiin\u021bific\u0103<\/strong> \u2013 va include deschiderea oficial\u0103 sus\u021binut\u0103 de <strong>dr. Monica Terteliu<\/strong>, \u0219efa Sec\u021biei de Boli Infec\u021bioase din cadrul Spitalului Clinic Jude\u021bean de Urgen\u021b\u0103 \u201eSf. Ioan cel Nou\u201d Suceava \u0219i membru Rotary Club Suceava Cetate, al\u0103turi de <strong>Loredana Pro\u021biencu<\/strong>, pre\u0219edintele Rotary Club Suceava Cetate 2025\u20132026. Vor urma prelegerea invitatului belgian \u0219i interven\u021bii ale unor reprezentan\u021bi ai mediului universitar \u0219i medical sucevean.<\/li>\n<li><strong>Partea \u201eOmul \u2013 inspira\u021bie\u201d<\/strong> \u2013 va aduce \u00een prim-plan dimensiunea uman\u0103 a profesiei medicale, cu o prezentare despre parcursul personal al prof. Dimitri Van der Linden, un mesaj motiva\u021bional adresat tinerilor \u0219i o sesiune interactiv\u0103 de \u00eentreb\u0103ri \u0219i r\u0103spunsuri.<\/li>\n<\/ol>\n<p>Prin acest eveniment, Rotary Club Suceava Cetate \u00ee\u0219i reafirm\u0103 angajamentul de a facilita dialogul \u00eentre comunitatea academic\u0103, mediul medical \u0219i societate, promov\u00e2nd educa\u021bia, preven\u021bia \u0219i cooperarea interna\u021bional\u0103 \u00een domeniul s\u0103n\u0103t\u0103\u021bii.<\/p>\n<div class=\"td-a-rec td-a-rec-id-content_bottom  tdi_4 td_block_template_1\"><strong>Intr\u0103 acum \u0219i \u00een grupul de <\/p>\n<div class=\"wp-block-button\"><a class=\"wp-block-button__link wp-element-button\" href=\"https:\/\/t.me\/+TH8wcfnp8fw5NWI0\">Telegram News Bucovina<\/a><\/div>\n<p><\/strong><\/div>\n<\/div>\n<p>[analyse_source url=&#8221;https:\/\/www.newsbucovina.ro\/actualitate\/436256\/conferinta-de-referinta-la-suceava-experti-din-belgia-si-romania-discuta-rezistenta-antimicrobiana-una-dintre-cele-mai-grave-amenintari-la-adresa-sanatatii-globale&#8221;]<\/p>\n","protected":false},"excerpt":{"rendered":"<p>[analyse_image type=&#8221;featured&#8221; src=&#8221;https:\/\/www.newsbucovina.ro\/wp-content\/uploads\/2026\/04\/668052744_1008238814888213_3754190350749375513_n.jpghttps:\/\/cdn.newsbucovina.ro\/wp-content\/uploads\/2026\/04\/668052744_1008238814888213_3754190350749375513_n.jpg&#8221;] Intr\u0103 acum \u0219i \u00een grupul de Telegram News Bucovina Rotary Club Suceava Cetate organizeaz\u0103 vineri, 17 aprilie 2026, \u00eencep\u00e2nd cu ora 12:00, o conferin\u021b\u0103 interna\u021bional\u0103 dedicat\u0103 rezisten\u021bei antimicrobiene (AMR) \u2013 una dintre cele mai serioase provoc\u0103ri ale s\u0103n\u0103t\u0103\u021bii publice la nivel mondial. Evenimentul va avea loc \u00een Amfiteatrul Nicolae Botan (Corp D) [&hellip;]<\/p>\n","protected":false},"author":1,"featured_media":0,"comment_status":"open","ping_status":"","sticky":false,"template":"","format":"standard","meta":{"footnotes":""},"categories":[89],"tags":[226,165],"class_list":["post-1885424","post","type-post","status-publish","format-standard","hentry","category-romania","tag-crawlmanager","tag-newsbucovina-ro"],"_links":{"self":[{"href":"https:\/\/analyse.optim.biz\/index.php?rest_route=\/wp\/v2\/posts\/1885424","targetHints":{"allow":["GET"]}}],"collection":[{"href":"https:\/\/analyse.optim.biz\/index.php?rest_route=\/wp\/v2\/posts"}],"about":[{"href":"https:\/\/analyse.optim.biz\/index.php?rest_route=\/wp\/v2\/types\/post"}],"author":[{"embeddable":true,"href":"https:\/\/analyse.optim.biz\/index.php?rest_route=\/wp\/v2\/users\/1"}],"replies":[{"embeddable":true,"href":"https:\/\/analyse.optim.biz\/index.php?rest_route=%2Fwp%2Fv2%2Fcomments&post=1885424"}],"version-history":[{"count":0,"href":"https:\/\/analyse.optim.biz\/index.php?rest_route=\/wp\/v2\/posts\/1885424\/revisions"}],"wp:attachment":[{"href":"https:\/\/analyse.optim.biz\/index.php?rest_route=%2Fwp%2Fv2%2Fmedia&parent=1885424"}],"wp:term":[{"taxonomy":"category","embeddable":true,"href":"https:\/\/analyse.optim.biz\/index.php?rest_route=%2Fwp%2Fv2%2Fcategories&post=1885424"},{"taxonomy":"post_tag","embeddable":true,"href":"https:\/\/analyse.optim.biz\/index.php?rest_route=%2Fwp%2Fv2%2Ftags&post=1885424"}],"curies":[{"name":"wp","href":"https:\/\/api.w.org\/{rel}","templated":true}]}}