{"id":1885420,"date":"2026-04-15T10:25:23","date_gmt":"2026-04-15T07:25:23","guid":{"rendered":"https:\/\/analyse.optim.biz\/?p=1885420"},"modified":"2026-04-15T10:25:23","modified_gmt":"2026-04-15T07:25:23","slug":"suceava-gazduieste-finala-campionatului-national-universitar-de-handbal-masculin-echipa-usv-lupta-pentru-al-9-lea-titlu-national","status":"publish","type":"post","link":"https:\/\/analyse.optim.biz\/?p=1885420","title":{"rendered":"Suceava g\u0103zduie\u0219te finala Campionatului Na\u021bional Universitar de handbal masculin. Echipa USV lupt\u0103 pentru al 9-lea titlu na\u021bional"},"content":{"rendered":"<p>[analyse_image type=&#8221;featured&#8221; src=&#8221;https:\/\/www.newsbucovina.ro\/wp-content\/uploads\/2026\/04\/WhatsApp-Image-2026-04-15-at-13.21.11.jpeghttps:\/\/cdn.newsbucovina.ro\/wp-content\/uploads\/2026\/04\/WhatsApp-Image-2026-04-15-at-13.21.11.jpeg&#8221;]<\/p>\n<div class=\"td-post-content tagdiv-type\">\n<div class=\"td-a-rec td-a-rec-id-content_top  tdi_3 td_block_template_1\"><strong>Intr\u0103 acum \u0219i \u00een grupul de <\/p>\n<div class=\"wp-block-button\"><a class=\"wp-block-button__link wp-element-button\" href=\"https:\/\/t.me\/+TH8wcfnp8fw5NWI0\">Telegram News Bucovina<\/a><\/div>\n<p><\/strong><\/div>\n<p>Municipiul Suceava va fi gazda etapei finale a Campionatului Na\u021bional Universitar de handbal masculin, care se va desf\u0103\u0219ura \u00een perioada <strong>16-18 aprilie 2026<\/strong>.<\/p>\n<figure class=\"wp-block-image size-large\"><a href=\"https:\/\/cdn.newsbucovina.ro\/wp-content\/uploads\/2026\/04\/WhatsApp-Image-2026-04-15-at-13.21.11.jpeg\"><img loading=\"lazy\" decoding=\"async\" width=\"1024\" height=\"576\" src=\"https:\/\/cdn.newsbucovina.ro\/wp-content\/uploads\/2026\/04\/WhatsApp-Image-2026-04-15-at-13.21.11-1024x576.jpeg\" alt class=\"wp-image-436232\"><\/a><\/figure>\n<p>Competi\u021bia este organizat\u0103 de Federa\u021bia Sportului \u0218colar \u0219i Universitar, \u00een parteneriat cu Universitatea \u201e\u0218tefan cel Mare\u201d din Suceava (prin Facultatea de Educa\u021bie Fizic\u0103 \u0219i Sport), Liceul cu Program Sportiv, \u0218coala Gimnazial\u0103 \u201eIon Creang\u0103\u201d, \u0218coala Gimnazial\u0103 \u201eMiron Costin\u201d, Federa\u021bia Rom\u00e2n\u0103 de Handbal \u0219i CSU Suceava, cu sprijinul Inspectoratului \u0218colar Jude\u021bean Suceava.<\/p>\n<p>Campioana en-titre, echipa Universit\u0103\u021bii \u201e\u0218tefan cel Mare\u201d Suceava, va intra \u00een competi\u021bie cu ambi\u021bia de a c\u00e2\u0219tiga al <strong>nou\u0103lea titlu na\u021bional<\/strong> universitar. Adversarele din cele dou\u0103 grupe preliminare vor fi:<\/p>\n<ul class=\"wp-block-list\">\n<li>Universitatea Na\u021bional\u0103 de \u0218tiin\u021b\u0103 \u0219i Tehnologie Politehnica Bucure\u0219ti \u2013 Centrul Universitar Pite\u0219ti<\/li>\n<li>Academia For\u021belor Aeriene \u201eHenri Coand\u0103\u201d Bra\u0219ov<\/li>\n<li>Universitatea \u201eDun\u0103rea de Jos\u201d Gala\u021bi<\/li>\n<li>Universitatea \u201eVasile Alecsandri\u201d Bac\u0103u<\/li>\n<li>UNEFS Bucure\u0219ti<\/li>\n<li>Universitatea Tehnic\u0103 de Construc\u021bii Bucure\u0219ti<\/li>\n<li>Universitatea Tehnic\u0103 \u201eGheorghe Asachi\u201d Ia\u0219i<\/li>\n<\/ul>\n<p>Cele opt echipe vor fi \u00eemp\u0103r\u021bite \u00een dou\u0103 grupe. Meciurile din faza grupelor se vor disputa <strong>vineri, 17 aprilie<\/strong>, \u00een Sala \u201eDumitru Bernicu\u201d \u0219i \u00een s\u0103lile de sport ale \u0219colilor gimnaziale \u201eIon Creang\u0103\u201d \u0219i \u201eMiron Costin\u201d. S\u00e2mb\u0103t\u0103, 18 aprilie, \u00eencep\u00e2nd cu ora 8:00, se vor juca meciurile de clasament, competi\u021bia culmin\u00e2nd cu <strong>finala mare<\/strong> la ora 11:30. Programul complet va fi definitivat \u00een \u0219edin\u021ba tehnic\u0103 de joi.<\/p>\n<p>C\u00e2\u0219tig\u0103toarea turneului va ob\u021bine dreptul de a reprezenta Rom\u00e2nia la <strong>Jocurile Europene Universitare 2026<\/strong>, care vor avea loc la Salerno (Italia), \u00een perioada 18 iulie \u2013 1 august 2026.<\/p>\n<p>Echipa sucevean\u0103 are un palmares impresionant la nivel european: patru titluri continentale c\u00e2\u0219tigate \u00een 2017 (Malaga), 2022 (Lodz), 2023 (Podgorica) \u0219i 2024 (Debrecen). \u00cen 2025, handbali\u0219tii USV s-au clasat pe locul al doilea la Campionatul European Universitar din Portugalia (Covilh\u00e3).<\/p>\n<p>Lotul Universit\u0103\u021bii \u201e\u0218tefan cel Mare\u201d Suceava este format din: Drago\u0219 Podovei, R\u0103zvan R\u00eep\u0103, Alexandru Bologa, Emanuel \u0218erban, Cosmin Lupu, Eduard Rusu, C\u0103t\u0103lin Zari\u021bchi, Teodor Iluc\u0103, Codrin Radu, Claudiu Lazurc\u0103, Bogdan Niculaie, Codrin Dasc\u0103lu, Andrei Bruj, Sorin Grigore.<\/p>\n<p>Antrenori: Bogdan \u0218old\u0103nescu \u0219i R\u0103zvan Gavriloaia Kinetoterapeut: Octavian Andreica<\/p>\n<figure class=\"wp-block-embed is-type-video is-provider-youtube wp-block-embed-youtube wp-embed-aspect-16-9 wp-has-aspect-ratio\">\n<div class=\"wp-block-embed__wrapper\">\n<div class=\"youtube-embed\" data-video_id=\"Ls_QSaZQl1o\"><iframe loading=\"lazy\" title=\"Moartea p\u00e2nde\u0219te pe \u0219oseaua de centur\u0103 a Sucevei! Ziua ne iau banii cu for\u021ba, Noaptea vine namolul!\" width=\"696\" height=\"392\" src=\"https:\/\/www.youtube.com\/embed\/Ls_QSaZQl1o?feature=oembed&amp;enablejsapi=1\" frameborder allow=\"accelerometer; autoplay; clipboard-write; encrypted-media; gyroscope; picture-in-picture; web-share\" referrerpolicy=\"strict-origin-when-cross-origin\" allowfullscreen><\/iframe><\/div>\n<\/div>\n<\/figure>\n<div class=\"td-a-rec td-a-rec-id-content_bottom  tdi_4 td_block_template_1\"><strong>Intr\u0103 acum \u0219i \u00een grupul de <\/p>\n<div class=\"wp-block-button\"><a class=\"wp-block-button__link wp-element-button\" href=\"https:\/\/t.me\/+TH8wcfnp8fw5NWI0\">Telegram News Bucovina<\/a><\/div>\n<p><\/strong><\/div>\n<\/div>\n<div class=\"td-post-content tagdiv-type\">\n<div class=\"td-a-rec td-a-rec-id-content_top  tdi_3 td_block_template_1\"><strong>Intr\u0103 acum \u0219i \u00een grupul de <\/p>\n<div class=\"wp-block-button\"><a class=\"wp-block-button__link wp-element-button\" href=\"https:\/\/t.me\/+TH8wcfnp8fw5NWI0\">Telegram News Bucovina<\/a><\/div>\n<p><\/strong><\/div>\n<p>Municipiul Suceava va fi gazda etapei finale a Campionatului Na\u021bional Universitar de handbal masculin, care se va desf\u0103\u0219ura \u00een perioada <strong>16-18 aprilie 2026<\/strong>.<\/p>\n<figure class=\"wp-block-image size-large\"><a href=\"https:\/\/cdn.newsbucovina.ro\/wp-content\/uploads\/2026\/04\/WhatsApp-Image-2026-04-15-at-13.21.11.jpeg\"><img loading=\"lazy\" decoding=\"async\" width=\"1024\" height=\"576\" src=\"https:\/\/cdn.newsbucovina.ro\/wp-content\/uploads\/2026\/04\/WhatsApp-Image-2026-04-15-at-13.21.11-1024x576.jpeg\" alt class=\"wp-image-436232\"><\/a><\/figure>\n<p>Competi\u021bia este organizat\u0103 de Federa\u021bia Sportului \u0218colar \u0219i Universitar, \u00een parteneriat cu Universitatea \u201e\u0218tefan cel Mare\u201d din Suceava (prin Facultatea de Educa\u021bie Fizic\u0103 \u0219i Sport), Liceul cu Program Sportiv, \u0218coala Gimnazial\u0103 \u201eIon Creang\u0103\u201d, \u0218coala Gimnazial\u0103 \u201eMiron Costin\u201d, Federa\u021bia Rom\u00e2n\u0103 de Handbal \u0219i CSU Suceava, cu sprijinul Inspectoratului \u0218colar Jude\u021bean Suceava.<\/p>\n<p>Campioana en-titre, echipa Universit\u0103\u021bii \u201e\u0218tefan cel Mare\u201d Suceava, va intra \u00een competi\u021bie cu ambi\u021bia de a c\u00e2\u0219tiga al <strong>nou\u0103lea titlu na\u021bional<\/strong> universitar. Adversarele din cele dou\u0103 grupe preliminare vor fi:<\/p>\n<ul class=\"wp-block-list\">\n<li>Universitatea Na\u021bional\u0103 de \u0218tiin\u021b\u0103 \u0219i Tehnologie Politehnica Bucure\u0219ti \u2013 Centrul Universitar Pite\u0219ti<\/li>\n<li>Academia For\u021belor Aeriene \u201eHenri Coand\u0103\u201d Bra\u0219ov<\/li>\n<li>Universitatea \u201eDun\u0103rea de Jos\u201d Gala\u021bi<\/li>\n<li>Universitatea \u201eVasile Alecsandri\u201d Bac\u0103u<\/li>\n<li>UNEFS Bucure\u0219ti<\/li>\n<li>Universitatea Tehnic\u0103 de Construc\u021bii Bucure\u0219ti<\/li>\n<li>Universitatea Tehnic\u0103 \u201eGheorghe Asachi\u201d Ia\u0219i<\/li>\n<\/ul>\n<p>Cele opt echipe vor fi \u00eemp\u0103r\u021bite \u00een dou\u0103 grupe. Meciurile din faza grupelor se vor disputa <strong>vineri, 17 aprilie<\/strong>, \u00een Sala \u201eDumitru Bernicu\u201d \u0219i \u00een s\u0103lile de sport ale \u0219colilor gimnaziale \u201eIon Creang\u0103\u201d \u0219i \u201eMiron Costin\u201d. S\u00e2mb\u0103t\u0103, 18 aprilie, \u00eencep\u00e2nd cu ora 8:00, se vor juca meciurile de clasament, competi\u021bia culmin\u00e2nd cu <strong>finala mare<\/strong> la ora 11:30. Programul complet va fi definitivat \u00een \u0219edin\u021ba tehnic\u0103 de joi.<\/p>\n<p>C\u00e2\u0219tig\u0103toarea turneului va ob\u021bine dreptul de a reprezenta Rom\u00e2nia la <strong>Jocurile Europene Universitare 2026<\/strong>, care vor avea loc la Salerno (Italia), \u00een perioada 18 iulie \u2013 1 august 2026.<\/p>\n<p>Echipa sucevean\u0103 are un palmares impresionant la nivel european: patru titluri continentale c\u00e2\u0219tigate \u00een 2017 (Malaga), 2022 (Lodz), 2023 (Podgorica) \u0219i 2024 (Debrecen). \u00cen 2025, handbali\u0219tii USV s-au clasat pe locul al doilea la Campionatul European Universitar din Portugalia (Covilh\u00e3).<\/p>\n<p>Lotul Universit\u0103\u021bii \u201e\u0218tefan cel Mare\u201d Suceava este format din: Drago\u0219 Podovei, R\u0103zvan R\u00eep\u0103, Alexandru Bologa, Emanuel \u0218erban, Cosmin Lupu, Eduard Rusu, C\u0103t\u0103lin Zari\u021bchi, Teodor Iluc\u0103, Codrin Radu, Claudiu Lazurc\u0103, Bogdan Niculaie, Codrin Dasc\u0103lu, Andrei Bruj, Sorin Grigore.<\/p>\n<p>Antrenori: Bogdan \u0218old\u0103nescu \u0219i R\u0103zvan Gavriloaia Kinetoterapeut: Octavian Andreica<\/p>\n<figure class=\"wp-block-embed is-type-video is-provider-youtube wp-block-embed-youtube wp-embed-aspect-16-9 wp-has-aspect-ratio\">\n<div class=\"wp-block-embed__wrapper\">\n<div class=\"youtube-embed\" data-video_id=\"Ls_QSaZQl1o\"><iframe loading=\"lazy\" title=\"Moartea p\u00e2nde\u0219te pe \u0219oseaua de centur\u0103 a Sucevei! Ziua ne iau banii cu for\u021ba, Noaptea vine namolul!\" width=\"696\" height=\"392\" src=\"https:\/\/www.youtube.com\/embed\/Ls_QSaZQl1o?feature=oembed&amp;enablejsapi=1\" frameborder allow=\"accelerometer; autoplay; clipboard-write; encrypted-media; gyroscope; picture-in-picture; web-share\" referrerpolicy=\"strict-origin-when-cross-origin\" allowfullscreen><\/iframe><\/div>\n<\/div>\n<\/figure>\n<div class=\"td-a-rec td-a-rec-id-content_bottom  tdi_4 td_block_template_1\"><strong>Intr\u0103 acum \u0219i \u00een grupul de <\/p>\n<div class=\"wp-block-button\"><a class=\"wp-block-button__link wp-element-button\" href=\"https:\/\/t.me\/+TH8wcfnp8fw5NWI0\">Telegram News Bucovina<\/a><\/div>\n<p><\/strong><\/div>\n<\/div>\n<p>[analyse_source url=&#8221;https:\/\/www.newsbucovina.ro\/actualitate\/436231\/suceava-gazduieste-finala-campionatului-national-universitar-de-handbal-masculin-echipa-usv-lupta-pentru-al-9-lea-titlu-national&#8221;]<\/p>\n","protected":false},"excerpt":{"rendered":"<p>[analyse_image type=&#8221;featured&#8221; src=&#8221;https:\/\/www.newsbucovina.ro\/wp-content\/uploads\/2026\/04\/WhatsApp-Image-2026-04-15-at-13.21.11.jpeghttps:\/\/cdn.newsbucovina.ro\/wp-content\/uploads\/2026\/04\/WhatsApp-Image-2026-04-15-at-13.21.11.jpeg&#8221;] Intr\u0103 acum \u0219i \u00een grupul de Telegram News Bucovina Municipiul Suceava va fi gazda etapei finale a Campionatului Na\u021bional Universitar de handbal masculin, care se va desf\u0103\u0219ura \u00een perioada 16-18 aprilie 2026. Competi\u021bia este organizat\u0103 de Federa\u021bia Sportului \u0218colar \u0219i Universitar, \u00een parteneriat cu Universitatea \u201e\u0218tefan cel Mare\u201d din Suceava (prin Facultatea [&hellip;]<\/p>\n","protected":false},"author":1,"featured_media":0,"comment_status":"open","ping_status":"","sticky":false,"template":"","format":"standard","meta":{"footnotes":""},"categories":[89],"tags":[226,165],"class_list":["post-1885420","post","type-post","status-publish","format-standard","hentry","category-romania","tag-crawlmanager","tag-newsbucovina-ro"],"_links":{"self":[{"href":"https:\/\/analyse.optim.biz\/index.php?rest_route=\/wp\/v2\/posts\/1885420","targetHints":{"allow":["GET"]}}],"collection":[{"href":"https:\/\/analyse.optim.biz\/index.php?rest_route=\/wp\/v2\/posts"}],"about":[{"href":"https:\/\/analyse.optim.biz\/index.php?rest_route=\/wp\/v2\/types\/post"}],"author":[{"embeddable":true,"href":"https:\/\/analyse.optim.biz\/index.php?rest_route=\/wp\/v2\/users\/1"}],"replies":[{"embeddable":true,"href":"https:\/\/analyse.optim.biz\/index.php?rest_route=%2Fwp%2Fv2%2Fcomments&post=1885420"}],"version-history":[{"count":0,"href":"https:\/\/analyse.optim.biz\/index.php?rest_route=\/wp\/v2\/posts\/1885420\/revisions"}],"wp:attachment":[{"href":"https:\/\/analyse.optim.biz\/index.php?rest_route=%2Fwp%2Fv2%2Fmedia&parent=1885420"}],"wp:term":[{"taxonomy":"category","embeddable":true,"href":"https:\/\/analyse.optim.biz\/index.php?rest_route=%2Fwp%2Fv2%2Fcategories&post=1885420"},{"taxonomy":"post_tag","embeddable":true,"href":"https:\/\/analyse.optim.biz\/index.php?rest_route=%2Fwp%2Fv2%2Ftags&post=1885420"}],"curies":[{"name":"wp","href":"https:\/\/api.w.org\/{rel}","templated":true}]}}