{"id":1885410,"date":"2026-04-16T07:07:46","date_gmt":"2026-04-16T04:07:46","guid":{"rendered":"https:\/\/analyse.optim.biz\/?p=1885410"},"modified":"2026-04-16T07:07:46","modified_gmt":"2026-04-16T04:07:46","slug":"incendiu-violent-in-badeuti-o-gospodarie-aproape-distrusa-o-alta-gospodarie-afectata-si-o-femeie-transportata-la-spital","status":"publish","type":"post","link":"https:\/\/analyse.optim.biz\/?p=1885410","title":{"rendered":"Incendiu violent \u00een B\u0103deu\u021bi: O gospod\u0103rie aproape distrus\u0103, o alt\u0103 gospod\u0103rie afectat\u0103 \u0219i o femeie transportat\u0103 la spital"},"content":{"rendered":"<p>[analyse_image type=&#8221;featured&#8221; src=&#8221;https:\/\/www.newsbucovina.ro\/wp-content\/uploads\/2026\/04\/IMG-20260416-WA0003.jpghttps:\/\/cdn.newsbucovina.ro\/wp-content\/uploads\/2026\/04\/IMG-20260416-WA0003.jpg&#8221;]<\/p>\n<div class=\"td-post-content tagdiv-type\">\n<div class=\"td-a-rec td-a-rec-id-content_top  tdi_3 td_block_template_1\"><strong>Intr\u0103 acum \u0219i \u00een grupul de <\/p>\n<div class=\"wp-block-button\"><a class=\"wp-block-button__link wp-element-button\" href=\"https:\/\/t.me\/+TH8wcfnp8fw5NWI0\">Telegram News Bucovina<\/a><\/div>\n<p><\/strong><\/div>\n<p> Un incendiu de propor\u021bii a izbucnit \u00een noaptea de miercuri spre joi \u00een localitatea B\u0103deu\u021bi, afect\u00e2nd grav o gospod\u0103rie \u0219i dou\u0103 construc\u021bii anexe de pe proprietatea \u00eenvecinat\u0103.<\/p>\n<figure class=\"wp-block-gallery has-nested-images columns-default is-cropped wp-block-gallery-1 is-layout-flex wp-block-gallery-is-layout-flex\">\n<figure class=\"wp-block-image size-large\"><a href=\"https:\/\/cdn.newsbucovina.ro\/wp-content\/uploads\/2026\/04\/IMG-20260416-WA0007.jpg\"><img loading=\"lazy\" decoding=\"async\" width=\"462\" height=\"1024\" data-id=\"436270\" src=\"https:\/\/cdn.newsbucovina.ro\/wp-content\/uploads\/2026\/04\/IMG-20260416-WA0007-462x1024.jpg\" alt class=\"wp-image-436270\"><\/a><\/figure>\n<figure class=\"wp-block-image size-large\"><a href=\"https:\/\/cdn.newsbucovina.ro\/wp-content\/uploads\/2026\/04\/IMG-20260416-WA0006.jpg\"><img loading=\"lazy\" decoding=\"async\" width=\"1024\" height=\"768\" data-id=\"436273\" src=\"https:\/\/cdn.newsbucovina.ro\/wp-content\/uploads\/2026\/04\/IMG-20260416-WA0006-1024x768.jpg\" alt class=\"wp-image-436273\"><\/a><\/figure>\n<figure class=\"wp-block-image size-large\"><a href=\"https:\/\/cdn.newsbucovina.ro\/wp-content\/uploads\/2026\/04\/IMG-20260416-WA0005.jpg\"><img loading=\"lazy\" decoding=\"async\" width=\"1024\" height=\"759\" data-id=\"436271\" src=\"https:\/\/cdn.newsbucovina.ro\/wp-content\/uploads\/2026\/04\/IMG-20260416-WA0005-1024x759.jpg\" alt class=\"wp-image-436271\"><\/a><\/figure>\n<figure class=\"wp-block-image size-large\"><a href=\"https:\/\/cdn.newsbucovina.ro\/wp-content\/uploads\/2026\/04\/IMG-20260416-WA0004.jpg\"><img decoding=\"async\" loading=\"lazy\" width=\"1024\" height=\"759\" data-id=\"436272\" src=\"https:\/\/cdn.newsbucovina.ro\/wp-content\/uploads\/2026\/04\/IMG-20260416-WA0004-1024x759.jpg\" alt class=\"wp-image-436272\"><\/a><\/figure>\n<figure class=\"wp-block-image size-large\"><a href=\"https:\/\/cdn.newsbucovina.ro\/wp-content\/uploads\/2026\/04\/IMG-20260416-WA0003.jpg\"><img decoding=\"async\" loading=\"lazy\" width=\"1024\" height=\"768\" data-id=\"436275\" src=\"https:\/\/cdn.newsbucovina.ro\/wp-content\/uploads\/2026\/04\/IMG-20260416-WA0003-1024x768.jpg\" alt class=\"wp-image-436275\"><\/a><\/figure>\n<figure class=\"wp-block-image size-large\"><a href=\"https:\/\/cdn.newsbucovina.ro\/wp-content\/uploads\/2026\/04\/IMG-20260416-WA0000.jpg\"><img decoding=\"async\" loading=\"lazy\" width=\"1024\" height=\"768\" data-id=\"436276\" src=\"https:\/\/cdn.newsbucovina.ro\/wp-content\/uploads\/2026\/04\/IMG-20260416-WA0000-1024x768.jpg\" alt class=\"wp-image-436276\"><\/a><\/figure>\n<figure class=\"wp-block-image size-large\"><a href=\"https:\/\/cdn.newsbucovina.ro\/wp-content\/uploads\/2026\/04\/IMG-20260416-WA0001.jpg\"><img decoding=\"async\" loading=\"lazy\" width=\"1024\" height=\"768\" data-id=\"436277\" src=\"https:\/\/cdn.newsbucovina.ro\/wp-content\/uploads\/2026\/04\/IMG-20260416-WA0001-1024x768.jpg\" alt class=\"wp-image-436277\"><\/a><\/figure>\n<figure class=\"wp-block-image size-large\"><a href=\"https:\/\/cdn.newsbucovina.ro\/wp-content\/uploads\/2026\/04\/IMG-20260416-WA0002.jpg\"><img decoding=\"async\" loading=\"lazy\" width=\"1024\" height=\"759\" data-id=\"436274\" src=\"https:\/\/cdn.newsbucovina.ro\/wp-content\/uploads\/2026\/04\/IMG-20260416-WA0002-1024x759.jpg\" alt class=\"wp-image-436274\"><\/a><\/figure>\n<\/figure>\n<p>Potrivit purt\u0103torului de cuv\u00e2nt al ISU Suceava, locotenent colonel Alin G\u0103leat\u0103, incendiul a fost anun\u021bat la Dispeceratul 112 la ora 00:38, iar la fa\u021ba locului s-au deplasat de nou\u0103 autospeciale de stingere de la subunit\u0103\u021bile de pompieri din R\u0103d\u0103u\u021bi, Suceava \u0219i Solca, precum \u0219i o ambulan\u021b\u0103 SMURD. <\/p>\n<p>Au intervenit, de asemenea, echipaje ale Serviciilor Voluntare pentru Situa\u021bii de Urgen\u021b\u0103 din Mili\u0219\u0103u\u021bi, Volov\u0103\u021b, Fr\u0103t\u0103u\u021bii Vechi \u0219i Iaslov\u0103\u021b.<br \/>La sosirea pompierilor, anexele gospod\u0103re\u0219ti ardeau generalizat, iar acoperi\u0219ul casei de locuit era cuprins de fl\u0103c\u0103ri, exist\u00e2nd un risc iminent de propagare la \u00eentreaga locuin\u021b\u0103. Incendiul s-a extins \u0219i la dou\u0103 construc\u021bii anexe de pe proprietatea al\u0103turat\u0103.<br \/>Echipajele SMURD au acordat primul ajutor unei femei de 55 de ani, care prezenta un atac de panic\u0103.<\/p>\n<p> Ulterior, aceasta a fost transportat\u0103 la spital pentru investiga\u021bii medicale \u0219i tratament de specialitate.<br \/>\u00cen urma incendiului au ars complet anexele gospod\u0103re\u0219ti (\u0219ur\u0103, magazie \u0219i buc\u0103t\u0103rie de var\u0103) \u00eempreun\u0103 cu bunurile din interior, pe o suprafa\u021b\u0103 de aproximativ 175 mp, acoperi\u0219ul casei de locuit (100 mp) \u0219i plan\u0219eul acesteia (60 mp), un autoturism parcat \u00een curtea gospod\u0103riei.<br \/>La proprietatea \u00eenvecinat\u0103 au fost afectate acoperi\u0219urile a dou\u0103 construc\u021bii anexe, pe o suprafa\u021b\u0103 total\u0103 de circa 110 mp.<br \/>Cauza probabil\u0103 a incendiului a fost efectul termic al curentului electric, generat de un cablu electric defect.<br \/>Incendiul a fost lichidat \u00een jurul orei 04:10. Datorit\u0103 interven\u021biei rapide a pompierilor, a fost salvat\u0103 o mare parte din casa de locuit, precum \u0219i locuin\u021ba \u0219i anexele de pe proprietatea \u00eenvecinat\u0103, \u00eempreun\u0103 cu bunurile aferente.<\/p>\n<p>\u2079<\/p>\n<div class=\"td-a-rec td-a-rec-id-content_bottom  tdi_4 td_block_template_1\"><strong>Intr\u0103 acum \u0219i \u00een grupul de <\/p>\n<div class=\"wp-block-button\"><a class=\"wp-block-button__link wp-element-button\" href=\"https:\/\/t.me\/+TH8wcfnp8fw5NWI0\">Telegram News Bucovina<\/a><\/div>\n<p><\/strong><\/div>\n<\/div>\n<div class=\"td-post-content tagdiv-type\">\n<div class=\"td-a-rec td-a-rec-id-content_top  tdi_3 td_block_template_1\"><strong>Intr\u0103 acum \u0219i \u00een grupul de <\/p>\n<div class=\"wp-block-button\"><a class=\"wp-block-button__link wp-element-button\" href=\"https:\/\/t.me\/+TH8wcfnp8fw5NWI0\">Telegram News Bucovina<\/a><\/div>\n<p><\/strong><\/div>\n<p> Un incendiu de propor\u021bii a izbucnit \u00een noaptea de miercuri spre joi \u00een localitatea B\u0103deu\u021bi, afect\u00e2nd grav o gospod\u0103rie \u0219i dou\u0103 construc\u021bii anexe de pe proprietatea \u00eenvecinat\u0103.<\/p>\n<figure class=\"wp-block-gallery has-nested-images columns-default is-cropped wp-block-gallery-1 is-layout-flex wp-block-gallery-is-layout-flex\">\n<figure class=\"wp-block-image size-large\"><a href=\"https:\/\/cdn.newsbucovina.ro\/wp-content\/uploads\/2026\/04\/IMG-20260416-WA0007.jpg\"><img loading=\"lazy\" decoding=\"async\" width=\"462\" height=\"1024\" data-id=\"436270\" src=\"https:\/\/cdn.newsbucovina.ro\/wp-content\/uploads\/2026\/04\/IMG-20260416-WA0007-462x1024.jpg\" alt class=\"wp-image-436270\"><\/a><\/figure>\n<figure class=\"wp-block-image size-large\"><a href=\"https:\/\/cdn.newsbucovina.ro\/wp-content\/uploads\/2026\/04\/IMG-20260416-WA0006.jpg\"><img loading=\"lazy\" decoding=\"async\" width=\"1024\" height=\"768\" data-id=\"436273\" src=\"https:\/\/cdn.newsbucovina.ro\/wp-content\/uploads\/2026\/04\/IMG-20260416-WA0006-1024x768.jpg\" alt class=\"wp-image-436273\"><\/a><\/figure>\n<figure class=\"wp-block-image size-large\"><a href=\"https:\/\/cdn.newsbucovina.ro\/wp-content\/uploads\/2026\/04\/IMG-20260416-WA0005.jpg\"><img loading=\"lazy\" decoding=\"async\" width=\"1024\" height=\"759\" data-id=\"436271\" src=\"https:\/\/cdn.newsbucovina.ro\/wp-content\/uploads\/2026\/04\/IMG-20260416-WA0005-1024x759.jpg\" alt class=\"wp-image-436271\"><\/a><\/figure>\n<figure class=\"wp-block-image size-large\"><a href=\"https:\/\/cdn.newsbucovina.ro\/wp-content\/uploads\/2026\/04\/IMG-20260416-WA0004.jpg\"><img decoding=\"async\" loading=\"lazy\" width=\"1024\" height=\"759\" data-id=\"436272\" src=\"https:\/\/cdn.newsbucovina.ro\/wp-content\/uploads\/2026\/04\/IMG-20260416-WA0004-1024x759.jpg\" alt class=\"wp-image-436272\"><\/a><\/figure>\n<figure class=\"wp-block-image size-large\"><a href=\"https:\/\/cdn.newsbucovina.ro\/wp-content\/uploads\/2026\/04\/IMG-20260416-WA0003.jpg\"><img decoding=\"async\" loading=\"lazy\" width=\"1024\" height=\"768\" data-id=\"436275\" src=\"https:\/\/cdn.newsbucovina.ro\/wp-content\/uploads\/2026\/04\/IMG-20260416-WA0003-1024x768.jpg\" alt class=\"wp-image-436275\"><\/a><\/figure>\n<figure class=\"wp-block-image size-large\"><a href=\"https:\/\/cdn.newsbucovina.ro\/wp-content\/uploads\/2026\/04\/IMG-20260416-WA0000.jpg\"><img decoding=\"async\" loading=\"lazy\" width=\"1024\" height=\"768\" data-id=\"436276\" src=\"https:\/\/cdn.newsbucovina.ro\/wp-content\/uploads\/2026\/04\/IMG-20260416-WA0000-1024x768.jpg\" alt class=\"wp-image-436276\"><\/a><\/figure>\n<figure class=\"wp-block-image size-large\"><a href=\"https:\/\/cdn.newsbucovina.ro\/wp-content\/uploads\/2026\/04\/IMG-20260416-WA0001.jpg\"><img decoding=\"async\" loading=\"lazy\" width=\"1024\" height=\"768\" data-id=\"436277\" src=\"https:\/\/cdn.newsbucovina.ro\/wp-content\/uploads\/2026\/04\/IMG-20260416-WA0001-1024x768.jpg\" alt class=\"wp-image-436277\"><\/a><\/figure>\n<figure class=\"wp-block-image size-large\"><a href=\"https:\/\/cdn.newsbucovina.ro\/wp-content\/uploads\/2026\/04\/IMG-20260416-WA0002.jpg\"><img decoding=\"async\" loading=\"lazy\" width=\"1024\" height=\"759\" data-id=\"436274\" src=\"https:\/\/cdn.newsbucovina.ro\/wp-content\/uploads\/2026\/04\/IMG-20260416-WA0002-1024x759.jpg\" alt class=\"wp-image-436274\"><\/a><\/figure>\n<\/figure>\n<p>Potrivit purt\u0103torului de cuv\u00e2nt al ISU Suceava, locotenent colonel Alin G\u0103leat\u0103, incendiul a fost anun\u021bat la Dispeceratul 112 la ora 00:38, iar la fa\u021ba locului s-au deplasat de nou\u0103 autospeciale de stingere de la subunit\u0103\u021bile de pompieri din R\u0103d\u0103u\u021bi, Suceava \u0219i Solca, precum \u0219i o ambulan\u021b\u0103 SMURD. <\/p>\n<p>Au intervenit, de asemenea, echipaje ale Serviciilor Voluntare pentru Situa\u021bii de Urgen\u021b\u0103 din Mili\u0219\u0103u\u021bi, Volov\u0103\u021b, Fr\u0103t\u0103u\u021bii Vechi \u0219i Iaslov\u0103\u021b.<br \/>La sosirea pompierilor, anexele gospod\u0103re\u0219ti ardeau generalizat, iar acoperi\u0219ul casei de locuit era cuprins de fl\u0103c\u0103ri, exist\u00e2nd un risc iminent de propagare la \u00eentreaga locuin\u021b\u0103. Incendiul s-a extins \u0219i la dou\u0103 construc\u021bii anexe de pe proprietatea al\u0103turat\u0103.<br \/>Echipajele SMURD au acordat primul ajutor unei femei de 55 de ani, care prezenta un atac de panic\u0103.<\/p>\n<p> Ulterior, aceasta a fost transportat\u0103 la spital pentru investiga\u021bii medicale \u0219i tratament de specialitate.<br \/>\u00cen urma incendiului au ars complet anexele gospod\u0103re\u0219ti (\u0219ur\u0103, magazie \u0219i buc\u0103t\u0103rie de var\u0103) \u00eempreun\u0103 cu bunurile din interior, pe o suprafa\u021b\u0103 de aproximativ 175 mp, acoperi\u0219ul casei de locuit (100 mp) \u0219i plan\u0219eul acesteia (60 mp), un autoturism parcat \u00een curtea gospod\u0103riei.<br \/>La proprietatea \u00eenvecinat\u0103 au fost afectate acoperi\u0219urile a dou\u0103 construc\u021bii anexe, pe o suprafa\u021b\u0103 total\u0103 de circa 110 mp.<br \/>Cauza probabil\u0103 a incendiului a fost efectul termic al curentului electric, generat de un cablu electric defect.<br \/>Incendiul a fost lichidat \u00een jurul orei 04:10. Datorit\u0103 interven\u021biei rapide a pompierilor, a fost salvat\u0103 o mare parte din casa de locuit, precum \u0219i locuin\u021ba \u0219i anexele de pe proprietatea \u00eenvecinat\u0103, \u00eempreun\u0103 cu bunurile aferente.<\/p>\n<p>\u2079<\/p>\n<div class=\"td-a-rec td-a-rec-id-content_bottom  tdi_4 td_block_template_1\"><strong>Intr\u0103 acum \u0219i \u00een grupul de <\/p>\n<div class=\"wp-block-button\"><a class=\"wp-block-button__link wp-element-button\" href=\"https:\/\/t.me\/+TH8wcfnp8fw5NWI0\">Telegram News Bucovina<\/a><\/div>\n<p><\/strong><\/div>\n<\/div>\n<p>[analyse_source url=&#8221;https:\/\/www.newsbucovina.ro\/actualitate\/436269\/incendiu-violent-in-badeuti-o-gospodarie-aproape-distrusa-o-alta-gospodarie-afectata-si-o-femeie-transportata-la-spital&#8221;]<\/p>\n","protected":false},"excerpt":{"rendered":"<p>[analyse_image type=&#8221;featured&#8221; src=&#8221;https:\/\/www.newsbucovina.ro\/wp-content\/uploads\/2026\/04\/IMG-20260416-WA0003.jpghttps:\/\/cdn.newsbucovina.ro\/wp-content\/uploads\/2026\/04\/IMG-20260416-WA0003.jpg&#8221;] Intr\u0103 acum \u0219i \u00een grupul de Telegram News Bucovina Un incendiu de propor\u021bii a izbucnit \u00een noaptea de miercuri spre joi \u00een localitatea B\u0103deu\u021bi, afect\u00e2nd grav o gospod\u0103rie \u0219i dou\u0103 construc\u021bii anexe de pe proprietatea \u00eenvecinat\u0103. Potrivit purt\u0103torului de cuv\u00e2nt al ISU Suceava, locotenent colonel Alin G\u0103leat\u0103, incendiul a fost anun\u021bat la [&hellip;]<\/p>\n","protected":false},"author":1,"featured_media":0,"comment_status":"open","ping_status":"","sticky":false,"template":"","format":"standard","meta":{"footnotes":""},"categories":[89],"tags":[226,165],"class_list":["post-1885410","post","type-post","status-publish","format-standard","hentry","category-romania","tag-crawlmanager","tag-newsbucovina-ro"],"_links":{"self":[{"href":"https:\/\/analyse.optim.biz\/index.php?rest_route=\/wp\/v2\/posts\/1885410","targetHints":{"allow":["GET"]}}],"collection":[{"href":"https:\/\/analyse.optim.biz\/index.php?rest_route=\/wp\/v2\/posts"}],"about":[{"href":"https:\/\/analyse.optim.biz\/index.php?rest_route=\/wp\/v2\/types\/post"}],"author":[{"embeddable":true,"href":"https:\/\/analyse.optim.biz\/index.php?rest_route=\/wp\/v2\/users\/1"}],"replies":[{"embeddable":true,"href":"https:\/\/analyse.optim.biz\/index.php?rest_route=%2Fwp%2Fv2%2Fcomments&post=1885410"}],"version-history":[{"count":0,"href":"https:\/\/analyse.optim.biz\/index.php?rest_route=\/wp\/v2\/posts\/1885410\/revisions"}],"wp:attachment":[{"href":"https:\/\/analyse.optim.biz\/index.php?rest_route=%2Fwp%2Fv2%2Fmedia&parent=1885410"}],"wp:term":[{"taxonomy":"category","embeddable":true,"href":"https:\/\/analyse.optim.biz\/index.php?rest_route=%2Fwp%2Fv2%2Fcategories&post=1885410"},{"taxonomy":"post_tag","embeddable":true,"href":"https:\/\/analyse.optim.biz\/index.php?rest_route=%2Fwp%2Fv2%2Ftags&post=1885410"}],"curies":[{"name":"wp","href":"https:\/\/api.w.org\/{rel}","templated":true}]}}