{"id":1885407,"date":"2026-04-15T11:59:23","date_gmt":"2026-04-15T08:59:23","guid":{"rendered":"https:\/\/analyse.optim.biz\/?p=1885407"},"modified":"2026-04-15T11:59:23","modified_gmt":"2026-04-15T08:59:23","slug":"trei-elevi-din-suceava-premiati-cu-mentiune-la-olimpiada-internationala-de-limba-si-literatura-polona","status":"publish","type":"post","link":"https:\/\/analyse.optim.biz\/?p=1885407","title":{"rendered":"Trei elevi din Suceava, premia\u021bi cu Men\u021biune la Olimpiada Interna\u021bional\u0103 de Limba \u0219i Literatura Polon\u0103"},"content":{"rendered":"<p>[analyse_image type=&#8221;featured&#8221; src=&#8221;https:\/\/www.newsbucovina.ro\/wp-content\/uploads\/2026\/04\/672419305_1445850010886334_1857711779336324185_n.jpghttps:\/\/cdn.newsbucovina.ro\/wp-content\/uploads\/2026\/04\/672419305_1445850010886334_1857711779336324185_n.jpg&#8221;]<\/p>\n<div class=\"td-post-content tagdiv-type\">\n<div class=\"td-a-rec td-a-rec-id-content_top  tdi_3 td_block_template_1\"><strong>Intr\u0103 acum \u0219i \u00een grupul de <\/p>\n<div class=\"wp-block-button\"><a class=\"wp-block-button__link wp-element-button\" href=\"https:\/\/t.me\/+TH8wcfnp8fw5NWI0\">Telegram News Bucovina<\/a><\/div>\n<p><\/strong><\/div>\n<p>Trei elevi din jude\u021bul Suceava au reprezentat Rom\u00e2nia la etapa interna\u021bional\u0103 a Olimpiadei de Limba \u0219i Literatura Polon\u0103, organizat\u0103 de Polonia \u00een luna martie-aprilie 2026 la Var\u0219ovia.<\/p>\n<figure class=\"wp-block-image size-large\"><a href=\"https:\/\/cdn.newsbucovina.ro\/wp-content\/uploads\/2026\/04\/672419305_1445850010886334_1857711779336324185_n.jpg\"><img loading=\"lazy\" decoding=\"async\" width=\"1024\" height=\"576\" src=\"https:\/\/cdn.newsbucovina.ro\/wp-content\/uploads\/2026\/04\/672419305_1445850010886334_1857711779336324185_n-1024x576.jpg\" alt class=\"wp-image-436239\"><\/a><\/figure>\n<p>Competi\u021bia s-a desf\u0103\u0219urat \u00een dou\u0103 etape: proba scris\u0103 \u00een luna martie \u0219i proba oral\u0103 \u00een perioada 10-11 aprilie 2026, \u00een Palatul Staszic, sediul Institutului de Cercet\u0103ri Literare al Academiei Poloneze de \u0218tiin\u021be.<\/p>\n<p>Elevii califica\u021bi din Suceava au fost:<\/p>\n<ul class=\"wp-block-list\">\n<li><strong>Iedenac Eliza-Maria<\/strong>, clasa a XI-a, de la Colegiul Na\u021bional \u201eMihai Eminescu\u201d Suceava<\/li>\n<li><strong>Balac Davide-Vl\u0103du\u021b<\/strong>, clasa a IX-a, de la Colegiul \u201eAlexandru cel Bun\u201d Gura Humorului<\/li>\n<li><strong>Calistru \u0218tefan-Emanuel<\/strong>, clasa a IX-a, de la Colegiul de Art\u0103 \u201eCiprian Porumbescu\u201d Suceava<\/li>\n<\/ul>\n<p>Cei trei tineri au fost \u00eenso\u021bi\u021bi de doamna <strong>Buzuk Anetta Agnieszka<\/strong>, profesoar\u0103 de limba polon\u0103 la Colegiul \u201eAlexandru cel Bun\u201d Gura Humorului.<\/p>\n<p>Dup\u0103 sus\u021binerea probelor, to\u021bi trei elevii suceveni au ob\u021binut <strong>Men\u021biune \/ titlul de Finalist<\/strong> la aceast\u0103 prestigioas\u0103 olimpiad\u0103 interna\u021bional\u0103.<\/p>\n<figure class=\"wp-block-embed is-type-video is-provider-youtube wp-block-embed-youtube wp-embed-aspect-16-9 wp-has-aspect-ratio\">\n<div class=\"wp-block-embed__wrapper\">\n<div class=\"youtube-embed\" data-video_id=\"Ls_QSaZQl1o\"><iframe loading=\"lazy\" title=\"Moartea p\u00e2nde\u0219te pe \u0219oseaua de centur\u0103 a Sucevei! Ziua ne iau banii cu for\u021ba, Noaptea vine namolul!\" width=\"696\" height=\"392\" src=\"https:\/\/www.youtube.com\/embed\/Ls_QSaZQl1o?feature=oembed&amp;enablejsapi=1\" frameborder allow=\"accelerometer; autoplay; clipboard-write; encrypted-media; gyroscope; picture-in-picture; web-share\" referrerpolicy=\"strict-origin-when-cross-origin\" allowfullscreen><\/iframe><\/div>\n<\/div>\n<\/figure>\n<div class=\"td-a-rec td-a-rec-id-content_bottom  tdi_4 td_block_template_1\"><strong>Intr\u0103 acum \u0219i \u00een grupul de <\/p>\n<div class=\"wp-block-button\"><a class=\"wp-block-button__link wp-element-button\" href=\"https:\/\/t.me\/+TH8wcfnp8fw5NWI0\">Telegram News Bucovina<\/a><\/div>\n<p><\/strong><\/div>\n<\/div>\n<div class=\"td-post-content tagdiv-type\">\n<div class=\"td-a-rec td-a-rec-id-content_top  tdi_3 td_block_template_1\"><strong>Intr\u0103 acum \u0219i \u00een grupul de <\/p>\n<div class=\"wp-block-button\"><a class=\"wp-block-button__link wp-element-button\" href=\"https:\/\/t.me\/+TH8wcfnp8fw5NWI0\">Telegram News Bucovina<\/a><\/div>\n<p><\/strong><\/div>\n<p>Trei elevi din jude\u021bul Suceava au reprezentat Rom\u00e2nia la etapa interna\u021bional\u0103 a Olimpiadei de Limba \u0219i Literatura Polon\u0103, organizat\u0103 de Polonia \u00een luna martie-aprilie 2026 la Var\u0219ovia.<\/p>\n<figure class=\"wp-block-image size-large\"><a href=\"https:\/\/cdn.newsbucovina.ro\/wp-content\/uploads\/2026\/04\/672419305_1445850010886334_1857711779336324185_n.jpg\"><img loading=\"lazy\" decoding=\"async\" width=\"1024\" height=\"576\" src=\"https:\/\/cdn.newsbucovina.ro\/wp-content\/uploads\/2026\/04\/672419305_1445850010886334_1857711779336324185_n-1024x576.jpg\" alt class=\"wp-image-436239\"><\/a><\/figure>\n<p>Competi\u021bia s-a desf\u0103\u0219urat \u00een dou\u0103 etape: proba scris\u0103 \u00een luna martie \u0219i proba oral\u0103 \u00een perioada 10-11 aprilie 2026, \u00een Palatul Staszic, sediul Institutului de Cercet\u0103ri Literare al Academiei Poloneze de \u0218tiin\u021be.<\/p>\n<p>Elevii califica\u021bi din Suceava au fost:<\/p>\n<ul class=\"wp-block-list\">\n<li><strong>Iedenac Eliza-Maria<\/strong>, clasa a XI-a, de la Colegiul Na\u021bional \u201eMihai Eminescu\u201d Suceava<\/li>\n<li><strong>Balac Davide-Vl\u0103du\u021b<\/strong>, clasa a IX-a, de la Colegiul \u201eAlexandru cel Bun\u201d Gura Humorului<\/li>\n<li><strong>Calistru \u0218tefan-Emanuel<\/strong>, clasa a IX-a, de la Colegiul de Art\u0103 \u201eCiprian Porumbescu\u201d Suceava<\/li>\n<\/ul>\n<p>Cei trei tineri au fost \u00eenso\u021bi\u021bi de doamna <strong>Buzuk Anetta Agnieszka<\/strong>, profesoar\u0103 de limba polon\u0103 la Colegiul \u201eAlexandru cel Bun\u201d Gura Humorului.<\/p>\n<p>Dup\u0103 sus\u021binerea probelor, to\u021bi trei elevii suceveni au ob\u021binut <strong>Men\u021biune \/ titlul de Finalist<\/strong> la aceast\u0103 prestigioas\u0103 olimpiad\u0103 interna\u021bional\u0103.<\/p>\n<figure class=\"wp-block-embed is-type-video is-provider-youtube wp-block-embed-youtube wp-embed-aspect-16-9 wp-has-aspect-ratio\">\n<div class=\"wp-block-embed__wrapper\">\n<div class=\"youtube-embed\" data-video_id=\"Ls_QSaZQl1o\"><iframe loading=\"lazy\" title=\"Moartea p\u00e2nde\u0219te pe \u0219oseaua de centur\u0103 a Sucevei! Ziua ne iau banii cu for\u021ba, Noaptea vine namolul!\" width=\"696\" height=\"392\" src=\"https:\/\/www.youtube.com\/embed\/Ls_QSaZQl1o?feature=oembed&amp;enablejsapi=1\" frameborder allow=\"accelerometer; autoplay; clipboard-write; encrypted-media; gyroscope; picture-in-picture; web-share\" referrerpolicy=\"strict-origin-when-cross-origin\" allowfullscreen><\/iframe><\/div>\n<\/div>\n<\/figure>\n<div class=\"td-a-rec td-a-rec-id-content_bottom  tdi_4 td_block_template_1\"><strong>Intr\u0103 acum \u0219i \u00een grupul de <\/p>\n<div class=\"wp-block-button\"><a class=\"wp-block-button__link wp-element-button\" href=\"https:\/\/t.me\/+TH8wcfnp8fw5NWI0\">Telegram News Bucovina<\/a><\/div>\n<p><\/strong><\/div>\n<\/div>\n<p>[analyse_source url=&#8221;https:\/\/www.newsbucovina.ro\/actualitate\/436238\/trei-elevi-din-suceava-premiati-cu-mentiune-la-olimpiada-internationala-de-limba-si-literatura-polona&#8221;]<\/p>\n","protected":false},"excerpt":{"rendered":"<p>[analyse_image type=&#8221;featured&#8221; src=&#8221;https:\/\/www.newsbucovina.ro\/wp-content\/uploads\/2026\/04\/672419305_1445850010886334_1857711779336324185_n.jpghttps:\/\/cdn.newsbucovina.ro\/wp-content\/uploads\/2026\/04\/672419305_1445850010886334_1857711779336324185_n.jpg&#8221;] Intr\u0103 acum \u0219i \u00een grupul de Telegram News Bucovina Trei elevi din jude\u021bul Suceava au reprezentat Rom\u00e2nia la etapa interna\u021bional\u0103 a Olimpiadei de Limba \u0219i Literatura Polon\u0103, organizat\u0103 de Polonia \u00een luna martie-aprilie 2026 la Var\u0219ovia. Competi\u021bia s-a desf\u0103\u0219urat \u00een dou\u0103 etape: proba scris\u0103 \u00een luna martie \u0219i proba oral\u0103 \u00een perioada [&hellip;]<\/p>\n","protected":false},"author":1,"featured_media":0,"comment_status":"open","ping_status":"","sticky":false,"template":"","format":"standard","meta":{"footnotes":""},"categories":[89],"tags":[226,165],"class_list":["post-1885407","post","type-post","status-publish","format-standard","hentry","category-romania","tag-crawlmanager","tag-newsbucovina-ro"],"_links":{"self":[{"href":"https:\/\/analyse.optim.biz\/index.php?rest_route=\/wp\/v2\/posts\/1885407","targetHints":{"allow":["GET"]}}],"collection":[{"href":"https:\/\/analyse.optim.biz\/index.php?rest_route=\/wp\/v2\/posts"}],"about":[{"href":"https:\/\/analyse.optim.biz\/index.php?rest_route=\/wp\/v2\/types\/post"}],"author":[{"embeddable":true,"href":"https:\/\/analyse.optim.biz\/index.php?rest_route=\/wp\/v2\/users\/1"}],"replies":[{"embeddable":true,"href":"https:\/\/analyse.optim.biz\/index.php?rest_route=%2Fwp%2Fv2%2Fcomments&post=1885407"}],"version-history":[{"count":0,"href":"https:\/\/analyse.optim.biz\/index.php?rest_route=\/wp\/v2\/posts\/1885407\/revisions"}],"wp:attachment":[{"href":"https:\/\/analyse.optim.biz\/index.php?rest_route=%2Fwp%2Fv2%2Fmedia&parent=1885407"}],"wp:term":[{"taxonomy":"category","embeddable":true,"href":"https:\/\/analyse.optim.biz\/index.php?rest_route=%2Fwp%2Fv2%2Fcategories&post=1885407"},{"taxonomy":"post_tag","embeddable":true,"href":"https:\/\/analyse.optim.biz\/index.php?rest_route=%2Fwp%2Fv2%2Ftags&post=1885407"}],"curies":[{"name":"wp","href":"https:\/\/api.w.org\/{rel}","templated":true}]}}