{"id":1885399,"date":"2026-04-15T08:39:59","date_gmt":"2026-04-15T05:39:59","guid":{"rendered":"https:\/\/analyse.optim.biz\/?p=1885399"},"modified":"2026-04-15T08:39:59","modified_gmt":"2026-04-15T05:39:59","slug":"consiliul-local-suceava-a-aprobat-reducerea-cu-148-de-posturi-la-primarie-si-transferul-a-82-de-angajati-la-nou-infiintata-societate-pentru-administrarea-pietelor-si-ecarisaj","status":"publish","type":"post","link":"https:\/\/analyse.optim.biz\/?p=1885399","title":{"rendered":"Consiliul Local Suceava a aprobat reducerea cu 148 de posturi la Prim\u0103rie \u0219i transferul a 82 de angaja\u021bi la nou \u00eenfiin\u021bata societate pentru administrarea pie\u021belor \u0219i ecarisaj"},"content":{"rendered":"<p>[analyse_image type=&#8221;featured&#8221; src=&#8221;https:\/\/www.newsbucovina.ro\/wp-content\/uploads\/2026\/04\/Screenshot-8.pnghttps:\/\/cdn.newsbucovina.ro\/wp-content\/uploads\/2026\/04\/Screenshot-8.png&#8221;]<\/p>\n<div class=\"td-post-content tagdiv-type\">\n<div class=\"td-a-rec td-a-rec-id-content_top  tdi_3 td_block_template_1\"><strong>Intr\u0103 acum \u0219i \u00een grupul de <\/p>\n<div class=\"wp-block-button\"><a class=\"wp-block-button__link wp-element-button\" href=\"https:\/\/t.me\/+TH8wcfnp8fw5NWI0\">Telegram News Bucovina<\/a><\/div>\n<p><\/strong><\/div>\n<p>Consiliul Local al Municipiului Suceava a adoptat miercuri, 15 aprilie 2026, proiectul de hot\u0103r\u00e2re privind reorganizarea aparatului de specialitate al Prim\u0103riei \u0219i stabilirea noului num\u0103r maxim de posturi, impus de Ordonan\u021ba de Urgen\u021b\u0103 a Guvernului nr. 7\/2026.<\/p>\n<figure class=\"wp-block-image size-large\"><a href=\"https:\/\/cdn.newsbucovina.ro\/wp-content\/uploads\/2026\/04\/Screenshot-8.png\"><img loading=\"lazy\" decoding=\"async\" width=\"1024\" height=\"561\" src=\"https:\/\/cdn.newsbucovina.ro\/wp-content\/uploads\/2026\/04\/Screenshot-8-1024x561.png\" alt class=\"wp-image-436216\"><\/a><\/figure>\n<p>Proiectul, ini\u021biat de primarul Vasile R\u00eembu, a fost singurul punct pe ordinea de zi \u0219i a fost votat cu <strong>14 voturi pentru<\/strong> \u0219i <strong>4 ab\u021bineri<\/strong>.<\/p>\n<p>Conform adresei nr. 4442\/12.03.2026 transmis\u0103 de Institu\u021bia Prefectului Jude\u021bului Suceava, num\u0103rul maxim de posturi aprobat pentru aparatul de specialitate al primarului este de <strong>378<\/strong>. Prin noua organigram\u0103 se reduc <strong>148 de posturi<\/strong> (66 vacante \u0219i 82 ocupate).<\/p>\n<p>Primarul Vasile R\u00eembu a explicat pe larg motivele \u0219i modalitatea de aplicare a reducerii:<\/p>\n<p>\u201eOrdonan\u021ba de urgen\u021b\u0103 a Guvernului nr. 7\/2026 stabile\u0219te c\u0103 num\u0103rul maxim de posturi se reduce cu 30%, dar nu mai mult de 20% din posturile ocupate. Prefectul ne-a comunicat num\u0103rul maxim de 378 de posturi. Din analiza efectuat\u0103 a rezultat c\u0103 se impune aplicarea regulii de reducere cu 30%, dar nu mai mult de 20% din posturile ocupate. Celelalte variante nu erau viabile, chiar \u0219i cea temporar\u0103 p\u00e2n\u0103 la 31 decembrie 2026.\u201d<\/p>\n<p>Principalele modific\u0103ri aduse de noua organigram\u0103:<\/p>\n<ul class=\"wp-block-list\">\n<li>Serviciul Public de Poli\u021bie Local\u0103: scade de la 119 la <strong>100 de posturi<\/strong> (eliminarea a 19 posturi vacante);<\/li>\n<li>Direc\u021bia de Asisten\u021b\u0103 Social\u0103: r\u0103m\u00e2ne nemodificat\u0103, cu <strong>118 posturi<\/strong> (excep\u021bie legal\u0103);<\/li>\n<li>Serviciul Public Comunitar Local de Eviden\u021b\u0103 a Persoanelor: r\u0103m\u00e2ne la <strong>36 de posturi<\/strong> (din care 2 vacante).<\/li>\n<\/ul>\n<p>Dintre cele 82 de posturi ocupate care se desfiin\u021beaz\u0103, 77 apar\u021bin Direc\u021biei Administra\u021biei Pie\u021belor \u0219i 5 Serviciului de Salubrizare. Aceste posturi vor fi transferate p\u00e2n\u0103 la data de <strong>1 iulie 2026<\/strong> \u00een noua societate comercial\u0103 cu capital integral a Municipiului Suceava, care va prelua administrarea pie\u021belor agroalimentare, bazarului \u0219i activitatea de ecarisaj.<\/p>\n<p>Primarul a subliniat c\u0103 reorganizarea a fost discutat\u0103 \u0219i cu reprezentan\u021bii sindicatului \u0219i ai Comisiei Paritare:<\/p>\n<p>\u201eAm avut \u00een vedere \u0219i modific\u0103rile legislative care reglementeaz\u0103 num\u0103rul minim necesar pentru o structur\u0103 de serviciu. Nu se produc modific\u0103ri \u00een structura Direc\u021biei de Asisten\u021b\u0103 Social\u0103, care se excepteaz\u0103 de la reducere. Serviciul de Poli\u021bie Local\u0103 scade la 100 de posturi, iar num\u0103rul maxim la nivelul aparatului de specialitate al primarului devine 378.\u201d<\/p>\n<p>Despre \u00eenfiin\u021barea noii societ\u0103\u021bi, primarul Vasile R\u00eembu a oferit mai multe preciz\u0103ri:<\/p>\n<p>\u201eOrganizarea \u0219i func\u021bionarea serviciilor publice de administrare a domeniului public \u0219i privat se realizeaz\u0103 \u00een baza O.G. nr. 71\/2002. Este dreptul exclusiv al autorit\u0103\u021bilor locale s\u0103 organizeze aceste servicii. Am ales forma de gestiune direct\u0103 prin intermediul unei societ\u0103\u021bi comerciale nou-\u00eenfiin\u021bate. Activitatea pie\u021belor, bazarurilor \u0219i ecarisajului va fi separat\u0103 de activit\u0103\u021bile birocratice \u0219i de putere public\u0103. \u00cen \u021bar\u0103, acest model a fost adoptat deja \u00een ora\u0219e precum Oradea, Timi\u0219oara, Ia\u0219i, Craiova, Gala\u021bi \u0219i multe altele.\u201d<\/p>\n<p>Primarul a \u021binut s\u0103 lini\u0219teasc\u0103 eventualele \u00eengrijor\u0103ri legate de soarta angaja\u021bilor:<\/p>\n<p>\u201eCei 82 de salaria\u021bi care trec \u00een noua societate sunt, \u00een marea lor majoritate, muncitori, \u00eengrijitori, \u0219oferi \u0219i casieri \u2013 peste dou\u0103 treimi din total. Nu vorbim de salarii mari sau de numiri pe criterii politice. Vor r\u0103m\u00e2ne aceia\u0219i oameni care lucreaz\u0103 deja \u00een aceste domenii. Societatea se va autofinan\u021ba, iar 60% din profit va reveni la bugetul local. R\u0103m\u00e2nem responsabili pentru buna organizare \u0219i func\u021bionare a acestor servicii.\u201d<\/p>\n<p>Primarul a men\u021bionat c\u0103 nu trebuie s\u0103 existe emo\u021bie privind persoana care va conduce societatea respectiv\u0103, fiind vorba de un \u0219ef de serviciu care a fost director, este rodat \u0219i are tot creditul conducerii Prim\u0103riei Suceava.<\/p>\n<p>Reorganizarea complet\u0103 a aparatului de specialitate al primarului trebuie finalizat\u0103 cel t\u00e2rziu la <strong>1 iulie 2026<\/strong>. Nerespectarea termenului atrage sanc\u021biuni conform legisla\u021biei \u00een vigoare.<\/p>\n<figure class=\"wp-block-embed is-type-video is-provider-youtube wp-block-embed-youtube wp-embed-aspect-16-9 wp-has-aspect-ratio\">\n<div class=\"wp-block-embed__wrapper\">\n<div class=\"youtube-embed\" data-video_id=\"Ls_QSaZQl1o\"><iframe loading=\"lazy\" title=\"Moartea p\u00e2nde\u0219te pe \u0219oseaua de centur\u0103 a Sucevei! Ziua ne iau banii cu for\u021ba, Noaptea vine namolul!\" width=\"696\" height=\"392\" src=\"https:\/\/www.youtube.com\/embed\/Ls_QSaZQl1o?feature=oembed&amp;enablejsapi=1\" frameborder allow=\"accelerometer; autoplay; clipboard-write; encrypted-media; gyroscope; picture-in-picture; web-share\" referrerpolicy=\"strict-origin-when-cross-origin\" allowfullscreen><\/iframe><\/div>\n<\/div>\n<\/figure>\n<div class=\"td-a-rec td-a-rec-id-content_bottom  tdi_4 td_block_template_1\"><strong>Intr\u0103 acum \u0219i \u00een grupul de <\/p>\n<div class=\"wp-block-button\"><a class=\"wp-block-button__link wp-element-button\" href=\"https:\/\/t.me\/+TH8wcfnp8fw5NWI0\">Telegram News Bucovina<\/a><\/div>\n<p><\/strong><\/div>\n<\/div>\n<div class=\"td-post-content tagdiv-type\">\n<div class=\"td-a-rec td-a-rec-id-content_top  tdi_3 td_block_template_1\"><strong>Intr\u0103 acum \u0219i \u00een grupul de <\/p>\n<div class=\"wp-block-button\"><a class=\"wp-block-button__link wp-element-button\" href=\"https:\/\/t.me\/+TH8wcfnp8fw5NWI0\">Telegram News Bucovina<\/a><\/div>\n<p><\/strong><\/div>\n<p>Consiliul Local al Municipiului Suceava a adoptat miercuri, 15 aprilie 2026, proiectul de hot\u0103r\u00e2re privind reorganizarea aparatului de specialitate al Prim\u0103riei \u0219i stabilirea noului num\u0103r maxim de posturi, impus de Ordonan\u021ba de Urgen\u021b\u0103 a Guvernului nr. 7\/2026.<\/p>\n<figure class=\"wp-block-image size-large\"><a href=\"https:\/\/cdn.newsbucovina.ro\/wp-content\/uploads\/2026\/04\/Screenshot-8.png\"><img loading=\"lazy\" decoding=\"async\" width=\"1024\" height=\"561\" src=\"https:\/\/cdn.newsbucovina.ro\/wp-content\/uploads\/2026\/04\/Screenshot-8-1024x561.png\" alt class=\"wp-image-436216\"><\/a><\/figure>\n<p>Proiectul, ini\u021biat de primarul Vasile R\u00eembu, a fost singurul punct pe ordinea de zi \u0219i a fost votat cu <strong>14 voturi pentru<\/strong> \u0219i <strong>4 ab\u021bineri<\/strong>.<\/p>\n<p>Conform adresei nr. 4442\/12.03.2026 transmis\u0103 de Institu\u021bia Prefectului Jude\u021bului Suceava, num\u0103rul maxim de posturi aprobat pentru aparatul de specialitate al primarului este de <strong>378<\/strong>. Prin noua organigram\u0103 se reduc <strong>148 de posturi<\/strong> (66 vacante \u0219i 82 ocupate).<\/p>\n<p>Primarul Vasile R\u00eembu a explicat pe larg motivele \u0219i modalitatea de aplicare a reducerii:<\/p>\n<p>\u201eOrdonan\u021ba de urgen\u021b\u0103 a Guvernului nr. 7\/2026 stabile\u0219te c\u0103 num\u0103rul maxim de posturi se reduce cu 30%, dar nu mai mult de 20% din posturile ocupate. Prefectul ne-a comunicat num\u0103rul maxim de 378 de posturi. Din analiza efectuat\u0103 a rezultat c\u0103 se impune aplicarea regulii de reducere cu 30%, dar nu mai mult de 20% din posturile ocupate. Celelalte variante nu erau viabile, chiar \u0219i cea temporar\u0103 p\u00e2n\u0103 la 31 decembrie 2026.\u201d<\/p>\n<p>Principalele modific\u0103ri aduse de noua organigram\u0103:<\/p>\n<ul class=\"wp-block-list\">\n<li>Serviciul Public de Poli\u021bie Local\u0103: scade de la 119 la <strong>100 de posturi<\/strong> (eliminarea a 19 posturi vacante);<\/li>\n<li>Direc\u021bia de Asisten\u021b\u0103 Social\u0103: r\u0103m\u00e2ne nemodificat\u0103, cu <strong>118 posturi<\/strong> (excep\u021bie legal\u0103);<\/li>\n<li>Serviciul Public Comunitar Local de Eviden\u021b\u0103 a Persoanelor: r\u0103m\u00e2ne la <strong>36 de posturi<\/strong> (din care 2 vacante).<\/li>\n<\/ul>\n<p>Dintre cele 82 de posturi ocupate care se desfiin\u021beaz\u0103, 77 apar\u021bin Direc\u021biei Administra\u021biei Pie\u021belor \u0219i 5 Serviciului de Salubrizare. Aceste posturi vor fi transferate p\u00e2n\u0103 la data de <strong>1 iulie 2026<\/strong> \u00een noua societate comercial\u0103 cu capital integral a Municipiului Suceava, care va prelua administrarea pie\u021belor agroalimentare, bazarului \u0219i activitatea de ecarisaj.<\/p>\n<p>Primarul a subliniat c\u0103 reorganizarea a fost discutat\u0103 \u0219i cu reprezentan\u021bii sindicatului \u0219i ai Comisiei Paritare:<\/p>\n<p>\u201eAm avut \u00een vedere \u0219i modific\u0103rile legislative care reglementeaz\u0103 num\u0103rul minim necesar pentru o structur\u0103 de serviciu. Nu se produc modific\u0103ri \u00een structura Direc\u021biei de Asisten\u021b\u0103 Social\u0103, care se excepteaz\u0103 de la reducere. Serviciul de Poli\u021bie Local\u0103 scade la 100 de posturi, iar num\u0103rul maxim la nivelul aparatului de specialitate al primarului devine 378.\u201d<\/p>\n<p>Despre \u00eenfiin\u021barea noii societ\u0103\u021bi, primarul Vasile R\u00eembu a oferit mai multe preciz\u0103ri:<\/p>\n<p>\u201eOrganizarea \u0219i func\u021bionarea serviciilor publice de administrare a domeniului public \u0219i privat se realizeaz\u0103 \u00een baza O.G. nr. 71\/2002. Este dreptul exclusiv al autorit\u0103\u021bilor locale s\u0103 organizeze aceste servicii. Am ales forma de gestiune direct\u0103 prin intermediul unei societ\u0103\u021bi comerciale nou-\u00eenfiin\u021bate. Activitatea pie\u021belor, bazarurilor \u0219i ecarisajului va fi separat\u0103 de activit\u0103\u021bile birocratice \u0219i de putere public\u0103. \u00cen \u021bar\u0103, acest model a fost adoptat deja \u00een ora\u0219e precum Oradea, Timi\u0219oara, Ia\u0219i, Craiova, Gala\u021bi \u0219i multe altele.\u201d<\/p>\n<p>Primarul a \u021binut s\u0103 lini\u0219teasc\u0103 eventualele \u00eengrijor\u0103ri legate de soarta angaja\u021bilor:<\/p>\n<p>\u201eCei 82 de salaria\u021bi care trec \u00een noua societate sunt, \u00een marea lor majoritate, muncitori, \u00eengrijitori, \u0219oferi \u0219i casieri \u2013 peste dou\u0103 treimi din total. Nu vorbim de salarii mari sau de numiri pe criterii politice. Vor r\u0103m\u00e2ne aceia\u0219i oameni care lucreaz\u0103 deja \u00een aceste domenii. Societatea se va autofinan\u021ba, iar 60% din profit va reveni la bugetul local. R\u0103m\u00e2nem responsabili pentru buna organizare \u0219i func\u021bionare a acestor servicii.\u201d<\/p>\n<p>Primarul a men\u021bionat c\u0103 nu trebuie s\u0103 existe emo\u021bie privind persoana care va conduce societatea respectiv\u0103, fiind vorba de un \u0219ef de serviciu care a fost director, este rodat \u0219i are tot creditul conducerii Prim\u0103riei Suceava.<\/p>\n<p>Reorganizarea complet\u0103 a aparatului de specialitate al primarului trebuie finalizat\u0103 cel t\u00e2rziu la <strong>1 iulie 2026<\/strong>. Nerespectarea termenului atrage sanc\u021biuni conform legisla\u021biei \u00een vigoare.<\/p>\n<figure class=\"wp-block-embed is-type-video is-provider-youtube wp-block-embed-youtube wp-embed-aspect-16-9 wp-has-aspect-ratio\">\n<div class=\"wp-block-embed__wrapper\">\n<div class=\"youtube-embed\" data-video_id=\"Ls_QSaZQl1o\"><iframe loading=\"lazy\" title=\"Moartea p\u00e2nde\u0219te pe \u0219oseaua de centur\u0103 a Sucevei! Ziua ne iau banii cu for\u021ba, Noaptea vine namolul!\" width=\"696\" height=\"392\" src=\"https:\/\/www.youtube.com\/embed\/Ls_QSaZQl1o?feature=oembed&amp;enablejsapi=1\" frameborder allow=\"accelerometer; autoplay; clipboard-write; encrypted-media; gyroscope; picture-in-picture; web-share\" referrerpolicy=\"strict-origin-when-cross-origin\" allowfullscreen><\/iframe><\/div>\n<\/div>\n<\/figure>\n<div class=\"td-a-rec td-a-rec-id-content_bottom  tdi_4 td_block_template_1\"><strong>Intr\u0103 acum \u0219i \u00een grupul de <\/p>\n<div class=\"wp-block-button\"><a class=\"wp-block-button__link wp-element-button\" href=\"https:\/\/t.me\/+TH8wcfnp8fw5NWI0\">Telegram News Bucovina<\/a><\/div>\n<p><\/strong><\/div>\n<\/div>\n<p>[analyse_source url=&#8221;https:\/\/www.newsbucovina.ro\/actualitate\/436215\/consiliul-local-suceava-a-aprobat-reducerea-cu-148-de-posturi-la-primarie-si-transferul-a-82-de-angajati-la-nou-infiintata-societate-pentru-administrarea-pietelor-si-ecarisaj&#8221;]<\/p>\n","protected":false},"excerpt":{"rendered":"<p>[analyse_image type=&#8221;featured&#8221; src=&#8221;https:\/\/www.newsbucovina.ro\/wp-content\/uploads\/2026\/04\/Screenshot-8.pnghttps:\/\/cdn.newsbucovina.ro\/wp-content\/uploads\/2026\/04\/Screenshot-8.png&#8221;] Intr\u0103 acum \u0219i \u00een grupul de Telegram News Bucovina Consiliul Local al Municipiului Suceava a adoptat miercuri, 15 aprilie 2026, proiectul de hot\u0103r\u00e2re privind reorganizarea aparatului de specialitate al Prim\u0103riei \u0219i stabilirea noului num\u0103r maxim de posturi, impus de Ordonan\u021ba de Urgen\u021b\u0103 a Guvernului nr. 7\/2026. Proiectul, ini\u021biat de primarul Vasile R\u00eembu, [&hellip;]<\/p>\n","protected":false},"author":1,"featured_media":0,"comment_status":"open","ping_status":"","sticky":false,"template":"","format":"standard","meta":{"footnotes":""},"categories":[89],"tags":[226,165],"class_list":["post-1885399","post","type-post","status-publish","format-standard","hentry","category-romania","tag-crawlmanager","tag-newsbucovina-ro"],"_links":{"self":[{"href":"https:\/\/analyse.optim.biz\/index.php?rest_route=\/wp\/v2\/posts\/1885399","targetHints":{"allow":["GET"]}}],"collection":[{"href":"https:\/\/analyse.optim.biz\/index.php?rest_route=\/wp\/v2\/posts"}],"about":[{"href":"https:\/\/analyse.optim.biz\/index.php?rest_route=\/wp\/v2\/types\/post"}],"author":[{"embeddable":true,"href":"https:\/\/analyse.optim.biz\/index.php?rest_route=\/wp\/v2\/users\/1"}],"replies":[{"embeddable":true,"href":"https:\/\/analyse.optim.biz\/index.php?rest_route=%2Fwp%2Fv2%2Fcomments&post=1885399"}],"version-history":[{"count":0,"href":"https:\/\/analyse.optim.biz\/index.php?rest_route=\/wp\/v2\/posts\/1885399\/revisions"}],"wp:attachment":[{"href":"https:\/\/analyse.optim.biz\/index.php?rest_route=%2Fwp%2Fv2%2Fmedia&parent=1885399"}],"wp:term":[{"taxonomy":"category","embeddable":true,"href":"https:\/\/analyse.optim.biz\/index.php?rest_route=%2Fwp%2Fv2%2Fcategories&post=1885399"},{"taxonomy":"post_tag","embeddable":true,"href":"https:\/\/analyse.optim.biz\/index.php?rest_route=%2Fwp%2Fv2%2Ftags&post=1885399"}],"curies":[{"name":"wp","href":"https:\/\/api.w.org\/{rel}","templated":true}]}}