{"id":1885394,"date":"2026-04-16T12:02:53","date_gmt":"2026-04-16T09:02:53","guid":{"rendered":"https:\/\/analyse.optim.biz\/?p=1885394"},"modified":"2026-04-16T12:02:53","modified_gmt":"2026-04-16T09:02:53","slug":"barbat-arestat-preventiv-pentru-30-de-zile-dupa-ce-si-a-injunghiat-cumnatul-in-noaptea-de-inviere-la-campulung-moldovenesc","status":"publish","type":"post","link":"https:\/\/analyse.optim.biz\/?p=1885394","title":{"rendered":"B\u0103rbat arestat preventiv pentru 30 de zile dup\u0103 ce \u0219i-a \u00eenjunghiat cumnatul \u00een noaptea de \u00cenviere la C\u00e2mpulung Moldovenesc"},"content":{"rendered":"<p>[analyse_image type=&#8221;featured&#8221; src=&#8221;https:\/\/www.newsbucovina.ro\/wp-content\/uploads\/2023\/01\/ambulanta-injunghiat-pacient-targa.jpghttps:\/\/cdn.newsbucovina.ro\/wp-content\/uploads\/2023\/01\/ambulanta-injunghiat-pacient-targa.jpg&#8221;]<\/p>\n<div class=\"td-post-content tagdiv-type\">\n<div class=\"td-a-rec td-a-rec-id-content_top  tdi_3 td_block_template_1\"><strong>Intr\u0103 acum \u0219i \u00een grupul de <\/p>\n<div class=\"wp-block-button\"><a class=\"wp-block-button__link wp-element-button\" href=\"https:\/\/t.me\/+TH8wcfnp8fw5NWI0\">Telegram News Bucovina<\/a><\/div>\n<p><\/strong><\/div>\n<p>Tribunalul Suceava a dispus, joi, arestarea preventiv\u0103 pentru 30 de zile a unui b\u0103rbat din C\u00e2mpulung Moldovenesc, cercetat pentru tentativ\u0103 la omor dup\u0103 ce \u0219i-a \u00eenjunghiat cumnatul cu un cu\u021bit de buc\u0103t\u0103rie.<\/p>\n<div class=\"wp-block-image\">\n<figure class=\"aligncenter size-full\"><a href=\"https:\/\/cdn.newsbucovina.ro\/wp-content\/uploads\/2023\/01\/ambulanta-injunghiat-pacient-targa.jpg\"><img loading=\"lazy\" decoding=\"async\" width=\"636\" height=\"398\" src=\"https:\/\/cdn.newsbucovina.ro\/wp-content\/uploads\/2023\/01\/ambulanta-injunghiat-pacient-targa.jpg.webp\" alt class=\"wp-image-358098\"><\/a><\/figure>\n<\/div>\n<p>Incidentul a avut loc \u00een noaptea de \u00cenviere, 11 spre 12 aprilie 2026, \u00een locuin\u021ba din strada Sirenei.<\/p>\n<p>Cei doi cumna\u021bi consumaser\u0103 b\u0103uturi alcoolice, iar pe fondul unor discu\u021bii contradictorii, suspectul a luat un cu\u021bit \u0219i l-a lovit pe victim\u0103 \u00een zona toracelui, provoc\u00e2ndu-i o plag\u0103 t\u0103iat\u0103.<\/p>\n<p>Ini\u021bial, victima a declarat c\u0103 s-a lovit singur\u0103 c\u0103z\u00e2nd pe o biciclet\u0103 din casa sc\u0103rii, \u00eens\u0103 ulterior, la Spitalul Jude\u021bean Suceava, \u0219i-a schimbat declara\u021bia \u0219i a relatat poli\u021bi\u0219tilor cum a fost agresat cu un cu\u021bit.<\/p>\n<p>Leziunea nu i-a pus via\u021ba \u00een pericol, dar procurorii au considerat fapta extrem de grav\u0103.<\/p>\n<p>Dosarul a fost declinat de la Parchetul de pe l\u00e2ng\u0103 Judec\u0103toria C\u00e2mpulung Moldovenesc la Parchetul de pe l\u00e2ng\u0103 Tribunalul Suceava, unde \u00eencadrarea juridic\u0103 a fost schimbat\u0103 succesiv: de la \u201elovire sau alte violen\u021be\u201d, la \u201ev\u0103t\u0103mare corporal\u0103\u201d \u0219i, \u00een final, la <strong>\u201etentativ\u0103 la omor\u201d<\/strong>.<\/p>\n<p>Dup\u0103 administrarea probatoriului de c\u0103tre Serviciul de Investiga\u021bii Criminale al IPJ Suceava, procurorul a dispus re\u021binerea suspectului pentru 24 de ore pe 15 aprilie 2026. Joi, 16 aprilie 2026, b\u0103rbatul a fost prezentat Tribunalului Suceava, care a admis propunerea procurorului \u0219i a dispus <strong>arestarea preventiv\u0103 pentru 30 de zile<\/strong>.<\/p>\n<p>Cercet\u0103rile continu\u0103 sub aspectul s\u0103v\u00e2r\u0219irii infrac\u021biunii de tentativ\u0103 la omor, dosarul fiind instrumentat de Parchetul de pe l\u00e2ng\u0103 Tribunalul Suceava.<\/p>\n<p>.<\/p>\n<div class=\"td-a-rec td-a-rec-id-content_bottom  tdi_4 td_block_template_1\"><strong>Intr\u0103 acum \u0219i \u00een grupul de <\/p>\n<div class=\"wp-block-button\"><a class=\"wp-block-button__link wp-element-button\" href=\"https:\/\/t.me\/+TH8wcfnp8fw5NWI0\">Telegram News Bucovina<\/a><\/div>\n<p><\/strong><\/div>\n<\/div>\n<div class=\"td-post-content tagdiv-type\">\n<div class=\"td-a-rec td-a-rec-id-content_top  tdi_3 td_block_template_1\"><strong>Intr\u0103 acum \u0219i \u00een grupul de <\/p>\n<div class=\"wp-block-button\"><a class=\"wp-block-button__link wp-element-button\" href=\"https:\/\/t.me\/+TH8wcfnp8fw5NWI0\">Telegram News Bucovina<\/a><\/div>\n<p><\/strong><\/div>\n<p>Tribunalul Suceava a dispus, joi, arestarea preventiv\u0103 pentru 30 de zile a unui b\u0103rbat din C\u00e2mpulung Moldovenesc, cercetat pentru tentativ\u0103 la omor dup\u0103 ce \u0219i-a \u00eenjunghiat cumnatul cu un cu\u021bit de buc\u0103t\u0103rie.<\/p>\n<div class=\"wp-block-image\">\n<figure class=\"aligncenter size-full\"><a href=\"https:\/\/cdn.newsbucovina.ro\/wp-content\/uploads\/2023\/01\/ambulanta-injunghiat-pacient-targa.jpg\"><img loading=\"lazy\" decoding=\"async\" width=\"636\" height=\"398\" src=\"https:\/\/cdn.newsbucovina.ro\/wp-content\/uploads\/2023\/01\/ambulanta-injunghiat-pacient-targa.jpg.webp\" alt class=\"wp-image-358098\"><\/a><\/figure>\n<\/div>\n<p>Incidentul a avut loc \u00een noaptea de \u00cenviere, 11 spre 12 aprilie 2026, \u00een locuin\u021ba din strada Sirenei.<\/p>\n<p>Cei doi cumna\u021bi consumaser\u0103 b\u0103uturi alcoolice, iar pe fondul unor discu\u021bii contradictorii, suspectul a luat un cu\u021bit \u0219i l-a lovit pe victim\u0103 \u00een zona toracelui, provoc\u00e2ndu-i o plag\u0103 t\u0103iat\u0103.<\/p>\n<p>Ini\u021bial, victima a declarat c\u0103 s-a lovit singur\u0103 c\u0103z\u00e2nd pe o biciclet\u0103 din casa sc\u0103rii, \u00eens\u0103 ulterior, la Spitalul Jude\u021bean Suceava, \u0219i-a schimbat declara\u021bia \u0219i a relatat poli\u021bi\u0219tilor cum a fost agresat cu un cu\u021bit.<\/p>\n<p>Leziunea nu i-a pus via\u021ba \u00een pericol, dar procurorii au considerat fapta extrem de grav\u0103.<\/p>\n<p>Dosarul a fost declinat de la Parchetul de pe l\u00e2ng\u0103 Judec\u0103toria C\u00e2mpulung Moldovenesc la Parchetul de pe l\u00e2ng\u0103 Tribunalul Suceava, unde \u00eencadrarea juridic\u0103 a fost schimbat\u0103 succesiv: de la \u201elovire sau alte violen\u021be\u201d, la \u201ev\u0103t\u0103mare corporal\u0103\u201d \u0219i, \u00een final, la <strong>\u201etentativ\u0103 la omor\u201d<\/strong>.<\/p>\n<p>Dup\u0103 administrarea probatoriului de c\u0103tre Serviciul de Investiga\u021bii Criminale al IPJ Suceava, procurorul a dispus re\u021binerea suspectului pentru 24 de ore pe 15 aprilie 2026. Joi, 16 aprilie 2026, b\u0103rbatul a fost prezentat Tribunalului Suceava, care a admis propunerea procurorului \u0219i a dispus <strong>arestarea preventiv\u0103 pentru 30 de zile<\/strong>.<\/p>\n<p>Cercet\u0103rile continu\u0103 sub aspectul s\u0103v\u00e2r\u0219irii infrac\u021biunii de tentativ\u0103 la omor, dosarul fiind instrumentat de Parchetul de pe l\u00e2ng\u0103 Tribunalul Suceava.<\/p>\n<p>.<\/p>\n<div class=\"td-a-rec td-a-rec-id-content_bottom  tdi_4 td_block_template_1\"><strong>Intr\u0103 acum \u0219i \u00een grupul de <\/p>\n<div class=\"wp-block-button\"><a class=\"wp-block-button__link wp-element-button\" href=\"https:\/\/t.me\/+TH8wcfnp8fw5NWI0\">Telegram News Bucovina<\/a><\/div>\n<p><\/strong><\/div>\n<\/div>\n<p>[analyse_source url=&#8221;https:\/\/www.newsbucovina.ro\/campulung-moldovenesc\/436313\/barbat-arestat-preventiv-pentru-30-de-zile-dupa-ce-si-a-injunghiat-cumnatul-in-noaptea-de-inviere-la-campulung-moldovenesc&#8221;]<\/p>\n","protected":false},"excerpt":{"rendered":"<p>[analyse_image type=&#8221;featured&#8221; src=&#8221;https:\/\/www.newsbucovina.ro\/wp-content\/uploads\/2023\/01\/ambulanta-injunghiat-pacient-targa.jpghttps:\/\/cdn.newsbucovina.ro\/wp-content\/uploads\/2023\/01\/ambulanta-injunghiat-pacient-targa.jpg&#8221;] Intr\u0103 acum \u0219i \u00een grupul de Telegram News Bucovina Tribunalul Suceava a dispus, joi, arestarea preventiv\u0103 pentru 30 de zile a unui b\u0103rbat din C\u00e2mpulung Moldovenesc, cercetat pentru tentativ\u0103 la omor dup\u0103 ce \u0219i-a \u00eenjunghiat cumnatul cu un cu\u021bit de buc\u0103t\u0103rie. Incidentul a avut loc \u00een noaptea de \u00cenviere, 11 spre 12 [&hellip;]<\/p>\n","protected":false},"author":1,"featured_media":0,"comment_status":"open","ping_status":"","sticky":false,"template":"","format":"standard","meta":{"footnotes":""},"categories":[89],"tags":[226,165],"class_list":["post-1885394","post","type-post","status-publish","format-standard","hentry","category-romania","tag-crawlmanager","tag-newsbucovina-ro"],"_links":{"self":[{"href":"https:\/\/analyse.optim.biz\/index.php?rest_route=\/wp\/v2\/posts\/1885394","targetHints":{"allow":["GET"]}}],"collection":[{"href":"https:\/\/analyse.optim.biz\/index.php?rest_route=\/wp\/v2\/posts"}],"about":[{"href":"https:\/\/analyse.optim.biz\/index.php?rest_route=\/wp\/v2\/types\/post"}],"author":[{"embeddable":true,"href":"https:\/\/analyse.optim.biz\/index.php?rest_route=\/wp\/v2\/users\/1"}],"replies":[{"embeddable":true,"href":"https:\/\/analyse.optim.biz\/index.php?rest_route=%2Fwp%2Fv2%2Fcomments&post=1885394"}],"version-history":[{"count":0,"href":"https:\/\/analyse.optim.biz\/index.php?rest_route=\/wp\/v2\/posts\/1885394\/revisions"}],"wp:attachment":[{"href":"https:\/\/analyse.optim.biz\/index.php?rest_route=%2Fwp%2Fv2%2Fmedia&parent=1885394"}],"wp:term":[{"taxonomy":"category","embeddable":true,"href":"https:\/\/analyse.optim.biz\/index.php?rest_route=%2Fwp%2Fv2%2Fcategories&post=1885394"},{"taxonomy":"post_tag","embeddable":true,"href":"https:\/\/analyse.optim.biz\/index.php?rest_route=%2Fwp%2Fv2%2Ftags&post=1885394"}],"curies":[{"name":"wp","href":"https:\/\/api.w.org\/{rel}","templated":true}]}}