{"id":1885390,"date":"2026-04-16T11:55:28","date_gmt":"2026-04-16T08:55:28","guid":{"rendered":"https:\/\/analyse.optim.biz\/?p=1885390"},"modified":"2026-04-16T11:55:28","modified_gmt":"2026-04-16T08:55:28","slug":"furt-de-sute-de-litri-de-motorina-de-la-o-firma-din-vatra-dornei-autorii-un-localnic-paznicul-si-o-femeie-gravida","status":"publish","type":"post","link":"https:\/\/analyse.optim.biz\/?p=1885390","title":{"rendered":"Furt de sute de litri de motorin\u0103 de la o firm\u0103 din Vatra Dornei. Autorii, un localnic, paznicul \u0219i o femeie gravid\u0103"},"content":{"rendered":"<p>[analyse_image type=&#8221;featured&#8221; src=&#8221;https:\/\/www.newsbucovina.ro\/wp-content\/uploads\/2026\/04\/motorina-furt.jpghttps:\/\/cdn.newsbucovina.ro\/wp-content\/uploads\/2026\/04\/motorina-furt.jpg&#8221;]<\/p>\n<div class=\"td-post-content tagdiv-type\">\n<div class=\"td-a-rec td-a-rec-id-content_top  tdi_3 td_block_template_1\"><strong>Intr\u0103 acum \u0219i \u00een grupul de <\/p>\n<div class=\"wp-block-button\"><a class=\"wp-block-button__link wp-element-button\" href=\"https:\/\/t.me\/+TH8wcfnp8fw5NWI0\">Telegram News Bucovina<\/a><\/div>\n<p><\/strong><\/div>\n<p>Poli\u021bi\u0219tii din Vatra Dornei au efectuat cercet\u0103ri \u00eentr-un dosar de furt calificat \u0219i au re\u021binut dou\u0103 persoane, dup\u0103 ce au fost identifica\u021bi autorii sustragerii a aproximativ 240 de litri de motorin\u0103 dintr-un rezervor ce deserve\u0219te alimentarea utilajelor apar\u021bin\u00e2nd unei societ\u0103\u021bi comerciale din municipiu.<\/p>\n<div class=\"wp-block-image\">\n<figure class=\"aligncenter size-full\"><a href=\"https:\/\/cdn.newsbucovina.ro\/wp-content\/uploads\/2026\/04\/motorina-furt.jpg\"><img loading=\"lazy\" decoding=\"async\" width=\"734\" height=\"429\" src=\"https:\/\/cdn.newsbucovina.ro\/wp-content\/uploads\/2026\/04\/motorina-furt.jpg\" alt class=\"wp-image-436311\"><\/a><\/figure>\n<\/div>\n<p>Incidentul a fost sesizat pe 15 aprilie 2026 de un angajat al firmei, care a constatat lipsa a 12 canistre de 20 de litri \u0219i diminuarea cantit\u0103\u021bii de motorin\u0103 din rezervor. Prejudiciul a fost estimat la aproximativ 2.400 de lei.<\/p>\n<p>Din investiga\u021biile efectuate de lucr\u0103torii Biroului de Investiga\u021bii Criminale a rezultat c\u0103 fapta a fost comis\u0103 \u00een seara de 12 aprilie 2026. Cei trei autori s-au \u00een\u021beles \u00een prealabil: paznicul de serviciu le-a permis accesul \u00een incint\u0103, a dezactivat sistemul de supraveghere video, dup\u0103 care au sustras motorina pe care au depozitat-o \u00een canistre \u0219i au transportat-o cu un autoturism VW Touran la domiciliul unuia dintre ei, din Vatra Dornei.<\/p>\n<p>Cu ocazia audierilor, to\u021bi trei, \u00eentre care \u0219i o femeie gravid\u0103, au recunoscut comiterea faptei. Poli\u021bi\u0219tii au recuperat 7 canistre cu motorin\u0103, care au fost restituite persoanei v\u0103t\u0103mate. O parte din combustibilul sustras a fost g\u0103sit \u00een rezervorul autoturismului folosit la comiterea infrac\u021biunii, vehiculul fiind indisponibilizat.<\/p>\n<p>Fa\u021b\u0103 de doi dintre suspec\u021bi s-a dispus re\u021binerea pentru 24 de ore, ace\u0219tia fiind introdu\u0219i \u00een Centrul de Re\u021binere \u0219i Arest Preventiv al IPJ Suceava. Cercet\u0103rile fa\u021b\u0103 de cea de-a treia persoan\u0103 (aflat\u0103 \u00een primul trimestru de sarcin\u0103) continu\u0103 \u00een stare de libertate.<\/p>\n<p>Dosarul penal a fost \u00eentocmit sub aspectul s\u0103v\u00e2r\u0219irii infrac\u021biunii de \u201efurt calificat\u201d.<\/p>\n<div class=\"td-a-rec td-a-rec-id-content_bottom  tdi_4 td_block_template_1\"><strong>Intr\u0103 acum \u0219i \u00een grupul de <\/p>\n<div class=\"wp-block-button\"><a class=\"wp-block-button__link wp-element-button\" href=\"https:\/\/t.me\/+TH8wcfnp8fw5NWI0\">Telegram News Bucovina<\/a><\/div>\n<p><\/strong><\/div>\n<\/div>\n<div class=\"td-post-content tagdiv-type\">\n<div class=\"td-a-rec td-a-rec-id-content_top  tdi_3 td_block_template_1\"><strong>Intr\u0103 acum \u0219i \u00een grupul de <\/p>\n<div class=\"wp-block-button\"><a class=\"wp-block-button__link wp-element-button\" href=\"https:\/\/t.me\/+TH8wcfnp8fw5NWI0\">Telegram News Bucovina<\/a><\/div>\n<p><\/strong><\/div>\n<p>Poli\u021bi\u0219tii din Vatra Dornei au efectuat cercet\u0103ri \u00eentr-un dosar de furt calificat \u0219i au re\u021binut dou\u0103 persoane, dup\u0103 ce au fost identifica\u021bi autorii sustragerii a aproximativ 240 de litri de motorin\u0103 dintr-un rezervor ce deserve\u0219te alimentarea utilajelor apar\u021bin\u00e2nd unei societ\u0103\u021bi comerciale din municipiu.<\/p>\n<div class=\"wp-block-image\">\n<figure class=\"aligncenter size-full\"><a href=\"https:\/\/cdn.newsbucovina.ro\/wp-content\/uploads\/2026\/04\/motorina-furt.jpg\"><img loading=\"lazy\" decoding=\"async\" width=\"734\" height=\"429\" src=\"https:\/\/cdn.newsbucovina.ro\/wp-content\/uploads\/2026\/04\/motorina-furt.jpg\" alt class=\"wp-image-436311\"><\/a><\/figure>\n<\/div>\n<p>Incidentul a fost sesizat pe 15 aprilie 2026 de un angajat al firmei, care a constatat lipsa a 12 canistre de 20 de litri \u0219i diminuarea cantit\u0103\u021bii de motorin\u0103 din rezervor. Prejudiciul a fost estimat la aproximativ 2.400 de lei.<\/p>\n<p>Din investiga\u021biile efectuate de lucr\u0103torii Biroului de Investiga\u021bii Criminale a rezultat c\u0103 fapta a fost comis\u0103 \u00een seara de 12 aprilie 2026. Cei trei autori s-au \u00een\u021beles \u00een prealabil: paznicul de serviciu le-a permis accesul \u00een incint\u0103, a dezactivat sistemul de supraveghere video, dup\u0103 care au sustras motorina pe care au depozitat-o \u00een canistre \u0219i au transportat-o cu un autoturism VW Touran la domiciliul unuia dintre ei, din Vatra Dornei.<\/p>\n<p>Cu ocazia audierilor, to\u021bi trei, \u00eentre care \u0219i o femeie gravid\u0103, au recunoscut comiterea faptei. Poli\u021bi\u0219tii au recuperat 7 canistre cu motorin\u0103, care au fost restituite persoanei v\u0103t\u0103mate. O parte din combustibilul sustras a fost g\u0103sit \u00een rezervorul autoturismului folosit la comiterea infrac\u021biunii, vehiculul fiind indisponibilizat.<\/p>\n<p>Fa\u021b\u0103 de doi dintre suspec\u021bi s-a dispus re\u021binerea pentru 24 de ore, ace\u0219tia fiind introdu\u0219i \u00een Centrul de Re\u021binere \u0219i Arest Preventiv al IPJ Suceava. Cercet\u0103rile fa\u021b\u0103 de cea de-a treia persoan\u0103 (aflat\u0103 \u00een primul trimestru de sarcin\u0103) continu\u0103 \u00een stare de libertate.<\/p>\n<p>Dosarul penal a fost \u00eentocmit sub aspectul s\u0103v\u00e2r\u0219irii infrac\u021biunii de \u201efurt calificat\u201d.<\/p>\n<div class=\"td-a-rec td-a-rec-id-content_bottom  tdi_4 td_block_template_1\"><strong>Intr\u0103 acum \u0219i \u00een grupul de <\/p>\n<div class=\"wp-block-button\"><a class=\"wp-block-button__link wp-element-button\" href=\"https:\/\/t.me\/+TH8wcfnp8fw5NWI0\">Telegram News Bucovina<\/a><\/div>\n<p><\/strong><\/div>\n<\/div>\n<p>[analyse_source url=&#8221;https:\/\/www.newsbucovina.ro\/vatra-dornei\/436310\/furt-de-sute-de-litri-de-motorina-de-la-o-firma-din-vatra-dornei-autorii-un-localnic-paznicul-si-o-femeie-gravida&#8221;]<\/p>\n","protected":false},"excerpt":{"rendered":"<p>[analyse_image type=&#8221;featured&#8221; src=&#8221;https:\/\/www.newsbucovina.ro\/wp-content\/uploads\/2026\/04\/motorina-furt.jpghttps:\/\/cdn.newsbucovina.ro\/wp-content\/uploads\/2026\/04\/motorina-furt.jpg&#8221;] Intr\u0103 acum \u0219i \u00een grupul de Telegram News Bucovina Poli\u021bi\u0219tii din Vatra Dornei au efectuat cercet\u0103ri \u00eentr-un dosar de furt calificat \u0219i au re\u021binut dou\u0103 persoane, dup\u0103 ce au fost identifica\u021bi autorii sustragerii a aproximativ 240 de litri de motorin\u0103 dintr-un rezervor ce deserve\u0219te alimentarea utilajelor apar\u021bin\u00e2nd unei societ\u0103\u021bi comerciale din municipiu. [&hellip;]<\/p>\n","protected":false},"author":1,"featured_media":0,"comment_status":"open","ping_status":"","sticky":false,"template":"","format":"standard","meta":{"footnotes":""},"categories":[89],"tags":[226,165],"class_list":["post-1885390","post","type-post","status-publish","format-standard","hentry","category-romania","tag-crawlmanager","tag-newsbucovina-ro"],"_links":{"self":[{"href":"https:\/\/analyse.optim.biz\/index.php?rest_route=\/wp\/v2\/posts\/1885390","targetHints":{"allow":["GET"]}}],"collection":[{"href":"https:\/\/analyse.optim.biz\/index.php?rest_route=\/wp\/v2\/posts"}],"about":[{"href":"https:\/\/analyse.optim.biz\/index.php?rest_route=\/wp\/v2\/types\/post"}],"author":[{"embeddable":true,"href":"https:\/\/analyse.optim.biz\/index.php?rest_route=\/wp\/v2\/users\/1"}],"replies":[{"embeddable":true,"href":"https:\/\/analyse.optim.biz\/index.php?rest_route=%2Fwp%2Fv2%2Fcomments&post=1885390"}],"version-history":[{"count":0,"href":"https:\/\/analyse.optim.biz\/index.php?rest_route=\/wp\/v2\/posts\/1885390\/revisions"}],"wp:attachment":[{"href":"https:\/\/analyse.optim.biz\/index.php?rest_route=%2Fwp%2Fv2%2Fmedia&parent=1885390"}],"wp:term":[{"taxonomy":"category","embeddable":true,"href":"https:\/\/analyse.optim.biz\/index.php?rest_route=%2Fwp%2Fv2%2Fcategories&post=1885390"},{"taxonomy":"post_tag","embeddable":true,"href":"https:\/\/analyse.optim.biz\/index.php?rest_route=%2Fwp%2Fv2%2Ftags&post=1885390"}],"curies":[{"name":"wp","href":"https:\/\/api.w.org\/{rel}","templated":true}]}}