{"id":1885386,"date":"2026-04-16T11:38:45","date_gmt":"2026-04-16T08:38:45","guid":{"rendered":"https:\/\/analyse.optim.biz\/?p=1885386"},"modified":"2026-04-16T11:38:45","modified_gmt":"2026-04-16T08:38:45","slug":"barbat-retinut-pentru-24-de-ore-dupa-scandalul-de-la-o-cafenea-din-campulung-moldovenesc-a-agresat-un-client-a-spart-geamuri-si-a-amenintat","status":"publish","type":"post","link":"https:\/\/analyse.optim.biz\/?p=1885386","title":{"rendered":"B\u0103rbat re\u021binut pentru 24 de ore dup\u0103 scandalul de la o cafenea din C\u00e2mpulung Moldovenesc. A agresat un client, a spart geamuri \u0219i a amenin\u021bat"},"content":{"rendered":"<p>[analyse_image type=&#8221;featured&#8221; src=&#8221;https:\/\/www.newsbucovina.ro\/wp-content\/uploads\/2026\/04\/politie-razie-8-e1776339366501.jpeghttps:\/\/cdn.newsbucovina.ro\/wp-content\/uploads\/2026\/04\/politie-razie-8-e1776339366501.jpeg&#8221;]<\/p>\n<div class=\"td-post-content tagdiv-type\">\n<div class=\"td-a-rec td-a-rec-id-content_top  tdi_3 td_block_template_1\"><strong>Intr\u0103 acum \u0219i \u00een grupul de <\/p>\n<div class=\"wp-block-button\"><a class=\"wp-block-button__link wp-element-button\" href=\"https:\/\/t.me\/+TH8wcfnp8fw5NWI0\">Telegram News Bucovina<\/a><\/div>\n<p><\/strong><\/div>\n<p>Poli\u021bi\u0219tii din C\u00e2mpulung Moldovenesc au dispus re\u021binerea pentru 24 de ore a unui b\u0103rbat de 25 de ani, cercetat pentru mai multe infrac\u021biuni comise mar\u021bi sear\u0103, 14 aprilie 2026, la o cafenea din municipiu.<\/p>\n<figure class=\"wp-block-image size-large is-resized\"><a href=\"https:\/\/cdn.newsbucovina.ro\/wp-content\/uploads\/2026\/04\/politie-razie-8-e1776339366501.jpeg\"><img loading=\"lazy\" decoding=\"async\" width=\"288\" height=\"185\" src=\"https:\/\/cdn.newsbucovina.ro\/wp-content\/uploads\/2026\/04\/politie-razie-8-e1776339366501-edited.jpeg\" alt class=\"wp-image-436308\"><\/a><\/figure>\n<p>Incidentul a avut loc \u00een jurul orei 20:35, la cafeneaua City Cafe de pe Calea Transilvaniei. B\u0103rbatul, aflat \u00een stare de ebrietate, a provocat un scandal, a generat un conflict spontan cu un alt client pe care l-a lovit cu pumnul, s-a \u00eempiedicat \u0219i a spart geamul unei u\u0219i din interiorul localului, dup\u0103 care a mai spart dou\u0103 sticle de pe o mas\u0103.<\/p>\n<p>Poli\u021bi\u0219tii l-au g\u0103sit agitat \u0219i agresiv, motiv pentru care a fost imobilizat. Av\u00e2nd o ran\u0103 s\u00e2nger\u00e2nd\u0103 la un antebra\u021b, a fost transportat la spital pentru \u00eengrijiri medicale. Ulterior, din cauza comportamentului incoerent \u0219i a st\u0103rii de agita\u021bie, a fost internat la Spitalul de Psihiatrie C\u00e2mpulung Moldovenesc, unde i s-a administrat tratament de specialitate.<\/p>\n<p>\u00cen urma continu\u0103rii cercet\u0103rilor, la data de 15 aprilie 2026, dup\u0103 externare, b\u0103rbatul a fost adus cu mandat de aducere la Poli\u021bie. Cu ocazia audierii, el a recunoscut par\u021bial comiterea faptelor. Procurorul de caz a dispus re\u021binerea sa pentru 24 de ore, iar suspectul a fost introdus \u00een Centrul de Re\u021binere \u0219i Arest Preventiv al IPJ Suceava.<\/p>\n<p>B\u0103rbatul este cercetat pentru s\u0103v\u00e2r\u0219irea urm\u0103toarelor infrac\u021biuni:<\/p>\n<ul class=\"wp-block-list\">\n<li>tulburarea ordinii \u0219i lini\u0219tii publice (art. 371 alin. 2 Cod Penal)<\/li>\n<li>lovirea sau alte violen\u021be (art. 193 alin. 1 \u0219i alin. 2\u00b9 lit. c Cod Penal)<\/li>\n<li>amenin\u021bare (art. 206 alin. 1 Cod Penal)<\/li>\n<li>distrugere (art. 253 alin. 1 Cod Penal)<\/li>\n<\/ul>\n<p>Dosarul penal este instrumentat sub supravegherea Parchetului de pe l\u00e2ng\u0103 Judec\u0103toria C\u00e2mpulung Moldovenesc. Joi, 16 aprilie 2026, suspectul urmeaz\u0103 s\u0103 fie prezentat Parchetului pentru punerea \u00een mi\u0219care a ac\u021biunii penale.<\/p>\n<div class=\"td-a-rec td-a-rec-id-content_bottom  tdi_4 td_block_template_1\"><strong>Intr\u0103 acum \u0219i \u00een grupul de <\/p>\n<div class=\"wp-block-button\"><a class=\"wp-block-button__link wp-element-button\" href=\"https:\/\/t.me\/+TH8wcfnp8fw5NWI0\">Telegram News Bucovina<\/a><\/div>\n<p><\/strong><\/div>\n<\/div>\n<div class=\"td-post-content tagdiv-type\">\n<div class=\"td-a-rec td-a-rec-id-content_top  tdi_3 td_block_template_1\"><strong>Intr\u0103 acum \u0219i \u00een grupul de <\/p>\n<div class=\"wp-block-button\"><a class=\"wp-block-button__link wp-element-button\" href=\"https:\/\/t.me\/+TH8wcfnp8fw5NWI0\">Telegram News Bucovina<\/a><\/div>\n<p><\/strong><\/div>\n<p>Poli\u021bi\u0219tii din C\u00e2mpulung Moldovenesc au dispus re\u021binerea pentru 24 de ore a unui b\u0103rbat de 25 de ani, cercetat pentru mai multe infrac\u021biuni comise mar\u021bi sear\u0103, 14 aprilie 2026, la o cafenea din municipiu.<\/p>\n<figure class=\"wp-block-image size-large is-resized\"><a href=\"https:\/\/cdn.newsbucovina.ro\/wp-content\/uploads\/2026\/04\/politie-razie-8-e1776339366501.jpeg\"><img loading=\"lazy\" decoding=\"async\" width=\"288\" height=\"185\" src=\"https:\/\/cdn.newsbucovina.ro\/wp-content\/uploads\/2026\/04\/politie-razie-8-e1776339366501-edited.jpeg\" alt class=\"wp-image-436308\"><\/a><\/figure>\n<p>Incidentul a avut loc \u00een jurul orei 20:35, la cafeneaua City Cafe de pe Calea Transilvaniei. B\u0103rbatul, aflat \u00een stare de ebrietate, a provocat un scandal, a generat un conflict spontan cu un alt client pe care l-a lovit cu pumnul, s-a \u00eempiedicat \u0219i a spart geamul unei u\u0219i din interiorul localului, dup\u0103 care a mai spart dou\u0103 sticle de pe o mas\u0103.<\/p>\n<p>Poli\u021bi\u0219tii l-au g\u0103sit agitat \u0219i agresiv, motiv pentru care a fost imobilizat. Av\u00e2nd o ran\u0103 s\u00e2nger\u00e2nd\u0103 la un antebra\u021b, a fost transportat la spital pentru \u00eengrijiri medicale. Ulterior, din cauza comportamentului incoerent \u0219i a st\u0103rii de agita\u021bie, a fost internat la Spitalul de Psihiatrie C\u00e2mpulung Moldovenesc, unde i s-a administrat tratament de specialitate.<\/p>\n<p>\u00cen urma continu\u0103rii cercet\u0103rilor, la data de 15 aprilie 2026, dup\u0103 externare, b\u0103rbatul a fost adus cu mandat de aducere la Poli\u021bie. Cu ocazia audierii, el a recunoscut par\u021bial comiterea faptelor. Procurorul de caz a dispus re\u021binerea sa pentru 24 de ore, iar suspectul a fost introdus \u00een Centrul de Re\u021binere \u0219i Arest Preventiv al IPJ Suceava.<\/p>\n<p>B\u0103rbatul este cercetat pentru s\u0103v\u00e2r\u0219irea urm\u0103toarelor infrac\u021biuni:<\/p>\n<ul class=\"wp-block-list\">\n<li>tulburarea ordinii \u0219i lini\u0219tii publice (art. 371 alin. 2 Cod Penal)<\/li>\n<li>lovirea sau alte violen\u021be (art. 193 alin. 1 \u0219i alin. 2\u00b9 lit. c Cod Penal)<\/li>\n<li>amenin\u021bare (art. 206 alin. 1 Cod Penal)<\/li>\n<li>distrugere (art. 253 alin. 1 Cod Penal)<\/li>\n<\/ul>\n<p>Dosarul penal este instrumentat sub supravegherea Parchetului de pe l\u00e2ng\u0103 Judec\u0103toria C\u00e2mpulung Moldovenesc. Joi, 16 aprilie 2026, suspectul urmeaz\u0103 s\u0103 fie prezentat Parchetului pentru punerea \u00een mi\u0219care a ac\u021biunii penale.<\/p>\n<div class=\"td-a-rec td-a-rec-id-content_bottom  tdi_4 td_block_template_1\"><strong>Intr\u0103 acum \u0219i \u00een grupul de <\/p>\n<div class=\"wp-block-button\"><a class=\"wp-block-button__link wp-element-button\" href=\"https:\/\/t.me\/+TH8wcfnp8fw5NWI0\">Telegram News Bucovina<\/a><\/div>\n<p><\/strong><\/div>\n<\/div>\n<p>[analyse_source url=&#8221;https:\/\/www.newsbucovina.ro\/campulung-moldovenesc\/436307\/barbat-retinut-pentru-24-de-ore-dupa-scandalul-de-la-o-cafenea-din-campulung-moldovenesc-a-agresat-un-client-a-spart-geamuri-si-a-amenintat&#8221;]<\/p>\n","protected":false},"excerpt":{"rendered":"<p>[analyse_image type=&#8221;featured&#8221; src=&#8221;https:\/\/www.newsbucovina.ro\/wp-content\/uploads\/2026\/04\/politie-razie-8-e1776339366501.jpeghttps:\/\/cdn.newsbucovina.ro\/wp-content\/uploads\/2026\/04\/politie-razie-8-e1776339366501.jpeg&#8221;] Intr\u0103 acum \u0219i \u00een grupul de Telegram News Bucovina Poli\u021bi\u0219tii din C\u00e2mpulung Moldovenesc au dispus re\u021binerea pentru 24 de ore a unui b\u0103rbat de 25 de ani, cercetat pentru mai multe infrac\u021biuni comise mar\u021bi sear\u0103, 14 aprilie 2026, la o cafenea din municipiu. Incidentul a avut loc \u00een jurul orei 20:35, la [&hellip;]<\/p>\n","protected":false},"author":1,"featured_media":0,"comment_status":"open","ping_status":"","sticky":false,"template":"","format":"standard","meta":{"footnotes":""},"categories":[89],"tags":[226,165],"class_list":["post-1885386","post","type-post","status-publish","format-standard","hentry","category-romania","tag-crawlmanager","tag-newsbucovina-ro"],"_links":{"self":[{"href":"https:\/\/analyse.optim.biz\/index.php?rest_route=\/wp\/v2\/posts\/1885386","targetHints":{"allow":["GET"]}}],"collection":[{"href":"https:\/\/analyse.optim.biz\/index.php?rest_route=\/wp\/v2\/posts"}],"about":[{"href":"https:\/\/analyse.optim.biz\/index.php?rest_route=\/wp\/v2\/types\/post"}],"author":[{"embeddable":true,"href":"https:\/\/analyse.optim.biz\/index.php?rest_route=\/wp\/v2\/users\/1"}],"replies":[{"embeddable":true,"href":"https:\/\/analyse.optim.biz\/index.php?rest_route=%2Fwp%2Fv2%2Fcomments&post=1885386"}],"version-history":[{"count":0,"href":"https:\/\/analyse.optim.biz\/index.php?rest_route=\/wp\/v2\/posts\/1885386\/revisions"}],"wp:attachment":[{"href":"https:\/\/analyse.optim.biz\/index.php?rest_route=%2Fwp%2Fv2%2Fmedia&parent=1885386"}],"wp:term":[{"taxonomy":"category","embeddable":true,"href":"https:\/\/analyse.optim.biz\/index.php?rest_route=%2Fwp%2Fv2%2Fcategories&post=1885386"},{"taxonomy":"post_tag","embeddable":true,"href":"https:\/\/analyse.optim.biz\/index.php?rest_route=%2Fwp%2Fv2%2Ftags&post=1885386"}],"curies":[{"name":"wp","href":"https:\/\/api.w.org\/{rel}","templated":true}]}}