{"id":1885383,"date":"2026-04-15T11:08:52","date_gmt":"2026-04-15T08:08:52","guid":{"rendered":"https:\/\/analyse.optim.biz\/?p=1885383"},"modified":"2026-04-15T11:08:52","modified_gmt":"2026-04-15T08:08:52","slug":"doua-cazuri-de-violenta-in-familie-in-aceeasi-zi-in-judetul-suceava-politistii-au-emis-ordine-de-protectie-provizorii-si-au-deschis-dosare-penale","status":"publish","type":"post","link":"https:\/\/analyse.optim.biz\/?p=1885383","title":{"rendered":"Dou\u0103 cazuri de violen\u021b\u0103 \u00een familie \u00een aceea\u0219i zi \u00een jude\u021bul Suceava. Poli\u021bi\u0219tii au emis ordine de protec\u021bie provizorii \u0219i au deschis dosare penale"},"content":{"rendered":"<p>[analyse_image type=&#8221;featured&#8221; src=&#8221;https:\/\/www.newsbucovina.ro\/wp-content\/uploads\/2021\/01\/femeie-agresiune.jpeghttps:\/\/cdn.newsbucovina.ro\/wp-content\/uploads\/2021\/01\/femeie-agresiune.jpeg&#8221;]<\/p>\n<div class=\"td-post-content tagdiv-type\">\n<div class=\"td-a-rec td-a-rec-id-content_top  tdi_3 td_block_template_1\"><strong>Intr\u0103 acum \u0219i \u00een grupul de <\/p>\n<div class=\"wp-block-button\"><a class=\"wp-block-button__link wp-element-button\" href=\"https:\/\/t.me\/+TH8wcfnp8fw5NWI0\">Telegram News Bucovina<\/a><\/div>\n<p><\/strong><\/div>\n<p>Poli\u021bi\u0219tii suceveni au intervenit mar\u021bi, 14 aprilie 2026, \u00een dou\u0103 cazuri separate de violen\u021b\u0103 domestic\u0103, emi\u021b\u00e2nd ordine de protec\u021bie provizorii \u0219i deschiz\u00e2nd dosare penale pentru violen\u021b\u0103 \u00een familie.<\/p>\n<figure class=\"wp-block-image size-full\"><a href=\"https:\/\/cdn.newsbucovina.ro\/wp-content\/uploads\/2021\/01\/femeie-agresiune.jpeg\"><img loading=\"lazy\" decoding=\"async\" width=\"1024\" height=\"576\" src=\"https:\/\/cdn.newsbucovina.ro\/wp-content\/uploads\/2021\/01\/femeie-agresiune.jpeg.webp\" alt class=\"wp-image-308511\"><\/a><\/figure>\n<p><strong>Primul caz \u2013 Satu Mare (comuna Satu Mare)<\/strong><\/p>\n<p>\u00cen jurul orei 14:30, o femeie din comuna Satu Mare a sesizat Poli\u021bia prin dispeceratul Poli\u021biei Municipiului R\u0103d\u0103u\u021bi, solicit\u00e2nd emiterea unui ordin de protec\u021bie provizoriu dup\u0103 ce so\u021bul s\u0103u a agresat-o fizic \u0219i verbal.<\/p>\n<p>Potrivit verific\u0103rilor, incidentul a avut loc \u00een seara de 13 aprilie, \u00een jurul orei 22:30. Dup\u0103 ce femeia s-a \u00eentors de la serviciu, so\u021bul s\u0103u, aflat sub influen\u021ba b\u0103uturilor alcoolice, a devenit agresiv \u0219i a lovit-o cu palma \u00een zona fe\u021bei.<\/p>\n<p>Poli\u021bi\u0219tii au completat formularul de evaluare a riscului, constat\u00e2nd un risc iminent. A fost emis un <strong>ordin de protec\u021bie provizoriu pe o perioad\u0103 de 5 zile<\/strong>, \u00eencep\u00e2nd cu data de 14 aprilie, iar agresorul a fost evacuat din locuin\u021b\u0103. Dosarul penal a fost deschis sub aspectul s\u0103v\u00e2r\u0219irii infrac\u021biunii de \u201eviolen\u021b\u0103 \u00een familie\u201d (art. 199 alin. (1) rap. la art. 193 alin. (1) cu referire la art. 177 alin. (1) lit. b) Cod Penal) \u0219i va fi solu\u021bionat de Postul de Poli\u021bie Satu Mare.<\/p>\n<p><strong>Al doilea caz \u2013 C\u00e2mpulung Moldovenesc<\/strong><\/p>\n<p>\u00cen jurul orei 03:34, Poli\u021bia Municipiului C\u00e2mpulung Moldovenesc a fost alertat\u0103 prin 112 de o femeie din comuna Cornu Luncii, care a anun\u021bat c\u0103 mama sa este agresat\u0103 fizic de concubinul acesteia la locuin\u021ba din C\u00e2mpulung Moldovenesc.<\/p>\n<p>Echipajul deplasat la fa\u021ba locului, \u00een locuin\u021ba din C\u00e2mpulung Moldovenesc, i-a identificat pe agresor (aflat sub influen\u021ba alcoolului) \u0219i pe victim\u0103. Femeia a declarat c\u0103 a fost lovit\u0103 repetat cu palmele peste fa\u021b\u0103 \u0219i amenin\u021bat\u0103 cu acte de violen\u021b\u0103 pentru a nu apela 112. Fiul victimei a fost prezent la incident, dar nu a fost agresat.<\/p>\n<p>Persoana v\u0103t\u0103mat\u0103 a refuzat \u00eengrijiri medicale \u0219i ini\u021bial nu a dorit s\u0103 depun\u0103 pl\u00e2ngere penal\u0103, \u00eens\u0103 evaluarea riscului a indicat un risc iminent. Poli\u021bi\u0219tii au emis un <strong>ordin de protec\u021bie provizoriu pe 5 zile<\/strong>, oblig\u00e2ndu-l pe agresor s\u0103 p\u0103r\u0103seasc\u0103 locuin\u021ba comun\u0103, s\u0103 p\u0103streze o distan\u021b\u0103 minim\u0103 de 100 de metri fa\u021b\u0103 de victim\u0103, fa\u021b\u0103 de fiul acesteia, fa\u021b\u0103 de domiciliu, locul de munc\u0103 \u0219i unitatea de \u00eenv\u0103\u021b\u0103m\u00e2nt a copilului.<\/p>\n<p>Femeia a refuzat purtarea unui dispozitiv electronic de monitorizare. Dosarul penal a fost deschis pentru \u201eviolen\u021b\u0103 \u00een familie\u201d (art. 199 alin. (1) rap. la art. 193 alin. (1) Cod Penal) \u0219i \u201eamenin\u021bare\u201d (art. 206 alin. (1) Cod Penal). DGASPC Suceava a fost \u00een\u0219tiin\u021bat\u0103 pentru a lua m\u0103surile specifice.<\/p>\n<figure class=\"wp-block-embed is-type-video is-provider-youtube wp-block-embed-youtube wp-embed-aspect-16-9 wp-has-aspect-ratio\">\n<div class=\"wp-block-embed__wrapper\">\n<div class=\"youtube-embed\" data-video_id=\"Ls_QSaZQl1o\"><iframe loading=\"lazy\" title=\"Moartea p\u00e2nde\u0219te pe \u0219oseaua de centur\u0103 a Sucevei! Ziua ne iau banii cu for\u021ba, Noaptea vine namolul!\" width=\"696\" height=\"392\" src=\"https:\/\/www.youtube.com\/embed\/Ls_QSaZQl1o?feature=oembed&amp;enablejsapi=1\" frameborder allow=\"accelerometer; autoplay; clipboard-write; encrypted-media; gyroscope; picture-in-picture; web-share\" referrerpolicy=\"strict-origin-when-cross-origin\" allowfullscreen><\/iframe><\/div>\n<\/div>\n<\/figure>\n<div class=\"td-a-rec td-a-rec-id-content_bottom  tdi_4 td_block_template_1\"><strong>Intr\u0103 acum \u0219i \u00een grupul de <\/p>\n<div class=\"wp-block-button\"><a class=\"wp-block-button__link wp-element-button\" href=\"https:\/\/t.me\/+TH8wcfnp8fw5NWI0\">Telegram News Bucovina<\/a><\/div>\n<p><\/strong><\/div>\n<\/div>\n<div class=\"td-post-content tagdiv-type\">\n<div class=\"td-a-rec td-a-rec-id-content_top  tdi_3 td_block_template_1\"><strong>Intr\u0103 acum \u0219i \u00een grupul de <\/p>\n<div class=\"wp-block-button\"><a class=\"wp-block-button__link wp-element-button\" href=\"https:\/\/t.me\/+TH8wcfnp8fw5NWI0\">Telegram News Bucovina<\/a><\/div>\n<p><\/strong><\/div>\n<p>Poli\u021bi\u0219tii suceveni au intervenit mar\u021bi, 14 aprilie 2026, \u00een dou\u0103 cazuri separate de violen\u021b\u0103 domestic\u0103, emi\u021b\u00e2nd ordine de protec\u021bie provizorii \u0219i deschiz\u00e2nd dosare penale pentru violen\u021b\u0103 \u00een familie.<\/p>\n<figure class=\"wp-block-image size-full\"><a href=\"https:\/\/cdn.newsbucovina.ro\/wp-content\/uploads\/2021\/01\/femeie-agresiune.jpeg\"><img loading=\"lazy\" decoding=\"async\" width=\"1024\" height=\"576\" src=\"https:\/\/cdn.newsbucovina.ro\/wp-content\/uploads\/2021\/01\/femeie-agresiune.jpeg.webp\" alt class=\"wp-image-308511\"><\/a><\/figure>\n<p><strong>Primul caz \u2013 Satu Mare (comuna Satu Mare)<\/strong><\/p>\n<p>\u00cen jurul orei 14:30, o femeie din comuna Satu Mare a sesizat Poli\u021bia prin dispeceratul Poli\u021biei Municipiului R\u0103d\u0103u\u021bi, solicit\u00e2nd emiterea unui ordin de protec\u021bie provizoriu dup\u0103 ce so\u021bul s\u0103u a agresat-o fizic \u0219i verbal.<\/p>\n<p>Potrivit verific\u0103rilor, incidentul a avut loc \u00een seara de 13 aprilie, \u00een jurul orei 22:30. Dup\u0103 ce femeia s-a \u00eentors de la serviciu, so\u021bul s\u0103u, aflat sub influen\u021ba b\u0103uturilor alcoolice, a devenit agresiv \u0219i a lovit-o cu palma \u00een zona fe\u021bei.<\/p>\n<p>Poli\u021bi\u0219tii au completat formularul de evaluare a riscului, constat\u00e2nd un risc iminent. A fost emis un <strong>ordin de protec\u021bie provizoriu pe o perioad\u0103 de 5 zile<\/strong>, \u00eencep\u00e2nd cu data de 14 aprilie, iar agresorul a fost evacuat din locuin\u021b\u0103. Dosarul penal a fost deschis sub aspectul s\u0103v\u00e2r\u0219irii infrac\u021biunii de \u201eviolen\u021b\u0103 \u00een familie\u201d (art. 199 alin. (1) rap. la art. 193 alin. (1) cu referire la art. 177 alin. (1) lit. b) Cod Penal) \u0219i va fi solu\u021bionat de Postul de Poli\u021bie Satu Mare.<\/p>\n<p><strong>Al doilea caz \u2013 C\u00e2mpulung Moldovenesc<\/strong><\/p>\n<p>\u00cen jurul orei 03:34, Poli\u021bia Municipiului C\u00e2mpulung Moldovenesc a fost alertat\u0103 prin 112 de o femeie din comuna Cornu Luncii, care a anun\u021bat c\u0103 mama sa este agresat\u0103 fizic de concubinul acesteia la locuin\u021ba din C\u00e2mpulung Moldovenesc.<\/p>\n<p>Echipajul deplasat la fa\u021ba locului, \u00een locuin\u021ba din C\u00e2mpulung Moldovenesc, i-a identificat pe agresor (aflat sub influen\u021ba alcoolului) \u0219i pe victim\u0103. Femeia a declarat c\u0103 a fost lovit\u0103 repetat cu palmele peste fa\u021b\u0103 \u0219i amenin\u021bat\u0103 cu acte de violen\u021b\u0103 pentru a nu apela 112. Fiul victimei a fost prezent la incident, dar nu a fost agresat.<\/p>\n<p>Persoana v\u0103t\u0103mat\u0103 a refuzat \u00eengrijiri medicale \u0219i ini\u021bial nu a dorit s\u0103 depun\u0103 pl\u00e2ngere penal\u0103, \u00eens\u0103 evaluarea riscului a indicat un risc iminent. Poli\u021bi\u0219tii au emis un <strong>ordin de protec\u021bie provizoriu pe 5 zile<\/strong>, oblig\u00e2ndu-l pe agresor s\u0103 p\u0103r\u0103seasc\u0103 locuin\u021ba comun\u0103, s\u0103 p\u0103streze o distan\u021b\u0103 minim\u0103 de 100 de metri fa\u021b\u0103 de victim\u0103, fa\u021b\u0103 de fiul acesteia, fa\u021b\u0103 de domiciliu, locul de munc\u0103 \u0219i unitatea de \u00eenv\u0103\u021b\u0103m\u00e2nt a copilului.<\/p>\n<p>Femeia a refuzat purtarea unui dispozitiv electronic de monitorizare. Dosarul penal a fost deschis pentru \u201eviolen\u021b\u0103 \u00een familie\u201d (art. 199 alin. (1) rap. la art. 193 alin. (1) Cod Penal) \u0219i \u201eamenin\u021bare\u201d (art. 206 alin. (1) Cod Penal). DGASPC Suceava a fost \u00een\u0219tiin\u021bat\u0103 pentru a lua m\u0103surile specifice.<\/p>\n<figure class=\"wp-block-embed is-type-video is-provider-youtube wp-block-embed-youtube wp-embed-aspect-16-9 wp-has-aspect-ratio\">\n<div class=\"wp-block-embed__wrapper\">\n<div class=\"youtube-embed\" data-video_id=\"Ls_QSaZQl1o\"><iframe loading=\"lazy\" title=\"Moartea p\u00e2nde\u0219te pe \u0219oseaua de centur\u0103 a Sucevei! Ziua ne iau banii cu for\u021ba, Noaptea vine namolul!\" width=\"696\" height=\"392\" src=\"https:\/\/www.youtube.com\/embed\/Ls_QSaZQl1o?feature=oembed&amp;enablejsapi=1\" frameborder allow=\"accelerometer; autoplay; clipboard-write; encrypted-media; gyroscope; picture-in-picture; web-share\" referrerpolicy=\"strict-origin-when-cross-origin\" allowfullscreen><\/iframe><\/div>\n<\/div>\n<\/figure>\n<div class=\"td-a-rec td-a-rec-id-content_bottom  tdi_4 td_block_template_1\"><strong>Intr\u0103 acum \u0219i \u00een grupul de <\/p>\n<div class=\"wp-block-button\"><a class=\"wp-block-button__link wp-element-button\" href=\"https:\/\/t.me\/+TH8wcfnp8fw5NWI0\">Telegram News Bucovina<\/a><\/div>\n<p><\/strong><\/div>\n<\/div>\n<p>[analyse_source url=&#8221;https:\/\/www.newsbucovina.ro\/social\/436236\/doua-cazuri-de-violenta-in-familie-in-aceeasi-zi-in-judetul-suceava-politistii-au-emis-ordine-de-protectie-provizorii-si-au-deschis-dosare-penale&#8221;]<\/p>\n","protected":false},"excerpt":{"rendered":"<p>[analyse_image type=&#8221;featured&#8221; src=&#8221;https:\/\/www.newsbucovina.ro\/wp-content\/uploads\/2021\/01\/femeie-agresiune.jpeghttps:\/\/cdn.newsbucovina.ro\/wp-content\/uploads\/2021\/01\/femeie-agresiune.jpeg&#8221;] Intr\u0103 acum \u0219i \u00een grupul de Telegram News Bucovina Poli\u021bi\u0219tii suceveni au intervenit mar\u021bi, 14 aprilie 2026, \u00een dou\u0103 cazuri separate de violen\u021b\u0103 domestic\u0103, emi\u021b\u00e2nd ordine de protec\u021bie provizorii \u0219i deschiz\u00e2nd dosare penale pentru violen\u021b\u0103 \u00een familie. Primul caz \u2013 Satu Mare (comuna Satu Mare) \u00cen jurul orei 14:30, o femeie din [&hellip;]<\/p>\n","protected":false},"author":1,"featured_media":0,"comment_status":"open","ping_status":"","sticky":false,"template":"","format":"standard","meta":{"footnotes":""},"categories":[89],"tags":[226,165],"class_list":["post-1885383","post","type-post","status-publish","format-standard","hentry","category-romania","tag-crawlmanager","tag-newsbucovina-ro"],"_links":{"self":[{"href":"https:\/\/analyse.optim.biz\/index.php?rest_route=\/wp\/v2\/posts\/1885383","targetHints":{"allow":["GET"]}}],"collection":[{"href":"https:\/\/analyse.optim.biz\/index.php?rest_route=\/wp\/v2\/posts"}],"about":[{"href":"https:\/\/analyse.optim.biz\/index.php?rest_route=\/wp\/v2\/types\/post"}],"author":[{"embeddable":true,"href":"https:\/\/analyse.optim.biz\/index.php?rest_route=\/wp\/v2\/users\/1"}],"replies":[{"embeddable":true,"href":"https:\/\/analyse.optim.biz\/index.php?rest_route=%2Fwp%2Fv2%2Fcomments&post=1885383"}],"version-history":[{"count":0,"href":"https:\/\/analyse.optim.biz\/index.php?rest_route=\/wp\/v2\/posts\/1885383\/revisions"}],"wp:attachment":[{"href":"https:\/\/analyse.optim.biz\/index.php?rest_route=%2Fwp%2Fv2%2Fmedia&parent=1885383"}],"wp:term":[{"taxonomy":"category","embeddable":true,"href":"https:\/\/analyse.optim.biz\/index.php?rest_route=%2Fwp%2Fv2%2Fcategories&post=1885383"},{"taxonomy":"post_tag","embeddable":true,"href":"https:\/\/analyse.optim.biz\/index.php?rest_route=%2Fwp%2Fv2%2Ftags&post=1885383"}],"curies":[{"name":"wp","href":"https:\/\/api.w.org\/{rel}","templated":true}]}}