{"id":1885378,"date":"2026-04-15T10:21:31","date_gmt":"2026-04-15T07:21:31","guid":{"rendered":"https:\/\/analyse.optim.biz\/?p=1885378"},"modified":"2026-04-15T10:21:31","modified_gmt":"2026-04-15T07:21:31","slug":"un-tanar-ucrainean-baut-a-cazut-cu-trotineta-electrica-pe-str-mihai-eminescu-din-suceava-a-ajuns-la-spital-cu-traumatisme-si-o-plaga","status":"publish","type":"post","link":"https:\/\/analyse.optim.biz\/?p=1885378","title":{"rendered":"Un t\u00e2n\u0103r ucrainean b\u0103ut a c\u0103zut cu trotineta electric\u0103 pe str. Mihai Eminescu din Suceava. A ajuns la spital cu traumatisme \u0219i o plag\u0103"},"content":{"rendered":"<p>[analyse_image type=&#8221;featured&#8221; src=&#8221;https:\/\/www.newsbucovina.ro\/wp-content\/uploads\/2023\/01\/trotineta.jpghttps:\/\/cdn.newsbucovina.ro\/wp-content\/uploads\/2023\/01\/trotineta.jpg&#8221;]<\/p>\n<div class=\"td-post-content tagdiv-type\">\n<div class=\"td-a-rec td-a-rec-id-content_top  tdi_3 td_block_template_1\"><strong>Intr\u0103 acum \u0219i \u00een grupul de <\/p>\n<div class=\"wp-block-button\"><a class=\"wp-block-button__link wp-element-button\" href=\"https:\/\/t.me\/+TH8wcfnp8fw5NWI0\">Telegram News Bucovina<\/a><\/div>\n<p><\/strong><\/div>\n<p>Un cet\u0103\u021bean ucrainean \u00een v\u00e2rst\u0103 de 20 de ani a suferit leziuni fizice mar\u021bi sear\u0103, 14 aprilie 2026, dup\u0103 ce a c\u0103zut cu trotineta electric\u0103 pe strada Mihai Eminescu din municipiul Suceava.<\/p>\n<div class=\"wp-block-image\">\n<figure class=\"aligncenter size-full\"><a href=\"https:\/\/cdn.newsbucovina.ro\/wp-content\/uploads\/2023\/01\/trotineta.jpg\"><img loading=\"lazy\" decoding=\"async\" width=\"600\" height=\"400\" src=\"https:\/\/cdn.newsbucovina.ro\/wp-content\/uploads\/2023\/01\/trotineta.jpg\" alt class=\"wp-image-357503\"><\/a><\/figure>\n<\/div>\n<p>Evenimentul s-a produs \u00een jurul orei 23:40, c\u00e2nd t\u00e2n\u0103rul se deplasa pe trotineta pe str. Mihai Eminescu, din direc\u021bia str. Vasile Alecsandri c\u0103tre str. Veronica Micle. \u00cen momentul \u00een care a \u00eencercat s\u0103 coboare de pe aleea pietonal\u0103 pe partea carosabil\u0103 prin traversarea unei borduri, s-a dezechilibrat \u0219i a c\u0103zut pe carosabil.<\/p>\n<p>B\u0103rbatul s-a deplasat singur la Unitatea de Primiri Urgen\u021be a Spitalului Clinic Jude\u021bean \u201eSf. Ioan cel Nou\u201d Suceava, unde a primit \u00eengrijiri medicale. Medicii i-au stabilit diagnosticul de \u201etraumatism cranio-cerebral (TCC), traumatism cranio-facial (TCF) \u0219i plag\u0103 la spr\u00e2nceana dreapt\u0103\u201d.<\/p>\n<p>T\u00e2n\u0103rul a fost testat cu aparatul etilometru, rezultatul indic\u00e2nd o concentra\u021bie de <strong>0,59 mg\/l alcool pur \u00een aerul expirat<\/strong>.<\/p>\n<p>Poli\u021bi\u0219tii au \u00eentocmit proces-verbal de constatare sub aspectul s\u0103v\u00e2r\u0219irii infrac\u021biunii de \u201ev\u0103t\u0103mare corporal\u0103 din culp\u0103\u201d. B\u0103rbatul a fost sanc\u021bionat \u0219i contraven\u021bional.<\/p>\n<figure class=\"wp-block-embed is-type-video is-provider-youtube wp-block-embed-youtube wp-embed-aspect-16-9 wp-has-aspect-ratio\">\n<div class=\"wp-block-embed__wrapper\">\n<div class=\"youtube-embed\" data-video_id=\"Ls_QSaZQl1o\"><iframe loading=\"lazy\" title=\"Moartea p\u00e2nde\u0219te pe \u0219oseaua de centur\u0103 a Sucevei! Ziua ne iau banii cu for\u021ba, Noaptea vine namolul!\" width=\"696\" height=\"392\" src=\"https:\/\/www.youtube.com\/embed\/Ls_QSaZQl1o?feature=oembed&amp;enablejsapi=1\" frameborder allow=\"accelerometer; autoplay; clipboard-write; encrypted-media; gyroscope; picture-in-picture; web-share\" referrerpolicy=\"strict-origin-when-cross-origin\" allowfullscreen><\/iframe><\/div>\n<\/div>\n<\/figure>\n<div class=\"td-a-rec td-a-rec-id-content_bottom  tdi_4 td_block_template_1\"><strong>Intr\u0103 acum \u0219i \u00een grupul de <\/p>\n<div class=\"wp-block-button\"><a class=\"wp-block-button__link wp-element-button\" href=\"https:\/\/t.me\/+TH8wcfnp8fw5NWI0\">Telegram News Bucovina<\/a><\/div>\n<p><\/strong><\/div>\n<\/div>\n<div class=\"td-post-content tagdiv-type\">\n<div class=\"td-a-rec td-a-rec-id-content_top  tdi_3 td_block_template_1\"><strong>Intr\u0103 acum \u0219i \u00een grupul de <\/p>\n<div class=\"wp-block-button\"><a class=\"wp-block-button__link wp-element-button\" href=\"https:\/\/t.me\/+TH8wcfnp8fw5NWI0\">Telegram News Bucovina<\/a><\/div>\n<p><\/strong><\/div>\n<p>Un cet\u0103\u021bean ucrainean \u00een v\u00e2rst\u0103 de 20 de ani a suferit leziuni fizice mar\u021bi sear\u0103, 14 aprilie 2026, dup\u0103 ce a c\u0103zut cu trotineta electric\u0103 pe strada Mihai Eminescu din municipiul Suceava.<\/p>\n<div class=\"wp-block-image\">\n<figure class=\"aligncenter size-full\"><a href=\"https:\/\/cdn.newsbucovina.ro\/wp-content\/uploads\/2023\/01\/trotineta.jpg\"><img loading=\"lazy\" decoding=\"async\" width=\"600\" height=\"400\" src=\"https:\/\/cdn.newsbucovina.ro\/wp-content\/uploads\/2023\/01\/trotineta.jpg\" alt class=\"wp-image-357503\"><\/a><\/figure>\n<\/div>\n<p>Evenimentul s-a produs \u00een jurul orei 23:40, c\u00e2nd t\u00e2n\u0103rul se deplasa pe trotineta pe str. Mihai Eminescu, din direc\u021bia str. Vasile Alecsandri c\u0103tre str. Veronica Micle. \u00cen momentul \u00een care a \u00eencercat s\u0103 coboare de pe aleea pietonal\u0103 pe partea carosabil\u0103 prin traversarea unei borduri, s-a dezechilibrat \u0219i a c\u0103zut pe carosabil.<\/p>\n<p>B\u0103rbatul s-a deplasat singur la Unitatea de Primiri Urgen\u021be a Spitalului Clinic Jude\u021bean \u201eSf. Ioan cel Nou\u201d Suceava, unde a primit \u00eengrijiri medicale. Medicii i-au stabilit diagnosticul de \u201etraumatism cranio-cerebral (TCC), traumatism cranio-facial (TCF) \u0219i plag\u0103 la spr\u00e2nceana dreapt\u0103\u201d.<\/p>\n<p>T\u00e2n\u0103rul a fost testat cu aparatul etilometru, rezultatul indic\u00e2nd o concentra\u021bie de <strong>0,59 mg\/l alcool pur \u00een aerul expirat<\/strong>.<\/p>\n<p>Poli\u021bi\u0219tii au \u00eentocmit proces-verbal de constatare sub aspectul s\u0103v\u00e2r\u0219irii infrac\u021biunii de \u201ev\u0103t\u0103mare corporal\u0103 din culp\u0103\u201d. B\u0103rbatul a fost sanc\u021bionat \u0219i contraven\u021bional.<\/p>\n<figure class=\"wp-block-embed is-type-video is-provider-youtube wp-block-embed-youtube wp-embed-aspect-16-9 wp-has-aspect-ratio\">\n<div class=\"wp-block-embed__wrapper\">\n<div class=\"youtube-embed\" data-video_id=\"Ls_QSaZQl1o\"><iframe loading=\"lazy\" title=\"Moartea p\u00e2nde\u0219te pe \u0219oseaua de centur\u0103 a Sucevei! Ziua ne iau banii cu for\u021ba, Noaptea vine namolul!\" width=\"696\" height=\"392\" src=\"https:\/\/www.youtube.com\/embed\/Ls_QSaZQl1o?feature=oembed&amp;enablejsapi=1\" frameborder allow=\"accelerometer; autoplay; clipboard-write; encrypted-media; gyroscope; picture-in-picture; web-share\" referrerpolicy=\"strict-origin-when-cross-origin\" allowfullscreen><\/iframe><\/div>\n<\/div>\n<\/figure>\n<div class=\"td-a-rec td-a-rec-id-content_bottom  tdi_4 td_block_template_1\"><strong>Intr\u0103 acum \u0219i \u00een grupul de <\/p>\n<div class=\"wp-block-button\"><a class=\"wp-block-button__link wp-element-button\" href=\"https:\/\/t.me\/+TH8wcfnp8fw5NWI0\">Telegram News Bucovina<\/a><\/div>\n<p><\/strong><\/div>\n<\/div>\n<p>[analyse_source url=&#8221;https:\/\/www.newsbucovina.ro\/social\/436229\/un-tanar-ucrainean-baut-a-cazut-cu-trotineta-electrica-pe-str-mihai-eminescu-din-suceava-a-ajuns-la-spital-cu-traumatisme-si-o-plaga&#8221;]<\/p>\n","protected":false},"excerpt":{"rendered":"<p>[analyse_image type=&#8221;featured&#8221; src=&#8221;https:\/\/www.newsbucovina.ro\/wp-content\/uploads\/2023\/01\/trotineta.jpghttps:\/\/cdn.newsbucovina.ro\/wp-content\/uploads\/2023\/01\/trotineta.jpg&#8221;] Intr\u0103 acum \u0219i \u00een grupul de Telegram News Bucovina Un cet\u0103\u021bean ucrainean \u00een v\u00e2rst\u0103 de 20 de ani a suferit leziuni fizice mar\u021bi sear\u0103, 14 aprilie 2026, dup\u0103 ce a c\u0103zut cu trotineta electric\u0103 pe strada Mihai Eminescu din municipiul Suceava. Evenimentul s-a produs \u00een jurul orei 23:40, c\u00e2nd t\u00e2n\u0103rul se deplasa [&hellip;]<\/p>\n","protected":false},"author":1,"featured_media":0,"comment_status":"open","ping_status":"","sticky":false,"template":"","format":"standard","meta":{"footnotes":""},"categories":[89],"tags":[226,165],"class_list":["post-1885378","post","type-post","status-publish","format-standard","hentry","category-romania","tag-crawlmanager","tag-newsbucovina-ro"],"_links":{"self":[{"href":"https:\/\/analyse.optim.biz\/index.php?rest_route=\/wp\/v2\/posts\/1885378","targetHints":{"allow":["GET"]}}],"collection":[{"href":"https:\/\/analyse.optim.biz\/index.php?rest_route=\/wp\/v2\/posts"}],"about":[{"href":"https:\/\/analyse.optim.biz\/index.php?rest_route=\/wp\/v2\/types\/post"}],"author":[{"embeddable":true,"href":"https:\/\/analyse.optim.biz\/index.php?rest_route=\/wp\/v2\/users\/1"}],"replies":[{"embeddable":true,"href":"https:\/\/analyse.optim.biz\/index.php?rest_route=%2Fwp%2Fv2%2Fcomments&post=1885378"}],"version-history":[{"count":0,"href":"https:\/\/analyse.optim.biz\/index.php?rest_route=\/wp\/v2\/posts\/1885378\/revisions"}],"wp:attachment":[{"href":"https:\/\/analyse.optim.biz\/index.php?rest_route=%2Fwp%2Fv2%2Fmedia&parent=1885378"}],"wp:term":[{"taxonomy":"category","embeddable":true,"href":"https:\/\/analyse.optim.biz\/index.php?rest_route=%2Fwp%2Fv2%2Fcategories&post=1885378"},{"taxonomy":"post_tag","embeddable":true,"href":"https:\/\/analyse.optim.biz\/index.php?rest_route=%2Fwp%2Fv2%2Ftags&post=1885378"}],"curies":[{"name":"wp","href":"https:\/\/api.w.org\/{rel}","templated":true}]}}