{"id":1885374,"date":"2026-04-16T09:55:09","date_gmt":"2026-04-16T06:55:09","guid":{"rendered":"https:\/\/analyse.optim.biz\/?p=1885374"},"modified":"2026-04-16T09:55:09","modified_gmt":"2026-04-16T06:55:09","slug":"deputatul-de-suceava-petru-negrea-aur-propune-scutirea-de-la-plata-impozitului-pentru-locuintele-fara-utilitati-de-baza-este-o-masura-minima-de-echitate-pentru-romanii-abandonati-de-stat","status":"publish","type":"post","link":"https:\/\/analyse.optim.biz\/?p=1885374","title":{"rendered":"Deputatul de Suceava Petru Negrea: AUR propune scutirea de la plata impozitului pentru locuin\u021bele f\u0103r\u0103 utilit\u0103\u021bi de baz\u0103. Este o m\u0103sur\u0103 minim\u0103 de echitate pentru rom\u00e2nii abandona\u021bi de stat"},"content":{"rendered":"<p>[analyse_image type=&#8221;featured&#8221; src=&#8221;https:\/\/www.newsbucovina.ro\/wp-content\/uploads\/2026\/03\/negrea.jpeghttps:\/\/cdn.newsbucovina.ro\/wp-content\/uploads\/2026\/03\/negrea.jpeg&#8221;]<\/p>\n<div class=\"td-post-content tagdiv-type\">\n<div class=\"td-a-rec td-a-rec-id-content_top  tdi_3 td_block_template_1\"><strong>Intr\u0103 acum \u0219i \u00een grupul de <\/p>\n<div class=\"wp-block-button\"><a class=\"wp-block-button__link wp-element-button\" href=\"https:\/\/t.me\/+TH8wcfnp8fw5NWI0\">Telegram News Bucovina<\/a><\/div>\n<p><\/strong><\/div>\n<p>Alian\u021ba pentru Unirea Rom\u00e2nilor (AUR) a depus \u00een Parlament un proiect legislativ care prevede scutirea de la plata impozitului pe locuin\u021b\u0103 pentru toate imobilele care nu beneficiaz\u0103 de utilit\u0103\u021bi esen\u021biale: ap\u0103 curent\u0103, canalizare \u0219i gaze naturale.<\/p>\n<figure class=\"wp-block-image size-large\"><a href=\"https:\/\/cdn.newsbucovina.ro\/wp-content\/uploads\/2026\/03\/negrea.jpeg\"><img loading=\"lazy\" decoding=\"async\" width=\"1024\" height=\"683\" src=\"https:\/\/cdn.newsbucovina.ro\/wp-content\/uploads\/2026\/03\/negrea-1024x683.jpeg\" alt class=\"wp-image-433207\"><\/a><\/figure>\n<p>Ini\u021biativa este sus\u021binut\u0103 \u0219i de deputatul AUR de Suceava, <strong>Petru-Gabriel Negrea<\/strong>, care o consider\u0103 o m\u0103sur\u0103 minim\u0103 de echitate fiscal\u0103 pentru zeci de mii de rom\u00e2ni care tr\u0103iesc \u00een condi\u021bii precare, ignorate de stat de zeci de ani.<\/p>\n<p>\u201eRealitatea din teren, inclusiv \u00een jude\u021bul Suceava, este departe de imaginea prezentat\u0103 \u00een rapoartele oficiale. Exist\u0103 \u00eenc\u0103 numeroase comunit\u0103\u021bi \u00een care oamenii nu au acces la ap\u0103 curent\u0103 sau canalizare, iar racordarea la gaze r\u0103m\u00e2ne un obiectiv \u00eendep\u0103rtat. Cu toate acestea, statul le cere acelea\u0219i taxe ca \u0219i cum ar beneficia de toate aceste servicii. Este o nedreptate evident\u0103\u201d, a declarat deputatul Petru-Gabriel Negrea.<\/p>\n<p>Datele oficiale ale Institutului Na\u021bional de Statistic\u0103 la sf\u00e2r\u0219itul anului 2024 arat\u0103 clar amploarea problemei \u00een jude\u021bul Suceava:<\/p>\n<ul class=\"wp-block-list\">\n<li>Din totalul de <strong>114 unit\u0103\u021bi administrativ-teritoriale<\/strong>, doar <strong>15<\/strong> beneficiaz\u0103 de re\u021bea de gaze naturale.<\/li>\n<li>Doar <strong>70<\/strong> de localit\u0103\u021bi au instala\u021bii de alimentare cu ap\u0103 potabil\u0103.<\/li>\n<li>Doar <strong>65<\/strong> dispun de re\u021bea de canalizare public\u0103.<\/li>\n<\/ul>\n<p>La nivel regional, \u00een Nord-Est, peste 60% dintre locuin\u021be nu sunt racordate la canalizare, iar \u00een mediul rural procentul dep\u0103\u0219e\u0219te 80%. La nivel na\u021bional, aproximativ un sfert dintre rom\u00e2ni nu beneficiaz\u0103 de ap\u0103 curent\u0103 \u00een locuin\u021b\u0103.<\/p>\n<p>Deputatul sucevean subliniaz\u0103 c\u0103 proiectul legislativ reprezint\u0103 o corec\u021bie necesar\u0103 \u0219i un semnal clar c\u0103tre autorit\u0103\u021bi:<\/p>\n<p>\u201eNu putem vorbi despre dezvoltare sau despre respect fa\u021b\u0103 de cet\u0103\u021bean c\u00e2t timp exist\u0103 familii care tr\u0103iesc f\u0103r\u0103 condi\u021bii minime de trai, dar sunt obligate s\u0103 suporte acelea\u0219i poveri fiscale. Prin acest proiect de lege, propunem o corec\u021bie necesar\u0103 \u0219i, \u00een acela\u0219i timp, transmitem un semnal clar autorit\u0103\u021bilor: investi\u021biile \u00een infrastructura de baz\u0103 trebuie accelerate.\u201d<\/p>\n<p>Ini\u021biativa AUR vine \u00een completarea altor propuneri legislative ale partidului privind reducerea poverii fiscale asupra cet\u0103\u021benilor \u0219i protejarea dreptului la proprietate. Scopul declarat este asigurarea unui tratament corect pentru rom\u00e2nii care nu beneficiaz\u0103 de servicii publice esen\u021biale, dar care sunt trata\u021bi fiscal ca \u0219i cum ar tr\u0103i \u00een condi\u021bii moderne.<\/p>\n<p>\u201eProprietatea trebuie respectat\u0103, nu transformat\u0103 \u00eentr-o povar\u0103. Statul are obliga\u021bia s\u0103 ofere condi\u021bii decente de trai \u00eenainte de a cere taxe din ce \u00een ce mai mari. P\u00e2n\u0103 atunci, este firesc ca oamenii s\u0103 fie proteja\u021bi de aceste abuzuri fiscale\u201d, a concluzionat deputatul Petru-Gabriel Negrea.<\/p>\n<p>Proiectul de lege urmeaz\u0103 s\u0103 intre \u00een dezbatere parlamentar\u0103 \u00een perioada urm\u0103toare.<\/p>\n<div class=\"td-a-rec td-a-rec-id-content_bottom  tdi_4 td_block_template_1\"><strong>Intr\u0103 acum \u0219i \u00een grupul de <\/p>\n<div class=\"wp-block-button\"><a class=\"wp-block-button__link wp-element-button\" href=\"https:\/\/t.me\/+TH8wcfnp8fw5NWI0\">Telegram News Bucovina<\/a><\/div>\n<p><\/strong><\/div>\n<\/div>\n<div class=\"td-post-content tagdiv-type\">\n<div class=\"td-a-rec td-a-rec-id-content_top  tdi_3 td_block_template_1\"><strong>Intr\u0103 acum \u0219i \u00een grupul de <\/p>\n<div class=\"wp-block-button\"><a class=\"wp-block-button__link wp-element-button\" href=\"https:\/\/t.me\/+TH8wcfnp8fw5NWI0\">Telegram News Bucovina<\/a><\/div>\n<p><\/strong><\/div>\n<p>Alian\u021ba pentru Unirea Rom\u00e2nilor (AUR) a depus \u00een Parlament un proiect legislativ care prevede scutirea de la plata impozitului pe locuin\u021b\u0103 pentru toate imobilele care nu beneficiaz\u0103 de utilit\u0103\u021bi esen\u021biale: ap\u0103 curent\u0103, canalizare \u0219i gaze naturale.<\/p>\n<figure class=\"wp-block-image size-large\"><a href=\"https:\/\/cdn.newsbucovina.ro\/wp-content\/uploads\/2026\/03\/negrea.jpeg\"><img loading=\"lazy\" decoding=\"async\" width=\"1024\" height=\"683\" src=\"https:\/\/cdn.newsbucovina.ro\/wp-content\/uploads\/2026\/03\/negrea-1024x683.jpeg\" alt class=\"wp-image-433207\"><\/a><\/figure>\n<p>Ini\u021biativa este sus\u021binut\u0103 \u0219i de deputatul AUR de Suceava, <strong>Petru-Gabriel Negrea<\/strong>, care o consider\u0103 o m\u0103sur\u0103 minim\u0103 de echitate fiscal\u0103 pentru zeci de mii de rom\u00e2ni care tr\u0103iesc \u00een condi\u021bii precare, ignorate de stat de zeci de ani.<\/p>\n<p>\u201eRealitatea din teren, inclusiv \u00een jude\u021bul Suceava, este departe de imaginea prezentat\u0103 \u00een rapoartele oficiale. Exist\u0103 \u00eenc\u0103 numeroase comunit\u0103\u021bi \u00een care oamenii nu au acces la ap\u0103 curent\u0103 sau canalizare, iar racordarea la gaze r\u0103m\u00e2ne un obiectiv \u00eendep\u0103rtat. Cu toate acestea, statul le cere acelea\u0219i taxe ca \u0219i cum ar beneficia de toate aceste servicii. Este o nedreptate evident\u0103\u201d, a declarat deputatul Petru-Gabriel Negrea.<\/p>\n<p>Datele oficiale ale Institutului Na\u021bional de Statistic\u0103 la sf\u00e2r\u0219itul anului 2024 arat\u0103 clar amploarea problemei \u00een jude\u021bul Suceava:<\/p>\n<ul class=\"wp-block-list\">\n<li>Din totalul de <strong>114 unit\u0103\u021bi administrativ-teritoriale<\/strong>, doar <strong>15<\/strong> beneficiaz\u0103 de re\u021bea de gaze naturale.<\/li>\n<li>Doar <strong>70<\/strong> de localit\u0103\u021bi au instala\u021bii de alimentare cu ap\u0103 potabil\u0103.<\/li>\n<li>Doar <strong>65<\/strong> dispun de re\u021bea de canalizare public\u0103.<\/li>\n<\/ul>\n<p>La nivel regional, \u00een Nord-Est, peste 60% dintre locuin\u021be nu sunt racordate la canalizare, iar \u00een mediul rural procentul dep\u0103\u0219e\u0219te 80%. La nivel na\u021bional, aproximativ un sfert dintre rom\u00e2ni nu beneficiaz\u0103 de ap\u0103 curent\u0103 \u00een locuin\u021b\u0103.<\/p>\n<p>Deputatul sucevean subliniaz\u0103 c\u0103 proiectul legislativ reprezint\u0103 o corec\u021bie necesar\u0103 \u0219i un semnal clar c\u0103tre autorit\u0103\u021bi:<\/p>\n<p>\u201eNu putem vorbi despre dezvoltare sau despre respect fa\u021b\u0103 de cet\u0103\u021bean c\u00e2t timp exist\u0103 familii care tr\u0103iesc f\u0103r\u0103 condi\u021bii minime de trai, dar sunt obligate s\u0103 suporte acelea\u0219i poveri fiscale. Prin acest proiect de lege, propunem o corec\u021bie necesar\u0103 \u0219i, \u00een acela\u0219i timp, transmitem un semnal clar autorit\u0103\u021bilor: investi\u021biile \u00een infrastructura de baz\u0103 trebuie accelerate.\u201d<\/p>\n<p>Ini\u021biativa AUR vine \u00een completarea altor propuneri legislative ale partidului privind reducerea poverii fiscale asupra cet\u0103\u021benilor \u0219i protejarea dreptului la proprietate. Scopul declarat este asigurarea unui tratament corect pentru rom\u00e2nii care nu beneficiaz\u0103 de servicii publice esen\u021biale, dar care sunt trata\u021bi fiscal ca \u0219i cum ar tr\u0103i \u00een condi\u021bii moderne.<\/p>\n<p>\u201eProprietatea trebuie respectat\u0103, nu transformat\u0103 \u00eentr-o povar\u0103. Statul are obliga\u021bia s\u0103 ofere condi\u021bii decente de trai \u00eenainte de a cere taxe din ce \u00een ce mai mari. P\u00e2n\u0103 atunci, este firesc ca oamenii s\u0103 fie proteja\u021bi de aceste abuzuri fiscale\u201d, a concluzionat deputatul Petru-Gabriel Negrea.<\/p>\n<p>Proiectul de lege urmeaz\u0103 s\u0103 intre \u00een dezbatere parlamentar\u0103 \u00een perioada urm\u0103toare.<\/p>\n<div class=\"td-a-rec td-a-rec-id-content_bottom  tdi_4 td_block_template_1\"><strong>Intr\u0103 acum \u0219i \u00een grupul de <\/p>\n<div class=\"wp-block-button\"><a class=\"wp-block-button__link wp-element-button\" href=\"https:\/\/t.me\/+TH8wcfnp8fw5NWI0\">Telegram News Bucovina<\/a><\/div>\n<p><\/strong><\/div>\n<\/div>\n<p>[analyse_source url=&#8221;https:\/\/www.newsbucovina.ro\/politica\/436289\/deputatul-de-suceava-petru-negrea-aur-propune-scutirea-de-la-plata-impozitului-pentru-locuintele-fara-utilitati-de-baza-este-o-masura-minima-de-echitate-pentru-romanii-abandonati-de-stat&#8221;]<\/p>\n","protected":false},"excerpt":{"rendered":"<p>[analyse_image type=&#8221;featured&#8221; src=&#8221;https:\/\/www.newsbucovina.ro\/wp-content\/uploads\/2026\/03\/negrea.jpeghttps:\/\/cdn.newsbucovina.ro\/wp-content\/uploads\/2026\/03\/negrea.jpeg&#8221;] Intr\u0103 acum \u0219i \u00een grupul de Telegram News Bucovina Alian\u021ba pentru Unirea Rom\u00e2nilor (AUR) a depus \u00een Parlament un proiect legislativ care prevede scutirea de la plata impozitului pe locuin\u021b\u0103 pentru toate imobilele care nu beneficiaz\u0103 de utilit\u0103\u021bi esen\u021biale: ap\u0103 curent\u0103, canalizare \u0219i gaze naturale. Ini\u021biativa este sus\u021binut\u0103 \u0219i de deputatul AUR [&hellip;]<\/p>\n","protected":false},"author":1,"featured_media":0,"comment_status":"open","ping_status":"","sticky":false,"template":"","format":"standard","meta":{"footnotes":""},"categories":[89],"tags":[226,165],"class_list":["post-1885374","post","type-post","status-publish","format-standard","hentry","category-romania","tag-crawlmanager","tag-newsbucovina-ro"],"_links":{"self":[{"href":"https:\/\/analyse.optim.biz\/index.php?rest_route=\/wp\/v2\/posts\/1885374","targetHints":{"allow":["GET"]}}],"collection":[{"href":"https:\/\/analyse.optim.biz\/index.php?rest_route=\/wp\/v2\/posts"}],"about":[{"href":"https:\/\/analyse.optim.biz\/index.php?rest_route=\/wp\/v2\/types\/post"}],"author":[{"embeddable":true,"href":"https:\/\/analyse.optim.biz\/index.php?rest_route=\/wp\/v2\/users\/1"}],"replies":[{"embeddable":true,"href":"https:\/\/analyse.optim.biz\/index.php?rest_route=%2Fwp%2Fv2%2Fcomments&post=1885374"}],"version-history":[{"count":0,"href":"https:\/\/analyse.optim.biz\/index.php?rest_route=\/wp\/v2\/posts\/1885374\/revisions"}],"wp:attachment":[{"href":"https:\/\/analyse.optim.biz\/index.php?rest_route=%2Fwp%2Fv2%2Fmedia&parent=1885374"}],"wp:term":[{"taxonomy":"category","embeddable":true,"href":"https:\/\/analyse.optim.biz\/index.php?rest_route=%2Fwp%2Fv2%2Fcategories&post=1885374"},{"taxonomy":"post_tag","embeddable":true,"href":"https:\/\/analyse.optim.biz\/index.php?rest_route=%2Fwp%2Fv2%2Ftags&post=1885374"}],"curies":[{"name":"wp","href":"https:\/\/api.w.org\/{rel}","templated":true}]}}