{"id":1885366,"date":"2026-04-16T10:57:40","date_gmt":"2026-04-16T07:57:40","guid":{"rendered":"https:\/\/analyse.optim.biz\/?p=1885366"},"modified":"2026-04-16T10:57:40","modified_gmt":"2026-04-16T07:57:40","slug":"presedintele-uniunii-baptiste-din-singapore-pastorul-edwin-lam-in-vizita-oficiala-in-comunitatea-baptista-de-suceava","status":"publish","type":"post","link":"https:\/\/analyse.optim.biz\/?p=1885366","title":{"rendered":"Pre\u0219edintele Uniunii Baptiste din Singapore, pastorul Edwin Lam, \u00een vizit\u0103 oficial\u0103 \u00een Comunitatea Baptist\u0103 de Suceava"},"content":{"rendered":"<p>[analyse_image type=&#8221;featured&#8221; src=&#8221;https:\/\/www.newsbucovina.ro\/wp-content\/uploads\/2026\/04\/WhatsApp-Image-2026-04-16-at-13.49.36-1.jpeghttps:\/\/cdn.newsbucovina.ro\/wp-content\/uploads\/2026\/04\/WhatsApp-Image-2026-04-16-at-13.49.36-1.jpeg&#8221;]<\/p>\n<div class=\"td-post-content tagdiv-type\">\n<div class=\"td-a-rec td-a-rec-id-content_top  tdi_3 td_block_template_1\"><strong>Intr\u0103 acum \u0219i \u00een grupul de <\/p>\n<div class=\"wp-block-button\"><a class=\"wp-block-button__link wp-element-button\" href=\"https:\/\/t.me\/+TH8wcfnp8fw5NWI0\">Telegram News Bucovina<\/a><\/div>\n<p><\/strong><\/div>\n<p>Pastorul <strong>Edwin Lam<\/strong>, una dintre cele mai importante personalit\u0103\u021bi baptiste din Asia, se afl\u0103 \u00een aceste zile \u00eentr-o vizit\u0103 \u00een Rom\u00e2nia. \u00centre 10 \u0219i 19 aprilie 2026, el viziteaz\u0103 biserici baptiste din jude\u021bele Suceava, Boto\u0219ani, Ia\u0219i \u0219i Cern\u0103u\u021bi.<\/p>\n<div class=\"wp-block-image\">\n<figure class=\"aligncenter size-large\"><a href=\"https:\/\/cdn.newsbucovina.ro\/wp-content\/uploads\/2026\/04\/WhatsApp-Image-2026-04-16-at-13.49.361.jpeg\"><img loading=\"lazy\" decoding=\"async\" width=\"656\" height=\"1024\" src=\"https:\/\/cdn.newsbucovina.ro\/wp-content\/uploads\/2026\/04\/WhatsApp-Image-2026-04-16-at-13.49.361-656x1024.jpeg\" alt class=\"wp-image-436302\"><\/a><\/figure>\n<\/div>\n<p>S\u00e2mb\u0103t\u0103, <strong>18 aprilie 2026<\/strong>, \u00eencep\u00e2nd cu ora <strong>10:00<\/strong>, pastorul Edwin Lam va participa la <strong>Conferin\u021ba de Misiune<\/strong> organizat\u0103 la Biserica Baptist\u0103 \u201eBetleem\u201d din Suceava.<\/p>\n<p>Al\u0103turi de el vor fi prezen\u021bi:<\/p>\n<ul class=\"wp-block-list\">\n<li><strong>C\u0103t\u0103lin Croitor<\/strong>, pre\u0219edintele Comunit\u0103\u021bii Baptiste de Suceava<\/li>\n<li><strong>Dani Gruian<\/strong>, membru fondator al Agen\u021biei Baptiste de Misiune Extern\u0103 PROMIS<\/li>\n<li><strong>Adrian Bratosin<\/strong>, directorul Agen\u021biei Baptiste de Misiune Extern\u0103 PROMIS<\/li>\n<\/ul>\n<p>Pastor Edwin Lam ocup\u0103 \u00een prezent func\u021biile de <strong>pre\u0219edinte al Uniunii Baptiste din Singapore<\/strong> \u0219i <strong>pre\u0219edinte al Asocia\u021biei Baptiste din Asia<\/strong>. Anterior, el a de\u021binut \u0219i func\u021bia de pre\u0219edinte al Federa\u021biei Baptiste Asia-Pacific, fiind recunoscut la nivel interna\u021bional pentru implicarea sa \u00een misiune \u0219i dezvoltare a comunit\u0103\u021bilor baptiste din regiune.<\/p>\n<div class=\"td-a-rec td-a-rec-id-content_bottom  tdi_4 td_block_template_1\"><strong>Intr\u0103 acum \u0219i \u00een grupul de <\/p>\n<div class=\"wp-block-button\"><a class=\"wp-block-button__link wp-element-button\" href=\"https:\/\/t.me\/+TH8wcfnp8fw5NWI0\">Telegram News Bucovina<\/a><\/div>\n<p><\/strong><\/div>\n<\/div>\n<div class=\"td-post-content tagdiv-type\">\n<div class=\"td-a-rec td-a-rec-id-content_top  tdi_3 td_block_template_1\"><strong>Intr\u0103 acum \u0219i \u00een grupul de <\/p>\n<div class=\"wp-block-button\"><a class=\"wp-block-button__link wp-element-button\" href=\"https:\/\/t.me\/+TH8wcfnp8fw5NWI0\">Telegram News Bucovina<\/a><\/div>\n<p><\/strong><\/div>\n<p>Pastorul <strong>Edwin Lam<\/strong>, una dintre cele mai importante personalit\u0103\u021bi baptiste din Asia, se afl\u0103 \u00een aceste zile \u00eentr-o vizit\u0103 \u00een Rom\u00e2nia. \u00centre 10 \u0219i 19 aprilie 2026, el viziteaz\u0103 biserici baptiste din jude\u021bele Suceava, Boto\u0219ani, Ia\u0219i \u0219i Cern\u0103u\u021bi.<\/p>\n<div class=\"wp-block-image\">\n<figure class=\"aligncenter size-large\"><a href=\"https:\/\/cdn.newsbucovina.ro\/wp-content\/uploads\/2026\/04\/WhatsApp-Image-2026-04-16-at-13.49.361.jpeg\"><img loading=\"lazy\" decoding=\"async\" width=\"656\" height=\"1024\" src=\"https:\/\/cdn.newsbucovina.ro\/wp-content\/uploads\/2026\/04\/WhatsApp-Image-2026-04-16-at-13.49.361-656x1024.jpeg\" alt class=\"wp-image-436302\"><\/a><\/figure>\n<\/div>\n<p>S\u00e2mb\u0103t\u0103, <strong>18 aprilie 2026<\/strong>, \u00eencep\u00e2nd cu ora <strong>10:00<\/strong>, pastorul Edwin Lam va participa la <strong>Conferin\u021ba de Misiune<\/strong> organizat\u0103 la Biserica Baptist\u0103 \u201eBetleem\u201d din Suceava.<\/p>\n<p>Al\u0103turi de el vor fi prezen\u021bi:<\/p>\n<ul class=\"wp-block-list\">\n<li><strong>C\u0103t\u0103lin Croitor<\/strong>, pre\u0219edintele Comunit\u0103\u021bii Baptiste de Suceava<\/li>\n<li><strong>Dani Gruian<\/strong>, membru fondator al Agen\u021biei Baptiste de Misiune Extern\u0103 PROMIS<\/li>\n<li><strong>Adrian Bratosin<\/strong>, directorul Agen\u021biei Baptiste de Misiune Extern\u0103 PROMIS<\/li>\n<\/ul>\n<p>Pastor Edwin Lam ocup\u0103 \u00een prezent func\u021biile de <strong>pre\u0219edinte al Uniunii Baptiste din Singapore<\/strong> \u0219i <strong>pre\u0219edinte al Asocia\u021biei Baptiste din Asia<\/strong>. Anterior, el a de\u021binut \u0219i func\u021bia de pre\u0219edinte al Federa\u021biei Baptiste Asia-Pacific, fiind recunoscut la nivel interna\u021bional pentru implicarea sa \u00een misiune \u0219i dezvoltare a comunit\u0103\u021bilor baptiste din regiune.<\/p>\n<div class=\"td-a-rec td-a-rec-id-content_bottom  tdi_4 td_block_template_1\"><strong>Intr\u0103 acum \u0219i \u00een grupul de <\/p>\n<div class=\"wp-block-button\"><a class=\"wp-block-button__link wp-element-button\" href=\"https:\/\/t.me\/+TH8wcfnp8fw5NWI0\">Telegram News Bucovina<\/a><\/div>\n<p><\/strong><\/div>\n<\/div>\n<p>[analyse_source url=&#8221;https:\/\/www.newsbucovina.ro\/evenimente\/436301\/presedintele-uniunii-baptiste-din-singapore-pastorul-edwin-lam-in-vizita-oficiala-in-comunitatea-baptista-de-suceava&#8221;]<\/p>\n","protected":false},"excerpt":{"rendered":"<p>[analyse_image type=&#8221;featured&#8221; src=&#8221;https:\/\/www.newsbucovina.ro\/wp-content\/uploads\/2026\/04\/WhatsApp-Image-2026-04-16-at-13.49.36-1.jpeghttps:\/\/cdn.newsbucovina.ro\/wp-content\/uploads\/2026\/04\/WhatsApp-Image-2026-04-16-at-13.49.36-1.jpeg&#8221;] Intr\u0103 acum \u0219i \u00een grupul de Telegram News Bucovina Pastorul Edwin Lam, una dintre cele mai importante personalit\u0103\u021bi baptiste din Asia, se afl\u0103 \u00een aceste zile \u00eentr-o vizit\u0103 \u00een Rom\u00e2nia. \u00centre 10 \u0219i 19 aprilie 2026, el viziteaz\u0103 biserici baptiste din jude\u021bele Suceava, Boto\u0219ani, Ia\u0219i \u0219i Cern\u0103u\u021bi. S\u00e2mb\u0103t\u0103, 18 aprilie 2026, \u00eencep\u00e2nd [&hellip;]<\/p>\n","protected":false},"author":1,"featured_media":0,"comment_status":"open","ping_status":"","sticky":false,"template":"","format":"standard","meta":{"footnotes":""},"categories":[89],"tags":[226,165],"class_list":["post-1885366","post","type-post","status-publish","format-standard","hentry","category-romania","tag-crawlmanager","tag-newsbucovina-ro"],"_links":{"self":[{"href":"https:\/\/analyse.optim.biz\/index.php?rest_route=\/wp\/v2\/posts\/1885366","targetHints":{"allow":["GET"]}}],"collection":[{"href":"https:\/\/analyse.optim.biz\/index.php?rest_route=\/wp\/v2\/posts"}],"about":[{"href":"https:\/\/analyse.optim.biz\/index.php?rest_route=\/wp\/v2\/types\/post"}],"author":[{"embeddable":true,"href":"https:\/\/analyse.optim.biz\/index.php?rest_route=\/wp\/v2\/users\/1"}],"replies":[{"embeddable":true,"href":"https:\/\/analyse.optim.biz\/index.php?rest_route=%2Fwp%2Fv2%2Fcomments&post=1885366"}],"version-history":[{"count":0,"href":"https:\/\/analyse.optim.biz\/index.php?rest_route=\/wp\/v2\/posts\/1885366\/revisions"}],"wp:attachment":[{"href":"https:\/\/analyse.optim.biz\/index.php?rest_route=%2Fwp%2Fv2%2Fmedia&parent=1885366"}],"wp:term":[{"taxonomy":"category","embeddable":true,"href":"https:\/\/analyse.optim.biz\/index.php?rest_route=%2Fwp%2Fv2%2Fcategories&post=1885366"},{"taxonomy":"post_tag","embeddable":true,"href":"https:\/\/analyse.optim.biz\/index.php?rest_route=%2Fwp%2Fv2%2Ftags&post=1885366"}],"curies":[{"name":"wp","href":"https:\/\/api.w.org\/{rel}","templated":true}]}}