{"id":1885363,"date":"2026-04-16T10:19:20","date_gmt":"2026-04-16T07:19:20","guid":{"rendered":"https:\/\/analyse.optim.biz\/?p=1885363"},"modified":"2026-04-16T10:19:20","modified_gmt":"2026-04-16T07:19:20","slug":"tamaduitoare-vegetale-o-expozitie-fascinanta-despre-plantele-medicinale-si-comestibile-la-muzeul-de-stiintele-naturii-din-suceava","status":"publish","type":"post","link":"https:\/\/analyse.optim.biz\/?p=1885363","title":{"rendered":"\u201eT\u0103m\u0103duitoare vegetale\u201d \u2013 O expozi\u021bie fascinant\u0103 despre plantele medicinale \u0219i comestibile la Muzeul de \u0218tiin\u021bele Naturii din Suceava"},"content":{"rendered":"<p>[analyse_image type=&#8221;featured&#8221; src=&#8221;https:\/\/www.newsbucovina.ro\/wp-content\/uploads\/2026\/04\/afis-tamaduitoare-vegetale-1.jpghttps:\/\/cdn.newsbucovina.ro\/wp-content\/uploads\/2026\/04\/afis-tamaduitoare-vegetale-1.jpg&#8221;]<\/p>\n<div class=\"td-post-content tagdiv-type\">\n<div class=\"td-a-rec td-a-rec-id-content_top  tdi_3 td_block_template_1\"><strong>Intr\u0103 acum \u0219i \u00een grupul de <\/p>\n<div class=\"wp-block-button\"><a class=\"wp-block-button__link wp-element-button\" href=\"https:\/\/t.me\/+TH8wcfnp8fw5NWI0\">Telegram News Bucovina<\/a><\/div>\n<p><\/strong><\/div>\n<p>Muzeul Na\u021bional al Bucovinei invit\u0103 publicul sucevean \u0219i turi\u0219tii la o incursiune captivant\u0103 \u00een lumea plantelor care au vindecat \u0219i hr\u0103nit genera\u021bii \u00eentregi de bucovineni. Expozi\u021bia <strong>\u201eT\u0103m\u0103duitoare vegetale\u201d<\/strong> va fi deschis\u0103 \u00een perioada <strong>21 aprilie \u2013 11 iunie 2026<\/strong> la Muzeul de \u0218tiin\u021bele Naturii din Suceava.<\/p>\n<div class=\"wp-block-image\">\n<figure class=\"aligncenter size-large\"><a href=\"https:\/\/cdn.newsbucovina.ro\/wp-content\/uploads\/2026\/04\/afis-tamaduitoare-vegetale.jpg\"><img loading=\"lazy\" decoding=\"async\" width=\"719\" height=\"1024\" src=\"https:\/\/cdn.newsbucovina.ro\/wp-content\/uploads\/2026\/04\/afis-tamaduitoare-vegetale-719x1024.jpg\" alt class=\"wp-image-436292\"><\/a><\/figure>\n<\/div>\n<p>Vizitatorii vor putea admira <strong>50 de plan\u0219e de ierbar<\/strong> care reprezint\u0103 specii ierboase \u0219i arbustive recunoscute pentru principiile lor active, cu rol \u00een ameliorarea unor afec\u021biuni. Expozi\u021bia este completat\u0103 de bure\u021bi impregna\u021bi cu uleiuri vegetale \u0219i semin\u021be provenite de la acelea\u0219i plante, oferind o experien\u021b\u0103 interactiv\u0103 \u0219i multisenzorial\u0103.<\/p>\n<p>Scopul expozi\u021biei este de a prezenta at\u00e2t aspectele \u0219tiin\u021bifice, c\u00e2t \u0219i cele tradi\u021bionale legate de plantele din Bucovina: morfologia extern\u0103 \u0219i intern\u0103 adaptativ\u0103, principiile active, modalit\u0103\u021bile de utilizare \u00een alimenta\u021bie \u0219i tehnicile tradi\u021bionale de prelucrare manual\u0103 a organelor vegetative \u0219i reproduc\u0103toare pentru uz terapeutic.<\/p>\n<p>\u201eAceast\u0103 expozi\u021bie aduce \u00een prim-plan bog\u0103\u021bia vegetal\u0103 a Bucovinei, pun\u00e2nd \u00een valoare cuno\u0219tin\u021bele \u0219tiin\u021bifice \u0219i empirice despre plantele care au fost folosite de secole \u00een alimenta\u021bie \u0219i medicin\u0103\u201d, transmit reprezentan\u021bii Muzeului Na\u021bional al Bucovinei.<\/p>\n<p>Proiectul este aprobat \u0219i finan\u021bat de <strong>Consiliul Jude\u021bean Suceava<\/strong>.<\/p>\n<p><strong>Informa\u021bii practice:<\/strong><\/p>\n<ul class=\"wp-block-list\">\n<li><strong>Loca\u021bie:<\/strong> Muzeul de \u0218tiin\u021bele Naturii, Suceava<\/li>\n<li><strong>Perioad\u0103:<\/strong> 21 aprilie \u2013 11 iunie 2026<\/li>\n<li><strong>Intrarea este liber\u0103!<\/strong><\/li>\n<\/ul>\n<p>Expozi\u021bia \u201eT\u0103m\u0103duitoare vegetale\u201d reprezint\u0103 o oportunitate excelent\u0103 pentru elevi, studen\u021bi, pasiona\u021bi de botanic\u0103, medicin\u0103 natural\u0103 sau pur \u0219i simplu pentru to\u021bi cei interesa\u021bi s\u0103 descopere comorile naturale ale Bucovinei \u00eentr-un mod educativ \u0219i atractiv.<\/p>\n<div class=\"td-a-rec td-a-rec-id-content_bottom  tdi_4 td_block_template_1\"><strong>Intr\u0103 acum \u0219i \u00een grupul de <\/p>\n<div class=\"wp-block-button\"><a class=\"wp-block-button__link wp-element-button\" href=\"https:\/\/t.me\/+TH8wcfnp8fw5NWI0\">Telegram News Bucovina<\/a><\/div>\n<p><\/strong><\/div>\n<\/div>\n<div class=\"td-post-content tagdiv-type\">\n<div class=\"td-a-rec td-a-rec-id-content_top  tdi_3 td_block_template_1\"><strong>Intr\u0103 acum \u0219i \u00een grupul de <\/p>\n<div class=\"wp-block-button\"><a class=\"wp-block-button__link wp-element-button\" href=\"https:\/\/t.me\/+TH8wcfnp8fw5NWI0\">Telegram News Bucovina<\/a><\/div>\n<p><\/strong><\/div>\n<p>Muzeul Na\u021bional al Bucovinei invit\u0103 publicul sucevean \u0219i turi\u0219tii la o incursiune captivant\u0103 \u00een lumea plantelor care au vindecat \u0219i hr\u0103nit genera\u021bii \u00eentregi de bucovineni. Expozi\u021bia <strong>\u201eT\u0103m\u0103duitoare vegetale\u201d<\/strong> va fi deschis\u0103 \u00een perioada <strong>21 aprilie \u2013 11 iunie 2026<\/strong> la Muzeul de \u0218tiin\u021bele Naturii din Suceava.<\/p>\n<div class=\"wp-block-image\">\n<figure class=\"aligncenter size-large\"><a href=\"https:\/\/cdn.newsbucovina.ro\/wp-content\/uploads\/2026\/04\/afis-tamaduitoare-vegetale.jpg\"><img loading=\"lazy\" decoding=\"async\" width=\"719\" height=\"1024\" src=\"https:\/\/cdn.newsbucovina.ro\/wp-content\/uploads\/2026\/04\/afis-tamaduitoare-vegetale-719x1024.jpg\" alt class=\"wp-image-436292\"><\/a><\/figure>\n<\/div>\n<p>Vizitatorii vor putea admira <strong>50 de plan\u0219e de ierbar<\/strong> care reprezint\u0103 specii ierboase \u0219i arbustive recunoscute pentru principiile lor active, cu rol \u00een ameliorarea unor afec\u021biuni. Expozi\u021bia este completat\u0103 de bure\u021bi impregna\u021bi cu uleiuri vegetale \u0219i semin\u021be provenite de la acelea\u0219i plante, oferind o experien\u021b\u0103 interactiv\u0103 \u0219i multisenzorial\u0103.<\/p>\n<p>Scopul expozi\u021biei este de a prezenta at\u00e2t aspectele \u0219tiin\u021bifice, c\u00e2t \u0219i cele tradi\u021bionale legate de plantele din Bucovina: morfologia extern\u0103 \u0219i intern\u0103 adaptativ\u0103, principiile active, modalit\u0103\u021bile de utilizare \u00een alimenta\u021bie \u0219i tehnicile tradi\u021bionale de prelucrare manual\u0103 a organelor vegetative \u0219i reproduc\u0103toare pentru uz terapeutic.<\/p>\n<p>\u201eAceast\u0103 expozi\u021bie aduce \u00een prim-plan bog\u0103\u021bia vegetal\u0103 a Bucovinei, pun\u00e2nd \u00een valoare cuno\u0219tin\u021bele \u0219tiin\u021bifice \u0219i empirice despre plantele care au fost folosite de secole \u00een alimenta\u021bie \u0219i medicin\u0103\u201d, transmit reprezentan\u021bii Muzeului Na\u021bional al Bucovinei.<\/p>\n<p>Proiectul este aprobat \u0219i finan\u021bat de <strong>Consiliul Jude\u021bean Suceava<\/strong>.<\/p>\n<p><strong>Informa\u021bii practice:<\/strong><\/p>\n<ul class=\"wp-block-list\">\n<li><strong>Loca\u021bie:<\/strong> Muzeul de \u0218tiin\u021bele Naturii, Suceava<\/li>\n<li><strong>Perioad\u0103:<\/strong> 21 aprilie \u2013 11 iunie 2026<\/li>\n<li><strong>Intrarea este liber\u0103!<\/strong><\/li>\n<\/ul>\n<p>Expozi\u021bia \u201eT\u0103m\u0103duitoare vegetale\u201d reprezint\u0103 o oportunitate excelent\u0103 pentru elevi, studen\u021bi, pasiona\u021bi de botanic\u0103, medicin\u0103 natural\u0103 sau pur \u0219i simplu pentru to\u021bi cei interesa\u021bi s\u0103 descopere comorile naturale ale Bucovinei \u00eentr-un mod educativ \u0219i atractiv.<\/p>\n<div class=\"td-a-rec td-a-rec-id-content_bottom  tdi_4 td_block_template_1\"><strong>Intr\u0103 acum \u0219i \u00een grupul de <\/p>\n<div class=\"wp-block-button\"><a class=\"wp-block-button__link wp-element-button\" href=\"https:\/\/t.me\/+TH8wcfnp8fw5NWI0\">Telegram News Bucovina<\/a><\/div>\n<p><\/strong><\/div>\n<\/div>\n<p>[analyse_source url=&#8221;https:\/\/www.newsbucovina.ro\/evenimente\/436291\/tamaduitoare-vegetale-o-expozitie-fascinanta-despre-plantele-medicinale-si-comestibile-la-muzeul-de-stiintele-naturii-din-suceava&#8221;]<\/p>\n","protected":false},"excerpt":{"rendered":"<p>[analyse_image type=&#8221;featured&#8221; src=&#8221;https:\/\/www.newsbucovina.ro\/wp-content\/uploads\/2026\/04\/afis-tamaduitoare-vegetale-1.jpghttps:\/\/cdn.newsbucovina.ro\/wp-content\/uploads\/2026\/04\/afis-tamaduitoare-vegetale-1.jpg&#8221;] Intr\u0103 acum \u0219i \u00een grupul de Telegram News Bucovina Muzeul Na\u021bional al Bucovinei invit\u0103 publicul sucevean \u0219i turi\u0219tii la o incursiune captivant\u0103 \u00een lumea plantelor care au vindecat \u0219i hr\u0103nit genera\u021bii \u00eentregi de bucovineni. Expozi\u021bia \u201eT\u0103m\u0103duitoare vegetale\u201d va fi deschis\u0103 \u00een perioada 21 aprilie \u2013 11 iunie 2026 la Muzeul de \u0218tiin\u021bele [&hellip;]<\/p>\n","protected":false},"author":1,"featured_media":0,"comment_status":"open","ping_status":"","sticky":false,"template":"","format":"standard","meta":{"footnotes":""},"categories":[89],"tags":[226,165],"class_list":["post-1885363","post","type-post","status-publish","format-standard","hentry","category-romania","tag-crawlmanager","tag-newsbucovina-ro"],"_links":{"self":[{"href":"https:\/\/analyse.optim.biz\/index.php?rest_route=\/wp\/v2\/posts\/1885363","targetHints":{"allow":["GET"]}}],"collection":[{"href":"https:\/\/analyse.optim.biz\/index.php?rest_route=\/wp\/v2\/posts"}],"about":[{"href":"https:\/\/analyse.optim.biz\/index.php?rest_route=\/wp\/v2\/types\/post"}],"author":[{"embeddable":true,"href":"https:\/\/analyse.optim.biz\/index.php?rest_route=\/wp\/v2\/users\/1"}],"replies":[{"embeddable":true,"href":"https:\/\/analyse.optim.biz\/index.php?rest_route=%2Fwp%2Fv2%2Fcomments&post=1885363"}],"version-history":[{"count":0,"href":"https:\/\/analyse.optim.biz\/index.php?rest_route=\/wp\/v2\/posts\/1885363\/revisions"}],"wp:attachment":[{"href":"https:\/\/analyse.optim.biz\/index.php?rest_route=%2Fwp%2Fv2%2Fmedia&parent=1885363"}],"wp:term":[{"taxonomy":"category","embeddable":true,"href":"https:\/\/analyse.optim.biz\/index.php?rest_route=%2Fwp%2Fv2%2Fcategories&post=1885363"},{"taxonomy":"post_tag","embeddable":true,"href":"https:\/\/analyse.optim.biz\/index.php?rest_route=%2Fwp%2Fv2%2Ftags&post=1885363"}],"curies":[{"name":"wp","href":"https:\/\/api.w.org\/{rel}","templated":true}]}}