{"id":1885360,"date":"2026-04-16T09:42:50","date_gmt":"2026-04-16T06:42:50","guid":{"rendered":"https:\/\/analyse.optim.biz\/?p=1885360"},"modified":"2026-04-16T09:42:50","modified_gmt":"2026-04-16T06:42:50","slug":"iasiul-va-gazdui-prima-editie-a-tilia-summitul-oraselor-din-romania-aproape-400-de-participanti-si-55-de-speakeri-inclusiv-charles-montgomery-si-foster-partners","status":"publish","type":"post","link":"https:\/\/analyse.optim.biz\/?p=1885360","title":{"rendered":"Ia\u0219iul va g\u0103zdui prima edi\u021bie a TILIA \u2013 Summitul Ora\u0219elor din Rom\u00e2nia. Aproape 400 de participan\u021bi \u0219i 55 de speakeri, inclusiv Charles Montgomery \u0219i Foster + Partners"},"content":{"rendered":"<p>[analyse_image type=&#8221;featured&#8221; src=&#8221;https:\/\/www.newsbucovina.ro\/wp-content\/uploads\/2026\/03\/TILIA_Summitul-oraselor-din-Romania_vizual.jpghttps:\/\/cdn.newsbucovina.ro\/wp-content\/uploads\/2026\/03\/TILIA_Summitul-oraselor-din-Romania_vizual.jpg&#8221;]<\/p>\n<div class=\"td-post-content tagdiv-type\">\n<div class=\"td-a-rec td-a-rec-id-content_top  tdi_3 td_block_template_1\"><strong>Intr\u0103 acum \u0219i \u00een grupul de <\/p>\n<div class=\"wp-block-button\"><a class=\"wp-block-button__link wp-element-button\" href=\"https:\/\/t.me\/+TH8wcfnp8fw5NWI0\">Telegram News Bucovina<\/a><\/div>\n<p><\/strong><\/div>\n<p>Ora\u0219ele Rom\u00e2niei vor fi \u00een centrul unei dezbateri de amploare na\u021bional\u0103 \u0219i interna\u021bional\u0103 pe 23 \u0219i 24 aprilie 2026, la Palatul Culturii din Ia\u0219i. Aproape <strong>400 de participan\u021bi<\/strong> \u0219i <strong>55 de speakeri<\/strong> au confirmat prezen\u021ba la <strong>TILIA \u2013 Today\u2019s Ideas and Leadership In Action<\/strong>, primul summit dedicat solu\u021biilor concrete pentru dezvoltarea urban\u0103 sustenabil\u0103, organizat de IULIUS \u00een parteneriat cu Banca European\u0103 de Reconstruc\u021bie \u0219i Dezvoltare (BERD).<\/p>\n<figure class=\"wp-block-image size-large\"><a href=\"https:\/\/cdn.newsbucovina.ro\/wp-content\/uploads\/2026\/03\/TILIA_Summitul-oraselor-din-Romania_vizual.jpg\"><img loading=\"lazy\" decoding=\"async\" width=\"1024\" height=\"502\" src=\"https:\/\/cdn.newsbucovina.ro\/wp-content\/uploads\/2026\/03\/TILIA_Summitul-oraselor-din-Romania_vizual-1024x502.jpg\" alt class=\"wp-image-434735\"><\/a><\/figure>\n<p>Evenimentul reune\u0219te primari, urbani\u0219ti, arhitec\u021bi, investitori, reprezentan\u021bi ai institu\u021biilor financiare interna\u021bionale, ai mediului de afaceri, academic \u0219i ai societ\u0103\u021bii civile, cu scopul de a identifica mecanisme practice pentru transformarea ora\u0219elor rom\u00e2ne\u0219ti.<\/p>\n<p><strong>Charles Montgomery<\/strong>, autorul bestsellerului interna\u021bional <em>Ora\u0219ul fericit<\/em> \u0219i una dintre cele mai influente voci globale \u00een urbanism, va veni pentru prima dat\u0103 \u00een Rom\u00e2nia. El va sus\u021bine un keynote intitulat \u201e\u0218tiin\u021ba ora\u0219elor fericite: principii \u0219i idei pentru Rom\u00e2nia\u201d, explor\u00e2nd modul \u00een care designul urban influen\u021beaz\u0103 direct bun\u0103starea, mobilitatea \u0219i calitatea vie\u021bii comunit\u0103\u021bilor.<\/p>\n<p>Printre vorbitorii de marc\u0103 se num\u0103r\u0103 \u0219i reprezentan\u021bii renumitului birou de arhitectur\u0103 <strong>Foster + Partners<\/strong> (responsabil pentru proiecte iconice precum Apple Park, Reichstag \u0219i viitoarea regenerare urban\u0103 a zonei Oil Terminal din Constan\u021ba), care vor sus\u021bine un masterclass despre principiile designului urban sustenabil.<\/p>\n<p><strong>Programul pe zile:<\/strong><\/p>\n<ul class=\"wp-block-list\">\n<li><strong>23 aprilie \u2013 Viziune \u0219i design urban<\/strong> Focus pe principiile unui ora\u0219 orientat c\u0103tre oameni, regenerare urban\u0103, solu\u021bii integrate de ap\u0103 \u0219i energie, mobilitate urban\u0103 \u0219i leg\u0103tura dintre design \u0219i bun\u0103starea comunit\u0103\u021bilor.<\/li>\n<li><strong>24 aprilie \u2013 Viziune \u0219i implementare<\/strong> Accent pe finan\u021barea interna\u021bional\u0103 a infrastructurii urbane, structurarea parteneriatelor public-private (PPP), cu exemple concrete precum modelul Apa Nova Bucure\u0219ti \u2013 Veolia. Vor participa reprezentan\u021bi ai Cancelariei Prim-Ministrului, BERD, Ministerului Transporturilor \u0219i Infrastructurii, precum \u0219i primari din mai multe ora\u0219e ale Rom\u00e2niei.<\/li>\n<\/ul>\n<p>Evenimentul se \u00eencheie cu prezentarea proiectului de regenerare urban\u0103 a zonei Oil Terminal din Constan\u021ba, realizat de Foster + Partners.<\/p>\n<p>\u201ePrima edi\u021bie a Summitului Ora\u0219elor din Rom\u00e2nia este construit\u0103 \u00een jurul ideii c\u0103 ora\u0219ele se transform\u0103 atunci c\u00e2nd viziunea \u0219i implementarea sunt abordate \u00eempreun\u0103\u201d, transmit organizatorii.<\/p>\n<p>TILIA \u00ee\u0219i propune s\u0103 devin\u0103 o platform\u0103 na\u021bional\u0103 de dialog \u0219i solu\u021bii concrete pentru dezvoltarea urban\u0103 sustenabil\u0103, conect\u00e2nd experien\u021ba interna\u021bional\u0103 cu nevoile reale ale ora\u0219elor rom\u00e2ne\u0219ti.<\/p>\n<p>Mai multe detalii \u0219i agenda complet\u0103 sunt disponibile pe site-ul oficial al evenimentului.<\/p>\n<div class=\"td-a-rec td-a-rec-id-content_bottom  tdi_4 td_block_template_1\"><strong>Intr\u0103 acum \u0219i \u00een grupul de <\/p>\n<div class=\"wp-block-button\"><a class=\"wp-block-button__link wp-element-button\" href=\"https:\/\/t.me\/+TH8wcfnp8fw5NWI0\">Telegram News Bucovina<\/a><\/div>\n<p><\/strong><\/div>\n<\/div>\n<div class=\"td-post-content tagdiv-type\">\n<div class=\"td-a-rec td-a-rec-id-content_top  tdi_3 td_block_template_1\"><strong>Intr\u0103 acum \u0219i \u00een grupul de <\/p>\n<div class=\"wp-block-button\"><a class=\"wp-block-button__link wp-element-button\" href=\"https:\/\/t.me\/+TH8wcfnp8fw5NWI0\">Telegram News Bucovina<\/a><\/div>\n<p><\/strong><\/div>\n<p>Ora\u0219ele Rom\u00e2niei vor fi \u00een centrul unei dezbateri de amploare na\u021bional\u0103 \u0219i interna\u021bional\u0103 pe 23 \u0219i 24 aprilie 2026, la Palatul Culturii din Ia\u0219i. Aproape <strong>400 de participan\u021bi<\/strong> \u0219i <strong>55 de speakeri<\/strong> au confirmat prezen\u021ba la <strong>TILIA \u2013 Today\u2019s Ideas and Leadership In Action<\/strong>, primul summit dedicat solu\u021biilor concrete pentru dezvoltarea urban\u0103 sustenabil\u0103, organizat de IULIUS \u00een parteneriat cu Banca European\u0103 de Reconstruc\u021bie \u0219i Dezvoltare (BERD).<\/p>\n<figure class=\"wp-block-image size-large\"><a href=\"https:\/\/cdn.newsbucovina.ro\/wp-content\/uploads\/2026\/03\/TILIA_Summitul-oraselor-din-Romania_vizual.jpg\"><img loading=\"lazy\" decoding=\"async\" width=\"1024\" height=\"502\" src=\"https:\/\/cdn.newsbucovina.ro\/wp-content\/uploads\/2026\/03\/TILIA_Summitul-oraselor-din-Romania_vizual-1024x502.jpg\" alt class=\"wp-image-434735\"><\/a><\/figure>\n<p>Evenimentul reune\u0219te primari, urbani\u0219ti, arhitec\u021bi, investitori, reprezentan\u021bi ai institu\u021biilor financiare interna\u021bionale, ai mediului de afaceri, academic \u0219i ai societ\u0103\u021bii civile, cu scopul de a identifica mecanisme practice pentru transformarea ora\u0219elor rom\u00e2ne\u0219ti.<\/p>\n<p><strong>Charles Montgomery<\/strong>, autorul bestsellerului interna\u021bional <em>Ora\u0219ul fericit<\/em> \u0219i una dintre cele mai influente voci globale \u00een urbanism, va veni pentru prima dat\u0103 \u00een Rom\u00e2nia. El va sus\u021bine un keynote intitulat \u201e\u0218tiin\u021ba ora\u0219elor fericite: principii \u0219i idei pentru Rom\u00e2nia\u201d, explor\u00e2nd modul \u00een care designul urban influen\u021beaz\u0103 direct bun\u0103starea, mobilitatea \u0219i calitatea vie\u021bii comunit\u0103\u021bilor.<\/p>\n<p>Printre vorbitorii de marc\u0103 se num\u0103r\u0103 \u0219i reprezentan\u021bii renumitului birou de arhitectur\u0103 <strong>Foster + Partners<\/strong> (responsabil pentru proiecte iconice precum Apple Park, Reichstag \u0219i viitoarea regenerare urban\u0103 a zonei Oil Terminal din Constan\u021ba), care vor sus\u021bine un masterclass despre principiile designului urban sustenabil.<\/p>\n<p><strong>Programul pe zile:<\/strong><\/p>\n<ul class=\"wp-block-list\">\n<li><strong>23 aprilie \u2013 Viziune \u0219i design urban<\/strong> Focus pe principiile unui ora\u0219 orientat c\u0103tre oameni, regenerare urban\u0103, solu\u021bii integrate de ap\u0103 \u0219i energie, mobilitate urban\u0103 \u0219i leg\u0103tura dintre design \u0219i bun\u0103starea comunit\u0103\u021bilor.<\/li>\n<li><strong>24 aprilie \u2013 Viziune \u0219i implementare<\/strong> Accent pe finan\u021barea interna\u021bional\u0103 a infrastructurii urbane, structurarea parteneriatelor public-private (PPP), cu exemple concrete precum modelul Apa Nova Bucure\u0219ti \u2013 Veolia. Vor participa reprezentan\u021bi ai Cancelariei Prim-Ministrului, BERD, Ministerului Transporturilor \u0219i Infrastructurii, precum \u0219i primari din mai multe ora\u0219e ale Rom\u00e2niei.<\/li>\n<\/ul>\n<p>Evenimentul se \u00eencheie cu prezentarea proiectului de regenerare urban\u0103 a zonei Oil Terminal din Constan\u021ba, realizat de Foster + Partners.<\/p>\n<p>\u201ePrima edi\u021bie a Summitului Ora\u0219elor din Rom\u00e2nia este construit\u0103 \u00een jurul ideii c\u0103 ora\u0219ele se transform\u0103 atunci c\u00e2nd viziunea \u0219i implementarea sunt abordate \u00eempreun\u0103\u201d, transmit organizatorii.<\/p>\n<p>TILIA \u00ee\u0219i propune s\u0103 devin\u0103 o platform\u0103 na\u021bional\u0103 de dialog \u0219i solu\u021bii concrete pentru dezvoltarea urban\u0103 sustenabil\u0103, conect\u00e2nd experien\u021ba interna\u021bional\u0103 cu nevoile reale ale ora\u0219elor rom\u00e2ne\u0219ti.<\/p>\n<p>Mai multe detalii \u0219i agenda complet\u0103 sunt disponibile pe site-ul oficial al evenimentului.<\/p>\n<div class=\"td-a-rec td-a-rec-id-content_bottom  tdi_4 td_block_template_1\"><strong>Intr\u0103 acum \u0219i \u00een grupul de <\/p>\n<div class=\"wp-block-button\"><a class=\"wp-block-button__link wp-element-button\" href=\"https:\/\/t.me\/+TH8wcfnp8fw5NWI0\">Telegram News Bucovina<\/a><\/div>\n<p><\/strong><\/div>\n<\/div>\n<p>[analyse_source url=&#8221;https:\/\/www.newsbucovina.ro\/evenimente\/436285\/iasiul-va-gazdui-prima-editie-a-tilia-summitul-oraselor-din-romania-aproape-400-de-participanti-si-55-de-speakeri-inclusiv-charles-montgomery-si-foster-partners&#8221;]<\/p>\n","protected":false},"excerpt":{"rendered":"<p>[analyse_image type=&#8221;featured&#8221; src=&#8221;https:\/\/www.newsbucovina.ro\/wp-content\/uploads\/2026\/03\/TILIA_Summitul-oraselor-din-Romania_vizual.jpghttps:\/\/cdn.newsbucovina.ro\/wp-content\/uploads\/2026\/03\/TILIA_Summitul-oraselor-din-Romania_vizual.jpg&#8221;] Intr\u0103 acum \u0219i \u00een grupul de Telegram News Bucovina Ora\u0219ele Rom\u00e2niei vor fi \u00een centrul unei dezbateri de amploare na\u021bional\u0103 \u0219i interna\u021bional\u0103 pe 23 \u0219i 24 aprilie 2026, la Palatul Culturii din Ia\u0219i. Aproape 400 de participan\u021bi \u0219i 55 de speakeri au confirmat prezen\u021ba la TILIA \u2013 Today\u2019s Ideas and Leadership In [&hellip;]<\/p>\n","protected":false},"author":1,"featured_media":0,"comment_status":"open","ping_status":"","sticky":false,"template":"","format":"standard","meta":{"footnotes":""},"categories":[89],"tags":[226,165],"class_list":["post-1885360","post","type-post","status-publish","format-standard","hentry","category-romania","tag-crawlmanager","tag-newsbucovina-ro"],"_links":{"self":[{"href":"https:\/\/analyse.optim.biz\/index.php?rest_route=\/wp\/v2\/posts\/1885360","targetHints":{"allow":["GET"]}}],"collection":[{"href":"https:\/\/analyse.optim.biz\/index.php?rest_route=\/wp\/v2\/posts"}],"about":[{"href":"https:\/\/analyse.optim.biz\/index.php?rest_route=\/wp\/v2\/types\/post"}],"author":[{"embeddable":true,"href":"https:\/\/analyse.optim.biz\/index.php?rest_route=\/wp\/v2\/users\/1"}],"replies":[{"embeddable":true,"href":"https:\/\/analyse.optim.biz\/index.php?rest_route=%2Fwp%2Fv2%2Fcomments&post=1885360"}],"version-history":[{"count":0,"href":"https:\/\/analyse.optim.biz\/index.php?rest_route=\/wp\/v2\/posts\/1885360\/revisions"}],"wp:attachment":[{"href":"https:\/\/analyse.optim.biz\/index.php?rest_route=%2Fwp%2Fv2%2Fmedia&parent=1885360"}],"wp:term":[{"taxonomy":"category","embeddable":true,"href":"https:\/\/analyse.optim.biz\/index.php?rest_route=%2Fwp%2Fv2%2Fcategories&post=1885360"},{"taxonomy":"post_tag","embeddable":true,"href":"https:\/\/analyse.optim.biz\/index.php?rest_route=%2Fwp%2Fv2%2Ftags&post=1885360"}],"curies":[{"name":"wp","href":"https:\/\/api.w.org\/{rel}","templated":true}]}}