{"id":188494,"date":"2015-01-12T10:59:39","date_gmt":"2015-01-12T07:59:39","guid":{"rendered":"https:\/\/analyse.optim.biz\/?p=188494"},"modified":"2015-01-12T10:59:39","modified_gmt":"2015-01-12T07:59:39","slug":"congresul-psd-programat-pentru-luna-martie-nu-va-mai-avea-loc","status":"publish","type":"post","link":"https:\/\/analyse.optim.biz\/?p=188494","title":{"rendered":"Congresul PSD programat pentru luna martie nu va mai avea loc"},"content":{"rendered":"<div class=\"entry data-app-meta data-app-meta-article\" data-embed-base-url-canonical=\"https:\/\/www.digi24.ro\/embed\/stiri\/actualitate\/politica\/congresul-psd-programat-pentru-luna-martie-nu-va-mai-avea-loc-345720\">\n<p data-index=\"1\"><strong>Actualizare 13.10.<\/strong> Pre\u015fedintele PSD, Victor Ponta, a declarat, dup\u0103 \u015fedin\u0163a Biroului Permanent Na\u021bional, c\u0103 \u00een luna martie nu va mai fi convocat Congresul, a\u015fa cum s-a anun\u0163at ini\u0163ial, ci doar Consiliul Na\u0163ional, care va dezbate agenda politic\u0103 a partidului p\u00e2n\u0103 \u00een 2019 \u015fi unde se vor face alegeri pentru conducerea acestui for.<\/p>\n<p data-index=\"2\">Ponta a precizat c\u0103 BPN a decis \u00een ceea ce prive\u015fte calendarul evenimentelor politice ale partidului \u00een perioada urm\u0103toare. El a spus c\u0103 \u00een 30 \u015fi 31 ianuarie va fi convocat CExN al PSD, \u00eempreun\u0103 cu grupurile parlamentare, pentru a stabili liniile prioritare, agenda politic\u0103 a anului 2015 \u015fi ac\u0163iunile parlamentare \u0219i c\u0103 la \u00eenceputul lui martie va fi convocat\u0103 Liga ale\u015filor locali PSD.<\/p>\n<p data-index=\"3\"><strong>Pre\u015fedintele PSD a ad\u0103ugat c\u0103 \u00een 20 \u015fi 21 martie va fi convocat Consiliu Na\u0163ional, care va dezbate agenda politic\u0103 a PSD p\u00e2n\u0103 2019, va dezbate modific\u0103rile la Statut \u015fi va alege \u015fi pre\u015fedintele acestui for.<\/strong><\/p>\n<p data-index=\"4\">\u00centrebat dac\u0103, \u00een aceste condi\u0163ii, Congresul nu va mai fi convocat \u00een luna martie, a\u015fa cum s-a anun\u0163at ini\u0163ial, Ponta a precizat c\u0103, potrivit statutului, Consiliul Na\u0163ional este forul care va convoca Congresul.<\/p>\n<p data-index=\"5\">De asemenea, Ponta a mai spus, r\u0103spunz\u00e2nd unei \u00eentreb\u0103ri, c\u0103 <strong>analiza referitoare la e\u015fecul PSD din alegerile preziden\u0163iale va fi f\u0103cut\u0103 \u00een toate reuniunile forurilor partidului care urmeaz\u0103 a fi convocate.<\/strong><\/p>\n<p data-index=\"6\"><strong>Actualizare 11.25.<\/strong> Pre\u0219edintele PSD, Victor Ponta a f\u0103cut o scurt\u0103 declara\u021bie \u00eenainte de \u0219edin\u021ba liderilor PSD. &#8220;<strong>V\u0103d foamea unora care au fost \u00een guvernul Emil Boc \u0219i care au fost goni\u021bi de la guvernare, acuma vor s\u0103 vin\u0103 \u00eenapoi.Obliga\u021bia noastr\u0103 e s\u0103 \u00eei ap\u0103r\u0103m pe oameni de cei care i-au nenorocit \u00een 2010 \u0219i 2011 din func\u021biile pe care le ocupau \u00een guvernul Boc. \u00cei ap\u0103r\u0103m pe oameni \u0219i ne facem datoria fa\u021b\u0103 de cei care ne-au votat<\/strong>.&#8221; a spus Victor Ponta.<\/p>\n<p data-index=\"7\">&#8220;<strong>La congres un grup de oameni care <\/strong><span><strong>\u00ee<\/strong><\/span><strong>i reprezint<\/strong><span><strong>\u0103<\/strong><\/span><strong>(pe Mircea Geoan<\/strong><span><strong>\u0103<\/strong><\/span><span><strong>\u0219<\/strong><\/span><strong>i pe Marian Vanghelie &#8211; n.red) vor <\/strong><span><strong>\u00ee<\/strong><\/span><strong>ncerca s<\/strong><span><strong>\u0103<\/strong><\/span><strong> ob<\/strong><span><strong>\u021bi<\/strong><\/span><strong>n<\/strong><span><strong>\u0103<\/strong><\/span><strong> conducerea. Dac<\/strong><span><strong>\u0103<\/strong><\/span><strong> nu vor reu<\/strong><span><strong>\u0219<\/strong><\/span><strong>i, e de a<\/strong><span><strong>\u0219<\/strong><\/span><strong>teptat s<\/strong><span><strong>\u0103<\/strong><\/span><span><strong>\u00ee<\/strong><\/span><strong>ncerce crearea unei noi <\/strong><span><strong>for\u021be<\/strong><\/span><strong> politice<\/strong>&#8220;, afirma Ioan Mircea Pascu, intr-un interviu acordat <span><strong>z<\/strong><\/span><strong>iare.com<\/strong>.<br \/><span>Europarlamentarul consider\u0103 c\u0103,<\/span><span>&#8220;<\/span><span><strong>\u00een<\/strong><\/span><span><strong>m\u0103sura<\/strong><\/span><span><strong>\u00ee<\/strong><\/span><strong>n care sprijinul Guvernului <\/strong><span><strong>\u00ee<\/strong><\/span><strong>n Parlament va fi afectat, exist<\/strong><span><strong>\u0103<\/strong><\/span><strong> o bun<\/strong><span><strong>\u0103<\/strong><\/span><span><strong>\u0219<\/strong><\/span><strong>ans<\/strong><span><strong>\u0103<\/strong><\/span><strong> ca PSD s<\/strong><span><strong>\u0103<\/strong><\/span><strong> piard<\/strong><span><strong>\u0103<\/strong><\/span><strong> guvernarea. (&#8230;) Dai vrabia din <\/strong><span><strong>m\u00e2n\u0103<\/strong><\/span><strong> pentru cioara de pe gard? Asta e socoteala pe care ar trebui s<\/strong><span><strong>\u0103<\/strong><\/span><span><strong>\u0219<\/strong><\/span><strong>i-o fac<\/strong><span><strong>\u0103<\/strong><\/span><strong> cei ce se <\/strong><span><strong>g\u00e2ndesc<\/strong><\/span><strong> la scindarea PSD <\/strong><span><strong>\u0219<\/strong><\/span><strong>i\/sau ruperea <\/strong><span><strong>coali\u021biei<\/strong><\/span>&#8220;.<\/p>\n<\/div>\n<p> Source URL: https:\/\/www.digi24.ro\/stiri\/actualitate\/politica\/congresul-psd-programat-pentru-luna-martie-nu-va-mai-avea-loc-345720<\/p>\n","protected":false},"excerpt":{"rendered":"<p>Actualizare 13.10. Pre\u015fedintele PSD, Victor Ponta, a declarat, dup\u0103 \u015fedin\u0163a Biroului Permanent Na\u021bional, c\u0103 \u00een luna martie nu va mai fi convocat Congresul, a\u015fa cum s-a anun\u0163at ini\u0163ial, ci doar Consiliul Na\u0163ional, care va dezbate agenda politic\u0103 a partidului p\u00e2n\u0103 \u00een 2019 \u015fi unde se vor face alegeri pentru conducerea acestui for. Ponta a precizat [&hellip;]<\/p>\n","protected":false},"author":1,"featured_media":188495,"comment_status":"open","ping_status":"","sticky":false,"template":"","format":"standard","meta":{"footnotes":""},"categories":[2],"tags":[11],"class_list":["post-188494","post","type-post","status-publish","format-standard","has-post-thumbnail","hentry","category-politics","tag-digi24"],"_links":{"self":[{"href":"https:\/\/analyse.optim.biz\/index.php?rest_route=\/wp\/v2\/posts\/188494","targetHints":{"allow":["GET"]}}],"collection":[{"href":"https:\/\/analyse.optim.biz\/index.php?rest_route=\/wp\/v2\/posts"}],"about":[{"href":"https:\/\/analyse.optim.biz\/index.php?rest_route=\/wp\/v2\/types\/post"}],"author":[{"embeddable":true,"href":"https:\/\/analyse.optim.biz\/index.php?rest_route=\/wp\/v2\/users\/1"}],"replies":[{"embeddable":true,"href":"https:\/\/analyse.optim.biz\/index.php?rest_route=%2Fwp%2Fv2%2Fcomments&post=188494"}],"version-history":[{"count":0,"href":"https:\/\/analyse.optim.biz\/index.php?rest_route=\/wp\/v2\/posts\/188494\/revisions"}],"wp:featuredmedia":[{"embeddable":true,"href":"https:\/\/analyse.optim.biz\/index.php?rest_route=\/wp\/v2\/media\/188495"}],"wp:attachment":[{"href":"https:\/\/analyse.optim.biz\/index.php?rest_route=%2Fwp%2Fv2%2Fmedia&parent=188494"}],"wp:term":[{"taxonomy":"category","embeddable":true,"href":"https:\/\/analyse.optim.biz\/index.php?rest_route=%2Fwp%2Fv2%2Fcategories&post=188494"},{"taxonomy":"post_tag","embeddable":true,"href":"https:\/\/analyse.optim.biz\/index.php?rest_route=%2Fwp%2Fv2%2Ftags&post=188494"}],"curies":[{"name":"wp","href":"https:\/\/api.w.org\/{rel}","templated":true}]}}