{"id":1884680,"date":"2026-04-13T06:49:50","date_gmt":"2026-04-13T03:49:50","guid":{"rendered":"https:\/\/analyse.optim.biz\/?p=1884680"},"modified":"2026-04-13T06:49:50","modified_gmt":"2026-04-13T03:49:50","slug":"pastorala-care-ne-aminteste-ca-invierea-nu-este-spectacol-liturgic-ci-exigenta-de-viata-despre-profunzimea-teologica-si-actualitatea-mesajului-pascal-al-inaltpreasfintitului-calinic","status":"publish","type":"post","link":"https:\/\/analyse.optim.biz\/?p=1884680","title":{"rendered":"Pastorala care ne aminte\u0219te c\u0103 \u00cenvierea nu este spectacol liturgic, ci exigen\u021b\u0103 de via\u021b\u0103. Despre profunzimea teologic\u0103 \u0219i actualitatea mesajului pascal al \u00cenaltpreasfin\u021bitului Calinic"},"content":{"rendered":"<p>[analyse_image type=&#8221;featured&#8221; src=&#8221;https:\/\/img.svnews.ro\/foto\/2025\/09\/07\/488747\/2babff15425c94fbb3cb473ca.jpg&#8221;]<\/p>\n<div class=\"entry\"><img loading=\"lazy\" decoding=\"async\" width=\"650\" height=\"325\" src=\"https:\/\/img.svnews.ro\/foto\/2025\/09\/07\/488747\/2babff15425c94fbb3cb473ca06500325.jpg\" alt><\/p>\n<div class=\"entry_content\">\n<p>\u00cen fiecare an, \u00een preajma Praznicului \u00cenvierii, spa\u021biul public rom\u00e2nesc este inundat de formule festive, ur\u0103ri protocolare \u0219i entuziasme superficiale care transform\u0103, adesea, cea mai mare s\u0103rb\u0103toare a cre\u0219tin\u0103t\u0103\u021bii \u00eentr-un simplu exerci\u021biu de conven\u021bie social\u0103. Tocmai de aceea, Pastorala de Pa\u0219ti a \u00cenaltpreasfin\u021bitului Calinic al Sucevei \u0219i R\u0103d\u0103u\u021bilor, intitulat\u0103 \u201eTaina \u00cenvierii \u00een dinamica euharistic\u0103 a Bisericii\u201d, se distinge printr-un remarcabil refuz al facilului \u0219i al discursului ornamental.<\/p>\n<p>Textul ierarhului nu mizeaz\u0103 pe emo\u021bia conjunctural\u0103 a s\u0103rb\u0103torii, ci propune o veritabil\u0103 medita\u021bie teologic\u0103 asupra sensului profund al \u00cenvierii, rea\u0219ez\u00e2nd evenimentul pascal acolo unde \u00eei este locul firesc: \u00een centrul vie\u021bii liturgice \u0219i existen\u021biale a Bisericii.<\/p>\n<p>Mesajul s\u0103u esen\u021bial este unul de o densitate spiritual\u0103 aparte:<\/p>\n<p>\u00cenvierea nu apar\u021bine trecutului, nu este o simpl\u0103 comemorare a unui eveniment fondator, ci o realitate vie care se actualizeaz\u0103 necontenit \u00een Euharistie \u0219i \u00een via\u021ba autentic cre\u0219tin\u0103.<\/p>\n<p>Aceast\u0103 perspectiv\u0103 dep\u0103\u0219e\u0219te nivelul pietismului festiv \u0219i oblig\u0103 la o \u00eentrebare incomod\u0103, dar necesar\u0103: c\u00e2\u021bi dintre cei care rostesc \u201eHristos a \u00eenviat!\u201d \u00een\u021beleg cu adev\u0103rat implica\u021biile ontologice \u0219i morale ale acestei m\u0103rturisiri?<\/p>\n<p>Pastorala lui \u00cePS Calinic are meritul de a reaminti un adev\u0103r adesea uitat \u00eentr-un cre\u0219tinism de suprafa\u021b\u0103:<\/p>\n<p>nu po\u021bi proclama biruin\u021ba asupra mor\u021bii, continu\u00e2nd s\u0103 tr\u0103ie\u0219ti sub tirania egoismului, a resentimentului \u0219i a autosuficien\u021bei.<\/p>\n<p>\u00cenvierea, sugereaz\u0103 ierarhul, nu este un spectacol liturgic anual \u0219i nici o emo\u021bie colectiv\u0103 de miez de noapte. Ea este o chemare permanent\u0103 la transfigurarea vie\u021bii. O exigen\u021b\u0103 spiritual\u0103. O r\u0103sturnare interioar\u0103.<\/p>\n<p>Mai subtil dec\u00e2t pare la prima lectur\u0103, textul pastoral con\u021bine \u0219i o critic\u0103 implicit\u0103 la adresa formalismului religios contemporan \u2014 acel tip de raportare la credin\u021b\u0103 \u00een care omul consum\u0103 ritualul f\u0103r\u0103 s\u0103-\u0219i asume consecin\u021bele lui existen\u021biale.<\/p>\n<p>Participarea la slujb\u0103 f\u0103r\u0103 schimbarea inimii, tradi\u021bia f\u0103r\u0103 convertire, devo\u021biunea f\u0103r\u0103 moralitate devin simple forme f\u0103r\u0103 fond spiritual.<\/p>\n<p>Prin aceast\u0103 cheie de lectur\u0103, Pastorala lui \u00cePS Calinic dep\u0103\u0219e\u0219te statutul unui mesaj festiv \u0219i cap\u0103t\u0103 consisten\u021ba unui avertisment pastoral adresat unei societ\u0103\u021bi care risc\u0103 s\u0103 p\u0103streze simbolurile credin\u021bei, pierz\u00e2nd \u00eens\u0103 con\u021binutul lor viu.<\/p>\n<p>\u00centr-un timp istoric marcat de fragmentare moral\u0103, anxietate colectiv\u0103 \u0219i relativizare a reperelor fundamentale, mesajul Bisericii redevine, prin astfel de texte, ceea ce ar trebui s\u0103 fie mereu: nu un ecou confortabil al lumii, ci o provocare adresat\u0103 con\u0219tiin\u021bei.<\/p>\n<p>Poate tocmai de aceea for\u021ba acestei pastorale st\u0103 \u00een simplitatea unei concluzii severe \u0219i luminoase deopotriv\u0103:<\/p>\n<p>nu este suficient s\u0103 celebr\u0103m \u00cenvierea lui Hristos; suntem chema\u021bi s\u0103 devenim noi \u00een\u0219ine oameni ai \u00cenvierii.<\/p>\n<p>Iar aceasta presupune infinit mai mult dec\u00e2t prezen\u021ba la o slujb\u0103 sau respectarea unei tradi\u021bii.<\/p>\n<p>Presupune o schimbare de fiin\u021b\u0103.<\/p>\n<p>\u00cen fond, adev\u0103rata \u00eentrebare pe care aceast\u0103 Pastoral\u0103 o las\u0103 \u00een urm\u0103 nu este dac\u0103 am fost la biseric\u0103 \u00een noaptea de Pa\u0219ti,<\/p>\n<p>ci dac\u0103, dup\u0103 ce am luat Lumina, am devenit \u0219i noi mai lumino\u0219i.<\/p>\n<p>\u00a0<\/p>\n<p>Lucian Dimitriu<\/p>\n<p><span class=\"hreview-aggregate\"><span class=\"item\"><span class=\"fn\">Pastorala care ne aminte\u0219te c\u0103 \u00cenvierea nu este spectacol liturgic, ci exigen\u021b\u0103 de via\u021b\u0103. Despre profunzimea teologic\u0103 \u0219i actualitatea mesajului pascal al \u00cenaltpreasfin\u021bitului Calinic<\/span><\/span>, <span class=\"rating\"><span class=\"average\">5.5<\/span> out of <span class=\"best\">10<\/span> based on <span class=\"votes\">2<\/span> ratings <\/span><\/span><\/div>\n<div>\n<div>VN:F [1.9.22_1171]<\/div>\n<div class=\"ratingblock \">\n<div class=\"ratingstars \">\n<div id=\"article_loader_528933\" class=\"ratingloaderarticle\">\n<div class=\"loader arrows \">\n<div class=\"loaderinner\">se actualizeaz\u0103&#8230;<\/div>\n<\/div>\n<\/div>\n<\/div>\n<div class=\"ratingtext \">\n<div id=\"gdr_text_a528933\">Rating: 5.5\/<strong>10<\/strong> (2 votes cast)<\/div>\n<\/div>\n<\/div>\n<\/div>\n<\/div>\n<div class=\"entry_content\">\n<p>\u00cen fiecare an, \u00een preajma Praznicului \u00cenvierii, spa\u021biul public rom\u00e2nesc este inundat de formule festive, ur\u0103ri protocolare \u0219i entuziasme superficiale care transform\u0103, adesea, cea mai mare s\u0103rb\u0103toare a cre\u0219tin\u0103t\u0103\u021bii \u00eentr-un simplu exerci\u021biu de conven\u021bie social\u0103. Tocmai de aceea, Pastorala de Pa\u0219ti a \u00cenaltpreasfin\u021bitului Calinic al Sucevei \u0219i R\u0103d\u0103u\u021bilor, intitulat\u0103 \u201eTaina \u00cenvierii \u00een dinamica euharistic\u0103 a Bisericii\u201d, se distinge printr-un remarcabil refuz al facilului \u0219i al discursului ornamental.<\/p>\n<p>Textul ierarhului nu mizeaz\u0103 pe emo\u021bia conjunctural\u0103 a s\u0103rb\u0103torii, ci propune o veritabil\u0103 medita\u021bie teologic\u0103 asupra sensului profund al \u00cenvierii, rea\u0219ez\u00e2nd evenimentul pascal acolo unde \u00eei este locul firesc: \u00een centrul vie\u021bii liturgice \u0219i existen\u021biale a Bisericii.<\/p>\n<p>Mesajul s\u0103u esen\u021bial este unul de o densitate spiritual\u0103 aparte:<\/p>\n<p>\u00cenvierea nu apar\u021bine trecutului, nu este o simpl\u0103 comemorare a unui eveniment fondator, ci o realitate vie care se actualizeaz\u0103 necontenit \u00een Euharistie \u0219i \u00een via\u021ba autentic cre\u0219tin\u0103.<\/p>\n<p>Aceast\u0103 perspectiv\u0103 dep\u0103\u0219e\u0219te nivelul pietismului festiv \u0219i oblig\u0103 la o \u00eentrebare incomod\u0103, dar necesar\u0103: c\u00e2\u021bi dintre cei care rostesc \u201eHristos a \u00eenviat!\u201d \u00een\u021beleg cu adev\u0103rat implica\u021biile ontologice \u0219i morale ale acestei m\u0103rturisiri?<\/p>\n<p>Pastorala lui \u00cePS Calinic are meritul de a reaminti un adev\u0103r adesea uitat \u00eentr-un cre\u0219tinism de suprafa\u021b\u0103:<\/p>\n<p>nu po\u021bi proclama biruin\u021ba asupra mor\u021bii, continu\u00e2nd s\u0103 tr\u0103ie\u0219ti sub tirania egoismului, a resentimentului \u0219i a autosuficien\u021bei.<\/p>\n<p>\u00cenvierea, sugereaz\u0103 ierarhul, nu este un spectacol liturgic anual \u0219i nici o emo\u021bie colectiv\u0103 de miez de noapte. Ea este o chemare permanent\u0103 la transfigurarea vie\u021bii. O exigen\u021b\u0103 spiritual\u0103. O r\u0103sturnare interioar\u0103.<\/p>\n<p>Mai subtil dec\u00e2t pare la prima lectur\u0103, textul pastoral con\u021bine \u0219i o critic\u0103 implicit\u0103 la adresa formalismului religios contemporan \u2014 acel tip de raportare la credin\u021b\u0103 \u00een care omul consum\u0103 ritualul f\u0103r\u0103 s\u0103-\u0219i asume consecin\u021bele lui existen\u021biale.<\/p>\n<p>Participarea la slujb\u0103 f\u0103r\u0103 schimbarea inimii, tradi\u021bia f\u0103r\u0103 convertire, devo\u021biunea f\u0103r\u0103 moralitate devin simple forme f\u0103r\u0103 fond spiritual.<\/p>\n<p>Prin aceast\u0103 cheie de lectur\u0103, Pastorala lui \u00cePS Calinic dep\u0103\u0219e\u0219te statutul unui mesaj festiv \u0219i cap\u0103t\u0103 consisten\u021ba unui avertisment pastoral adresat unei societ\u0103\u021bi care risc\u0103 s\u0103 p\u0103streze simbolurile credin\u021bei, pierz\u00e2nd \u00eens\u0103 con\u021binutul lor viu.<\/p>\n<p>\u00centr-un timp istoric marcat de fragmentare moral\u0103, anxietate colectiv\u0103 \u0219i relativizare a reperelor fundamentale, mesajul Bisericii redevine, prin astfel de texte, ceea ce ar trebui s\u0103 fie mereu: nu un ecou confortabil al lumii, ci o provocare adresat\u0103 con\u0219tiin\u021bei.<\/p>\n<p>Poate tocmai de aceea for\u021ba acestei pastorale st\u0103 \u00een simplitatea unei concluzii severe \u0219i luminoase deopotriv\u0103:<\/p>\n<p>nu este suficient s\u0103 celebr\u0103m \u00cenvierea lui Hristos; suntem chema\u021bi s\u0103 devenim noi \u00een\u0219ine oameni ai \u00cenvierii.<\/p>\n<p>Iar aceasta presupune infinit mai mult dec\u00e2t prezen\u021ba la o slujb\u0103 sau respectarea unei tradi\u021bii.<\/p>\n<p>Presupune o schimbare de fiin\u021b\u0103.<\/p>\n<p>\u00cen fond, adev\u0103rata \u00eentrebare pe care aceast\u0103 Pastoral\u0103 o las\u0103 \u00een urm\u0103 nu este dac\u0103 am fost la biseric\u0103 \u00een noaptea de Pa\u0219ti,<\/p>\n<p>ci dac\u0103, dup\u0103 ce am luat Lumina, am devenit \u0219i noi mai lumino\u0219i.<\/p>\n<p>\u00a0<\/p>\n<p>Lucian Dimitriu<\/p>\n<p><span class=\"hreview-aggregate\"><span class=\"item\"><span class=\"fn\">Pastorala care ne aminte\u0219te c\u0103 \u00cenvierea nu este spectacol liturgic, ci exigen\u021b\u0103 de via\u021b\u0103. Despre profunzimea teologic\u0103 \u0219i actualitatea mesajului pascal al \u00cenaltpreasfin\u021bitului Calinic<\/span><\/span>, <span class=\"rating\"><span class=\"average\">5.5<\/span> out of <span class=\"best\">10<\/span> based on <span class=\"votes\">2<\/span> ratings <\/span><\/span><\/div>\n<p>[analyse_source url=&#8221;https:\/\/www.svnews.ro\/pastorala-care-ne-aminteste-ca-invierea-nu-este-spectacol-liturgic-ci-exigenta-de-viata-despre-profunzimea-teologica-si-actualitatea-mesajului-pascal-al-inaltpreasfintitului-calinic\/528933\/&#8221;]<\/p>\n","protected":false},"excerpt":{"rendered":"<p>[analyse_image type=&#8221;featured&#8221; src=&#8221;https:\/\/img.svnews.ro\/foto\/2025\/09\/07\/488747\/2babff15425c94fbb3cb473ca.jpg&#8221;] \u00cen fiecare an, \u00een preajma Praznicului \u00cenvierii, spa\u021biul public rom\u00e2nesc este inundat de formule festive, ur\u0103ri protocolare \u0219i entuziasme superficiale care transform\u0103, adesea, cea mai mare s\u0103rb\u0103toare a cre\u0219tin\u0103t\u0103\u021bii \u00eentr-un simplu exerci\u021biu de conven\u021bie social\u0103. Tocmai de aceea, Pastorala de Pa\u0219ti a \u00cenaltpreasfin\u021bitului Calinic al Sucevei \u0219i R\u0103d\u0103u\u021bilor, intitulat\u0103 \u201eTaina \u00cenvierii \u00een [&hellip;]<\/p>\n","protected":false},"author":1,"featured_media":0,"comment_status":"open","ping_status":"","sticky":false,"template":"","format":"standard","meta":{"footnotes":""},"categories":[89],"tags":[226,175],"class_list":["post-1884680","post","type-post","status-publish","format-standard","hentry","category-romania","tag-crawlmanager","tag-svnews-ro"],"_links":{"self":[{"href":"https:\/\/analyse.optim.biz\/index.php?rest_route=\/wp\/v2\/posts\/1884680","targetHints":{"allow":["GET"]}}],"collection":[{"href":"https:\/\/analyse.optim.biz\/index.php?rest_route=\/wp\/v2\/posts"}],"about":[{"href":"https:\/\/analyse.optim.biz\/index.php?rest_route=\/wp\/v2\/types\/post"}],"author":[{"embeddable":true,"href":"https:\/\/analyse.optim.biz\/index.php?rest_route=\/wp\/v2\/users\/1"}],"replies":[{"embeddable":true,"href":"https:\/\/analyse.optim.biz\/index.php?rest_route=%2Fwp%2Fv2%2Fcomments&post=1884680"}],"version-history":[{"count":0,"href":"https:\/\/analyse.optim.biz\/index.php?rest_route=\/wp\/v2\/posts\/1884680\/revisions"}],"wp:attachment":[{"href":"https:\/\/analyse.optim.biz\/index.php?rest_route=%2Fwp%2Fv2%2Fmedia&parent=1884680"}],"wp:term":[{"taxonomy":"category","embeddable":true,"href":"https:\/\/analyse.optim.biz\/index.php?rest_route=%2Fwp%2Fv2%2Fcategories&post=1884680"},{"taxonomy":"post_tag","embeddable":true,"href":"https:\/\/analyse.optim.biz\/index.php?rest_route=%2Fwp%2Fv2%2Ftags&post=1884680"}],"curies":[{"name":"wp","href":"https:\/\/api.w.org\/{rel}","templated":true}]}}