{"id":1884083,"date":"2026-04-15T18:36:11","date_gmt":"2026-04-15T15:36:11","guid":{"rendered":"https:\/\/analyse.optim.biz\/?p=1884083"},"modified":"2026-04-15T18:36:11","modified_gmt":"2026-04-15T15:36:11","slug":"tanar-fara-permis-trimis-sa-se-racoreasca-dupa-gratii-dupa-ce-a-fugit-de-politie-obligand-oamenii-legii-sa-il-urmareasca","status":"publish","type":"post","link":"https:\/\/analyse.optim.biz\/?p=1884083","title":{"rendered":"T\u00e2n\u0103r f\u0103r\u0103 permis, trimis s\u0103 se r\u0103coreasc\u0103 dup\u0103 gratii, dup\u0103 ce a fugit de poli\u021bie, oblig\u00e2nd oamenii legii s\u0103 \u00eel urm\u0103reasc\u0103"},"content":{"rendered":"<p>[analyse_image type=&#8221;featured&#8221; src=&#8221;https:\/\/focustim.ro\/wp-content\/uploads\/2021\/01\/politia.jpg&#8221;]<\/p>\n<article id=\"post-39977\" class=\"penci-single-artcontent noloaddisqus post-39977 post type-post status-publish format-standard has-post-thumbnail hentry category-actualitate category-eveniment category-featured tag-lovrin tag-politia penci-post-item\">\n<header class=\"entry-header penci-entry-header penci-title-\">\n<div class=\"penci-entry-categories\"><span class=\"penci-cat-links\"><a href=\"https:\/\/focustim.ro\/category\/actualitate\/\" rel=\"category tag\">Actualitate<\/a><a href=\"https:\/\/focustim.ro\/category\/eveniment\/\" rel=\"category tag\">Eveniment<\/a><a href=\"https:\/\/focustim.ro\/category\/featured\/\" rel=\"category tag\">Featured<\/a><\/span><\/div>\n<h1 class=\"entry-title penci-entry-title penci-title-\">T\u00e2n\u0103r f\u0103r\u0103 permis, trimis s\u0103 se r\u0103coreasc\u0103 dup\u0103 gratii, dup\u0103 ce a fugit de poli\u021bie, oblig\u00e2nd oamenii legii s\u0103 \u00eel urm\u0103reasc\u0103<\/h1>\n<div class=\"entry-meta penci-entry-meta\"><span class=\"entry-meta-item penci-posted-on\"><time class=\"entry-date published\" datetime=\"2026-04-15T21:36:11+03:00\">15\/04\/2026<\/time><time class=\"updated\" datetime=\"2026-04-15T21:36:17+03:00\">15\/04\/2026<\/time><\/span><span class=\"entry-meta-item penci-comment-count\"><a class=\"penci_pmeta-link\" href=\"https:\/\/focustim.ro\/tanar-fara-permis-trimis-sa-se-racoreasca-dupa-gratii-dupa-ce-a-fugit-de-politie-obligand-oamenii-legii-sa-il-urmareasca\/#respond\">0<\/a><\/span><\/div>\n<p><span class=\"penci-social-buttons penci-social-share-footer\"><span class=\"penci-social-share-text\">Distribuie<\/span><a href=\"https:\/\/focustim.ro\/tanar-fara-permis-trimis-sa-se-racoreasca-dupa-gratii-dupa-ce-a-fugit-de-politie-obligand-oamenii-legii-sa-il-urmareasca\/\" class=\"penci-post-like penci_post-meta_item  single-like-button penci-social-item like\" data-post_id=\"39977\" title=\"Like\" data-like=\"Like\" data-unlike=\"Unlike\"><span class=\"penci-share-number\">0<\/span><\/a><\/span><\/header>\n<div class=\"entry-media penci-entry-media\">\n<div class=\"post-format-meta \">\n<div class=\"post-image penci-standard-format\"><img decoding=\"async\" width=\"800\" height=\"450\" src=\"https:\/\/focustim.ro\/wp-content\/uploads\/2021\/01\/politia.jpg\" class=\"attachment-penci-thumb-960-auto size-penci-thumb-960-auto wp-post-image\" alt loading=\"lazy\"><\/div>\n<\/div>\n<\/div>\n<div class=\"penci-entry-content entry-content\">\n<p><strong>Un t\u00e2n\u0103r de 23 de ani s-a g\u00e2ndit c\u0103 i-ar prinde bine o plimbare cu ma\u0219ina, de\u0219i nu avea permis. Nu la fel de \u00eenc\u00e2nta\u021bi au fost oamenii legii care dup\u0103 ce i-au f\u0103cut semnal s\u0103 opreasc\u0103 ma\u0219ina, au fost nevoi\u021bi s\u0103 \u00eel urm\u0103reasc\u0103 prin Lovrin. Aventura s-a \u00eencheiat dup\u0103 gratii, acolo un b\u0103rbatul a ajuns ca s\u0103 se g\u00e2ndeasc\u0103 mai bine la ce a f\u0103cut.<\/strong><\/p>\n<p>Poli\u021bia a deschis \u0219i un dosar penal<\/p>\n<p>La data de 14 aprilie 2026, poli\u021bi\u0219tii ora\u0219ului S\u00e2nnicolau Mare, au re\u021binut un b\u0103rbat de 23 de ani, b\u0103nuit de s\u0103v\u00e2r\u0219irea infrac\u021biunii de conducere f\u0103r\u0103 permis.<\/p>\n<p>\u00cen fapt, la data de 07 aprilie 2026, \u00een jurul orei 21:30, poli\u021bi\u0219tii ora\u0219ului S\u00e2nnicolau Mare, afla\u021bi \u00een exercitarea atribu\u021biilor de serviciu pe strada Nisip, din localitatea Lovrin, au efectuat semnalul regulamentar de oprire a unui autoturism.<\/p>\n<p>Conduc\u0103torul auto nu s-a conformat semnalului poli\u021bi\u0219tilor, continu\u00e2ndu-\u0219i deplasarea \u0219i m\u0103rind viteza. \u00cen aceste condi\u021bii, s-a procedat la urm\u0103rirea autoturismului pe o distan\u021b\u0103 de aproximativ 1 kilometru.<\/p>\n<p>Ulterior, conduc\u0103torul auto a abandonat vehiculul \u0219i a p\u0103r\u0103sit locul, fugind \u00eentr-o direc\u021bie necunoscut\u0103.<\/p>\n<p>\u00cen urma activit\u0103\u021bilor desf\u0103\u0219urate de poli\u021bi\u0219ti, a fost identificat conduc\u0103torul autoturismului, un b\u0103rbat de 23 de ani, care nu figura ca fiind posesor de permis de conducere pentru vreo categorie de vehicule.<\/p>\n<p>La data de 14 aprilie 2026, b\u0103rbatul a fost depistat \u00een localitatea Tomnatic, acesta fiind re\u021binut pentru 24 de ore \u00een arestul poli\u021biei, pentru s\u0103v\u00e2r\u0219irea infrac\u021biunii de \u201econducerea unui autovehicul f\u0103r\u0103 permis de conducere\u201d.<\/p>\n<p>Cercet\u0103rile continu\u0103 sub coordonarea procurorului din cadrul Parchetului de pe l\u00e2ng\u0103 Judec\u0103toria S\u00e2nnicolau Mare.<\/p>\n<p>Preciz\u0103m c\u0103, pe parcursul \u00eentregului proces penal, persoanele cercetate beneficiaz\u0103 de drepturile \u0219i garan\u021biile procesuale prev\u0103zute de Codul de procedur\u0103 penal\u0103, precum \u0219i de prezum\u021bia de nevinov\u0103\u021bie.<\/p>\n<div class=\"sharedaddy sd-sharing-enabled\">\n<div class=\"robots-nocontent sd-block sd-social sd-social-icon-text sd-sharing\">\n<h3 class=\"sd-title\">Partajeaz\u0103 asta:<\/h3>\n<div class=\"sd-content\">\n<ul>\n<li class=\"share-twitter\"><a rel=\"nofollow noopener noreferrer\" data-shared=\"sharing-twitter-39977\" class=\"share-twitter sd-button share-icon\" href=\"https:\/\/focustim.ro\/tanar-fara-permis-trimis-sa-se-racoreasca-dupa-gratii-dupa-ce-a-fugit-de-politie-obligand-oamenii-legii-sa-il-urmareasca\/?share=twitter\" target=\"_blank\" title=\"D\u0103 clic pentru a partaja pe Twitter\"><span>Twitter<\/span><\/a><\/li>\n<li class=\"share-facebook\"><a rel=\"nofollow noopener noreferrer\" data-shared=\"sharing-facebook-39977\" class=\"share-facebook sd-button share-icon\" href=\"https:\/\/focustim.ro\/tanar-fara-permis-trimis-sa-se-racoreasca-dupa-gratii-dupa-ce-a-fugit-de-politie-obligand-oamenii-legii-sa-il-urmareasca\/?share=facebook\" target=\"_blank\" title=\"D\u0103 clic pentru a partaja pe Facebook\"><span>Facebook<\/span><\/a><\/li>\n<li class=\"share-end\"><\/ul>\n<\/div>\n<\/div>\n<\/div>\n<div class=\"sharedaddy sd-block sd-like jetpack-likes-widget-wrapper jetpack-likes-widget-unloaded\" id=\"like-post-wrapper-167025405-39977-69dfdab1c55a4\" data-src=\"https:\/\/widgets.wp.com\/likes\/#blog_id=167025405&amp;post_id=39977&amp;origin=focustim.ro&amp;obj_id=167025405-39977-69dfdab1c55a4\" data-name=\"like-post-frame-167025405-39977-69dfdab1c55a4\" data-title=\"Apreciaz\u0103 sau republic\u0103\">\n<h3 class=\"sd-title\">Apreciaz\u0103:<\/h3>\n<div class=\"likes-widget-placeholder post-likes-widget-placeholder\"><span class=\"button\"><span>Apreciere<\/span><\/span><span class=\"loading\">\u00cencarc&#8230;<\/span><\/div>\n<\/div>\n<\/div>\n<footer class=\"penci-entry-footer\">\n<div class=\"penci-source-via-tags-wrap\"><span class=\"tags-links penci-tags-links\"><a href=\"https:\/\/focustim.ro\/tag\/lovrin\/\" rel=\"tag\">lovrin<\/a><a href=\"https:\/\/focustim.ro\/tag\/politia\/\" rel=\"tag\">Politia<\/a><\/span><\/div>\n<p><span class=\"penci-social-buttons penci-social-share-footer\"><span class=\"penci-social-share-text\">Distribuie<\/span><a href=\"https:\/\/focustim.ro\/tanar-fara-permis-trimis-sa-se-racoreasca-dupa-gratii-dupa-ce-a-fugit-de-politie-obligand-oamenii-legii-sa-il-urmareasca\/\" class=\"penci-post-like penci_post-meta_item  single-like-button penci-social-item like\" data-post_id=\"39977\" title=\"Like\" data-like=\"Like\" data-unlike=\"Unlike\"><span class=\"penci-share-number\">0<\/span><\/a><\/span><\/footer>\n<\/article>\n<div class=\"penci-entry-content entry-content\">\n<p><strong>Un t\u00e2n\u0103r de 23 de ani s-a g\u00e2ndit c\u0103 i-ar prinde bine o plimbare cu ma\u0219ina, de\u0219i nu avea permis. Nu la fel de \u00eenc\u00e2nta\u021bi au fost oamenii legii care dup\u0103 ce i-au f\u0103cut semnal s\u0103 opreasc\u0103 ma\u0219ina, au fost nevoi\u021bi s\u0103 \u00eel urm\u0103reasc\u0103 prin Lovrin. Aventura s-a \u00eencheiat dup\u0103 gratii, acolo un b\u0103rbatul a ajuns ca s\u0103 se g\u00e2ndeasc\u0103 mai bine la ce a f\u0103cut.<\/strong><\/p>\n<p>Poli\u021bia a deschis \u0219i un dosar penal<\/p>\n<p>La data de 14 aprilie 2026, poli\u021bi\u0219tii ora\u0219ului S\u00e2nnicolau Mare, au re\u021binut un b\u0103rbat de 23 de ani, b\u0103nuit de s\u0103v\u00e2r\u0219irea infrac\u021biunii de conducere f\u0103r\u0103 permis.<\/p>\n<p>\u00cen fapt, la data de 07 aprilie 2026, \u00een jurul orei 21:30, poli\u021bi\u0219tii ora\u0219ului S\u00e2nnicolau Mare, afla\u021bi \u00een exercitarea atribu\u021biilor de serviciu pe strada Nisip, din localitatea Lovrin, au efectuat semnalul regulamentar de oprire a unui autoturism.<\/p>\n<p>Conduc\u0103torul auto nu s-a conformat semnalului poli\u021bi\u0219tilor, continu\u00e2ndu-\u0219i deplasarea \u0219i m\u0103rind viteza. \u00cen aceste condi\u021bii, s-a procedat la urm\u0103rirea autoturismului pe o distan\u021b\u0103 de aproximativ 1 kilometru.<\/p>\n<p>Ulterior, conduc\u0103torul auto a abandonat vehiculul \u0219i a p\u0103r\u0103sit locul, fugind \u00eentr-o direc\u021bie necunoscut\u0103.<\/p>\n<p>\u00cen urma activit\u0103\u021bilor desf\u0103\u0219urate de poli\u021bi\u0219ti, a fost identificat conduc\u0103torul autoturismului, un b\u0103rbat de 23 de ani, care nu figura ca fiind posesor de permis de conducere pentru vreo categorie de vehicule.<\/p>\n<p>La data de 14 aprilie 2026, b\u0103rbatul a fost depistat \u00een localitatea Tomnatic, acesta fiind re\u021binut pentru 24 de ore \u00een arestul poli\u021biei, pentru s\u0103v\u00e2r\u0219irea infrac\u021biunii de \u201econducerea unui autovehicul f\u0103r\u0103 permis de conducere\u201d.<\/p>\n<p>Cercet\u0103rile continu\u0103 sub coordonarea procurorului din cadrul Parchetului de pe l\u00e2ng\u0103 Judec\u0103toria S\u00e2nnicolau Mare.<\/p>\n<p>Preciz\u0103m c\u0103, pe parcursul \u00eentregului proces penal, persoanele cercetate beneficiaz\u0103 de drepturile \u0219i garan\u021biile procesuale prev\u0103zute de Codul de procedur\u0103 penal\u0103, precum \u0219i de prezum\u021bia de nevinov\u0103\u021bie.<\/p>\n<div class=\"sharedaddy sd-sharing-enabled\">\n<div class=\"robots-nocontent sd-block sd-social sd-social-icon-text sd-sharing\">\n<h3 class=\"sd-title\">Partajeaz\u0103 asta:<\/h3>\n<div class=\"sd-content\">\n<ul>\n<li class=\"share-twitter\"><a rel=\"nofollow noopener noreferrer\" data-shared=\"sharing-twitter-39977\" class=\"share-twitter sd-button share-icon\" href=\"https:\/\/focustim.ro\/tanar-fara-permis-trimis-sa-se-racoreasca-dupa-gratii-dupa-ce-a-fugit-de-politie-obligand-oamenii-legii-sa-il-urmareasca\/?share=twitter\" target=\"_blank\" title=\"D\u0103 clic pentru a partaja pe Twitter\"><span>Twitter<\/span><\/a><\/li>\n<li class=\"share-facebook\"><a rel=\"nofollow noopener noreferrer\" data-shared=\"sharing-facebook-39977\" class=\"share-facebook sd-button share-icon\" href=\"https:\/\/focustim.ro\/tanar-fara-permis-trimis-sa-se-racoreasca-dupa-gratii-dupa-ce-a-fugit-de-politie-obligand-oamenii-legii-sa-il-urmareasca\/?share=facebook\" target=\"_blank\" title=\"D\u0103 clic pentru a partaja pe Facebook\"><span>Facebook<\/span><\/a><\/li>\n<li class=\"share-end\"><\/ul>\n<\/div>\n<\/div>\n<\/div>\n<div class=\"sharedaddy sd-block sd-like jetpack-likes-widget-wrapper jetpack-likes-widget-unloaded\" id=\"like-post-wrapper-167025405-39977-69dfdab1c55a4\" data-src=\"https:\/\/widgets.wp.com\/likes\/#blog_id=167025405&amp;post_id=39977&amp;origin=focustim.ro&amp;obj_id=167025405-39977-69dfdab1c55a4\" data-name=\"like-post-frame-167025405-39977-69dfdab1c55a4\" data-title=\"Apreciaz\u0103 sau republic\u0103\">\n<h3 class=\"sd-title\">Apreciaz\u0103:<\/h3>\n<div class=\"likes-widget-placeholder post-likes-widget-placeholder\"><span class=\"button\"><span>Apreciere<\/span><\/span><span class=\"loading\">\u00cencarc&#8230;<\/span><\/div>\n<\/div>\n<\/div>\n<p>[analyse_source url=&#8221;https:\/\/focustim.ro\/tanar-fara-permis-trimis-sa-se-racoreasca-dupa-gratii-dupa-ce-a-fugit-de-politie-obligand-oamenii-legii-sa-il-urmareasca\/&#8221;]<\/p>\n","protected":false},"excerpt":{"rendered":"<p>[analyse_image type=&#8221;featured&#8221; src=&#8221;https:\/\/focustim.ro\/wp-content\/uploads\/2021\/01\/politia.jpg&#8221;] ActualitateEvenimentFeatured T\u00e2n\u0103r f\u0103r\u0103 permis, trimis s\u0103 se r\u0103coreasc\u0103 dup\u0103 gratii, dup\u0103 ce a fugit de poli\u021bie, oblig\u00e2nd oamenii legii s\u0103 \u00eel urm\u0103reasc\u0103 15\/04\/202615\/04\/20260 Distribuie0 Un t\u00e2n\u0103r de 23 de ani s-a g\u00e2ndit c\u0103 i-ar prinde bine o plimbare cu ma\u0219ina, de\u0219i nu avea permis. Nu la fel de \u00eenc\u00e2nta\u021bi au fost oamenii [&hellip;]<\/p>\n","protected":false},"author":1,"featured_media":0,"comment_status":"open","ping_status":"","sticky":false,"template":"","format":"standard","meta":{"footnotes":""},"categories":[89],"tags":[226,197],"class_list":["post-1884083","post","type-post","status-publish","format-standard","hentry","category-romania","tag-crawlmanager","tag-focustim-ro"],"_links":{"self":[{"href":"https:\/\/analyse.optim.biz\/index.php?rest_route=\/wp\/v2\/posts\/1884083","targetHints":{"allow":["GET"]}}],"collection":[{"href":"https:\/\/analyse.optim.biz\/index.php?rest_route=\/wp\/v2\/posts"}],"about":[{"href":"https:\/\/analyse.optim.biz\/index.php?rest_route=\/wp\/v2\/types\/post"}],"author":[{"embeddable":true,"href":"https:\/\/analyse.optim.biz\/index.php?rest_route=\/wp\/v2\/users\/1"}],"replies":[{"embeddable":true,"href":"https:\/\/analyse.optim.biz\/index.php?rest_route=%2Fwp%2Fv2%2Fcomments&post=1884083"}],"version-history":[{"count":0,"href":"https:\/\/analyse.optim.biz\/index.php?rest_route=\/wp\/v2\/posts\/1884083\/revisions"}],"wp:attachment":[{"href":"https:\/\/analyse.optim.biz\/index.php?rest_route=%2Fwp%2Fv2%2Fmedia&parent=1884083"}],"wp:term":[{"taxonomy":"category","embeddable":true,"href":"https:\/\/analyse.optim.biz\/index.php?rest_route=%2Fwp%2Fv2%2Fcategories&post=1884083"},{"taxonomy":"post_tag","embeddable":true,"href":"https:\/\/analyse.optim.biz\/index.php?rest_route=%2Fwp%2Fv2%2Ftags&post=1884083"}],"curies":[{"name":"wp","href":"https:\/\/api.w.org\/{rel}","templated":true}]}}