{"id":1884068,"date":"2026-04-15T11:54:49","date_gmt":"2026-04-15T08:54:49","guid":{"rendered":"https:\/\/analyse.optim.biz\/?p=1884068"},"modified":"2026-04-15T11:54:49","modified_gmt":"2026-04-15T08:54:49","slug":"primarul-sucevei-despre-abonamentele-pentru-parcari-nu-este-un-hatir-sau-o-ambitie-a-primariei-pentru-a-incasa-aceste-abonamente-ci-este-o-necesitate-deocamdata-regulamentul-pentru-parcari-este-s","status":"publish","type":"post","link":"https:\/\/analyse.optim.biz\/?p=1884068","title":{"rendered":"Primarul Sucevei, despre abonamentele pentru parc\u0103ri: Nu este un hat\u00eer sau o ambi\u021bie a Prim\u0103riei pentru a \u00eencasa aceste abonamente, ci este o necesitate. Deocamdat\u0103, regulamentul pentru parc\u0103ri este suspendat"},"content":{"rendered":"<p>[analyse_image type=&#8221;featured&#8221; src=&#8221;https:\/\/www.radiotop.ro\/img\/media\/2026\/04\/parcare-national-1.jpghttps:\/\/www.radiotop.ro\/img\/media\/2026\/04\/parcare-national-1.jpg&#8221;]<\/p>\n<div class=\"entry-content no-share\">\n<div class=\"content-inner \">\n<p>Primarul Sucevei, Vasile R\u00eembu, insist\u0103 c\u0103 \u00een Suceava trebuie s\u0103 se pl\u0103teasc\u0103 pentru locurile de parcare \u0219i subliniaz\u0103 c\u0103 500 de lei pe an nu \u00eenseamn\u0103 mult.<\/p>\n<p>La finalul \u0219edin\u021bei Consiliului Local de ast\u0103zi, la \u00eentreb\u0103rile jurnali\u0219tilor referitoare la parc\u0103ri, domnul R\u00eembu a declarat: \u201d\u0218ti\u021bi bine c\u0103 abonamentul lunar, s\u0103 spunem a\u0219a, e 500 de lei. La 365 de zile este un leu \u0219i 35 pe zi. Dac\u0103 dumneavoastr\u0103 crede\u021bi c\u0103 un leu este foarte, foarte mult, atunci nu mai am ce comenta\u201d.<\/p>\n<p>Primarul a subliniat c\u0103 introducerea de abonamente pentru parc\u0103ri reprezint\u0103 o necesitate, spun\u00eend: \u201dNu este un hat\u00eer sau o ambi\u021bie a Prim\u0103riei, a Consiliului Local pentru a \u00eencasa aceste abonamente, ci este o necesitate, pentru c\u0103 noi vrem s\u0103 reducem mult, poate, nu \u0219tiu dac\u0103 nu exagerez, chiar s\u0103 elimin\u0103m disconfortul cet\u0103\u021benilor pe aceast\u0103 linie. Dar, nu po\u021bi altfel dec\u00eet re\u00eentregind resursele \u0219i aloc\u00eendu-le pentru asta, pentru crearea de noi locuri de parcare\u201d.<\/p>\n<p>Vasile R\u00eembu a spus, din nou, c\u0103 to\u021bi banii \u00eencasa\u021bi pe abonamente vor fi folosi\u021bi pentru realizarea de parc\u0103ri.<\/p>\n<p>\u00cen prezent, regulamentul referitor acordarea locurilor de parcare prin licita\u021bie este suspendat, ca urmare a faptului c\u0103 prefectul Traian Andronachi l-a atacat \u00een contenciosul administrativ. Referitor la aceast\u0103 situa\u021bie, domnul R\u00eembu a afirmat: \u201dP\u00een\u0103 la urm\u0103 ne-am aliniat cerin\u021bei prefectului de a revizui acel regulament. Noi am \u0219i adoptat o hot\u0103r\u00eere de Consiliu Local prin care s\u0103 revizuim regulamentul, spun\u00eend de la bun \u00eenceput c\u0103 nu este un sistem \u00eenchis care nu suport\u0103 modific\u0103ri. Nu \u0219tiu de ce a fost ignorat\u0103 o asemenea ini\u021biativ\u0103, \u00eens\u0103 dac\u0103 noi vom avea c\u00ee\u0219tig de cauz\u0103 \u00een instan\u021b\u0103, \u0219i am toat\u0103 speran\u021ba c\u0103 a\u0219a va fi, se va pune sub semnul \u00eentreb\u0103rii, eu \u0219tiu, \u00eentocmirea unui regulament modificat\u201d.<\/p>\n<p>\u00centrebat despre o eventual\u0103 lupt\u0103 \u00eentre ambi\u021biile prefectului \u0219i cele ale sale, primarul a afirmat: \u201dEu nu am ambi\u021bie, vorbesc \u00een rela\u021bia cu reprezentan\u021bii institu\u021biilor statului. Am ambi\u021bia de a tr\u0103i \u00eentr-un ora\u0219 mai curat, mai civilizat, mai ordonat, mai sigur\u201d.<\/p>\n<p>\u00cen ceea ce prive\u0219te durata procesului de la contenciosul administrativ, domnul R\u00eembu a spus c\u0103 aceste procese s\u00eent \u201dfoarte repede abordate\u201d.<\/p>\n<p>Vasile R\u00eembu a mai spus c\u0103 vrea ca la finalul mandatului, care va fi \u00een toamna anului 2028, \u00een Suceava s\u0103 fi fost amenajate 10.000 de locuri de parcare.<\/p>\n<\/div>\n<\/div>\n<div class=\"content-inner \">\n<p>Primarul Sucevei, Vasile R\u00eembu, insist\u0103 c\u0103 \u00een Suceava trebuie s\u0103 se pl\u0103teasc\u0103 pentru locurile de parcare \u0219i subliniaz\u0103 c\u0103 500 de lei pe an nu \u00eenseamn\u0103 mult.<\/p>\n<p>La finalul \u0219edin\u021bei Consiliului Local de ast\u0103zi, la \u00eentreb\u0103rile jurnali\u0219tilor referitoare la parc\u0103ri, domnul R\u00eembu a declarat: \u201d\u0218ti\u021bi bine c\u0103 abonamentul lunar, s\u0103 spunem a\u0219a, e 500 de lei. La 365 de zile este un leu \u0219i 35 pe zi. Dac\u0103 dumneavoastr\u0103 crede\u021bi c\u0103 un leu este foarte, foarte mult, atunci nu mai am ce comenta\u201d.<\/p>\n<p>Primarul a subliniat c\u0103 introducerea de abonamente pentru parc\u0103ri reprezint\u0103 o necesitate, spun\u00eend: \u201dNu este un hat\u00eer sau o ambi\u021bie a Prim\u0103riei, a Consiliului Local pentru a \u00eencasa aceste abonamente, ci este o necesitate, pentru c\u0103 noi vrem s\u0103 reducem mult, poate, nu \u0219tiu dac\u0103 nu exagerez, chiar s\u0103 elimin\u0103m disconfortul cet\u0103\u021benilor pe aceast\u0103 linie. Dar, nu po\u021bi altfel dec\u00eet re\u00eentregind resursele \u0219i aloc\u00eendu-le pentru asta, pentru crearea de noi locuri de parcare\u201d.<\/p>\n<p>Vasile R\u00eembu a spus, din nou, c\u0103 to\u021bi banii \u00eencasa\u021bi pe abonamente vor fi folosi\u021bi pentru realizarea de parc\u0103ri.<\/p>\n<p>\u00cen prezent, regulamentul referitor acordarea locurilor de parcare prin licita\u021bie este suspendat, ca urmare a faptului c\u0103 prefectul Traian Andronachi l-a atacat \u00een contenciosul administrativ. Referitor la aceast\u0103 situa\u021bie, domnul R\u00eembu a afirmat: \u201dP\u00een\u0103 la urm\u0103 ne-am aliniat cerin\u021bei prefectului de a revizui acel regulament. Noi am \u0219i adoptat o hot\u0103r\u00eere de Consiliu Local prin care s\u0103 revizuim regulamentul, spun\u00eend de la bun \u00eenceput c\u0103 nu este un sistem \u00eenchis care nu suport\u0103 modific\u0103ri. Nu \u0219tiu de ce a fost ignorat\u0103 o asemenea ini\u021biativ\u0103, \u00eens\u0103 dac\u0103 noi vom avea c\u00ee\u0219tig de cauz\u0103 \u00een instan\u021b\u0103, \u0219i am toat\u0103 speran\u021ba c\u0103 a\u0219a va fi, se va pune sub semnul \u00eentreb\u0103rii, eu \u0219tiu, \u00eentocmirea unui regulament modificat\u201d.<\/p>\n<p>\u00centrebat despre o eventual\u0103 lupt\u0103 \u00eentre ambi\u021biile prefectului \u0219i cele ale sale, primarul a afirmat: \u201dEu nu am ambi\u021bie, vorbesc \u00een rela\u021bia cu reprezentan\u021bii institu\u021biilor statului. Am ambi\u021bia de a tr\u0103i \u00eentr-un ora\u0219 mai curat, mai civilizat, mai ordonat, mai sigur\u201d.<\/p>\n<p>\u00cen ceea ce prive\u0219te durata procesului de la contenciosul administrativ, domnul R\u00eembu a spus c\u0103 aceste procese s\u00eent \u201dfoarte repede abordate\u201d.<\/p>\n<p>Vasile R\u00eembu a mai spus c\u0103 vrea ca la finalul mandatului, care va fi \u00een toamna anului 2028, \u00een Suceava s\u0103 fi fost amenajate 10.000 de locuri de parcare.<\/p>\n<\/div>\n<p>[analyse_source url=&#8221;https:\/\/www.radiotop.ro\/administratie\/primarul-sucevei-despre-abonamentele-pentru-parcari-nu-este-un-hatir-sau-o-ambitie-a-primariei-pentru-a-incasa-aceste-abonamente-ci-este-o-necesitate-deocamdata-regulamentul-pentru-parcari-este-s.html&#8221;]<\/p>\n","protected":false},"excerpt":{"rendered":"<p>[analyse_image type=&#8221;featured&#8221; src=&#8221;https:\/\/www.radiotop.ro\/img\/media\/2026\/04\/parcare-national-1.jpghttps:\/\/www.radiotop.ro\/img\/media\/2026\/04\/parcare-national-1.jpg&#8221;] Primarul Sucevei, Vasile R\u00eembu, insist\u0103 c\u0103 \u00een Suceava trebuie s\u0103 se pl\u0103teasc\u0103 pentru locurile de parcare \u0219i subliniaz\u0103 c\u0103 500 de lei pe an nu \u00eenseamn\u0103 mult. La finalul \u0219edin\u021bei Consiliului Local de ast\u0103zi, la \u00eentreb\u0103rile jurnali\u0219tilor referitoare la parc\u0103ri, domnul R\u00eembu a declarat: \u201d\u0218ti\u021bi bine c\u0103 abonamentul lunar, s\u0103 spunem a\u0219a, [&hellip;]<\/p>\n","protected":false},"author":1,"featured_media":0,"comment_status":"open","ping_status":"","sticky":false,"template":"","format":"standard","meta":{"footnotes":""},"categories":[89],"tags":[226,163],"class_list":["post-1884068","post","type-post","status-publish","format-standard","hentry","category-romania","tag-crawlmanager","tag-radiotop-ro"],"_links":{"self":[{"href":"https:\/\/analyse.optim.biz\/index.php?rest_route=\/wp\/v2\/posts\/1884068","targetHints":{"allow":["GET"]}}],"collection":[{"href":"https:\/\/analyse.optim.biz\/index.php?rest_route=\/wp\/v2\/posts"}],"about":[{"href":"https:\/\/analyse.optim.biz\/index.php?rest_route=\/wp\/v2\/types\/post"}],"author":[{"embeddable":true,"href":"https:\/\/analyse.optim.biz\/index.php?rest_route=\/wp\/v2\/users\/1"}],"replies":[{"embeddable":true,"href":"https:\/\/analyse.optim.biz\/index.php?rest_route=%2Fwp%2Fv2%2Fcomments&post=1884068"}],"version-history":[{"count":0,"href":"https:\/\/analyse.optim.biz\/index.php?rest_route=\/wp\/v2\/posts\/1884068\/revisions"}],"wp:attachment":[{"href":"https:\/\/analyse.optim.biz\/index.php?rest_route=%2Fwp%2Fv2%2Fmedia&parent=1884068"}],"wp:term":[{"taxonomy":"category","embeddable":true,"href":"https:\/\/analyse.optim.biz\/index.php?rest_route=%2Fwp%2Fv2%2Fcategories&post=1884068"},{"taxonomy":"post_tag","embeddable":true,"href":"https:\/\/analyse.optim.biz\/index.php?rest_route=%2Fwp%2Fv2%2Ftags&post=1884068"}],"curies":[{"name":"wp","href":"https:\/\/api.w.org\/{rel}","templated":true}]}}