{"id":1884058,"date":"2026-04-15T06:50:28","date_gmt":"2026-04-15T03:50:28","guid":{"rendered":"https:\/\/analyse.optim.biz\/?p=1884058"},"modified":"2026-04-15T06:50:28","modified_gmt":"2026-04-15T03:50:28","slug":"zelenski-promite-repararea-conductei-drujba-si-mizeaza-pe-ungaria-pentru-deblocarea-imprumutului-ue","status":"publish","type":"post","link":"https:\/\/analyse.optim.biz\/?p=1884058","title":{"rendered":"Zelenski promite repararea conductei Drujba \u0219i mizeaz\u0103 pe Ungaria pentru deblocarea \u00eemprumutului UE"},"content":{"rendered":"<p>[analyse_image type=&#8221;featured&#8221; src=&#8221;https:\/\/ortodoxinfo.ro\/wp-content\/uploads\/2026\/04\/zelenski-promite-repararea-conductei-drujba-si-mizeaza-pe-ungaria-pentru-deblocarea-imprumutului-ue.jpeg&#8221;]<\/p>\n<article id=\"post-221264\" class=\"post-221264 post type-post status-publish format-standard has-post-thumbnail category-ucraina\">\n<header class=\"single-header\">\n<h1 class=\"s-title fw-headline\">Zelenski promite repararea conductei Drujba \u0219i mizeaz\u0103 pe Ungaria pentru deblocarea \u00eemprumutului UE<\/h1>\n<div class=\"single-meta meta-s-default yes-0\">\n<div class=\"smeta-in\"><a class=\"meta-el meta-avatar\" href=\"https:\/\/ortodoxinfo.ro\/author\/redactor\/\"><img loading=\"lazy\" decoding=\"async\" alt=\"OrtodoxINFO\" src=\"https:\/\/secure.gravatar.com\/avatar\/21010332354a182ce4de6016685c5586f21c51866d0ec5bc8ef383240b3c3e02?s=120&amp;r=g\" class=\"avatar avatar-120 photo\" height=\"120\" width=\"120\"><\/a><\/p>\n<div class=\"smeta-sec\">\n<div class=\"p-meta\">\n<div class=\"meta-inner is-meta\"><span class=\"meta-el meta-date\"><time datetime=\"2026-04-15T09:50:28+03:00\">15 aprilie 2026<\/time><\/span><span class=\"meta-el meta-category meta-bold\"><a class=\"meta-separate category-15871\" href=\"https:\/\/ortodoxinfo.ro\/category\/anti-sistem\/al-iii-lea-razboi-mondial\/ucraina\/\">Ucraina<\/a><\/span><span class=\"meta-el meta-view\">1.4k vizualiz\u0103ri\t\t<\/span><span class=\"meta-el meta-comment mobile-last-meta tablet-last-meta\"><a href=\"https:\/\/ortodoxinfo.ro\/2026\/04\/15\/zelenski-promite-repararea-conductei-drujba-si-mizeaza-pe-ungaria-pentru-deblocarea-imprumutului-ue\/#respond\">Comentarii<\/a><\/span><\/div>\n<\/div>\n<\/div>\n<\/div>\n<div class=\"smeta-extra\">\n<div class=\"t-shared-sec tooltips-n has-read-meta is-color\">\n<div class=\"t-shared-header is-meta\"><span class=\"share-label\">Share<\/span><\/div>\n<\/div>\n<div class=\"single-right-meta single-time-read is-meta\"><span class=\"meta-el meta-read\">3 Min Read<\/span><\/div>\n<\/div>\n<\/div>\n<\/header>\n<div class=\"grid-container\">\n<div class=\"s-ct\">\n<div class=\"s-feat-outer\">\n<div class=\"s-feat\">\n<div class=\"featured-lightbox-trigger\" data-source=\"https:\/\/ortodoxinfo.ro\/wp-content\/uploads\/2026\/04\/zelenski-promite-repararea-conductei-drujba-si-mizeaza-pe-ungaria-pentru-deblocarea-imprumutului-ue.jpeg\" data-caption data-attribution><img fetchpriority=\"high\" decoding=\"async\" width=\"860\" height=\"452\" src=\"https:\/\/ortodoxinfo.ro\/wp-content\/uploads\/2026\/04\/zelenski-promite-repararea-conductei-drujba-si-mizeaza-pe-ungaria-pentru-deblocarea-imprumutului-ue-860x452.jpeg\" class=\"attachment-foxiz_crop_o1 size-foxiz_crop_o1 wp-post-image\" alt loading=\"eager\"><\/div>\n<\/div>\n<\/div>\n<div class=\"s-ct-wrap has-lsl\">\n<div class=\"s-ct-inner\">\n<div class=\"l-shared-sec-outer show-mobile\">\n<div class=\"l-shared-sec\">\n<div class=\"l-shared-header meta-text\"><span class=\"share-label\">SHARE<\/span><\/div>\n<\/div>\n<\/div>\n<div class=\"e-ct-outer\">\n<div class=\"entry-content rbct clearfix is-highlight-shares\">\n<p><strong>Reluarea opera\u021bional\u0103 a conductei Drujba p\u00e2n\u0103 la sf\u00e2r\u0219itul lunii aprilie devine un instrument de negociere strategic\u0103 pentru Kiev, care mizeaz\u0103 pe acest gest pentru a for\u021ba deblocarea \u00eemprumutului european de 90 de miliarde de euro. \u00centr-un context tensionat \u00eentre Bruxelles \u0219i Budapesta, Ucraina \u00eencearc\u0103 s\u0103 lege securitatea energetic\u0103 a regiunii de sprijinul politic necesar continu\u0103rii r\u0103zboiului, conform <a href=\"https:\/\/www.politico.eu\/article\/volodymyr-zelenskyy-expects-hungary-lift-veto-ukraine-loan-druzhba-oil-flows-resume-end-april\/\" target=\"_blank\" rel=\"noopener\">Politico<\/a>.<\/strong><\/p>\n<div class=\"inline-single-ad ad_single_index alignfull\">\n<div class=\"ad-wrap ad-script-wrap\">\n<div class=\"ad-script non-adsense edge-padding\">\n<div>\n\u203c\ufe0f\u203c\ufe0f NU recunoa\u0219tem ca pre\u0219edinte al Rom\u00e2niei pe marioneta retard\u0103 Nicu\u0219or Dan! Rom\u00e2ni, boicota\u021bi aceast\u0103 f\u0103c\u0103tur\u0103, care ne face \u021bara de r\u00e2s! NU rom\u00e2nii l-au votat pe Nicusoro\u0219 &#8211; cu unele excep\u021bii de persoane infantile, manipulabile \u0219i chiar idioate &#8211; ci l-au ajutat Maia Soro\u0219, Emanuel Macrou \u0219i tr\u0103d\u0103torii de la B.E.C. \u0219i CCR!<br \/>\n La \u00eenchisoare cu cei care au fraudat alegerile!\n<\/div>\n<\/div>\n<\/div>\n<\/div>\n<p>Cancelarul german Friedrich Merz a declarat c\u0103 \u00eemprumutul de 90 de miliarde de euro destinat Ucrainei trebuie \u201edeblocat rapid\u201d.<\/p>\n<p>Pre\u0219edintele ucrainean Volodimir Zelenski a declarat mar\u021bi c\u0103 conducta de petrol Drujba, avariat\u0103, va deveni din nou opera\u021bional\u0103 p\u00e2n\u0103 la sf\u00e2r\u0219itul lunii aprilie, \u00eens\u0103 exist\u0103 o condi\u021bie.<\/p>\n<p>Zelenski se a\u0219teapt\u0103 ca Ungaria s\u0103 \u00ee\u0219i ridice veto-ul asupra \u00eemprumutului de 90 de miliarde de euro destinat finan\u021b\u0103rii efortului de r\u0103zboi al Kievului \u00eempotriva Rusiei, confirm\u00e2nd c\u0103 petrolul va circula din nou prin conduct\u0103 p\u00e2n\u0103 la finalul lunii aprilie.<\/p>\n<p>\u201eAm promis c\u0103 [conducta Drujba] va fi reparat\u0103 p\u00e2n\u0103 la sf\u00e2r\u0219itul lunii aprilie. Nu complet, dar suficient pentru a fi opera\u021bional\u0103\u201d, a declarat Zelenski \u00een cadrul unei conferin\u021be de pres\u0103 comune cu cancelarul german Friedrich Merz, la Berlin.<\/p>\n<p>\u201eCredem c\u0103 acest lucru se aliniaz\u0103 \u0219i cu alte angajamente ale statelor membre ale Uniunii Europene, \u00een special Ungaria, care a blocat anumite decizii importante pentru noi\u201d, a ad\u0103ugat el, f\u0103c\u00e2nd referire la \u00eemprumut.<\/p>\n<p>Conducta Drujba, care transport\u0103 petrol rusesc prin Ucraina c\u0103tre Ungaria \u0219i Slovacia, s-a aflat \u00een centrul unui conflict \u00eentre Uniunea European\u0103 \u0219i Ungaria. Dup\u0103 ce a fost avariat\u0103 \u00een urma unui atac cu drone \u00een ianuarie, premierul ungar Viktor Orb\u00e1n \u0219i-a retras sprijinul pentru \u00eemprumutul de 90 de miliarde de euro de care Kievul are nevoie pentru a-\u0219i sus\u021bine efortul de r\u0103zboi, \u00een contextul \u00een care invazia pe scar\u0103 larg\u0103 a Rusiei a intrat \u00een al cincilea an.<\/p>\n<p>Totu\u0219i, victoria categoric\u0103 ob\u021binut\u0103 weekendul trecut de premierul ales al Ungariei, P\u00e9ter Magyar, a alimentat optimismul liderilor europeni privind o schimbare rapid\u0103 de pozi\u021bie la Budapesta \u2013 Magyar indic\u00e2nd chiar luni c\u0103 este preg\u0103tit s\u0103 ridice blocajul impus de Ungaria.<\/p>\n<p>\u201eDorim, de asemenea, s\u0103 punem rapid \u00een aplicare \u00eemprumutul UE pentru Ucraina \u2013 convenit \u00een decembrie\u201d, a declarat Merz. \u201eFondurile pentru ajutorul militar trebuie deblocate rapid acum. Ucraina are nevoie urgent\u0103 de ele.\u201d<\/p>\n<p>Merz \u0219i Zelenski s-au \u00eent\u00e2lnit la Berlin, \u00eempreun\u0103 cu mini\u0219tri-cheie din ambele guverne, \u00een cadrul primelor consult\u0103ri guvernamentale bilaterale din ultimii peste 20 de ani, \u00eencheind mai multe acorduri, inclusiv privind dezvoltarea comun\u0103 de noi sisteme de armament \u0219i reducerea dependen\u021bei de livr\u0103rile din Statele Unite.<\/p>\n<\/div>\n<\/div>\n<\/div>\n<div class=\"e-shared-sec entry-sec\">\n<div class=\"e-shared-header h4\"><span>Distribuie<\/span><\/div>\n<div class=\"rbbsl tooltips-n effect-fadeout is-bg\"><a class=\"share-action share-trigger icon-facebook\" aria-label=\"Share on Facebook\" href=\"https:\/\/www.facebook.com\/sharer.php?u=https%3A%2F%2Fortodoxinfo.ro%2F2026%2F04%2F15%2Fzelenski-promite-repararea-conductei-drujba-si-mizeaza-pe-ungaria-pentru-deblocarea-imprumutului-ue%2F\" data-title=\"Facebook\" rel=\"nofollow\"><span>Facebook<\/span><\/a><a class=\"share-action share-trigger icon-twitter\" aria-label=\"Share on X\" href=\"https:\/\/twitter.com\/intent\/tweet?text=Zelenski+promite+repararea+conductei+Drujba+%C8%99i+mizeaz%C4%83+pe+Ungaria+pentru+deblocarea+%C3%AEmprumutului+UE&amp;url=https%3A%2F%2Fortodoxinfo.ro%2F2026%2F04%2F15%2Fzelenski-promite-repararea-conductei-drujba-si-mizeaza-pe-ungaria-pentru-deblocarea-imprumutului-ue%2F&amp;via=ortodoxinforo\" data-title=\"X\" rel=\"nofollow\"><span>X<\/span><\/a><a class=\"share-action icon-whatsapp is-web\" aria-label=\"Share on Whatsapp\" href=\"https:\/\/web.whatsapp.com\/send?text=Zelenski+promite+repararea+conductei+Drujba+%C8%99i+mizeaz%C4%83+pe+Ungaria+pentru+deblocarea+%C3%AEmprumutului+UE%20%E2%98%9E%20https%3A%2F%2Fortodoxinfo.ro%2F2026%2F04%2F15%2Fzelenski-promite-repararea-conductei-drujba-si-mizeaza-pe-ungaria-pentru-deblocarea-imprumutului-ue%2F\" target=\"_blank\" data-title=\"WhatsApp\" rel=\"nofollow\"><span>Whatsapp<\/span><\/a><a class=\"share-action icon-whatsapp is-mobile\" aria-label=\"Share on Whatsapp\" href=\"\/\/send?text=Zelenski+promite+repararea+conductei+Drujba+%C8%99i+mizeaz%C4%83+pe+Ungaria+pentru+deblocarea+%C3%AEmprumutului+UE%20%E2%98%9E%20https%3A%2F%2Fortodoxinfo.ro%2F2026%2F04%2F15%2Fzelenski-promite-repararea-conductei-drujba-si-mizeaza-pe-ungaria-pentru-deblocarea-imprumutului-ue%2F\" target=\"_blank\" data-title=\"WhatsApp\" rel=\"nofollow\"><span>Whatsapp<\/span><\/a><a class=\"share-action share-trigger icon-telegram\" aria-label=\"Share on Telegram\" href=\"https:\/\/t.me\/share\/?url=https%3A%2F%2Fortodoxinfo.ro%2F2026%2F04%2F15%2Fzelenski-promite-repararea-conductei-drujba-si-mizeaza-pe-ungaria-pentru-deblocarea-imprumutului-ue%2F&amp;text=Zelenski+promite+repararea+conductei+Drujba+%C8%99i+mizeaz%C4%83+pe+Ungaria+pentru+deblocarea+%C3%AEmprumutului+UE\" data-title=\"Telegram\" rel=\"nofollow\"><span>Telegram<\/span><\/a><a class=\"share-action icon-copy copy-trigger\" aria-label=\"Copy Link\" href=\"https:\/\/ortodoxinfo.ro\/2026\/04\/15\/zelenski-promite-repararea-conductei-drujba-si-mizeaza-pe-ungaria-pentru-deblocarea-imprumutului-ue\/\" data-copied=\"Copied!\" data-link=\"https:\/\/ortodoxinfo.ro\/2026\/04\/15\/zelenski-promite-repararea-conductei-drujba-si-mizeaza-pe-ungaria-pentru-deblocarea-imprumutului-ue\/\" rel=\"nofollow\" data-copy=\"Copy Link\"><span>Copy Link<\/span><\/a><a class=\"share-action icon-print\" aria-label=\"Print\" rel=\"nofollow\" data-title=\"Print\"><span>Print<\/span><\/a><\/div>\n<\/div>\n<\/div>\n<div id=\"tabs\" class=\"dntplgn_form_wrapper\"><span><\/p>\n<h2>\u0218tirile sunt sub cenzur\u0103! Sprijini\u021bi OrtodoxINFO!<\/h2>\n<p>Guvernul nu dore\u0219te aflarea adev\u0103rului despre lovitura de stat \u0219i \u00eengenuncherea Rom\u00e2niei. \u00cencerc\u0103m s\u0103 men\u021binem viu acest site \u0219i s\u0103 v\u0103 punem la dispozi\u021bie informa\u021bii care s\u0103 fac\u0103 lumin\u0103 \u00een cea mai mare provocare pe care o tr\u0103im. Jurnalismul independent al portalului OrtodoxINFO func\u021bioneaz\u0103 strict cu ajutorul cititorilor.<br \/>\nNe pute\u021bi sprijini printr-o <b><a href=\"https:\/\/ortodoxinfo.ro\/donatii\/\">dona\u021bie bancar\u0103<\/a> sau prin PayPal, complet\u00e2nd formularul de mai jos.<\/b><\/span><\/p>\n<ul>\n<li><a href=\"https:\/\/ortodoxinfo.ro\/2026\/04\/15\/zelenski-promite-repararea-conductei-drujba-si-mizeaza-pe-ungaria-pentru-deblocarea-imprumutului-ue\/#tabs-1\">Dona\u021bie lunar\u0103<\/a><\/li>\n<li><a href=\"https:\/\/ortodoxinfo.ro\/2026\/04\/15\/zelenski-promite-repararea-conductei-drujba-si-mizeaza-pe-ungaria-pentru-deblocarea-imprumutului-ue\/#tabs-2\">Doar acum<\/a><\/li>\n<\/ul>\n<div id=\"tabs-1\"><img loading=\"lazy\" decoding=\"async\" alt border=\"0\" src=\"https:\/\/www.paypalobjects.com\/en_US\/i\/scr\/pixel.gif\" width=\"1\" height=\"1\"><\/div>\n<div id=\"tabs-2\">\n<p>\t\t     \u20ac<\/p>\n<p>\t\t    <img loading=\"lazy\" decoding=\"async\" alt border=\"0\" src=\"https:\/\/www.paypalobjects.com\/en_US\/i\/scr\/pixel.gif\" width=\"1\" height=\"1\"><\/div>\n<p>Mul\u021bumim celor care ne-au ajutat p\u00e2n\u0103 acum!\n\t<\/p><\/div>\n<div class=\"comment-box-wrap entry-sec\">\n<div class=\"comment-box-header\"><span class=\"h3\">Las\u0103 un comentariu<\/span><\/div>\n<div class=\"comment-holder no-comment\">\n<div id=\"comments\" class=\"comments-area\">\n<div id=\"respond\" class=\"comment-respond\">\n<h3 id=\"reply-title\" class=\"comment-reply-title\">Las\u0103 un r\u0103spuns <small><a rel=\"nofollow\" id=\"cancel-comment-reply-link\" href=\"https:\/\/ortodoxinfo.ro\/2026\/04\/15\/zelenski-promite-repararea-conductei-drujba-si-mizeaza-pe-ungaria-pentru-deblocarea-imprumutului-ue\/#respond\">Anuleaz\u0103 r\u0103spunsul<\/a><\/small><\/h3>\n<p class=\"comment-notes\"><span id=\"email-notes\">Adresa ta de email nu va fi publicat\u0103.<\/span><span class=\"required-field-message\">C\u00e2mpurile obligatorii sunt marcate cu <span class=\"required\">*<\/span><\/span><\/p>\n<\/div>\n<\/div>\n<\/div>\n<\/div>\n<\/div>\n<div class=\"sidebar-wrap single-sidebar\">\n<div class=\"sidebar-inner clearfix\">\n<div id=\"widget-post-2\" class=\"widget rb-section w-sidebar clearfix widget-post\">\n<div class=\"block-h widget-heading heading-layout-1\">\n<div class=\"heading-inner\">\n<h4 class=\"heading-title\"><span>Articole recente<\/span><\/h4>\n<\/div>\n<\/div>\n<div class=\"widget-p-listing\">\n<div class=\"p-wrap p-small p-list-small-2\" data-pid=\"221240\">\n<div class=\"feat-holder\">\n<div class=\"p-featured ratio-v1\"><a class=\"p-flink\" href=\"https:\/\/ortodoxinfo.ro\/2026\/04\/15\/fost-sef-al-serviciilor-de-informatii-franceze-acuza-ue-de-ingerinte-in-alegeri-in-statele-ue-in-moldova-a-fost-un-adevarat-scandal\/\" title=\"Fost \u0219ef al serviciilor de informa\u021bii franceze acuz\u0103 UE de ingerin\u021be \u00een alegeri \u00een statele UE: \u201e\u00cen Moldova a fost un adev\u0103rat scandal\u201d\"><img decoding=\"async\" width=\"150\" height=\"150\" src=\"https:\/\/ortodoxinfo.ro\/wp-content\/uploads\/2026\/04\/fost-sef-al-serviciilor-de-informatii-franceze-acuza-bruxelles-ul-de-ingerinte-in-alegeri-in-statele-150x150.jpeg\" class=\"featured-img wp-post-image\" alt loading=\"lazy\"><\/a><\/div>\n<\/div>\n<div class=\"p-content\">\n<h5 class=\"entry-title\"><a class=\"p-url\" href=\"https:\/\/ortodoxinfo.ro\/2026\/04\/15\/fost-sef-al-serviciilor-de-informatii-franceze-acuza-ue-de-ingerinte-in-alegeri-in-statele-ue-in-moldova-a-fost-un-adevarat-scandal\/\" rel=\"bookmark\">Fost \u0219ef al serviciilor de informa\u021bii franceze acuz\u0103 UE de ingerin\u021be \u00een alegeri \u00een statele UE: \u201e\u00cen Moldova a fost un adev\u0103rat scandal\u201d<\/a><\/h5>\n<div class=\"p-meta\">\n<div class=\"meta-inner is-meta\"><span class=\"meta-el meta-date\"><time datetime=\"2026-04-15T09:52:04+03:00\">15 aprilie 2026<\/time><\/span><span class=\"meta-el meta-category meta-bold\"><a class=\"meta-separate category-1538\" href=\"https:\/\/ortodoxinfo.ro\/category\/anti-sistem\/uniunea-europeana\/\">Uniunea european\u0103<\/a><\/span><span class=\"meta-el meta-view\">5.6k vizualiz\u0103ri\t\t<\/span><\/div>\n<\/div>\n<\/div>\n<\/div>\n<div class=\"p-wrap p-small p-list-small-2\" data-pid=\"221206\">\n<div class=\"feat-holder\">\n<div class=\"p-featured ratio-v1\"><a class=\"p-flink\" href=\"https:\/\/ortodoxinfo.ro\/2026\/04\/14\/fmi-romania-va-avea-o-crestere-economica-mai-mica-decat-ucraina-pe-care-o-finanteaza-tara-noastra-ramane-in-categoria-economiilor-emergente-in-timp-ce-bulgaria-accede-in-plutonul-statelor-avansat\/\" title=\"FMI: Rom\u00e2nia va avea o cre\u0219tere economic\u0103 mai mic\u0103 dec\u00e2t Ucraina, pe care o finan\u021beaz\u0103 | \u021aara noastr\u0103 r\u0103m\u00e2ne \u00een categoria economiilor emergente, \u00een timp ce Bulgaria accede \u00een plutonul statelor avansate\"><img decoding=\"async\" width=\"150\" height=\"150\" src=\"https:\/\/ortodoxinfo.ro\/wp-content\/uploads\/2026\/04\/1776197953_preoti-cernauti-nicusor-dan-e1751197227656-150x150.png\" class=\"featured-img wp-post-image\" alt loading=\"lazy\"><\/a><\/div>\n<\/div>\n<div class=\"p-content\">\n<h5 class=\"entry-title\"><a class=\"p-url\" href=\"https:\/\/ortodoxinfo.ro\/2026\/04\/14\/fmi-romania-va-avea-o-crestere-economica-mai-mica-decat-ucraina-pe-care-o-finanteaza-tara-noastra-ramane-in-categoria-economiilor-emergente-in-timp-ce-bulgaria-accede-in-plutonul-statelor-avansat\/\" rel=\"bookmark\">FMI: Rom\u00e2nia va avea o cre\u0219tere economic\u0103 mai mic\u0103 dec\u00e2t Ucraina, pe care o finan\u021beaz\u0103 | \u021aara noastr\u0103 r\u0103m\u00e2ne \u00een categoria economiilor emergente, \u00een timp ce Bulgaria accede \u00een plutonul statelor avansate<\/a><\/h5>\n<div class=\"p-meta\">\n<div class=\"meta-inner is-meta\"><span class=\"meta-el meta-date\"><time datetime=\"2026-04-14T23:24:42+03:00\">14 aprilie 2026<\/time><\/span><span class=\"meta-el meta-category meta-bold\"><a class=\"meta-separate category-19885\" href=\"https:\/\/ortodoxinfo.ro\/category\/anti-sistem\/anti-romanism\/asasinii-tarii\/\">Asasinii \u021b\u0103rii<\/a><\/span><span class=\"meta-el meta-view\">4.7k vizualiz\u0103ri\t\t<\/span><\/div>\n<\/div>\n<\/div>\n<\/div>\n<div class=\"p-wrap p-small p-list-small-2\" data-pid=\"221139\">\n<div class=\"feat-holder\">\n<div class=\"p-featured ratio-v1\"><a class=\"p-flink\" href=\"https:\/\/ortodoxinfo.ro\/2026\/04\/14\/prima-tara-din-ue-care-are-in-vedere-un-referendum-pentru-iesirea-din-nato-anuntul-sefului-parlamentului\/\" title=\"Prima \u021bar\u0103 din UE care are \u00een vedere un referendum pentru ie\u0219irea din NATO. Anun\u021bul \u0219efului Parlamentului\"><img decoding=\"async\" width=\"150\" height=\"150\" src=\"https:\/\/ortodoxinfo.ro\/wp-content\/uploads\/2026\/04\/nato.webp-150x150.webp\" class=\"featured-img wp-post-image\" alt loading=\"lazy\"><\/a><\/div>\n<\/div>\n<div class=\"p-content\">\n<h5 class=\"entry-title\"><a class=\"p-url\" href=\"https:\/\/ortodoxinfo.ro\/2026\/04\/14\/prima-tara-din-ue-care-are-in-vedere-un-referendum-pentru-iesirea-din-nato-anuntul-sefului-parlamentului\/\" rel=\"bookmark\">Prima \u021bar\u0103 din UE care are \u00een vedere un referendum pentru ie\u0219irea din NATO. Anun\u021bul \u0219efului Parlamentului<\/a><\/h5>\n<div class=\"p-meta\">\n<div class=\"meta-inner is-meta\"><span class=\"meta-el meta-date\"><time datetime=\"2026-04-14T18:30:32+03:00\">14 aprilie 2026<\/time><\/span><span class=\"meta-el meta-category meta-bold\"><a class=\"meta-separate category-585\" href=\"https:\/\/ortodoxinfo.ro\/category\/stiri\/externe\/\">Externe<\/a><\/span><span class=\"meta-el meta-view\">10.9k vizualiz\u0103ri\t\t<\/span><\/div>\n<\/div>\n<\/div>\n<\/div>\n<div class=\"p-wrap p-small p-list-small-2\" data-pid=\"221122\">\n<div class=\"feat-holder\">\n<div class=\"p-featured ratio-v1\"><a class=\"p-flink\" href=\"https:\/\/ortodoxinfo.ro\/2026\/04\/14\/von-der-leyen-ii-cere-lui-magyar-sa-realinieze-ungaria-la-valorile-europene-pentru-a-debloca-fondurile-ue\/\" title=\"Von der Leyen \u00eei cere lui Magyar s\u0103 \u201erealinieze\u201d Ungaria la \u201evalorile europene\u201d pentru a debloca fondurile UE\"><img decoding=\"async\" width=\"150\" height=\"150\" src=\"https:\/\/ortodoxinfo.ro\/wp-content\/uploads\/2026\/04\/ursula_von_der_leyen-150x150.jpg\" class=\"featured-img wp-post-image\" alt loading=\"lazy\"><\/a><\/div>\n<\/div>\n<div class=\"p-content\">\n<h5 class=\"entry-title\"><a class=\"p-url\" href=\"https:\/\/ortodoxinfo.ro\/2026\/04\/14\/von-der-leyen-ii-cere-lui-magyar-sa-realinieze-ungaria-la-valorile-europene-pentru-a-debloca-fondurile-ue\/\" rel=\"bookmark\">Von der Leyen \u00eei cere lui Magyar s\u0103 \u201erealinieze\u201d Ungaria la \u201evalorile europene\u201d pentru a debloca fondurile UE<\/a><\/h5>\n<div class=\"p-meta\">\n<div class=\"meta-inner is-meta\"><span class=\"meta-el meta-date\"><time datetime=\"2026-04-14T18:26:54+03:00\">14 aprilie 2026<\/time><\/span><span class=\"meta-el meta-category meta-bold\"><a class=\"meta-separate category-1538\" href=\"https:\/\/ortodoxinfo.ro\/category\/anti-sistem\/uniunea-europeana\/\">Uniunea european\u0103<\/a><\/span><span class=\"meta-el meta-view\">3.5k vizualiz\u0103ri\t\t<\/span><\/div>\n<\/div>\n<\/div>\n<\/div>\n<\/div>\n<\/div>\n<div id=\"custom_html-2\" class=\"widget_text widget rb-section w-sidebar clearfix widget_custom_html\">\n<div class=\"block-h widget-heading heading-layout-1\">\n<div class=\"heading-inner\">\n<h4 class=\"heading-title\"><span>DONA\u021aII \u00een cont bancar<\/span><\/h4>\n<\/div>\n<\/div>\n<div class=\"textwidget custom-html-widget\">\n<table class=\"donatii\">\n<tbody>\n<tr>\n<th colspan=\"2\"><strong><span>ASMIB<\/span><\/strong><\/th>\n<\/tr>\n<tr>\n<th>Cont LEI<\/th>\n<td>RO67CECEB00030RON2081955<\/td>\n<\/tr>\n<tr>\n<th>Cont EURO<\/th>\n<td>RO33CECEB000C1EUR2081978<\/td>\n<\/tr>\n<tr>\n<th>Cod SWIFT<\/th>\n<td>CECEROBU<\/td>\n<\/tr>\n<tr>\n<th colspan=\"2\"><strong>CEC BANK SA<\/strong><\/th>\n<\/tr>\n<\/tbody>\n<\/table>\n<\/div>\n<\/div>\n<\/div>\n<\/div>\n<\/div>\n<\/article>\n<div class=\"entry-content rbct clearfix is-highlight-shares\">\n<p><strong>Reluarea opera\u021bional\u0103 a conductei Drujba p\u00e2n\u0103 la sf\u00e2r\u0219itul lunii aprilie devine un instrument de negociere strategic\u0103 pentru Kiev, care mizeaz\u0103 pe acest gest pentru a for\u021ba deblocarea \u00eemprumutului european de 90 de miliarde de euro. \u00centr-un context tensionat \u00eentre Bruxelles \u0219i Budapesta, Ucraina \u00eencearc\u0103 s\u0103 lege securitatea energetic\u0103 a regiunii de sprijinul politic necesar continu\u0103rii r\u0103zboiului, conform <a href=\"https:\/\/www.politico.eu\/article\/volodymyr-zelenskyy-expects-hungary-lift-veto-ukraine-loan-druzhba-oil-flows-resume-end-april\/\" target=\"_blank\" rel=\"noopener\">Politico<\/a>.<\/strong><\/p>\n<div class=\"inline-single-ad ad_single_index alignfull\">\n<div class=\"ad-wrap ad-script-wrap\">\n<div class=\"ad-script non-adsense edge-padding\">\n<div>\n\u203c\ufe0f\u203c\ufe0f NU recunoa\u0219tem ca pre\u0219edinte al Rom\u00e2niei pe marioneta retard\u0103 Nicu\u0219or Dan! Rom\u00e2ni, boicota\u021bi aceast\u0103 f\u0103c\u0103tur\u0103, care ne face \u021bara de r\u00e2s! NU rom\u00e2nii l-au votat pe Nicusoro\u0219 &#8211; cu unele excep\u021bii de persoane infantile, manipulabile \u0219i chiar idioate &#8211; ci l-au ajutat Maia Soro\u0219, Emanuel Macrou \u0219i tr\u0103d\u0103torii de la B.E.C. \u0219i CCR!<br \/>\n La \u00eenchisoare cu cei care au fraudat alegerile!\n<\/div>\n<\/div>\n<\/div>\n<\/div>\n<p>Cancelarul german Friedrich Merz a declarat c\u0103 \u00eemprumutul de 90 de miliarde de euro destinat Ucrainei trebuie \u201edeblocat rapid\u201d.<\/p>\n<p>Pre\u0219edintele ucrainean Volodimir Zelenski a declarat mar\u021bi c\u0103 conducta de petrol Drujba, avariat\u0103, va deveni din nou opera\u021bional\u0103 p\u00e2n\u0103 la sf\u00e2r\u0219itul lunii aprilie, \u00eens\u0103 exist\u0103 o condi\u021bie.<\/p>\n<p>Zelenski se a\u0219teapt\u0103 ca Ungaria s\u0103 \u00ee\u0219i ridice veto-ul asupra \u00eemprumutului de 90 de miliarde de euro destinat finan\u021b\u0103rii efortului de r\u0103zboi al Kievului \u00eempotriva Rusiei, confirm\u00e2nd c\u0103 petrolul va circula din nou prin conduct\u0103 p\u00e2n\u0103 la finalul lunii aprilie.<\/p>\n<p>\u201eAm promis c\u0103 [conducta Drujba] va fi reparat\u0103 p\u00e2n\u0103 la sf\u00e2r\u0219itul lunii aprilie. Nu complet, dar suficient pentru a fi opera\u021bional\u0103\u201d, a declarat Zelenski \u00een cadrul unei conferin\u021be de pres\u0103 comune cu cancelarul german Friedrich Merz, la Berlin.<\/p>\n<p>\u201eCredem c\u0103 acest lucru se aliniaz\u0103 \u0219i cu alte angajamente ale statelor membre ale Uniunii Europene, \u00een special Ungaria, care a blocat anumite decizii importante pentru noi\u201d, a ad\u0103ugat el, f\u0103c\u00e2nd referire la \u00eemprumut.<\/p>\n<p>Conducta Drujba, care transport\u0103 petrol rusesc prin Ucraina c\u0103tre Ungaria \u0219i Slovacia, s-a aflat \u00een centrul unui conflict \u00eentre Uniunea European\u0103 \u0219i Ungaria. Dup\u0103 ce a fost avariat\u0103 \u00een urma unui atac cu drone \u00een ianuarie, premierul ungar Viktor Orb\u00e1n \u0219i-a retras sprijinul pentru \u00eemprumutul de 90 de miliarde de euro de care Kievul are nevoie pentru a-\u0219i sus\u021bine efortul de r\u0103zboi, \u00een contextul \u00een care invazia pe scar\u0103 larg\u0103 a Rusiei a intrat \u00een al cincilea an.<\/p>\n<p>Totu\u0219i, victoria categoric\u0103 ob\u021binut\u0103 weekendul trecut de premierul ales al Ungariei, P\u00e9ter Magyar, a alimentat optimismul liderilor europeni privind o schimbare rapid\u0103 de pozi\u021bie la Budapesta \u2013 Magyar indic\u00e2nd chiar luni c\u0103 este preg\u0103tit s\u0103 ridice blocajul impus de Ungaria.<\/p>\n<p>\u201eDorim, de asemenea, s\u0103 punem rapid \u00een aplicare \u00eemprumutul UE pentru Ucraina \u2013 convenit \u00een decembrie\u201d, a declarat Merz. \u201eFondurile pentru ajutorul militar trebuie deblocate rapid acum. Ucraina are nevoie urgent\u0103 de ele.\u201d<\/p>\n<p>Merz \u0219i Zelenski s-au \u00eent\u00e2lnit la Berlin, \u00eempreun\u0103 cu mini\u0219tri-cheie din ambele guverne, \u00een cadrul primelor consult\u0103ri guvernamentale bilaterale din ultimii peste 20 de ani, \u00eencheind mai multe acorduri, inclusiv privind dezvoltarea comun\u0103 de noi sisteme de armament \u0219i reducerea dependen\u021bei de livr\u0103rile din Statele Unite.<\/p>\n<\/div>\n<p>[analyse_source url=&#8221;https:\/\/ortodoxinfo.ro\/2026\/04\/15\/zelenski-promite-repararea-conductei-drujba-si-mizeaza-pe-ungaria-pentru-deblocarea-imprumutului-ue\/&#8221;]<\/p>\n","protected":false},"excerpt":{"rendered":"<p>[analyse_image type=&#8221;featured&#8221; src=&#8221;https:\/\/ortodoxinfo.ro\/wp-content\/uploads\/2026\/04\/zelenski-promite-repararea-conductei-drujba-si-mizeaza-pe-ungaria-pentru-deblocarea-imprumutului-ue.jpeg&#8221;] Zelenski promite repararea conductei Drujba \u0219i mizeaz\u0103 pe Ungaria pentru deblocarea \u00eemprumutului UE 15 aprilie 2026Ucraina1.4k vizualiz\u0103ri Comentarii Share 3 Min Read SHARE Reluarea opera\u021bional\u0103 a conductei Drujba p\u00e2n\u0103 la sf\u00e2r\u0219itul lunii aprilie devine un instrument de negociere strategic\u0103 pentru Kiev, care mizeaz\u0103 pe acest gest pentru a for\u021ba deblocarea \u00eemprumutului european [&hellip;]<\/p>\n","protected":false},"author":1,"featured_media":0,"comment_status":"open","ping_status":"","sticky":false,"template":"","format":"standard","meta":{"footnotes":""},"categories":[89],"tags":[226,94],"class_list":["post-1884058","post","type-post","status-publish","format-standard","hentry","category-romania","tag-crawlmanager","tag-ortodoxinfo-ro"],"_links":{"self":[{"href":"https:\/\/analyse.optim.biz\/index.php?rest_route=\/wp\/v2\/posts\/1884058","targetHints":{"allow":["GET"]}}],"collection":[{"href":"https:\/\/analyse.optim.biz\/index.php?rest_route=\/wp\/v2\/posts"}],"about":[{"href":"https:\/\/analyse.optim.biz\/index.php?rest_route=\/wp\/v2\/types\/post"}],"author":[{"embeddable":true,"href":"https:\/\/analyse.optim.biz\/index.php?rest_route=\/wp\/v2\/users\/1"}],"replies":[{"embeddable":true,"href":"https:\/\/analyse.optim.biz\/index.php?rest_route=%2Fwp%2Fv2%2Fcomments&post=1884058"}],"version-history":[{"count":0,"href":"https:\/\/analyse.optim.biz\/index.php?rest_route=\/wp\/v2\/posts\/1884058\/revisions"}],"wp:attachment":[{"href":"https:\/\/analyse.optim.biz\/index.php?rest_route=%2Fwp%2Fv2%2Fmedia&parent=1884058"}],"wp:term":[{"taxonomy":"category","embeddable":true,"href":"https:\/\/analyse.optim.biz\/index.php?rest_route=%2Fwp%2Fv2%2Fcategories&post=1884058"},{"taxonomy":"post_tag","embeddable":true,"href":"https:\/\/analyse.optim.biz\/index.php?rest_route=%2Fwp%2Fv2%2Ftags&post=1884058"}],"curies":[{"name":"wp","href":"https:\/\/api.w.org\/{rel}","templated":true}]}}