{"id":1884056,"date":"2026-04-14T15:30:32","date_gmt":"2026-04-14T12:30:32","guid":{"rendered":"https:\/\/analyse.optim.biz\/?p=1884056"},"modified":"2026-04-14T15:30:32","modified_gmt":"2026-04-14T12:30:32","slug":"prima-tara-din-ue-care-are-in-vedere-un-referendum-pentru-iesirea-din-nato-anuntul-sefului-parlamentului","status":"publish","type":"post","link":"https:\/\/analyse.optim.biz\/?p=1884056","title":{"rendered":"Prima \u021bar\u0103 din UE care are \u00een vedere un referendum pentru ie\u0219irea din NATO. Anun\u021bul \u0219efului Parlamentului"},"content":{"rendered":"<p>[analyse_image type=&#8221;featured&#8221; src=&#8221;https:\/\/ortodoxinfo.ro\/wp-content\/uploads\/2026\/04\/nato.webp.webp&#8221;]<\/p>\n<article id=\"post-221139\" class=\"post-221139 post type-post status-publish format-standard has-post-thumbnail category-externe\">\n<header class=\"single-header\">\n<h1 class=\"s-title fw-headline\">Prima \u021bar\u0103 din UE care are \u00een vedere un referendum pentru ie\u0219irea din NATO. Anun\u021bul \u0219efului Parlamentului<\/h1>\n<div class=\"single-meta meta-s-default yes-0\">\n<div class=\"smeta-in\"><a class=\"meta-el meta-avatar\" href=\"https:\/\/ortodoxinfo.ro\/author\/redactor\/\"><img loading=\"lazy\" decoding=\"async\" alt=\"OrtodoxINFO\" src=\"https:\/\/secure.gravatar.com\/avatar\/21010332354a182ce4de6016685c5586f21c51866d0ec5bc8ef383240b3c3e02?s=120&amp;r=g\" class=\"avatar avatar-120 photo\" height=\"120\" width=\"120\"><\/a><\/p>\n<div class=\"smeta-sec\">\n<div class=\"p-meta\">\n<div class=\"meta-inner is-meta\"><span class=\"meta-el meta-date\"><time datetime=\"2026-04-14T18:30:32+03:00\">14 aprilie 2026<\/time><\/span><span class=\"meta-el meta-category meta-bold\"><a class=\"meta-separate category-585\" href=\"https:\/\/ortodoxinfo.ro\/category\/stiri\/externe\/\">Externe<\/a><\/span><span class=\"meta-el meta-view\">10.9k vizualiz\u0103ri\t\t<\/span><span class=\"meta-el meta-comment mobile-last-meta tablet-last-meta\"><a href=\"https:\/\/ortodoxinfo.ro\/2026\/04\/14\/prima-tara-din-ue-care-are-in-vedere-un-referendum-pentru-iesirea-din-nato-anuntul-sefului-parlamentului\/#respond\">Comentarii<\/a><\/span><\/div>\n<\/div>\n<\/div>\n<\/div>\n<div class=\"smeta-extra\">\n<div class=\"t-shared-sec tooltips-n has-read-meta is-color\">\n<div class=\"t-shared-header is-meta\"><span class=\"share-label\">Share<\/span><\/div>\n<\/div>\n<div class=\"single-right-meta single-time-read is-meta\"><span class=\"meta-el meta-read\">4 Min Read<\/span><\/div>\n<\/div>\n<\/div>\n<\/header>\n<div class=\"grid-container\">\n<div class=\"s-ct\">\n<div class=\"s-feat-outer\">\n<div class=\"s-feat\">\n<div class=\"featured-lightbox-trigger\" data-source=\"https:\/\/ortodoxinfo.ro\/wp-content\/uploads\/2026\/04\/nato.webp.webp\" data-caption data-attribution><img fetchpriority=\"high\" decoding=\"async\" width=\"700\" height=\"466\" src=\"https:\/\/ortodoxinfo.ro\/wp-content\/uploads\/2026\/04\/nato.webp.webp\" class=\"attachment-foxiz_crop_o1 size-foxiz_crop_o1 wp-post-image\" alt loading=\"eager\"><\/div>\n<\/div>\n<\/div>\n<div class=\"s-ct-wrap has-lsl\">\n<div class=\"s-ct-inner\">\n<div class=\"l-shared-sec-outer show-mobile\">\n<div class=\"l-shared-sec\">\n<div class=\"l-shared-header meta-text\"><span class=\"share-label\">SHARE<\/span><\/div>\n<\/div>\n<\/div>\n<div class=\"e-ct-outer\">\n<div class=\"entry-content rbct clearfix is-highlight-shares\">\n<div class=\"ruby-table-contents rbtoc table-left table-fw-single-col\">\n<div class=\"toc-header\"><span class=\"h3\">Sumar<\/span><\/div>\n<div class=\"toc-content h5\"><a href=\"https:\/\/ortodoxinfo.ro\/2026\/04\/14\/prima-tara-din-ue-care-are-in-vedere-un-referendum-pentru-iesirea-din-nato-anuntul-sefului-parlamentului\/#ljubljana-trebuie-sa-devina-din-nou-centrul-decizional-al-sloveniei-nu-bruxellesul\" class=\"table-link no-link anchor-link\" data-index=\"rb-heading-index-0\">\u201eLjubljana trebuie s\u0103 devin\u0103 din nou centrul decizional al Sloveniei, nu Bruxelles-ul\u201d<\/a><a href=\"https:\/\/ortodoxinfo.ro\/2026\/04\/14\/prima-tara-din-ue-care-are-in-vedere-un-referendum-pentru-iesirea-din-nato-anuntul-sefului-parlamentului\/#semnale-privind-o-posibila-vizita-la-moscova\" class=\"table-link no-link anchor-link\" data-index=\"rb-heading-index-1\">Semnale privind o posibil\u0103 vizit\u0103 la Moscova<\/a><\/div>\n<\/div>\n<p><strong>Noul pre\u0219edinte Parlamentului de la Ljubljana, Zoran Stevanovi\u0107, a anun\u021bat c\u0103 are \u00een plan s\u0103 organizeze un referendum privind retragerea Sloveniei din NATO. Liderul Partidului Adev\u0103rul a dat de \u00een\u021beles c\u0103 o astfel de ini\u021biativ\u0103 ar reprezenta o \u00eendeplinire a promisiunilor f\u0103cute cet\u0103\u021benilor, \u00een timpul campaniei electorale.<\/strong><\/p>\n<div class=\"inline-single-ad ad_single_index alignfull\">\n<div class=\"ad-wrap ad-script-wrap\">\n<div class=\"ad-script non-adsense edge-padding\">\n<div>\n\u203c\ufe0f\u203c\ufe0f NU recunoa\u0219tem ca pre\u0219edinte al Rom\u00e2niei pe marioneta retard\u0103 Nicu\u0219or Dan! Rom\u00e2ni, boicota\u021bi aceast\u0103 f\u0103c\u0103tur\u0103, care ne face \u021bara de r\u00e2s! NU rom\u00e2nii l-au votat pe Nicusoro\u0219 &#8211; cu unele excep\u021bii de persoane infantile, manipulabile \u0219i chiar idioate &#8211; ci l-au ajutat Maia Soro\u0219, Emanuel Macrou \u0219i tr\u0103d\u0103torii de la B.E.C. \u0219i CCR!<br \/>\n La \u00eenchisoare cu cei care au fraudat alegerile!\n<\/div>\n<\/div>\n<\/div>\n<\/div>\n<p>Noul pre\u0219edinte al Parlamentului Sloveniei, Zoran Stevanovi\u0107, a declarat c\u0103 inten\u021bioneaz\u0103 s\u0103 organizeze un referendum privind ie\u0219irea din <a href=\"https:\/\/www.national.ro\/editorial\/geopolitica-sub-lupa\/nato-o-alianta-permanent-sub-asediu-intre-izolationismul-american-crizele-din-orientul-mijlociu-si-supravietuirea-institutionala-870303.html\/\">NATO<\/a>, semnal\u00e2nd totodat\u0103 deschiderea c\u0103tre o vizit\u0103 la Moscova \u0219i o politic\u0103 extern\u0103 mai independent\u0103, scrie <a href=\"https:\/\/www.kyivpost.com\/post\/73885?fbclid=IwY2xjawRK_EhleHRuA2FlbQIxMABicmlkETBaVzBmZGc5a2JMa093NHFtc3J0YwZhcHBfaWQQMjIyMDM5MTc4ODIwMDg5MgABHiBKej-HgSMfnjK4JGyCSAYGJtQcqlWlDMJ0ECVF4FsvwIIQcU7fdNhGlJ7P_aem_9lgWj4pdkUSyUvsCBYn4dA\">Kyiv Post<\/a>, care citeaz\u0103 presa sloven\u0103.<\/p>\n<p>Noul \u0219ef al Parlamentului sloven, Zoran Stevanovi\u0107, a anun\u021bat c\u0103 inten\u021bioneaz\u0103 s\u0103 organizeze un referendum privind posibila retragere a \u021b\u0103rii din <a href=\"https:\/\/www.national.ro\/politica\/seful-nato-vrea-europa-in-razboi-cu-banii-romanilor-869549.html\/\">NATO<\/a>.<\/p>\n<p>Potrivit BalkanWeb \u0219i postului public de radio \u0219i televiziune sloven RTVSLO, Stevanovi\u0107 a confirmat planul \u00een declara\u021bii recente.<\/p>\n<p>\u201eTrebuie s\u0103 spun c\u0103 am promis poporului un referendum pe tema ie\u0219irii din NATO \u0219i c\u0103 vom organiza acest referendum\u201d, a spus oficialul.<\/p>\n<blockquote class=\"twitter-tweet\" data-width=\"500\" data-dnt=\"true\">\n<p lang=\"en\" dir=\"ltr\">A referendum on leaving NATO is being initiated in Slovenia<\/p>\n<p>The new chairman of the Slovenian National Assembly, Zoran Stevanovic, announced his intention to organize a referendum on the country&#39;s withdrawal from NATO. He also said that he plans to visit Moscow in the near\u2026 <a href=\"https:\/\/t.co\/21v27RMEab\">pic.twitter.com\/21v27RMEab<\/a><\/p>\n<p>&mdash; Sprinter Press Agency (@SprinterPress) <a href=\"https:\/\/twitter.com\/SprinterPress\/status\/2043993002436092411?ref_src=twsrc%5Etfw\">April 14, 2026<\/a><\/p><\/blockquote>\n<p><script async src=\"https:\/\/platform.twitter.com\/widgets.js\" charset=\"utf-8\"><\/script><\/p>\n<h3 id=\"ljubljana-trebuie-sa-devina-din-nou-centrul-decizional-al-sloveniei-nu-bruxellesul\" class=\"rb-heading-index-0\">\n<h3>\n\u201eLjubljana trebuie s\u0103 devin\u0103 din nou centrul decizional al Sloveniei, nu Bruxelles-ul\u201d<\/h3>\n<\/h3>\n<p>De altfel, Stevanovi\u0107, liderul Partidului Adev\u0103rului, a declarat c\u0103 Slovenia ar trebui s\u0103 urmeze o politic\u0103 extern\u0103 mai independent\u0103 \u0219i suveran\u0103.<\/p>\n<p>\u201eLjubljana trebuie s\u0103 devin\u0103 din nou centrul decizional al Sloveniei, nu Bruxelles-ul\u201d, a afirmat el, referindu-se la institu\u021biile Uniunii Europene.<\/p>\n<p>\u00cen acela\u0219i timp, acesta a recunoscut c\u0103 o eventual\u0103 ie\u0219ire din UE nu ar avea sus\u021binere popular\u0103, subliniind beneficiile pe care Slovenia le are ca stat membru.<\/p>\n<p>Nu \u00een ultimul r\u00e2nd, Stevanovi\u0107 a mai spus c\u0103 partidul s\u0103u inten\u021bioneaz\u0103 s\u0103 \u00ee\u0219i respecte promisiunile din campanie, inclusiv s\u0103 pledeze pentru retragerea Sloveniei din Organiza\u021bia Mondial\u0103 a S\u0103n\u0103t\u0103\u021bii (OMS).<\/p>\n<p>Noul pre\u0219edinte al Parlamentului de la Ljubljana a ad\u0103ugat c\u0103 \u021bara ar trebui s\u0103 evite implicarea \u00een conflicte militare \u0219i diplomatice externe, argument\u00e2nd c\u0103 astfel de angajamente nu servesc intereselor Sloveniei.<\/p>\n<h3 id=\"semnale-privind-o-posibila-vizita-la-moscova\" class=\"rb-heading-index-1\">Semnale privind o posibil\u0103 vizit\u0103 la Moscova<\/h3>\n<p>Referindu-se la agenda sa extern\u0103 \u00een calitate de \u0219ef al Parlamentului, oficialul sloven a precizat c\u0103 are deja planificate vizite la Skopje \u0219i Copenhaga, dar a ad\u0103ugat c\u0103 ia \u00een calcul \u0219i o deplasare la Moscova.<\/p>\n<p>\u201eA\u0219 dori s\u0103 construiesc pun\u021bi \u0219i s\u0103 cooperez bine cu toate \u021b\u0103rile, indiferent de zidul care a fost construit \u00eentre Vest \u0219i Est\u201d, a spus el.<\/p>\n<p>Declara\u021biile noului \u0219ef al Parlamentului sloven vin pe fondul criticilor repetate la adresa NATO din partea pre\u0219edintelui Donald Trump, care a sugerat c\u0103 Statele Unite s-ar putea retrage din alian\u021b\u0103.<\/p>\n<p>Recent, Trump a descris NATO drept un \u201etigru de h\u00e2rtie\u201d \u0219i a declarat c\u0103 apartenen\u021ba SUA este \u201edincolo de orice reconsiderare\u201d, \u00een urma dezacordurilor cu alia\u021bii privind r\u0103zboiul cu Iranul \u0219i eforturile de a securiza rutele de transport maritim \u00een Str\u00e2mtoarea Ormuz.<\/p>\n<p>Slovenia a aderat la NATO \u00een prim\u0103vara lui 2004, an \u00een care a devenit \u0219i membr\u0103 a Uniunii Europene (UE).<\/p>\n<\/div>\n<\/div>\n<\/div>\n<div class=\"e-shared-sec entry-sec\">\n<div class=\"e-shared-header h4\"><span>Distribuie<\/span><\/div>\n<div class=\"rbbsl tooltips-n effect-fadeout is-bg\"><a class=\"share-action share-trigger icon-facebook\" aria-label=\"Share on Facebook\" href=\"https:\/\/www.facebook.com\/sharer.php?u=https%3A%2F%2Fortodoxinfo.ro%2F2026%2F04%2F14%2Fprima-tara-din-ue-care-are-in-vedere-un-referendum-pentru-iesirea-din-nato-anuntul-sefului-parlamentului%2F\" data-title=\"Facebook\" rel=\"nofollow\"><span>Facebook<\/span><\/a><a class=\"share-action share-trigger icon-twitter\" aria-label=\"Share on X\" href=\"https:\/\/twitter.com\/intent\/tweet?text=Prima+%C8%9Bar%C4%83+din+UE+care+are+%C3%AEn+vedere+un+referendum+pentru+ie%C8%99irea+din+NATO.+Anun%C8%9Bul+%C8%99efului+Parlamentului&amp;url=https%3A%2F%2Fortodoxinfo.ro%2F2026%2F04%2F14%2Fprima-tara-din-ue-care-are-in-vedere-un-referendum-pentru-iesirea-din-nato-anuntul-sefului-parlamentului%2F&amp;via=ortodoxinforo\" data-title=\"X\" rel=\"nofollow\"><span>X<\/span><\/a><a class=\"share-action icon-whatsapp is-web\" aria-label=\"Share on Whatsapp\" href=\"https:\/\/web.whatsapp.com\/send?text=Prima+%C8%9Bar%C4%83+din+UE+care+are+%C3%AEn+vedere+un+referendum+pentru+ie%C8%99irea+din+NATO.+Anun%C8%9Bul+%C8%99efului+Parlamentului%20%E2%98%9E%20https%3A%2F%2Fortodoxinfo.ro%2F2026%2F04%2F14%2Fprima-tara-din-ue-care-are-in-vedere-un-referendum-pentru-iesirea-din-nato-anuntul-sefului-parlamentului%2F\" target=\"_blank\" data-title=\"WhatsApp\" rel=\"nofollow\"><span>Whatsapp<\/span><\/a><a class=\"share-action icon-whatsapp is-mobile\" aria-label=\"Share on Whatsapp\" href=\"\/\/send?text=Prima+%C8%9Bar%C4%83+din+UE+care+are+%C3%AEn+vedere+un+referendum+pentru+ie%C8%99irea+din+NATO.+Anun%C8%9Bul+%C8%99efului+Parlamentului%20%E2%98%9E%20https%3A%2F%2Fortodoxinfo.ro%2F2026%2F04%2F14%2Fprima-tara-din-ue-care-are-in-vedere-un-referendum-pentru-iesirea-din-nato-anuntul-sefului-parlamentului%2F\" target=\"_blank\" data-title=\"WhatsApp\" rel=\"nofollow\"><span>Whatsapp<\/span><\/a><a class=\"share-action share-trigger icon-telegram\" aria-label=\"Share on Telegram\" href=\"https:\/\/t.me\/share\/?url=https%3A%2F%2Fortodoxinfo.ro%2F2026%2F04%2F14%2Fprima-tara-din-ue-care-are-in-vedere-un-referendum-pentru-iesirea-din-nato-anuntul-sefului-parlamentului%2F&amp;text=Prima+%C8%9Bar%C4%83+din+UE+care+are+%C3%AEn+vedere+un+referendum+pentru+ie%C8%99irea+din+NATO.+Anun%C8%9Bul+%C8%99efului+Parlamentului\" data-title=\"Telegram\" rel=\"nofollow\"><span>Telegram<\/span><\/a><a class=\"share-action icon-copy copy-trigger\" aria-label=\"Copy Link\" href=\"https:\/\/ortodoxinfo.ro\/2026\/04\/14\/prima-tara-din-ue-care-are-in-vedere-un-referendum-pentru-iesirea-din-nato-anuntul-sefului-parlamentului\/\" data-copied=\"Copied!\" data-link=\"https:\/\/ortodoxinfo.ro\/2026\/04\/14\/prima-tara-din-ue-care-are-in-vedere-un-referendum-pentru-iesirea-din-nato-anuntul-sefului-parlamentului\/\" rel=\"nofollow\" data-copy=\"Copy Link\"><span>Copy Link<\/span><\/a><a class=\"share-action icon-print\" aria-label=\"Print\" rel=\"nofollow\" data-title=\"Print\"><span>Print<\/span><\/a><\/div>\n<\/div>\n<\/div>\n<div id=\"tabs\" class=\"dntplgn_form_wrapper\"><span><\/p>\n<h2>\u0218tirile sunt sub cenzur\u0103! Sprijini\u021bi OrtodoxINFO!<\/h2>\n<p>Guvernul nu dore\u0219te aflarea adev\u0103rului despre lovitura de stat \u0219i \u00eengenuncherea Rom\u00e2niei. \u00cencerc\u0103m s\u0103 men\u021binem viu acest site \u0219i s\u0103 v\u0103 punem la dispozi\u021bie informa\u021bii care s\u0103 fac\u0103 lumin\u0103 \u00een cea mai mare provocare pe care o tr\u0103im. Jurnalismul independent al portalului OrtodoxINFO func\u021bioneaz\u0103 strict cu ajutorul cititorilor.<br \/>\nNe pute\u021bi sprijini printr-o <b><a href=\"https:\/\/ortodoxinfo.ro\/donatii\/\">dona\u021bie bancar\u0103<\/a> sau prin PayPal, complet\u00e2nd formularul de mai jos.<\/b><\/span><\/p>\n<ul>\n<li><a href=\"https:\/\/ortodoxinfo.ro\/2026\/04\/14\/prima-tara-din-ue-care-are-in-vedere-un-referendum-pentru-iesirea-din-nato-anuntul-sefului-parlamentului\/#tabs-1\">Dona\u021bie lunar\u0103<\/a><\/li>\n<li><a href=\"https:\/\/ortodoxinfo.ro\/2026\/04\/14\/prima-tara-din-ue-care-are-in-vedere-un-referendum-pentru-iesirea-din-nato-anuntul-sefului-parlamentului\/#tabs-2\">Doar acum<\/a><\/li>\n<\/ul>\n<div id=\"tabs-1\"><img loading=\"lazy\" decoding=\"async\" alt border=\"0\" src=\"https:\/\/www.paypalobjects.com\/en_US\/i\/scr\/pixel.gif\" width=\"1\" height=\"1\"><\/div>\n<div id=\"tabs-2\">\n<p>\t\t     \u20ac<\/p>\n<p>\t\t    <img loading=\"lazy\" decoding=\"async\" alt border=\"0\" src=\"https:\/\/www.paypalobjects.com\/en_US\/i\/scr\/pixel.gif\" width=\"1\" height=\"1\"><\/div>\n<p>Mul\u021bumim celor care ne-au ajutat p\u00e2n\u0103 acum!\n\t<\/p><\/div>\n<div class=\"comment-box-wrap entry-sec\">\n<div class=\"comment-box-header\"><span class=\"h3\">Las\u0103 un comentariu<\/span><\/div>\n<div class=\"comment-holder no-comment\">\n<div id=\"comments\" class=\"comments-area\">\n<div id=\"respond\" class=\"comment-respond\">\n<h3 id=\"reply-title\" class=\"comment-reply-title\">Las\u0103 un r\u0103spuns <small><a rel=\"nofollow\" id=\"cancel-comment-reply-link\" href=\"https:\/\/ortodoxinfo.ro\/2026\/04\/14\/prima-tara-din-ue-care-are-in-vedere-un-referendum-pentru-iesirea-din-nato-anuntul-sefului-parlamentului\/#respond\">Anuleaz\u0103 r\u0103spunsul<\/a><\/small><\/h3>\n<p class=\"comment-notes\"><span id=\"email-notes\">Adresa ta de email nu va fi publicat\u0103.<\/span><span class=\"required-field-message\">C\u00e2mpurile obligatorii sunt marcate cu <span class=\"required\">*<\/span><\/span><\/p>\n<\/div>\n<\/div>\n<\/div>\n<\/div>\n<\/div>\n<div class=\"sidebar-wrap single-sidebar\">\n<div class=\"sidebar-inner clearfix\">\n<div id=\"widget-post-2\" class=\"widget rb-section w-sidebar clearfix widget-post\">\n<div class=\"block-h widget-heading heading-layout-1\">\n<div class=\"heading-inner\">\n<h4 class=\"heading-title\"><span>Articole recente<\/span><\/h4>\n<\/div>\n<\/div>\n<div class=\"widget-p-listing\">\n<div class=\"p-wrap p-small p-list-small-2\" data-pid=\"221240\">\n<div class=\"feat-holder\">\n<div class=\"p-featured ratio-v1\"><a class=\"p-flink\" href=\"https:\/\/ortodoxinfo.ro\/2026\/04\/15\/fost-sef-al-serviciilor-de-informatii-franceze-acuza-ue-de-ingerinte-in-alegeri-in-statele-ue-in-moldova-a-fost-un-adevarat-scandal\/\" title=\"Fost \u0219ef al serviciilor de informa\u021bii franceze acuz\u0103 UE de ingerin\u021be \u00een alegeri \u00een statele UE: \u201e\u00cen Moldova a fost un adev\u0103rat scandal\u201d\"><img decoding=\"async\" width=\"150\" height=\"150\" src=\"https:\/\/ortodoxinfo.ro\/wp-content\/uploads\/2026\/04\/fost-sef-al-serviciilor-de-informatii-franceze-acuza-bruxelles-ul-de-ingerinte-in-alegeri-in-statele-150x150.jpeg\" class=\"featured-img wp-post-image\" alt loading=\"lazy\"><\/a><\/div>\n<\/div>\n<div class=\"p-content\">\n<h5 class=\"entry-title\"><a class=\"p-url\" href=\"https:\/\/ortodoxinfo.ro\/2026\/04\/15\/fost-sef-al-serviciilor-de-informatii-franceze-acuza-ue-de-ingerinte-in-alegeri-in-statele-ue-in-moldova-a-fost-un-adevarat-scandal\/\" rel=\"bookmark\">Fost \u0219ef al serviciilor de informa\u021bii franceze acuz\u0103 UE de ingerin\u021be \u00een alegeri \u00een statele UE: \u201e\u00cen Moldova a fost un adev\u0103rat scandal\u201d<\/a><\/h5>\n<div class=\"p-meta\">\n<div class=\"meta-inner is-meta\"><span class=\"meta-el meta-date\"><time datetime=\"2026-04-15T09:52:04+03:00\">15 aprilie 2026<\/time><\/span><span class=\"meta-el meta-category meta-bold\"><a class=\"meta-separate category-1538\" href=\"https:\/\/ortodoxinfo.ro\/category\/anti-sistem\/uniunea-europeana\/\">Uniunea european\u0103<\/a><\/span><span class=\"meta-el meta-view\">5.6k vizualiz\u0103ri\t\t<\/span><\/div>\n<\/div>\n<\/div>\n<\/div>\n<div class=\"p-wrap p-small p-list-small-2\" data-pid=\"221264\">\n<div class=\"feat-holder\">\n<div class=\"p-featured ratio-v1\"><a class=\"p-flink\" href=\"https:\/\/ortodoxinfo.ro\/2026\/04\/15\/zelenski-promite-repararea-conductei-drujba-si-mizeaza-pe-ungaria-pentru-deblocarea-imprumutului-ue\/\" title=\"Zelenski promite repararea conductei Drujba \u0219i mizeaz\u0103 pe Ungaria pentru deblocarea \u00eemprumutului UE\"><img decoding=\"async\" width=\"150\" height=\"150\" src=\"https:\/\/ortodoxinfo.ro\/wp-content\/uploads\/2026\/04\/zelenski-promite-repararea-conductei-drujba-si-mizeaza-pe-ungaria-pentru-deblocarea-imprumutului-ue-150x150.jpeg\" class=\"featured-img wp-post-image\" alt loading=\"lazy\"><\/a><\/div>\n<\/div>\n<div class=\"p-content\">\n<h5 class=\"entry-title\"><a class=\"p-url\" href=\"https:\/\/ortodoxinfo.ro\/2026\/04\/15\/zelenski-promite-repararea-conductei-drujba-si-mizeaza-pe-ungaria-pentru-deblocarea-imprumutului-ue\/\" rel=\"bookmark\">Zelenski promite repararea conductei Drujba \u0219i mizeaz\u0103 pe Ungaria pentru deblocarea \u00eemprumutului UE<\/a><\/h5>\n<div class=\"p-meta\">\n<div class=\"meta-inner is-meta\"><span class=\"meta-el meta-date\"><time datetime=\"2026-04-15T09:50:28+03:00\">15 aprilie 2026<\/time><\/span><span class=\"meta-el meta-category meta-bold\"><a class=\"meta-separate category-15871\" href=\"https:\/\/ortodoxinfo.ro\/category\/anti-sistem\/al-iii-lea-razboi-mondial\/ucraina\/\">Ucraina<\/a><\/span><span class=\"meta-el meta-view\">1.4k vizualiz\u0103ri\t\t<\/span><\/div>\n<\/div>\n<\/div>\n<\/div>\n<div class=\"p-wrap p-small p-list-small-2\" data-pid=\"221206\">\n<div class=\"feat-holder\">\n<div class=\"p-featured ratio-v1\"><a class=\"p-flink\" href=\"https:\/\/ortodoxinfo.ro\/2026\/04\/14\/fmi-romania-va-avea-o-crestere-economica-mai-mica-decat-ucraina-pe-care-o-finanteaza-tara-noastra-ramane-in-categoria-economiilor-emergente-in-timp-ce-bulgaria-accede-in-plutonul-statelor-avansat\/\" title=\"FMI: Rom\u00e2nia va avea o cre\u0219tere economic\u0103 mai mic\u0103 dec\u00e2t Ucraina, pe care o finan\u021beaz\u0103 | \u021aara noastr\u0103 r\u0103m\u00e2ne \u00een categoria economiilor emergente, \u00een timp ce Bulgaria accede \u00een plutonul statelor avansate\"><img decoding=\"async\" width=\"150\" height=\"150\" src=\"https:\/\/ortodoxinfo.ro\/wp-content\/uploads\/2026\/04\/1776197953_preoti-cernauti-nicusor-dan-e1751197227656-150x150.png\" class=\"featured-img wp-post-image\" alt loading=\"lazy\"><\/a><\/div>\n<\/div>\n<div class=\"p-content\">\n<h5 class=\"entry-title\"><a class=\"p-url\" href=\"https:\/\/ortodoxinfo.ro\/2026\/04\/14\/fmi-romania-va-avea-o-crestere-economica-mai-mica-decat-ucraina-pe-care-o-finanteaza-tara-noastra-ramane-in-categoria-economiilor-emergente-in-timp-ce-bulgaria-accede-in-plutonul-statelor-avansat\/\" rel=\"bookmark\">FMI: Rom\u00e2nia va avea o cre\u0219tere economic\u0103 mai mic\u0103 dec\u00e2t Ucraina, pe care o finan\u021beaz\u0103 | \u021aara noastr\u0103 r\u0103m\u00e2ne \u00een categoria economiilor emergente, \u00een timp ce Bulgaria accede \u00een plutonul statelor avansate<\/a><\/h5>\n<div class=\"p-meta\">\n<div class=\"meta-inner is-meta\"><span class=\"meta-el meta-date\"><time datetime=\"2026-04-14T23:24:42+03:00\">14 aprilie 2026<\/time><\/span><span class=\"meta-el meta-category meta-bold\"><a class=\"meta-separate category-19885\" href=\"https:\/\/ortodoxinfo.ro\/category\/anti-sistem\/anti-romanism\/asasinii-tarii\/\">Asasinii \u021b\u0103rii<\/a><\/span><span class=\"meta-el meta-view\">4.7k vizualiz\u0103ri\t\t<\/span><\/div>\n<\/div>\n<\/div>\n<\/div>\n<div class=\"p-wrap p-small p-list-small-2\" data-pid=\"221122\">\n<div class=\"feat-holder\">\n<div class=\"p-featured ratio-v1\"><a class=\"p-flink\" href=\"https:\/\/ortodoxinfo.ro\/2026\/04\/14\/von-der-leyen-ii-cere-lui-magyar-sa-realinieze-ungaria-la-valorile-europene-pentru-a-debloca-fondurile-ue\/\" title=\"Von der Leyen \u00eei cere lui Magyar s\u0103 \u201erealinieze\u201d Ungaria la \u201evalorile europene\u201d pentru a debloca fondurile UE\"><img decoding=\"async\" width=\"150\" height=\"150\" src=\"https:\/\/ortodoxinfo.ro\/wp-content\/uploads\/2026\/04\/ursula_von_der_leyen-150x150.jpg\" class=\"featured-img wp-post-image\" alt loading=\"lazy\"><\/a><\/div>\n<\/div>\n<div class=\"p-content\">\n<h5 class=\"entry-title\"><a class=\"p-url\" href=\"https:\/\/ortodoxinfo.ro\/2026\/04\/14\/von-der-leyen-ii-cere-lui-magyar-sa-realinieze-ungaria-la-valorile-europene-pentru-a-debloca-fondurile-ue\/\" rel=\"bookmark\">Von der Leyen \u00eei cere lui Magyar s\u0103 \u201erealinieze\u201d Ungaria la \u201evalorile europene\u201d pentru a debloca fondurile UE<\/a><\/h5>\n<div class=\"p-meta\">\n<div class=\"meta-inner is-meta\"><span class=\"meta-el meta-date\"><time datetime=\"2026-04-14T18:26:54+03:00\">14 aprilie 2026<\/time><\/span><span class=\"meta-el meta-category meta-bold\"><a class=\"meta-separate category-1538\" href=\"https:\/\/ortodoxinfo.ro\/category\/anti-sistem\/uniunea-europeana\/\">Uniunea european\u0103<\/a><\/span><span class=\"meta-el meta-view\">3.5k vizualiz\u0103ri\t\t<\/span><\/div>\n<\/div>\n<\/div>\n<\/div>\n<\/div>\n<\/div>\n<div id=\"custom_html-2\" class=\"widget_text widget rb-section w-sidebar clearfix widget_custom_html\">\n<div class=\"block-h widget-heading heading-layout-1\">\n<div class=\"heading-inner\">\n<h4 class=\"heading-title\"><span>DONA\u021aII \u00een cont bancar<\/span><\/h4>\n<\/div>\n<\/div>\n<div class=\"textwidget custom-html-widget\">\n<table class=\"donatii\">\n<tbody>\n<tr>\n<th colspan=\"2\"><strong><span>ASMIB<\/span><\/strong><\/th>\n<\/tr>\n<tr>\n<th>Cont LEI<\/th>\n<td>RO67CECEB00030RON2081955<\/td>\n<\/tr>\n<tr>\n<th>Cont EURO<\/th>\n<td>RO33CECEB000C1EUR2081978<\/td>\n<\/tr>\n<tr>\n<th>Cod SWIFT<\/th>\n<td>CECEROBU<\/td>\n<\/tr>\n<tr>\n<th colspan=\"2\"><strong>CEC BANK SA<\/strong><\/th>\n<\/tr>\n<\/tbody>\n<\/table>\n<\/div>\n<\/div>\n<\/div>\n<\/div>\n<\/div>\n<\/article>\n<div class=\"entry-content rbct clearfix is-highlight-shares\">\n<div class=\"ruby-table-contents rbtoc table-left table-fw-single-col\">\n<div class=\"toc-header\"><span class=\"h3\">Sumar<\/span><\/div>\n<div class=\"toc-content h5\"><a href=\"https:\/\/ortodoxinfo.ro\/2026\/04\/14\/prima-tara-din-ue-care-are-in-vedere-un-referendum-pentru-iesirea-din-nato-anuntul-sefului-parlamentului\/#ljubljana-trebuie-sa-devina-din-nou-centrul-decizional-al-sloveniei-nu-bruxellesul\" class=\"table-link no-link anchor-link\" data-index=\"rb-heading-index-0\">\u201eLjubljana trebuie s\u0103 devin\u0103 din nou centrul decizional al Sloveniei, nu Bruxelles-ul\u201d<\/a><a href=\"https:\/\/ortodoxinfo.ro\/2026\/04\/14\/prima-tara-din-ue-care-are-in-vedere-un-referendum-pentru-iesirea-din-nato-anuntul-sefului-parlamentului\/#semnale-privind-o-posibila-vizita-la-moscova\" class=\"table-link no-link anchor-link\" data-index=\"rb-heading-index-1\">Semnale privind o posibil\u0103 vizit\u0103 la Moscova<\/a><\/div>\n<\/div>\n<p><strong>Noul pre\u0219edinte Parlamentului de la Ljubljana, Zoran Stevanovi\u0107, a anun\u021bat c\u0103 are \u00een plan s\u0103 organizeze un referendum privind retragerea Sloveniei din NATO. Liderul Partidului Adev\u0103rul a dat de \u00een\u021beles c\u0103 o astfel de ini\u021biativ\u0103 ar reprezenta o \u00eendeplinire a promisiunilor f\u0103cute cet\u0103\u021benilor, \u00een timpul campaniei electorale.<\/strong><\/p>\n<div class=\"inline-single-ad ad_single_index alignfull\">\n<div class=\"ad-wrap ad-script-wrap\">\n<div class=\"ad-script non-adsense edge-padding\">\n<div>\n\u203c\ufe0f\u203c\ufe0f NU recunoa\u0219tem ca pre\u0219edinte al Rom\u00e2niei pe marioneta retard\u0103 Nicu\u0219or Dan! Rom\u00e2ni, boicota\u021bi aceast\u0103 f\u0103c\u0103tur\u0103, care ne face \u021bara de r\u00e2s! NU rom\u00e2nii l-au votat pe Nicusoro\u0219 &#8211; cu unele excep\u021bii de persoane infantile, manipulabile \u0219i chiar idioate &#8211; ci l-au ajutat Maia Soro\u0219, Emanuel Macrou \u0219i tr\u0103d\u0103torii de la B.E.C. \u0219i CCR!<br \/>\n La \u00eenchisoare cu cei care au fraudat alegerile!\n<\/div>\n<\/div>\n<\/div>\n<\/div>\n<p>Noul pre\u0219edinte al Parlamentului Sloveniei, Zoran Stevanovi\u0107, a declarat c\u0103 inten\u021bioneaz\u0103 s\u0103 organizeze un referendum privind ie\u0219irea din <a href=\"https:\/\/www.national.ro\/editorial\/geopolitica-sub-lupa\/nato-o-alianta-permanent-sub-asediu-intre-izolationismul-american-crizele-din-orientul-mijlociu-si-supravietuirea-institutionala-870303.html\/\">NATO<\/a>, semnal\u00e2nd totodat\u0103 deschiderea c\u0103tre o vizit\u0103 la Moscova \u0219i o politic\u0103 extern\u0103 mai independent\u0103, scrie <a href=\"https:\/\/www.kyivpost.com\/post\/73885?fbclid=IwY2xjawRK_EhleHRuA2FlbQIxMABicmlkETBaVzBmZGc5a2JMa093NHFtc3J0YwZhcHBfaWQQMjIyMDM5MTc4ODIwMDg5MgABHiBKej-HgSMfnjK4JGyCSAYGJtQcqlWlDMJ0ECVF4FsvwIIQcU7fdNhGlJ7P_aem_9lgWj4pdkUSyUvsCBYn4dA\">Kyiv Post<\/a>, care citeaz\u0103 presa sloven\u0103.<\/p>\n<p>Noul \u0219ef al Parlamentului sloven, Zoran Stevanovi\u0107, a anun\u021bat c\u0103 inten\u021bioneaz\u0103 s\u0103 organizeze un referendum privind posibila retragere a \u021b\u0103rii din <a href=\"https:\/\/www.national.ro\/politica\/seful-nato-vrea-europa-in-razboi-cu-banii-romanilor-869549.html\/\">NATO<\/a>.<\/p>\n<p>Potrivit BalkanWeb \u0219i postului public de radio \u0219i televiziune sloven RTVSLO, Stevanovi\u0107 a confirmat planul \u00een declara\u021bii recente.<\/p>\n<p>\u201eTrebuie s\u0103 spun c\u0103 am promis poporului un referendum pe tema ie\u0219irii din NATO \u0219i c\u0103 vom organiza acest referendum\u201d, a spus oficialul.<\/p>\n<blockquote class=\"twitter-tweet\" data-width=\"500\" data-dnt=\"true\">\n<p lang=\"en\" dir=\"ltr\">A referendum on leaving NATO is being initiated in Slovenia<\/p>\n<p>The new chairman of the Slovenian National Assembly, Zoran Stevanovic, announced his intention to organize a referendum on the country&#39;s withdrawal from NATO. He also said that he plans to visit Moscow in the near\u2026 <a href=\"https:\/\/t.co\/21v27RMEab\">pic.twitter.com\/21v27RMEab<\/a><\/p>\n<p>&mdash; Sprinter Press Agency (@SprinterPress) <a href=\"https:\/\/twitter.com\/SprinterPress\/status\/2043993002436092411?ref_src=twsrc%5Etfw\">April 14, 2026<\/a><\/p><\/blockquote>\n<p><script async src=\"https:\/\/platform.twitter.com\/widgets.js\" charset=\"utf-8\"><\/script><\/p>\n<h3 id=\"ljubljana-trebuie-sa-devina-din-nou-centrul-decizional-al-sloveniei-nu-bruxellesul\" class=\"rb-heading-index-0\">\n<h3>\n\u201eLjubljana trebuie s\u0103 devin\u0103 din nou centrul decizional al Sloveniei, nu Bruxelles-ul\u201d<\/h3>\n<\/h3>\n<p>De altfel, Stevanovi\u0107, liderul Partidului Adev\u0103rului, a declarat c\u0103 Slovenia ar trebui s\u0103 urmeze o politic\u0103 extern\u0103 mai independent\u0103 \u0219i suveran\u0103.<\/p>\n<p>\u201eLjubljana trebuie s\u0103 devin\u0103 din nou centrul decizional al Sloveniei, nu Bruxelles-ul\u201d, a afirmat el, referindu-se la institu\u021biile Uniunii Europene.<\/p>\n<p>\u00cen acela\u0219i timp, acesta a recunoscut c\u0103 o eventual\u0103 ie\u0219ire din UE nu ar avea sus\u021binere popular\u0103, subliniind beneficiile pe care Slovenia le are ca stat membru.<\/p>\n<p>Nu \u00een ultimul r\u00e2nd, Stevanovi\u0107 a mai spus c\u0103 partidul s\u0103u inten\u021bioneaz\u0103 s\u0103 \u00ee\u0219i respecte promisiunile din campanie, inclusiv s\u0103 pledeze pentru retragerea Sloveniei din Organiza\u021bia Mondial\u0103 a S\u0103n\u0103t\u0103\u021bii (OMS).<\/p>\n<p>Noul pre\u0219edinte al Parlamentului de la Ljubljana a ad\u0103ugat c\u0103 \u021bara ar trebui s\u0103 evite implicarea \u00een conflicte militare \u0219i diplomatice externe, argument\u00e2nd c\u0103 astfel de angajamente nu servesc intereselor Sloveniei.<\/p>\n<h3 id=\"semnale-privind-o-posibila-vizita-la-moscova\" class=\"rb-heading-index-1\">Semnale privind o posibil\u0103 vizit\u0103 la Moscova<\/h3>\n<p>Referindu-se la agenda sa extern\u0103 \u00een calitate de \u0219ef al Parlamentului, oficialul sloven a precizat c\u0103 are deja planificate vizite la Skopje \u0219i Copenhaga, dar a ad\u0103ugat c\u0103 ia \u00een calcul \u0219i o deplasare la Moscova.<\/p>\n<p>\u201eA\u0219 dori s\u0103 construiesc pun\u021bi \u0219i s\u0103 cooperez bine cu toate \u021b\u0103rile, indiferent de zidul care a fost construit \u00eentre Vest \u0219i Est\u201d, a spus el.<\/p>\n<p>Declara\u021biile noului \u0219ef al Parlamentului sloven vin pe fondul criticilor repetate la adresa NATO din partea pre\u0219edintelui Donald Trump, care a sugerat c\u0103 Statele Unite s-ar putea retrage din alian\u021b\u0103.<\/p>\n<p>Recent, Trump a descris NATO drept un \u201etigru de h\u00e2rtie\u201d \u0219i a declarat c\u0103 apartenen\u021ba SUA este \u201edincolo de orice reconsiderare\u201d, \u00een urma dezacordurilor cu alia\u021bii privind r\u0103zboiul cu Iranul \u0219i eforturile de a securiza rutele de transport maritim \u00een Str\u00e2mtoarea Ormuz.<\/p>\n<p>Slovenia a aderat la NATO \u00een prim\u0103vara lui 2004, an \u00een care a devenit \u0219i membr\u0103 a Uniunii Europene (UE).<\/p>\n<\/div>\n<p>[analyse_source url=&#8221;https:\/\/ortodoxinfo.ro\/2026\/04\/14\/prima-tara-din-ue-care-are-in-vedere-un-referendum-pentru-iesirea-din-nato-anuntul-sefului-parlamentului\/&#8221;]<\/p>\n","protected":false},"excerpt":{"rendered":"<p>[analyse_image type=&#8221;featured&#8221; src=&#8221;https:\/\/ortodoxinfo.ro\/wp-content\/uploads\/2026\/04\/nato.webp.webp&#8221;] Prima \u021bar\u0103 din UE care are \u00een vedere un referendum pentru ie\u0219irea din NATO. Anun\u021bul \u0219efului Parlamentului 14 aprilie 2026Externe10.9k vizualiz\u0103ri Comentarii Share 4 Min Read SHARE Sumar \u201eLjubljana trebuie s\u0103 devin\u0103 din nou centrul decizional al Sloveniei, nu Bruxelles-ul\u201dSemnale privind o posibil\u0103 vizit\u0103 la Moscova Noul pre\u0219edinte Parlamentului de la Ljubljana, [&hellip;]<\/p>\n","protected":false},"author":1,"featured_media":0,"comment_status":"open","ping_status":"","sticky":false,"template":"","format":"standard","meta":{"footnotes":""},"categories":[89],"tags":[226,94],"class_list":["post-1884056","post","type-post","status-publish","format-standard","hentry","category-romania","tag-crawlmanager","tag-ortodoxinfo-ro"],"_links":{"self":[{"href":"https:\/\/analyse.optim.biz\/index.php?rest_route=\/wp\/v2\/posts\/1884056","targetHints":{"allow":["GET"]}}],"collection":[{"href":"https:\/\/analyse.optim.biz\/index.php?rest_route=\/wp\/v2\/posts"}],"about":[{"href":"https:\/\/analyse.optim.biz\/index.php?rest_route=\/wp\/v2\/types\/post"}],"author":[{"embeddable":true,"href":"https:\/\/analyse.optim.biz\/index.php?rest_route=\/wp\/v2\/users\/1"}],"replies":[{"embeddable":true,"href":"https:\/\/analyse.optim.biz\/index.php?rest_route=%2Fwp%2Fv2%2Fcomments&post=1884056"}],"version-history":[{"count":0,"href":"https:\/\/analyse.optim.biz\/index.php?rest_route=\/wp\/v2\/posts\/1884056\/revisions"}],"wp:attachment":[{"href":"https:\/\/analyse.optim.biz\/index.php?rest_route=%2Fwp%2Fv2%2Fmedia&parent=1884056"}],"wp:term":[{"taxonomy":"category","embeddable":true,"href":"https:\/\/analyse.optim.biz\/index.php?rest_route=%2Fwp%2Fv2%2Fcategories&post=1884056"},{"taxonomy":"post_tag","embeddable":true,"href":"https:\/\/analyse.optim.biz\/index.php?rest_route=%2Fwp%2Fv2%2Ftags&post=1884056"}],"curies":[{"name":"wp","href":"https:\/\/api.w.org\/{rel}","templated":true}]}}