{"id":188374,"date":"2015-01-13T15:01:47","date_gmt":"2015-01-13T12:01:47","guid":{"rendered":"https:\/\/analyse.optim.biz\/?p=188374"},"modified":"2015-01-13T15:01:47","modified_gmt":"2015-01-13T12:01:47","slug":"klaus-iohannis-o-primeste-miercuri-dimineata-la-cotroceni-pe-victoria-nuland","status":"publish","type":"post","link":"https:\/\/analyse.optim.biz\/?p=188374","title":{"rendered":"Klaus Iohannis o prime\u015fte miercuri diminea\u0163\u0103, la Cotroceni, pe Victoria Nuland"},"content":{"rendered":"<div class=\"entry data-app-meta data-app-meta-article\" data-embed-base-url-canonical=\"https:\/\/www.digi24.ro\/embed\/stiri\/actualitate\/politica\/klaus-iohannis-o-primeste-miercuri-dimineata-la-cotroceni-pe-victoria-nuland-346554\">\n<p data-index=\"1\">\u00a0<img decoding=\"async\" src=\"https:\/\/analyse.optim.biz\/wp-content\/uploads\/2024\/09\/mdamagfzad02ztblotm4othjywu0ndeyzjy0mgvjogyzndyzzgy0yg-thumb_.jpg\" data-skip-htmlfix=\"1\" title=\"mdamagfzad02ztblotm4othjywu0ndeyzjy0mgvjogyzndyzzgy0yg-thumb_\"><\/p>\n<p data-index=\"2\">Potrivit unui <a href=\"http:\/\/www.presidency.ro\/?_RID=det&amp;tb=date&amp;id=15428&amp;_PRID=\" target=\"_blank\" data-skip-linkfix=\"1\" rel=\"noopener\"><strong>comunicat al Administra\u0163iei Preziden\u0163iale<\/strong><\/a>, pre\u015fedintele Klaus Iohannis o prime\u015fte, miercuri, la ora 9.00, la Palatul Cotroceni, pe Victoria Nuland, asistentul secretarului de Stat al Statelor Unite ale Americii pentru afaceri europene \u015fi eurasiatice.<\/p>\n<p data-index=\"3\">&#8220;\u00cen centrul discu\u0163iilor se vor afla consolidarea Parteneriatului Strategic \u00eentre Rom\u00e2nia \u015fi Statele Unite ale Americii \u015fi dezvoltarea dimensiunii economice prev\u0103zute \u00een parteneriat&#8221;, se arat\u0103 \u00een comunicat.<\/p>\n<p data-index=\"4\">Totodat\u0103, vizita oficialului SUA prilejuie\u015fte \u015fi &#8220;un schimb de evalu\u0103ri privind securitatea din regiune \u015fi din Europa&#8221;, mai precizeaz\u0103 Administra\u0163ia Preziden\u0163ial\u0103.<\/p>\n<p data-index=\"5\">Asistentul secretarului de Stat al SUA Victoria Nuland se va deplasa mar\u0163i, pe 13 ianuarie, la Bucure\u015fti, unde se \u00eent\u00e2lni cu oficiali rom\u00e2ni de rang \u00eenalt, pentru a discuta despre &#8220;chestiuni bilaterale \u015fi regionale&#8221;, a anun\u0163at, luni, Departamentul de Stat american, \u00eentr-un comunicat.<\/p>\n<p data-index=\"6\">Potrivit diploma\u0163iei americane, Nuland va efectua s\u0103pt\u0103m\u00e2na aceasta vizite \u00een Germania, Rom\u00e2nia, Bulgaria \u015fi Fran\u0163a.<\/p>\n<p data-index=\"7\">&#8220;Mar\u0163i, pe 13 ianuarie, Nuland se va deplasa spre Bucure\u015fti, unde se va \u00eent\u00e2lni cu oficiali rom\u00e2ni de rang \u00eenalt, membri ai comunit\u0103\u0163ii de afaceri \u015fi ai societ\u0103\u0163ii civile, pentru a discuta despre chestiuni bilaterale \u015fi regionale&#8221;, informeaz\u0103 Departamentul de Stat american.<\/p>\n<p data-index=\"8\">Precedenta vizit\u0103 a adjunctului secretarului de Stat Victoria Nuland a avut loc \u00een perioada 10-11 ianuarie 2014, \u00een cadrul unui turneu european.<\/p>\n<p data-index=\"9\">La Bucure\u015fti, Nuland s-a \u00eent\u00e2lnit cu pre\u015fedintele Traian B\u0103sescu, cu ministrul de Externe Titus Corl\u0103\u0163ean \u015fi cu procurorul-\u015fef al DNA, Laura-Codru\u0163a Kovesi, precum \u015fi cu membri ai societ\u0103\u0163ii civile, pe agenda discu\u0163iilor afl\u00e2ndu-se rela\u0163iile bilaterale, problemele regionale \u015fi eforturile de consolidare a statului de drept.<\/p>\n<\/div>\n<p> Source URL: https:\/\/www.digi24.ro\/stiri\/actualitate\/politica\/klaus-iohannis-o-primeste-miercuri-dimineata-la-cotroceni-pe-victoria-nuland-346554<\/p>\n","protected":false},"excerpt":{"rendered":"<p>\u00a0 Potrivit unui comunicat al Administra\u0163iei Preziden\u0163iale, pre\u015fedintele Klaus Iohannis o prime\u015fte, miercuri, la ora 9.00, la Palatul Cotroceni, pe Victoria Nuland, asistentul secretarului de Stat al Statelor Unite ale Americii pentru afaceri europene \u015fi eurasiatice. &#8220;\u00cen centrul discu\u0163iilor se vor afla consolidarea Parteneriatului Strategic \u00eentre Rom\u00e2nia \u015fi Statele Unite ale Americii \u015fi dezvoltarea dimensiunii [&hellip;]<\/p>\n","protected":false},"author":1,"featured_media":188375,"comment_status":"open","ping_status":"","sticky":false,"template":"","format":"standard","meta":{"footnotes":""},"categories":[2],"tags":[11],"class_list":["post-188374","post","type-post","status-publish","format-standard","has-post-thumbnail","hentry","category-politics","tag-digi24"],"_links":{"self":[{"href":"https:\/\/analyse.optim.biz\/index.php?rest_route=\/wp\/v2\/posts\/188374","targetHints":{"allow":["GET"]}}],"collection":[{"href":"https:\/\/analyse.optim.biz\/index.php?rest_route=\/wp\/v2\/posts"}],"about":[{"href":"https:\/\/analyse.optim.biz\/index.php?rest_route=\/wp\/v2\/types\/post"}],"author":[{"embeddable":true,"href":"https:\/\/analyse.optim.biz\/index.php?rest_route=\/wp\/v2\/users\/1"}],"replies":[{"embeddable":true,"href":"https:\/\/analyse.optim.biz\/index.php?rest_route=%2Fwp%2Fv2%2Fcomments&post=188374"}],"version-history":[{"count":0,"href":"https:\/\/analyse.optim.biz\/index.php?rest_route=\/wp\/v2\/posts\/188374\/revisions"}],"wp:featuredmedia":[{"embeddable":true,"href":"https:\/\/analyse.optim.biz\/index.php?rest_route=\/wp\/v2\/media\/188375"}],"wp:attachment":[{"href":"https:\/\/analyse.optim.biz\/index.php?rest_route=%2Fwp%2Fv2%2Fmedia&parent=188374"}],"wp:term":[{"taxonomy":"category","embeddable":true,"href":"https:\/\/analyse.optim.biz\/index.php?rest_route=%2Fwp%2Fv2%2Fcategories&post=188374"},{"taxonomy":"post_tag","embeddable":true,"href":"https:\/\/analyse.optim.biz\/index.php?rest_route=%2Fwp%2Fv2%2Ftags&post=188374"}],"curies":[{"name":"wp","href":"https:\/\/api.w.org\/{rel}","templated":true}]}}