{"id":188371,"date":"2015-01-13T18:20:27","date_gmt":"2015-01-13T15:20:27","guid":{"rendered":"https:\/\/analyse.optim.biz\/?p=188371"},"modified":"2015-01-13T18:20:27","modified_gmt":"2015-01-13T15:20:27","slug":"cristian-preda-dupa-excluderea-sa-din-pmp-voi-actiona-ca-independent","status":"publish","type":"post","link":"https:\/\/analyse.optim.biz\/?p=188371","title":{"rendered":"Cristian Preda, dup\u0103 excluderea sa din PMP: \u201eVoi ac\u021biona ca independent\u201d"},"content":{"rendered":"<div class=\"entry data-app-meta data-app-meta-article\" data-embed-base-url-canonical=\"https:\/\/www.digi24.ro\/embed\/stiri\/actualitate\/politica\/cristian-preda-dupa-excluderea-sa-din-pmp-voi-actiona-ca-independent-346700\">\n<p data-index=\"1\"><img decoding=\"async\" src=\"https:\/\/analyse.optim.biz\/wp-content\/uploads\/2024\/09\/mdamagfzad0zytu2yzcwzgmxzgvizjjlmjewnjuyywvkowy2mzkxma-thumb_.jpg\" data-skip-htmlfix=\"1\" title=\"mdamagfzad0zytu2yzcwzgmxzgvizjjlmjewnjuyywvkowy2mzkxma-thumb_\"><\/p>\n<p data-index=\"2\">Europarlamentarul Cristian Preda a postat un mesaj pe pagina sa de Facebook \u00een care explic\u0103 ce va face \u00een continuare, dup\u0103 <a href=\"https:\/\/www.digi24.ro\/Stiri\/Digi24\/Actualitate\/Politica\/Europarlamentarul+Cristian+Preda+a+fost+exclus+din+PMP\" target=\"_blank\" data-skip-linkfix=\"1\" rel=\"noopener\">excluderea sa din PMP<\/a>, mai cu seam\u0103 c\u0103 r\u0103spunsul privind contesta\u021bia depus\u0103 a fost unul nefavorabil. \u00a0<\/p>\n<p data-index=\"3\"><strong>Cristian Preda a precizat c\u0103 cererea sa a fost considerat\u0103 \u201ene\u00eentemeiat\u0103\u201d.<\/strong>\u00a0\u201e<span>Ne\u00eentemeiat\u0103. A\u0219a a fost considerat\u0103 contesta\u021bia mea la decizia de excludere. Ne\u00eentemeiat\u0103. A\u0219a e v\u0103zut\u0103 \u00een PMP\u202c\u00a0invocarea dreptului la ap\u0103rare. Ne\u00eentemeiat\u0103. <strong>A\u0219a e \u00een\u021beleas\u0103 de c\u0103tre fo\u0219tii mei colegi diferen\u021ba de opinie.<\/strong> Ne\u00eentemeiat\u0103. A\u0219a e perceput\u0103 constatarea c\u0103 lista condus\u0103 <strong>de mine la europene a adunat mai multe procente dec\u00e2t a reu\u0219it s\u0103 str\u00e2ng\u0103\u00a0Elena Udrea\u00a0la preziden\u021biale.<\/strong> Ne\u00eentemeiat\u0103. A\u0219a e descris\u0103 opozi\u021bia la unanimitate. Ne\u00eentemeiat\u0103. A\u0219a a fost calificat\u0103 dorin\u021ba mea de a continua \u00een PMP. <strong>Ne\u00eentemeiat\u0103. A\u0219a a fost tratat\u0103 libertatea, inclusiv cea de a spune c\u0103 un lucru prost e prost<\/strong>\u201d, a scris europarlamentarul Cristian Preda.<\/span><\/p>\n<p data-index=\"4\"><strong>Cu toate acestea, europarlamentarul spune c\u0103 nu va renun\u021ba \u0219i c\u0103 va ac\u021biona ca independent, dar va p\u0103stra \u0219i afilierea la PPE.<\/strong> \u201eAbandonez orice iluzie privitoare la PMP. Nu mai am, de altfel, vreo cale de atac la ceea ce consider a fi un act profund stupid \u0219i nedrept. Voi ac\u021biona ca independent, dar voi p\u0103stra afilierea la \u200ePPE\u202c\u00a0\u00een cadrul Parlamentului European\u201d, a precizat Cristian Preda. \u00a0<\/p>\n<\/div>\n<p> Source URL: https:\/\/www.digi24.ro\/stiri\/actualitate\/politica\/cristian-preda-dupa-excluderea-sa-din-pmp-voi-actiona-ca-independent-346700<\/p>\n","protected":false},"excerpt":{"rendered":"<p>Europarlamentarul Cristian Preda a postat un mesaj pe pagina sa de Facebook \u00een care explic\u0103 ce va face \u00een continuare, dup\u0103 excluderea sa din PMP, mai cu seam\u0103 c\u0103 r\u0103spunsul privind contesta\u021bia depus\u0103 a fost unul nefavorabil. \u00a0 Cristian Preda a precizat c\u0103 cererea sa a fost considerat\u0103 \u201ene\u00eentemeiat\u0103\u201d.\u00a0\u201eNe\u00eentemeiat\u0103. A\u0219a a fost considerat\u0103 contesta\u021bia mea [&hellip;]<\/p>\n","protected":false},"author":1,"featured_media":188372,"comment_status":"open","ping_status":"","sticky":false,"template":"","format":"standard","meta":{"footnotes":""},"categories":[2],"tags":[11],"class_list":["post-188371","post","type-post","status-publish","format-standard","has-post-thumbnail","hentry","category-politics","tag-digi24"],"_links":{"self":[{"href":"https:\/\/analyse.optim.biz\/index.php?rest_route=\/wp\/v2\/posts\/188371","targetHints":{"allow":["GET"]}}],"collection":[{"href":"https:\/\/analyse.optim.biz\/index.php?rest_route=\/wp\/v2\/posts"}],"about":[{"href":"https:\/\/analyse.optim.biz\/index.php?rest_route=\/wp\/v2\/types\/post"}],"author":[{"embeddable":true,"href":"https:\/\/analyse.optim.biz\/index.php?rest_route=\/wp\/v2\/users\/1"}],"replies":[{"embeddable":true,"href":"https:\/\/analyse.optim.biz\/index.php?rest_route=%2Fwp%2Fv2%2Fcomments&post=188371"}],"version-history":[{"count":0,"href":"https:\/\/analyse.optim.biz\/index.php?rest_route=\/wp\/v2\/posts\/188371\/revisions"}],"wp:featuredmedia":[{"embeddable":true,"href":"https:\/\/analyse.optim.biz\/index.php?rest_route=\/wp\/v2\/media\/188372"}],"wp:attachment":[{"href":"https:\/\/analyse.optim.biz\/index.php?rest_route=%2Fwp%2Fv2%2Fmedia&parent=188371"}],"wp:term":[{"taxonomy":"category","embeddable":true,"href":"https:\/\/analyse.optim.biz\/index.php?rest_route=%2Fwp%2Fv2%2Fcategories&post=188371"},{"taxonomy":"post_tag","embeddable":true,"href":"https:\/\/analyse.optim.biz\/index.php?rest_route=%2Fwp%2Fv2%2Ftags&post=188371"}],"curies":[{"name":"wp","href":"https:\/\/api.w.org\/{rel}","templated":true}]}}