{"id":1883625,"date":"2026-04-15T15:19:42","date_gmt":"2026-04-15T12:19:42","guid":{"rendered":"https:\/\/analyse.optim.biz\/?p=1883625"},"modified":"2026-04-15T15:19:42","modified_gmt":"2026-04-15T12:19:42","slug":"stefan-ilie-primar-tulcea-pe-strada-vararie-balta-am-luat-o-nu-de-la-zero-ci-de-la-minusmult-minus-iata-ca-astazi-suntem-intr-un-stadiu-avansat-de-asfaltare","status":"publish","type":"post","link":"https:\/\/analyse.optim.biz\/?p=1883625","title":{"rendered":"\u0218tefan Ilie, primar Tulcea: Pe strada V\u0103r\u0103rie-Balt\u0103 am luat-o, nu de la zero, ci de la minus\u2026mult minus(!) Iat\u0103 c\u0103 ast\u0103zi suntem \u00eentr-un stadiu avansat de asfaltare"},"content":{"rendered":"<p>[analyse_image type=&#8221;featured&#8221; src=&#8221;https:\/\/dobrogeanews.b-cdn.net\/wp-content\/uploads\/2026\/04\/Strada-Vararie-Balta-din-Municipiul-Tulcea-Lucrari-de-asfaltare.jpg&#8221;]<\/p>\n<div id=\"post-69982\" class=\"entry single-default post-69982 post type-post status-publish format-standard has-post-thumbnail hentry category-info tag-asfaltare tag-stefan-ilie-2 tag-strada-vararie-balta tag-tulcea-2\">\n<div>\n<div class=\"ss-follow-wrapper ss-clearfix ss-regular-buttons ss-columns-1 ss-default-style\">\n<div class=\"ss-follow-column\" data-ss-sf-network-id='\"facebook\"'><a href=\"https:\/\/www.facebook.com\/dobrogeanews\" class=\"ss-follow-network ss-facebook-color\" rel=\"nofollow noopener\" aria-label=\"facebook\" target=\"_blank\"><span class=\"ss-follow-network-label\">Urm\u0103re\u015fte-ne \u015fi pe Facebook!<\/span><span class=\"ss-follow-network-count\"><span class=\"ss-follow-network-count-number\">57K<\/span><span class=\"ss-follow-network-count-label\">Followers<\/span><\/span><\/a><\/div>\n<\/div>\n<\/div>\n<p>Primarul Municipiului Tulcea, \u0218tefan Ilie, continu\u0103 s\u0103 informeze tulcenii despre felul \u00een care se desf\u0103\u0219oar\u0103 lucr\u0103rile de reabilitare \u0219i asfaltare a st\u0103zilor din ora\u0219. Conform programului asumat. Despre strada V\u0103r\u0103rie-Balt\u0103 se \u0219tie c\u0103 este o arter\u0103 situat\u0103 la m\u0103rginea municipiului, cunoscut\u0103 pentru reconfigur\u0103ri urbanistice (P.U.Z.), ce separ\u0103 zona reziden\u021bial\u0103 de platforma industrial\u0103. <\/p>\n<p>\u00cen zon\u0103 s-au construit an de an locuin\u021be chiar dac\u0103 nu era conectat\u0103 la utilit\u0103\u021bi \u0219i nu era deservit\u0103 de transport public. V\u0103r\u0103rie-Balt\u0103 nu este singurul exemplu de acest fel. \u201eAm luat-o, nu de zero, ci de la minus\u2026mult minus(!) Iat\u0103 c\u0103 ast\u0103zi suntem \u00eentr-un stadiu avansat de asfaltare\u2026\u201d a spus primarul \u0218tefan Ilie \u00eentr-un material f\u0103cut public.<\/p>\n<p>\u201eMul\u021bi nu credeau c\u0103 o vom asfalta. De\u0219i am informat periodic despre stadiul investitiei.\u0218i nu e singura strad\u0103 din aceast\u0103 zon\u0103 care a\u0219teapt\u0103 asfaltarea dinainte de 1989. Urmeaz\u0103 Rogozului, Racului, Taberei.<\/p>\n<p>Nu a fost u\u0219or. Foarte grea a fost cadastrarea \u0219i alinierea drumurilor, proiectarea \u0219i g\u0103sirea surselor de finan\u021bare, care nu sunt pu\u021bine, ci de ordinul milioanelor de Euro.<\/p>\n<p>La fel a\u0219teapt\u0103 \u0219i locuitorii din cartiere mult mai noi, Sud Vii, Mesteceni, CAP, Baltag, Livezilor, care s-au bucurat c\u00e2nd au achizi\u021bionat teren, c\u00e2nd \u0219i-au construit case \u00een zone mai lini\u0219tite, dar nu au \u0219tiut c\u0103 utilit\u0103\u021bile, apa, canalizarea, gazele, chiar curentul \u0219i mai ales asfaltul, iluminatul sau transportul public, nu sunt asigurate.<\/p>\n<p>\u00centr-o societate corect\u0103 nu se puteau introduce noi zone \u00een intravilan f\u0103r\u0103 asigurarea dinainte a utilit\u0103\u021bilor! Dezvoltatorii au \u00eencasat banii, iar oamenii au r\u0103mas cu lipsurile.<\/p>\n<p>\u00cei asigur pe to\u021bi locuitorii \u0219i din aceste zone c\u0103 lucr\u0103m la modernizarea acestor str\u0103zi. Proiect\u0103m \u0219i \u00een acela\u0219i timp identific\u0103m situa\u021bia juridic\u0103 terenurilor, care este foarte \u00eencurcat\u0103.<\/p>\n<p>La fel ca \u00een V\u0103r\u0103rie, am luat-o nu de la zero, ci de la foarte mult minus. \u00cens\u0103 atunci c\u00e2nd te dedici unor cauze reale vei reu\u0219i. Vom izb\u00e2ndi \u0219i aici\u201d (\u0218tefan Ilie, primarul Municipiului Tulcea).<\/p>\n<div class=\"monsterinsights-inline-popular-posts monsterinsights-inline-popular-posts-charlie monsterinsights-popular-posts-styled\">\n<div class=\"monsterinsights-inline-popular-posts-text\"><span class=\"monsterinsights-inline-popular-posts-label\">Vezi \u0219i:<\/span><\/p>\n<div class=\"monsterinsights-inline-popular-posts-post\"><a class=\"monsterinsights-inline-popular-posts-title\" href=\"https:\/\/www.dobrogeanews.ro\/video-primarul-stefan-ilie-raspunde-intrebarilor-privind-reabilitarea-strazilor-din-municipiul-tulcea\/\">(Video) Primarul \u0218tefan Ilie, r\u0103spunde \u00eentreb\u0103rilor privind reabilitarea Str\u0103zilor din Municipiul Tulcea<\/a><\/div>\n<div class=\"monsterinsights-inline-popular-posts-post\"><a class=\"monsterinsights-inline-popular-posts-title\" href=\"https:\/\/www.dobrogeanews.ro\/cine-este-fata-de-18-ani-care-s-a-sinucis-la-tulcea-soapte-intre-lumi\/\">Cine este fata de 18 ani care s-a sinucis la Tulcea. \u0218oapte \u00eentre lumi \u2026<\/a><\/div>\n<div class=\"monsterinsights-inline-popular-posts-post\"><a class=\"monsterinsights-inline-popular-posts-title\" href=\"https:\/\/www.dobrogeanews.ro\/municipiul-tulcea-a-adoptat-o-crestere-minima-a-taxelor-locale-taxa-de-habitat-creste-cu-3-lei-iar-pentru-impozitul-auto-trebuie-sa-depuneti-declaratie\/\">Municipiul Tulcea a adoptat o cre\u0219tere minim\u0103 a taxelor locale. Taxa de habitat cre\u0219te cu 3 lei iar pentru impozitul auto trebuie s\u0103 depune\u021bi declara\u021bie<\/a><\/div>\n<\/div>\n<\/div>\n<p class=\"has-text-align-center has-white-color has-text-color has-background\"><span><a href=\"https:\/\/news.google.com\/publications\/CAAqBwgKMIu5pgsw88O-Aw?ceid=RO:ro&amp;oc=3\">Urm\u0103ri\u0163i \u015etirile Dobrogeanews \u015fi pe Google News<\/a><\/span><\/p>\n<\/div>\n<div id=\"post-69982\" class=\"entry single-default post-69982 post type-post status-publish format-standard has-post-thumbnail hentry category-info tag-asfaltare tag-stefan-ilie-2 tag-strada-vararie-balta tag-tulcea-2\">\n<div>\n<div class=\"ss-follow-wrapper ss-clearfix ss-regular-buttons ss-columns-1 ss-default-style\">\n<div class=\"ss-follow-column\" data-ss-sf-network-id='\"facebook\"'><a href=\"https:\/\/www.facebook.com\/dobrogeanews\" class=\"ss-follow-network ss-facebook-color\" rel=\"nofollow noopener\" aria-label=\"facebook\" target=\"_blank\"><span class=\"ss-follow-network-label\">Urm\u0103re\u015fte-ne \u015fi pe Facebook!<\/span><span class=\"ss-follow-network-count\"><span class=\"ss-follow-network-count-number\">57K<\/span><span class=\"ss-follow-network-count-label\">Followers<\/span><\/span><\/a><\/div>\n<\/div>\n<\/div>\n<p>Primarul Municipiului Tulcea, \u0218tefan Ilie, continu\u0103 s\u0103 informeze tulcenii despre felul \u00een care se desf\u0103\u0219oar\u0103 lucr\u0103rile de reabilitare \u0219i asfaltare a st\u0103zilor din ora\u0219. Conform programului asumat. Despre strada V\u0103r\u0103rie-Balt\u0103 se \u0219tie c\u0103 este o arter\u0103 situat\u0103 la m\u0103rginea municipiului, cunoscut\u0103 pentru reconfigur\u0103ri urbanistice (P.U.Z.), ce separ\u0103 zona reziden\u021bial\u0103 de platforma industrial\u0103. <\/p>\n<p>\u00cen zon\u0103 s-au construit an de an locuin\u021be chiar dac\u0103 nu era conectat\u0103 la utilit\u0103\u021bi \u0219i nu era deservit\u0103 de transport public. V\u0103r\u0103rie-Balt\u0103 nu este singurul exemplu de acest fel. \u201eAm luat-o, nu de zero, ci de la minus\u2026mult minus(!) Iat\u0103 c\u0103 ast\u0103zi suntem \u00eentr-un stadiu avansat de asfaltare\u2026\u201d a spus primarul \u0218tefan Ilie \u00eentr-un material f\u0103cut public.<\/p>\n<p>\u201eMul\u021bi nu credeau c\u0103 o vom asfalta. De\u0219i am informat periodic despre stadiul investitiei.\u0218i nu e singura strad\u0103 din aceast\u0103 zon\u0103 care a\u0219teapt\u0103 asfaltarea dinainte de 1989. Urmeaz\u0103 Rogozului, Racului, Taberei.<\/p>\n<p>Nu a fost u\u0219or. Foarte grea a fost cadastrarea \u0219i alinierea drumurilor, proiectarea \u0219i g\u0103sirea surselor de finan\u021bare, care nu sunt pu\u021bine, ci de ordinul milioanelor de Euro.<\/p>\n<p>La fel a\u0219teapt\u0103 \u0219i locuitorii din cartiere mult mai noi, Sud Vii, Mesteceni, CAP, Baltag, Livezilor, care s-au bucurat c\u00e2nd au achizi\u021bionat teren, c\u00e2nd \u0219i-au construit case \u00een zone mai lini\u0219tite, dar nu au \u0219tiut c\u0103 utilit\u0103\u021bile, apa, canalizarea, gazele, chiar curentul \u0219i mai ales asfaltul, iluminatul sau transportul public, nu sunt asigurate.<\/p>\n<p>\u00centr-o societate corect\u0103 nu se puteau introduce noi zone \u00een intravilan f\u0103r\u0103 asigurarea dinainte a utilit\u0103\u021bilor! Dezvoltatorii au \u00eencasat banii, iar oamenii au r\u0103mas cu lipsurile.<\/p>\n<p>\u00cei asigur pe to\u021bi locuitorii \u0219i din aceste zone c\u0103 lucr\u0103m la modernizarea acestor str\u0103zi. Proiect\u0103m \u0219i \u00een acela\u0219i timp identific\u0103m situa\u021bia juridic\u0103 terenurilor, care este foarte \u00eencurcat\u0103.<\/p>\n<p>La fel ca \u00een V\u0103r\u0103rie, am luat-o nu de la zero, ci de la foarte mult minus. \u00cens\u0103 atunci c\u00e2nd te dedici unor cauze reale vei reu\u0219i. Vom izb\u00e2ndi \u0219i aici\u201d (\u0218tefan Ilie, primarul Municipiului Tulcea).<\/p>\n<div class=\"monsterinsights-inline-popular-posts monsterinsights-inline-popular-posts-charlie monsterinsights-popular-posts-styled\">\n<div class=\"monsterinsights-inline-popular-posts-text\"><span class=\"monsterinsights-inline-popular-posts-label\">Vezi \u0219i:<\/span><\/p>\n<div class=\"monsterinsights-inline-popular-posts-post\"><a class=\"monsterinsights-inline-popular-posts-title\" href=\"https:\/\/www.dobrogeanews.ro\/video-primarul-stefan-ilie-raspunde-intrebarilor-privind-reabilitarea-strazilor-din-municipiul-tulcea\/\">(Video) Primarul \u0218tefan Ilie, r\u0103spunde \u00eentreb\u0103rilor privind reabilitarea Str\u0103zilor din Municipiul Tulcea<\/a><\/div>\n<div class=\"monsterinsights-inline-popular-posts-post\"><a class=\"monsterinsights-inline-popular-posts-title\" href=\"https:\/\/www.dobrogeanews.ro\/cine-este-fata-de-18-ani-care-s-a-sinucis-la-tulcea-soapte-intre-lumi\/\">Cine este fata de 18 ani care s-a sinucis la Tulcea. \u0218oapte \u00eentre lumi \u2026<\/a><\/div>\n<div class=\"monsterinsights-inline-popular-posts-post\"><a class=\"monsterinsights-inline-popular-posts-title\" href=\"https:\/\/www.dobrogeanews.ro\/municipiul-tulcea-a-adoptat-o-crestere-minima-a-taxelor-locale-taxa-de-habitat-creste-cu-3-lei-iar-pentru-impozitul-auto-trebuie-sa-depuneti-declaratie\/\">Municipiul Tulcea a adoptat o cre\u0219tere minim\u0103 a taxelor locale. Taxa de habitat cre\u0219te cu 3 lei iar pentru impozitul auto trebuie s\u0103 depune\u021bi declara\u021bie<\/a><\/div>\n<\/div>\n<\/div>\n<p class=\"has-text-align-center has-white-color has-text-color has-background\"><span><a href=\"https:\/\/news.google.com\/publications\/CAAqBwgKMIu5pgsw88O-Aw?ceid=RO:ro&amp;oc=3\">Urm\u0103ri\u0163i \u015etirile Dobrogeanews \u015fi pe Google News<\/a><\/span><\/p>\n<\/div>\n<p>[analyse_source url=&#8221;https:\/\/www.dobrogeanews.ro\/stefan-ilie-primar-tulcea-pe-strada-vararie-balta-am-luat-o-nu-de-zero-ci-de-la-minus-mult-minus-iata-ca-astazi-suntem-intr-un-stadiu-avansat-de-asfaltare\/&#8221;]<\/p>\n","protected":false},"excerpt":{"rendered":"<p>[analyse_image type=&#8221;featured&#8221; src=&#8221;https:\/\/dobrogeanews.b-cdn.net\/wp-content\/uploads\/2026\/04\/Strada-Vararie-Balta-din-Municipiul-Tulcea-Lucrari-de-asfaltare.jpg&#8221;] Urm\u0103re\u015fte-ne \u015fi pe Facebook!57KFollowers Primarul Municipiului Tulcea, \u0218tefan Ilie, continu\u0103 s\u0103 informeze tulcenii despre felul \u00een care se desf\u0103\u0219oar\u0103 lucr\u0103rile de reabilitare \u0219i asfaltare a st\u0103zilor din ora\u0219. Conform programului asumat. Despre strada V\u0103r\u0103rie-Balt\u0103 se \u0219tie c\u0103 este o arter\u0103 situat\u0103 la m\u0103rginea municipiului, cunoscut\u0103 pentru reconfigur\u0103ri urbanistice (P.U.Z.), ce separ\u0103 zona [&hellip;]<\/p>\n","protected":false},"author":1,"featured_media":0,"comment_status":"open","ping_status":"","sticky":false,"template":"","format":"standard","meta":{"footnotes":""},"categories":[89],"tags":[226,223],"class_list":["post-1883625","post","type-post","status-publish","format-standard","hentry","category-romania","tag-crawlmanager","tag-dobrogeanews-ro"],"_links":{"self":[{"href":"https:\/\/analyse.optim.biz\/index.php?rest_route=\/wp\/v2\/posts\/1883625","targetHints":{"allow":["GET"]}}],"collection":[{"href":"https:\/\/analyse.optim.biz\/index.php?rest_route=\/wp\/v2\/posts"}],"about":[{"href":"https:\/\/analyse.optim.biz\/index.php?rest_route=\/wp\/v2\/types\/post"}],"author":[{"embeddable":true,"href":"https:\/\/analyse.optim.biz\/index.php?rest_route=\/wp\/v2\/users\/1"}],"replies":[{"embeddable":true,"href":"https:\/\/analyse.optim.biz\/index.php?rest_route=%2Fwp%2Fv2%2Fcomments&post=1883625"}],"version-history":[{"count":0,"href":"https:\/\/analyse.optim.biz\/index.php?rest_route=\/wp\/v2\/posts\/1883625\/revisions"}],"wp:attachment":[{"href":"https:\/\/analyse.optim.biz\/index.php?rest_route=%2Fwp%2Fv2%2Fmedia&parent=1883625"}],"wp:term":[{"taxonomy":"category","embeddable":true,"href":"https:\/\/analyse.optim.biz\/index.php?rest_route=%2Fwp%2Fv2%2Fcategories&post=1883625"},{"taxonomy":"post_tag","embeddable":true,"href":"https:\/\/analyse.optim.biz\/index.php?rest_route=%2Fwp%2Fv2%2Ftags&post=1883625"}],"curies":[{"name":"wp","href":"https:\/\/api.w.org\/{rel}","templated":true}]}}