{"id":1883482,"date":"2026-04-15T11:20:43","date_gmt":"2026-04-15T08:20:43","guid":{"rendered":"https:\/\/analyse.optim.biz\/?p=1883482"},"modified":"2026-04-15T11:20:43","modified_gmt":"2026-04-15T08:20:43","slug":"autostrada-moldovei-intra-in-reparatii-zona-vizata-si-programul-lucrarilor","status":"publish","type":"post","link":"https:\/\/analyse.optim.biz\/?p=1883482","title":{"rendered":"Autostrada Moldovei intr\u0103 \u00een repara\u021bii. Zona vizat\u0103 \u0219i programul lucr\u0103rilor"},"content":{"rendered":"<p>[analyse_image type=&#8221;featured&#8221; src=&#8221;https:\/\/sansanews.ro\/wp-content\/uploads\/2026\/04\/671832117_1074239788691614_4531286991259947998_n.jpghttps:\/\/sansanews.ro\/wp-content\/uploads\/2026\/04\/671832117_1074239788691614_4531286991259947998_n.jpg&#8221;]<\/p>\n<div class=\"entry-content herald-entry-content\">\n<p>Lucr\u0103ri ample pe autostrada<br \/>\nMoldovei, \u00een jude\u021bul Buz\u0103u, \u00een perioada urm\u0103toare. Direc\u021bia Regional\u0103 de Drumuri<br \/>\n\u0219i Poduri Buz\u0103u anun\u021b\u0103 startul unor lucr\u0103ri de repara\u021bii \u0219i \u00eentre\u021binere pe tronsonul<br \/>\nPietroasele-Municipiul Buz\u0103u, pe ambele sensuri de mers, tronson inaugurat la<br \/>\nfinele lunii noiembrie, anul trecut. Este vorba despre interven\u021bii destinate<br \/>\nmen\u021binerii calit\u0103\u021bii infrastructurii rutiere, mai ales dup\u0103 perioada de iarn\u0103,<br \/>\nc\u00e2nd au ap\u0103rut tas\u0103ri sau alte probleme pe autostrad\u0103.<\/p>\n<blockquote class=\"wp-block-quote\">\n<p>\u201d V\u0103 inform\u0103m c\u0103 lucr\u0103rile pe autostrad\u0103 se desf\u0103\u0219oar\u0103 \u00een intervalul luni, ora 12:00 \u2013 vineri, ora 12:00, cu respectarea tuturor m\u0103surilor de siguran\u021b\u0103 rutier\u0103. Zona lucr\u0103rilor: sectorul cuprins \u00eentre km 49+350 \u2013 km 63+250 c\u0103ile 1 \u0219 2 \u0219i \u00een nodul rutier.\u201d  <\/p>\n<\/blockquote>\n<p>Drumarii vor executa lucr\u0103ri de<br \/>\nrepara\u021bii ale carosabilului, frezare \u0219i asfaltare, refacerea marcajelor<br \/>\nrutiere, dar sunt programate \u0219i interven\u021bii la parapete, la \u0219an\u021buri \u0219i<br \/>\ntaluzuri. \u00cen acela\u0219i timp, vor avea loc verific\u0103ri tehnice \u0219i lucr\u0103ri la poduri<br \/>\n\u0219i sisteme de semnalizare.<\/p>\n<h2>Tipuri de lucr\u0103ri executate:<\/h2>\n<ul>\n<li>\u2013 repara\u021bii ale \u00eembr\u0103c\u0103min\u021bii rutiere (fisuri, tas\u0103ri, reful\u0103ri)<\/li>\n<li>\u2013 frezare \u0219i a\u0219ternere covor asfaltic<\/li>\n<li>-colmatare fisuri<\/li>\n<li>-refacere marcaje rutiere<\/li>\n<li>-\u00eentre\u021binere \u0219an\u021buri \u0219i taluzuri<\/li>\n<li>\u2013 repara\u021bii \u0219i \u00eenlocuire parapete metalice<\/li>\n<li>\u2013 lucr\u0103ri la sistemul de semnalizare vertical\u0103 \u0219i ITS<\/li>\n<li>-verific\u0103ri \u0219i teste (planeitate, carote, capacitate portant\u0103)<\/li>\n<li>-lucr\u0103ri la rosturile de dilata\u021bie ale podurilor \u0219i pasajelor<\/li>\n<\/ul>\n<p>Direc\u021bia Regional\u0103 de Drumuri \u0219i Poduri Buz\u0103u subliniaz\u0103 c\u0103, pentru un trafic fluent \u0219i \u00een siguran\u021b\u0103, nu se va lucra \u00een weekend, \u00een zilele de s\u0103rb\u0103toare legal\u0103 sau \u00een perioadele cu trafic intens din cursul anului, cum ar fi v\u00e2rful sezonului estival.<\/p>\n<h2>Restric\u021bii importante:<\/h2>\n<ul>\n<li>-Nu se execut\u0103 lucr\u0103ri \u00een weekend (de vineri ora 12:00 p\u00e2n\u0103 luni ora 12:00)<\/li>\n<li>-Nu se lucreaz\u0103 \u00een zilele de s\u0103rb\u0103toare legal\u0103 sau \u00een zilele declarate libere<\/li>\n<li>-Nu se intervine \u00een perioadele aglomerate de trafic:<\/li>\n<li>\u2013 09.04.2026 ora 12:00 \u2013 14.04.2026 ora 12:00<\/li>\n<li>\u2013 30.04.2026 ora 12:00 \u2013 04.05.2026 ora 12:00<\/li>\n<li>\u2013 29.05.2026 ora 12:00 \u2013 02.06.2026 ora 12:00<\/li>\n<li>\u2013 14.08.2026 ora 12:00 \u2013 17.08.2026 ora 12:00<\/li>\n<li>-27.11.2026 ora 12:00 \u2013 02.12.2026 ora 12:00<\/li>\n<li>\u2013 24.12.2026 ora 12:00 \u2013 28.12.2026 ora 12:00<\/li>\n<li>-31.12.2026 dup\u0103 ora 12:00<\/li>\n<\/ul>\n<p>\u0218oferii sunt ruga\u021bi s\u0103 reduc\u0103 viteza<br \/>\n\u00een zona lucr\u0103rilor, s\u0103 respecte semnalizarea temporar\u0103 \u0219i indica\u021biile echipelor<br \/>\ndin teren.<\/p>\n<div class=\"meta-tags\"><span>Etichete<\/span><a href=\"https:\/\/sansanews.ro\/tag\/autostrada-a7\/\" rel=\"tag\">Autostrad\u0103 A7<\/a><a href=\"https:\/\/sansanews.ro\/tag\/autostrada-moldovei\/\" rel=\"tag\">autostrada moldovei<\/a><a href=\"https:\/\/sansanews.ro\/tag\/drdp-buzau\/\" rel=\"tag\">DRDP Buz\u0103u<\/a><a href=\"https:\/\/sansanews.ro\/tag\/lucrari-pe-autostrada\/\" rel=\"tag\">lucr\u0103ri pe autostrada<\/a><\/div>\n<div class=\"herald-share-content\">\n<div class=\"meks_ess rectangle no-labels outline\"><a class=\"meks_ess-item socicon-facebook\" data-url=\"http:\/\/www.facebook.com\/sharer\/sharer.php?u=https%3A%2F%2Fsansanews.ro%2Fautostrada-moldovei-intra-in-reparatii-zona-vizata-si-programul-lucrarilor%2F&amp;t=Autostrada%20Moldovei%20intr%C4%83%20%C3%AEn%20repara%C8%9Bii.%20Zona%20vizat%C4%83%20%C8%99i%20programul%20lucr%C4%83rilor\"><span>Facebook<\/span><\/a><a href=\"https:\/\/api.whatsapp.com\/send?text=Autostrada%20Moldovei%20intr%C4%83%20%C3%AEn%20repara%C8%9Bii.%20Zona%20vizat%C4%83%20%C8%99i%20programul%20lucr%C4%83rilor%20https%3A%2F%2Fsansanews.ro%2Fautostrada-moldovei-intra-in-reparatii-zona-vizata-si-programul-lucrarilor%2F\" class=\"meks_ess-item socicon-whatsapp prevent-share-popup\"><span>WhatsApp<\/span><\/a><a class=\"meks_ess-item socicon-twitter\" data-url=\"http:\/\/twitter.com\/intent\/tweet?url=https%3A%2F%2Fsansanews.ro%2Fautostrada-moldovei-intra-in-reparatii-zona-vizata-si-programul-lucrarilor%2F&amp;text=Autostrada%20Moldovei%20intr%C4%83%20%C3%AEn%20repara%C8%9Bii.%20Zona%20vizat%C4%83%20%C8%99i%20programul%20lucr%C4%83rilor\"><span>Twitter<\/span><\/a><a class=\"meks_ess-item socicon-pinterest\" data-url=\"http:\/\/pinterest.com\/pin\/create\/button\/?url=https%3A%2F%2Fsansanews.ro%2Fautostrada-moldovei-intra-in-reparatii-zona-vizata-si-programul-lucrarilor%2F&amp;media=https%3A%2F%2Fsansanews.ro%2Fwp-content%2Fuploads%2F2026%2F04%2F671832117_1074239788691614_4531286991259947998_n.jpg&amp;description=Autostrada%20Moldovei%20intr%C4%83%20%C3%AEn%20repara%C8%9Bii.%20Zona%20vizat%C4%83%20%C8%99i%20programul%20lucr%C4%83rilor\"><span>Pinterest<\/span><\/a><\/div>\n<\/div>\n<\/div>\n<div class=\"entry-content herald-entry-content\">\n<p>Lucr\u0103ri ample pe autostrada<br \/>\nMoldovei, \u00een jude\u021bul Buz\u0103u, \u00een perioada urm\u0103toare. Direc\u021bia Regional\u0103 de Drumuri<br \/>\n\u0219i Poduri Buz\u0103u anun\u021b\u0103 startul unor lucr\u0103ri de repara\u021bii \u0219i \u00eentre\u021binere pe tronsonul<br \/>\nPietroasele-Municipiul Buz\u0103u, pe ambele sensuri de mers, tronson inaugurat la<br \/>\nfinele lunii noiembrie, anul trecut. Este vorba despre interven\u021bii destinate<br \/>\nmen\u021binerii calit\u0103\u021bii infrastructurii rutiere, mai ales dup\u0103 perioada de iarn\u0103,<br \/>\nc\u00e2nd au ap\u0103rut tas\u0103ri sau alte probleme pe autostrad\u0103.<\/p>\n<blockquote class=\"wp-block-quote\">\n<p>\u201d V\u0103 inform\u0103m c\u0103 lucr\u0103rile pe autostrad\u0103 se desf\u0103\u0219oar\u0103 \u00een intervalul luni, ora 12:00 \u2013 vineri, ora 12:00, cu respectarea tuturor m\u0103surilor de siguran\u021b\u0103 rutier\u0103. Zona lucr\u0103rilor: sectorul cuprins \u00eentre km 49+350 \u2013 km 63+250 c\u0103ile 1 \u0219 2 \u0219i \u00een nodul rutier.\u201d  <\/p>\n<\/blockquote>\n<p>Drumarii vor executa lucr\u0103ri de<br \/>\nrepara\u021bii ale carosabilului, frezare \u0219i asfaltare, refacerea marcajelor<br \/>\nrutiere, dar sunt programate \u0219i interven\u021bii la parapete, la \u0219an\u021buri \u0219i<br \/>\ntaluzuri. \u00cen acela\u0219i timp, vor avea loc verific\u0103ri tehnice \u0219i lucr\u0103ri la poduri<br \/>\n\u0219i sisteme de semnalizare.<\/p>\n<h2>Tipuri de lucr\u0103ri executate:<\/h2>\n<ul>\n<li>\u2013 repara\u021bii ale \u00eembr\u0103c\u0103min\u021bii rutiere (fisuri, tas\u0103ri, reful\u0103ri)<\/li>\n<li>\u2013 frezare \u0219i a\u0219ternere covor asfaltic<\/li>\n<li>-colmatare fisuri<\/li>\n<li>-refacere marcaje rutiere<\/li>\n<li>-\u00eentre\u021binere \u0219an\u021buri \u0219i taluzuri<\/li>\n<li>\u2013 repara\u021bii \u0219i \u00eenlocuire parapete metalice<\/li>\n<li>\u2013 lucr\u0103ri la sistemul de semnalizare vertical\u0103 \u0219i ITS<\/li>\n<li>-verific\u0103ri \u0219i teste (planeitate, carote, capacitate portant\u0103)<\/li>\n<li>-lucr\u0103ri la rosturile de dilata\u021bie ale podurilor \u0219i pasajelor<\/li>\n<\/ul>\n<p>Direc\u021bia Regional\u0103 de Drumuri \u0219i Poduri Buz\u0103u subliniaz\u0103 c\u0103, pentru un trafic fluent \u0219i \u00een siguran\u021b\u0103, nu se va lucra \u00een weekend, \u00een zilele de s\u0103rb\u0103toare legal\u0103 sau \u00een perioadele cu trafic intens din cursul anului, cum ar fi v\u00e2rful sezonului estival.<\/p>\n<h2>Restric\u021bii importante:<\/h2>\n<ul>\n<li>-Nu se execut\u0103 lucr\u0103ri \u00een weekend (de vineri ora 12:00 p\u00e2n\u0103 luni ora 12:00)<\/li>\n<li>-Nu se lucreaz\u0103 \u00een zilele de s\u0103rb\u0103toare legal\u0103 sau \u00een zilele declarate libere<\/li>\n<li>-Nu se intervine \u00een perioadele aglomerate de trafic:<\/li>\n<li>\u2013 09.04.2026 ora 12:00 \u2013 14.04.2026 ora 12:00<\/li>\n<li>\u2013 30.04.2026 ora 12:00 \u2013 04.05.2026 ora 12:00<\/li>\n<li>\u2013 29.05.2026 ora 12:00 \u2013 02.06.2026 ora 12:00<\/li>\n<li>\u2013 14.08.2026 ora 12:00 \u2013 17.08.2026 ora 12:00<\/li>\n<li>-27.11.2026 ora 12:00 \u2013 02.12.2026 ora 12:00<\/li>\n<li>\u2013 24.12.2026 ora 12:00 \u2013 28.12.2026 ora 12:00<\/li>\n<li>-31.12.2026 dup\u0103 ora 12:00<\/li>\n<\/ul>\n<p>\u0218oferii sunt ruga\u021bi s\u0103 reduc\u0103 viteza<br \/>\n\u00een zona lucr\u0103rilor, s\u0103 respecte semnalizarea temporar\u0103 \u0219i indica\u021biile echipelor<br \/>\ndin teren.<\/p>\n<div class=\"meta-tags\"><span>Etichete<\/span><a href=\"https:\/\/sansanews.ro\/tag\/autostrada-a7\/\" rel=\"tag\">Autostrad\u0103 A7<\/a><a href=\"https:\/\/sansanews.ro\/tag\/autostrada-moldovei\/\" rel=\"tag\">autostrada moldovei<\/a><a href=\"https:\/\/sansanews.ro\/tag\/drdp-buzau\/\" rel=\"tag\">DRDP Buz\u0103u<\/a><a href=\"https:\/\/sansanews.ro\/tag\/lucrari-pe-autostrada\/\" rel=\"tag\">lucr\u0103ri pe autostrada<\/a><\/div>\n<div class=\"herald-share-content\">\n<div class=\"meks_ess rectangle no-labels outline\"><a class=\"meks_ess-item socicon-facebook\" data-url=\"http:\/\/www.facebook.com\/sharer\/sharer.php?u=https%3A%2F%2Fsansanews.ro%2Fautostrada-moldovei-intra-in-reparatii-zona-vizata-si-programul-lucrarilor%2F&amp;t=Autostrada%20Moldovei%20intr%C4%83%20%C3%AEn%20repara%C8%9Bii.%20Zona%20vizat%C4%83%20%C8%99i%20programul%20lucr%C4%83rilor\"><span>Facebook<\/span><\/a><a href=\"https:\/\/api.whatsapp.com\/send?text=Autostrada%20Moldovei%20intr%C4%83%20%C3%AEn%20repara%C8%9Bii.%20Zona%20vizat%C4%83%20%C8%99i%20programul%20lucr%C4%83rilor%20https%3A%2F%2Fsansanews.ro%2Fautostrada-moldovei-intra-in-reparatii-zona-vizata-si-programul-lucrarilor%2F\" class=\"meks_ess-item socicon-whatsapp prevent-share-popup\"><span>WhatsApp<\/span><\/a><a class=\"meks_ess-item socicon-twitter\" data-url=\"http:\/\/twitter.com\/intent\/tweet?url=https%3A%2F%2Fsansanews.ro%2Fautostrada-moldovei-intra-in-reparatii-zona-vizata-si-programul-lucrarilor%2F&amp;text=Autostrada%20Moldovei%20intr%C4%83%20%C3%AEn%20repara%C8%9Bii.%20Zona%20vizat%C4%83%20%C8%99i%20programul%20lucr%C4%83rilor\"><span>Twitter<\/span><\/a><a class=\"meks_ess-item socicon-pinterest\" data-url=\"http:\/\/pinterest.com\/pin\/create\/button\/?url=https%3A%2F%2Fsansanews.ro%2Fautostrada-moldovei-intra-in-reparatii-zona-vizata-si-programul-lucrarilor%2F&amp;media=https%3A%2F%2Fsansanews.ro%2Fwp-content%2Fuploads%2F2026%2F04%2F671832117_1074239788691614_4531286991259947998_n.jpg&amp;description=Autostrada%20Moldovei%20intr%C4%83%20%C3%AEn%20repara%C8%9Bii.%20Zona%20vizat%C4%83%20%C8%99i%20programul%20lucr%C4%83rilor\"><span>Pinterest<\/span><\/a><\/div>\n<\/div>\n<\/div>\n<p>[analyse_source url=&#8221;https:\/\/sansanews.ro\/autostrada-moldovei-intra-in-reparatii-zona-vizata-si-programul-lucrarilor\/&#8221;]<\/p>\n","protected":false},"excerpt":{"rendered":"<p>[analyse_image type=&#8221;featured&#8221; src=&#8221;https:\/\/sansanews.ro\/wp-content\/uploads\/2026\/04\/671832117_1074239788691614_4531286991259947998_n.jpghttps:\/\/sansanews.ro\/wp-content\/uploads\/2026\/04\/671832117_1074239788691614_4531286991259947998_n.jpg&#8221;] Lucr\u0103ri ample pe autostrada Moldovei, \u00een jude\u021bul Buz\u0103u, \u00een perioada urm\u0103toare. Direc\u021bia Regional\u0103 de Drumuri \u0219i Poduri Buz\u0103u anun\u021b\u0103 startul unor lucr\u0103ri de repara\u021bii \u0219i \u00eentre\u021binere pe tronsonul Pietroasele-Municipiul Buz\u0103u, pe ambele sensuri de mers, tronson inaugurat la finele lunii noiembrie, anul trecut. Este vorba despre interven\u021bii destinate men\u021binerii calit\u0103\u021bii infrastructurii rutiere, [&hellip;]<\/p>\n","protected":false},"author":1,"featured_media":0,"comment_status":"open","ping_status":"","sticky":false,"template":"","format":"standard","meta":{"footnotes":""},"categories":[2],"tags":[226,51],"class_list":["post-1883482","post","type-post","status-publish","format-standard","hentry","category-politics","tag-crawlmanager","tag-sansanews-ro"],"_links":{"self":[{"href":"https:\/\/analyse.optim.biz\/index.php?rest_route=\/wp\/v2\/posts\/1883482","targetHints":{"allow":["GET"]}}],"collection":[{"href":"https:\/\/analyse.optim.biz\/index.php?rest_route=\/wp\/v2\/posts"}],"about":[{"href":"https:\/\/analyse.optim.biz\/index.php?rest_route=\/wp\/v2\/types\/post"}],"author":[{"embeddable":true,"href":"https:\/\/analyse.optim.biz\/index.php?rest_route=\/wp\/v2\/users\/1"}],"replies":[{"embeddable":true,"href":"https:\/\/analyse.optim.biz\/index.php?rest_route=%2Fwp%2Fv2%2Fcomments&post=1883482"}],"version-history":[{"count":0,"href":"https:\/\/analyse.optim.biz\/index.php?rest_route=\/wp\/v2\/posts\/1883482\/revisions"}],"wp:attachment":[{"href":"https:\/\/analyse.optim.biz\/index.php?rest_route=%2Fwp%2Fv2%2Fmedia&parent=1883482"}],"wp:term":[{"taxonomy":"category","embeddable":true,"href":"https:\/\/analyse.optim.biz\/index.php?rest_route=%2Fwp%2Fv2%2Fcategories&post=1883482"},{"taxonomy":"post_tag","embeddable":true,"href":"https:\/\/analyse.optim.biz\/index.php?rest_route=%2Fwp%2Fv2%2Ftags&post=1883482"}],"curies":[{"name":"wp","href":"https:\/\/api.w.org\/{rel}","templated":true}]}}