{"id":188335,"date":"2015-01-13T23:53:07","date_gmt":"2015-01-13T20:53:07","guid":{"rendered":"https:\/\/analyse.optim.biz\/?p=188335"},"modified":"2015-01-13T23:53:07","modified_gmt":"2015-01-13T20:53:07","slug":"noul-pnl-cutremure-in-teritoriu-vechii-liberali-se-lupta-cu-democrat-liberalii-pe-controlul-filialelor","status":"publish","type":"post","link":"https:\/\/analyse.optim.biz\/?p=188335","title":{"rendered":"Noul PNL, cutremure \u00een teritoriu. Vechii liberali se lupt\u0103 cu democrat-liberalii pe controlul filialelor"},"content":{"rendered":"<div class=\"entry data-app-meta data-app-meta-article\" data-embed-base-url-canonical=\"https:\/\/www.digi24.ro\/embed\/stiri\/actualitate\/politica\/noul-pnl-cutremure-in-teritoriu-vechii-liberali-se-lupta-cu-democrat-liberalii-pe-controlul-filialelor-346820\">\n<p data-index=\"1\">La centru, nu s-a ajuns \u00eenc\u0103 la un acord asupra criteriilor care vor stabili ponderea PNL-PDL \u00een conducerile comune ale filialelor jude\u0163ene.<\/p>\n<p data-index=\"2\">Conform unor surse politice, vechii liberali vor s\u0103 impun\u0103 ca element decisiv rezultatele fiec\u0103rei p\u0103r\u0163i la ultimele europarlamentare \u015fi preziden\u0163iale, la pachet cu num\u0103rul de ale\u015fi parlamentari \u015fi locali. Vechiul PNL \u015fi-a finalizat propria evaluare.<\/p>\n<p data-index=\"3\">\u201e<span lang=\"en-US\">F<\/span>unc\u0163ionarea filialelor jude\u0163ene se va face \u00een baza unor criterii stabilite de comun acord de cele dou\u0103 p\u0103r\u0163i care s\u0103 \u0163in\u0103 cont de rezultatele fiecarei filiale. Sunt cel putin 30 de jude\u0163e unde situa\u0163ia este clar\u0103, lucrurile sunt l\u0103murite. De exemplu Ilfovul, Aradul\u201d, <span lang=\"en-US\">a spus <\/span>Marian Petrache, secretar general al PNL.<\/p>\n<p data-index=\"4\">Preten\u0163iile liberalilor \u00eei nemul\u0163umesc pe oamenii lui Vasile Blaga. La Gorj, democrat-liberalii se folosesc de problemele \u00een justi\u0163ie pe care le au colegii din PNL pentru a ob\u0163ine controlul. La Deva, dup\u0103 arestarea liderului liberal Mircea Molo\u0163 pentru fapte de corup\u0163ie, lupta se d\u0103 \u00eentre liberali. Liderul PNL Hunedoara, Bogdan \u0162\u00eemp\u0103u, vrea scaunul de lider, \u00een detrimentul \u015fefului PNL Deva, Tiberiu Balint, alt liberal urm\u0103rit penal.<\/p>\n<p data-index=\"5\">\u201e<span lang=\"en-US\">C<\/span><span>alitatea de membru PNL a domnului <\/span><span lang=\"en-US\">B<\/span><span>alint nu este pus\u0103 \u00een pericol. Singura problem\u0103 ridicat\u0103 este datorit\u0103, cum s\u0103 spun, unei lipse de seriozit\u0103\u0163i vis-a-vis de func\u0163ia pe care o ocup\u0103 ca \u015fi vicepre\u015fedinte la CJ, domnia sa d\u00e2ndu-\u015fi demisia, retrag\u00e2ndu-\u015fi demisia a\u015fa subit \u00eentr-o organiza\u0163ie politic\u0103, pre\u015fedintele organiza\u0163iei jude\u0163ene nu are cum s\u0103 fie \u00eentr-o organiza\u0163ie solid\u0103 dec\u00e2t persoana care are cea mai mare legitimitate\u201d, <\/span><span lang=\"en-US\">a precizat <\/span><span>Bogdan \u0162\u00eemp\u0103u, lider interimar PNL Hunedoara.<\/span><\/p>\n<p data-index=\"6\">\u00cen Neam\u0163, democrat-liberalii \u00eencearc\u0103 s\u0103-\u015fi impun\u0103 candida\u0163ii la alegerile din 2016. De\u015fi \u00een\u0163elegerea ini\u0163ial\u0103 prevedea c\u0103 lista s\u0103 fie f\u0103cut\u0103 prin consult\u0103ri comune, liderul PDL Neam\u0163, Alexandru Dr\u0103gan, \u015fi-a anun\u0163at deja candidatura la func\u0163ia de \u015fef al Consiliului Jude\u0163ean. <\/p>\n<p data-index=\"7\">\u201eNu a venit \u00eenc\u0103 grefa de la Tribunal \u015fi, prin urmare, suntem dou\u0103 partide separate: PDL \u015fi PNL. Am vorbit \u015fi la Bucure\u015fti, am sprijinul domnul pre\u015fedinte Vasile Blaga\u201d, \u00ee\u015fi explic\u0103 gestul primarul de Ta\u015fca. <\/p>\n<p data-index=\"8\">La Br\u0103ila, vechiul USL \u00eenc\u0103 tr\u0103ie\u015fte. Vechii liberali nu renun\u0163\u0103 la alian\u0163a cu PSD prin care au ob\u0163inut vicepre\u015fedin\u0163ia Consiliului Jude\u0163ean, chiar \u015fi dup\u0103 ce Alexandru Nazare \u015fi-a dat demisia din fruntea filialei PDL Br\u0103ila, ca un gest de protest.<\/p>\n<p data-index=\"9\">\u201e<span lang=\"en-US\">E<\/span><span> o rela\u021bie destul de complicat\u0103. <\/span><span lang=\"en-US\">D<\/span><span>in p\u0103cate, asperit\u0103\u021bi care vin din trecut. Se pare c\u0103 pentru unii au fost mai importante dec\u00e2t ceea ce urmeaz\u0103 s\u0103 facem de aici \u00eencolo\u201d, <\/span><span lang=\"en-US\">a precizat <\/span><span>C\u0103t\u0103lin Boboc, pre\u0219edinte PNL Br\u0103ila.<\/span><\/p>\n<p data-index=\"10\">Conducerea de la Bucure\u015fti \u00ee\u015fi recunoa\u015fte neputin\u0163a: \u201e<span lang=\"en-US\">N<\/span>u e ceva anormal dac\u0103 apar puncte de vedere diferite. Categoric, \u00eei vom chema la Bucure\u015fti\u201d, <span lang=\"en-US\">a spus <\/span>Marian Petrache, secretar general al PNL.<\/p>\n<\/div>\n<p> Source URL: https:\/\/www.digi24.ro\/stiri\/actualitate\/politica\/noul-pnl-cutremure-in-teritoriu-vechii-liberali-se-lupta-cu-democrat-liberalii-pe-controlul-filialelor-346820<\/p>\n","protected":false},"excerpt":{"rendered":"<p>La centru, nu s-a ajuns \u00eenc\u0103 la un acord asupra criteriilor care vor stabili ponderea PNL-PDL \u00een conducerile comune ale filialelor jude\u0163ene. Conform unor surse politice, vechii liberali vor s\u0103 impun\u0103 ca element decisiv rezultatele fiec\u0103rei p\u0103r\u0163i la ultimele europarlamentare \u015fi preziden\u0163iale, la pachet cu num\u0103rul de ale\u015fi parlamentari \u015fi locali. Vechiul PNL \u015fi-a finalizat [&hellip;]<\/p>\n","protected":false},"author":1,"featured_media":188336,"comment_status":"open","ping_status":"","sticky":false,"template":"","format":"standard","meta":{"footnotes":""},"categories":[2],"tags":[11],"class_list":["post-188335","post","type-post","status-publish","format-standard","has-post-thumbnail","hentry","category-politics","tag-digi24"],"_links":{"self":[{"href":"https:\/\/analyse.optim.biz\/index.php?rest_route=\/wp\/v2\/posts\/188335","targetHints":{"allow":["GET"]}}],"collection":[{"href":"https:\/\/analyse.optim.biz\/index.php?rest_route=\/wp\/v2\/posts"}],"about":[{"href":"https:\/\/analyse.optim.biz\/index.php?rest_route=\/wp\/v2\/types\/post"}],"author":[{"embeddable":true,"href":"https:\/\/analyse.optim.biz\/index.php?rest_route=\/wp\/v2\/users\/1"}],"replies":[{"embeddable":true,"href":"https:\/\/analyse.optim.biz\/index.php?rest_route=%2Fwp%2Fv2%2Fcomments&post=188335"}],"version-history":[{"count":0,"href":"https:\/\/analyse.optim.biz\/index.php?rest_route=\/wp\/v2\/posts\/188335\/revisions"}],"wp:featuredmedia":[{"embeddable":true,"href":"https:\/\/analyse.optim.biz\/index.php?rest_route=\/wp\/v2\/media\/188336"}],"wp:attachment":[{"href":"https:\/\/analyse.optim.biz\/index.php?rest_route=%2Fwp%2Fv2%2Fmedia&parent=188335"}],"wp:term":[{"taxonomy":"category","embeddable":true,"href":"https:\/\/analyse.optim.biz\/index.php?rest_route=%2Fwp%2Fv2%2Fcategories&post=188335"},{"taxonomy":"post_tag","embeddable":true,"href":"https:\/\/analyse.optim.biz\/index.php?rest_route=%2Fwp%2Fv2%2Ftags&post=188335"}],"curies":[{"name":"wp","href":"https:\/\/api.w.org\/{rel}","templated":true}]}}