{"id":1883168,"date":"2026-04-15T09:43:52","date_gmt":"2026-04-15T06:43:52","guid":{"rendered":"https:\/\/analyse.optim.biz\/?p=1883168"},"modified":"2026-04-15T09:43:52","modified_gmt":"2026-04-15T06:43:52","slug":"ciudatele-oua-cu-picioare-au-rupt-targul-de-paste-se-prelungeste-pana-pe-19-aprilie","status":"publish","type":"post","link":"https:\/\/analyse.optim.biz\/?p=1883168","title":{"rendered":"Ciudatele ou\u0103 cu picioare au rupt! T\u00e2rgul de Pa\u0219te se prelunge\u0219te p\u00e2n\u0103 pe 19 aprilie"},"content":{"rendered":"<p>[analyse_image type=&#8221;featured&#8221; src=&#8221;https:\/\/focustim.ro\/wp-content\/uploads\/2026\/03\/oua.jpeg&#8221;]<\/p>\n<article id=\"post-39975\" class=\"penci-single-artcontent noloaddisqus post-39975 post type-post status-publish format-standard has-post-thumbnail hentry category-actualitate category-administratie category-featured tag-paste tag-primarie tag-targ penci-post-item\">\n<header class=\"entry-header penci-entry-header penci-title-\">\n<div class=\"penci-entry-categories\"><span class=\"penci-cat-links\"><a href=\"https:\/\/focustim.ro\/category\/actualitate\/\" rel=\"category tag\">Actualitate<\/a><a href=\"https:\/\/focustim.ro\/category\/administratie\/\" rel=\"category tag\">Administra\u021bie<\/a><a href=\"https:\/\/focustim.ro\/category\/featured\/\" rel=\"category tag\">Featured<\/a><\/span><\/div>\n<h1 class=\"entry-title penci-entry-title penci-title-\">Ciudatele ou\u0103 cu picioare au rupt! T\u00e2rgul de Pa\u0219te se prelunge\u0219te p\u00e2n\u0103 pe 19 aprilie<\/h1>\n<div class=\"entry-meta penci-entry-meta\"><span class=\"entry-meta-item penci-posted-on\"><time class=\"entry-date published\" datetime=\"2026-04-15T12:43:52+03:00\">15\/04\/2026<\/time><time class=\"updated\" datetime=\"2026-04-15T12:43:58+03:00\">15\/04\/2026<\/time><\/span><span class=\"entry-meta-item penci-comment-count\"><a class=\"penci_pmeta-link\" href=\"https:\/\/focustim.ro\/ciudatele-oua-cu-picioare-au-rupt-targul-de-paste-se-prelungeste-pana-pe-19-aprilie\/#respond\">0<\/a><\/span><\/div>\n<p><span class=\"penci-social-buttons penci-social-share-footer\"><span class=\"penci-social-share-text\">Distribuie<\/span><a href=\"https:\/\/focustim.ro\/ciudatele-oua-cu-picioare-au-rupt-targul-de-paste-se-prelungeste-pana-pe-19-aprilie\/\" class=\"penci-post-like penci_post-meta_item  single-like-button penci-social-item like\" data-post_id=\"39975\" title=\"Like\" data-like=\"Like\" data-unlike=\"Unlike\"><span class=\"penci-share-number\">0<\/span><\/a><\/span><\/header>\n<div class=\"entry-media penci-entry-media\">\n<div class=\"post-format-meta \">\n<div class=\"post-image penci-standard-format\"><img decoding=\"async\" width=\"960\" height=\"482\" src=\"https:\/\/focustim.ro\/wp-content\/uploads\/2026\/03\/oua-960x482.jpeg\" class=\"attachment-penci-thumb-960-auto size-penci-thumb-960-auto wp-post-image\" alt loading=\"lazy\"><\/div>\n<\/div>\n<\/div>\n<div class=\"penci-entry-content entry-content\">\n<p><strong>Prim\u0103ria Timi\u0219oara prelunge\u0219te T\u00e2rgul de Pa\u0219te p\u00e2n\u0103 pe data de 19 aprilie. Ini\u021bial, programul era p\u00e2n\u0103 pe data de 14 aprilie, \u00eens\u0103 decora\u021biunile \u0219i spectacolele oferite au fost maxim pe placul timi\u0219orenilor, a\u0219a c\u0103 administra\u021bia a decis s\u0103 le p\u0103streze p\u00e2n\u0103 pe 19 aprilie.<\/strong><\/p>\n<p>Anun\u021bul Centrului de Proiecte<\/p>\n<p>T\u00e2rgul de Pa\u0219te Timi\u0219oara a adus \u00een Cetate o atmosfer\u0103 de s\u0103rb\u0103toare, \u00een care spa\u021biul public a devenit un loc al \u00eent\u00e2lnirii, al culturii \u0219i al timpului petrecut \u00eempreun\u0103 \u00een comunitate. Publicul a r\u0103spuns \u00een num\u0103r mare invita\u021biei de a descoperi ora\u0219ul \u00eentr-un alt ritm, bucur\u00e2ndu-se de evenimentele organizate \u0219i de traseul de poveste creat de decorurile T\u00e2rgului de Pa\u0219te \u00een cele patru pie\u021be istorice: Pia\u021ba Victoriei, Pia\u021ba Libert\u0103\u021bii, Pia\u021ba Sf\u00e2ntul Gheorghe \u0219i Pia\u021ba Unirii. Programul edi\u021biei 2026 a adus \u00een prim-plan spectacole de anima\u021bie stradal\u0103, ateliere creative pentru copii, activit\u0103\u021bi sportive, momente muzicale apreciate, iar pe parcursul \u00eentregii perioade, vizitatorii au putut explora acest parcurs urban special.<\/p>\n<p>\u00cen acest context, av\u00e2nd \u00een vedere interesul crescut al publicului, T\u00e2rgul de Pa\u0219te Timi\u0219oara, organizat de Prim\u0103ria Municipiului Timi\u0219oara prin Casa de Cultur\u0103 a Municipiului Timi\u0219oara \u00een parteneriat cu Centrul de Proiecte \u0219i Visit Timi\u0219oara \u2013 Organiza\u021bia de Management al Destina\u021biei, se prelunge\u0219te p\u00e2n\u0103 duminic\u0103, 19 aprilie inclusiv. Programul de vizitare a T\u00e2rgului de Pa\u0219te din Pia\u021ba Libert\u0103\u021bii, este de luni p\u00e2n\u0103 vineri \u00eentre orele 12:00 \u2013 21:00, s\u00e2mb\u0103t\u0103 \u0219i duminic\u0103 \u00eentre 10:00 \u2013 22:00. Noi evenimente surpriz\u0103 vor fi ad\u0103ugate \u00een program.\u00a0<\/p>\n<p>De departe, cel mai controversat element de la t\u00e2rg sunt ou\u0103le cu picioare, din Pia\u021ba Unirii. Ou\u0103le cu soclu \u0219i iepura\u0219ii din iarb\u0103 artificial\u0103 sau confrajul de ou\u0103 din Unirii au fost \u00eens\u0103 atrac\u021bii pe care timi\u0219orenii \u0219i turi\u0219tii dornici de poze le-au luat cu asalt. <\/p>\n<div class=\"sharedaddy sd-sharing-enabled\">\n<div class=\"robots-nocontent sd-block sd-social sd-social-icon-text sd-sharing\">\n<h3 class=\"sd-title\">Partajeaz\u0103 asta:<\/h3>\n<div class=\"sd-content\">\n<ul>\n<li class=\"share-twitter\"><a rel=\"nofollow noopener noreferrer\" data-shared=\"sharing-twitter-39975\" class=\"share-twitter sd-button share-icon\" href=\"https:\/\/focustim.ro\/ciudatele-oua-cu-picioare-au-rupt-targul-de-paste-se-prelungeste-pana-pe-19-aprilie\/?share=twitter\" target=\"_blank\" title=\"D\u0103 clic pentru a partaja pe Twitter\"><span>Twitter<\/span><\/a><\/li>\n<li class=\"share-facebook\"><a rel=\"nofollow noopener noreferrer\" data-shared=\"sharing-facebook-39975\" class=\"share-facebook sd-button share-icon\" href=\"https:\/\/focustim.ro\/ciudatele-oua-cu-picioare-au-rupt-targul-de-paste-se-prelungeste-pana-pe-19-aprilie\/?share=facebook\" target=\"_blank\" title=\"D\u0103 clic pentru a partaja pe Facebook\"><span>Facebook<\/span><\/a><\/li>\n<li class=\"share-end\"><\/ul>\n<\/div>\n<\/div>\n<\/div>\n<div class=\"sharedaddy sd-block sd-like jetpack-likes-widget-wrapper jetpack-likes-widget-unloaded\" id=\"like-post-wrapper-167025405-39975-69df5deb72d7a\" data-src=\"https:\/\/widgets.wp.com\/likes\/#blog_id=167025405&amp;post_id=39975&amp;origin=focustim.ro&amp;obj_id=167025405-39975-69df5deb72d7a\" data-name=\"like-post-frame-167025405-39975-69df5deb72d7a\" data-title=\"Apreciaz\u0103 sau republic\u0103\">\n<h3 class=\"sd-title\">Apreciaz\u0103:<\/h3>\n<div class=\"likes-widget-placeholder post-likes-widget-placeholder\"><span class=\"button\"><span>Apreciere<\/span><\/span><span class=\"loading\">\u00cencarc&#8230;<\/span><\/div>\n<\/div>\n<\/div>\n<footer class=\"penci-entry-footer\">\n<div class=\"penci-source-via-tags-wrap\"><span class=\"tags-links penci-tags-links\"><a href=\"https:\/\/focustim.ro\/tag\/paste\/\" rel=\"tag\">Paste<\/a><a href=\"https:\/\/focustim.ro\/tag\/primarie\/\" rel=\"tag\">primarie<\/a><a href=\"https:\/\/focustim.ro\/tag\/targ\/\" rel=\"tag\">Targ<\/a><\/span><\/div>\n<p><span class=\"penci-social-buttons penci-social-share-footer\"><span class=\"penci-social-share-text\">Distribuie<\/span><a href=\"https:\/\/focustim.ro\/ciudatele-oua-cu-picioare-au-rupt-targul-de-paste-se-prelungeste-pana-pe-19-aprilie\/\" class=\"penci-post-like penci_post-meta_item  single-like-button penci-social-item like\" data-post_id=\"39975\" title=\"Like\" data-like=\"Like\" data-unlike=\"Unlike\"><span class=\"penci-share-number\">0<\/span><\/a><\/span><\/footer>\n<\/article>\n<div class=\"penci-entry-content entry-content\">\n<p><strong>Prim\u0103ria Timi\u0219oara prelunge\u0219te T\u00e2rgul de Pa\u0219te p\u00e2n\u0103 pe data de 19 aprilie. Ini\u021bial, programul era p\u00e2n\u0103 pe data de 14 aprilie, \u00eens\u0103 decora\u021biunile \u0219i spectacolele oferite au fost maxim pe placul timi\u0219orenilor, a\u0219a c\u0103 administra\u021bia a decis s\u0103 le p\u0103streze p\u00e2n\u0103 pe 19 aprilie.<\/strong><\/p>\n<p>Anun\u021bul Centrului de Proiecte<\/p>\n<p>T\u00e2rgul de Pa\u0219te Timi\u0219oara a adus \u00een Cetate o atmosfer\u0103 de s\u0103rb\u0103toare, \u00een care spa\u021biul public a devenit un loc al \u00eent\u00e2lnirii, al culturii \u0219i al timpului petrecut \u00eempreun\u0103 \u00een comunitate. Publicul a r\u0103spuns \u00een num\u0103r mare invita\u021biei de a descoperi ora\u0219ul \u00eentr-un alt ritm, bucur\u00e2ndu-se de evenimentele organizate \u0219i de traseul de poveste creat de decorurile T\u00e2rgului de Pa\u0219te \u00een cele patru pie\u021be istorice: Pia\u021ba Victoriei, Pia\u021ba Libert\u0103\u021bii, Pia\u021ba Sf\u00e2ntul Gheorghe \u0219i Pia\u021ba Unirii. Programul edi\u021biei 2026 a adus \u00een prim-plan spectacole de anima\u021bie stradal\u0103, ateliere creative pentru copii, activit\u0103\u021bi sportive, momente muzicale apreciate, iar pe parcursul \u00eentregii perioade, vizitatorii au putut explora acest parcurs urban special.<\/p>\n<p>\u00cen acest context, av\u00e2nd \u00een vedere interesul crescut al publicului, T\u00e2rgul de Pa\u0219te Timi\u0219oara, organizat de Prim\u0103ria Municipiului Timi\u0219oara prin Casa de Cultur\u0103 a Municipiului Timi\u0219oara \u00een parteneriat cu Centrul de Proiecte \u0219i Visit Timi\u0219oara \u2013 Organiza\u021bia de Management al Destina\u021biei, se prelunge\u0219te p\u00e2n\u0103 duminic\u0103, 19 aprilie inclusiv. Programul de vizitare a T\u00e2rgului de Pa\u0219te din Pia\u021ba Libert\u0103\u021bii, este de luni p\u00e2n\u0103 vineri \u00eentre orele 12:00 \u2013 21:00, s\u00e2mb\u0103t\u0103 \u0219i duminic\u0103 \u00eentre 10:00 \u2013 22:00. Noi evenimente surpriz\u0103 vor fi ad\u0103ugate \u00een program.\u00a0<\/p>\n<p>De departe, cel mai controversat element de la t\u00e2rg sunt ou\u0103le cu picioare, din Pia\u021ba Unirii. Ou\u0103le cu soclu \u0219i iepura\u0219ii din iarb\u0103 artificial\u0103 sau confrajul de ou\u0103 din Unirii au fost \u00eens\u0103 atrac\u021bii pe care timi\u0219orenii \u0219i turi\u0219tii dornici de poze le-au luat cu asalt. <\/p>\n<div class=\"sharedaddy sd-sharing-enabled\">\n<div class=\"robots-nocontent sd-block sd-social sd-social-icon-text sd-sharing\">\n<h3 class=\"sd-title\">Partajeaz\u0103 asta:<\/h3>\n<div class=\"sd-content\">\n<ul>\n<li class=\"share-twitter\"><a rel=\"nofollow noopener noreferrer\" data-shared=\"sharing-twitter-39975\" class=\"share-twitter sd-button share-icon\" href=\"https:\/\/focustim.ro\/ciudatele-oua-cu-picioare-au-rupt-targul-de-paste-se-prelungeste-pana-pe-19-aprilie\/?share=twitter\" target=\"_blank\" title=\"D\u0103 clic pentru a partaja pe Twitter\"><span>Twitter<\/span><\/a><\/li>\n<li class=\"share-facebook\"><a rel=\"nofollow noopener noreferrer\" data-shared=\"sharing-facebook-39975\" class=\"share-facebook sd-button share-icon\" href=\"https:\/\/focustim.ro\/ciudatele-oua-cu-picioare-au-rupt-targul-de-paste-se-prelungeste-pana-pe-19-aprilie\/?share=facebook\" target=\"_blank\" title=\"D\u0103 clic pentru a partaja pe Facebook\"><span>Facebook<\/span><\/a><\/li>\n<li class=\"share-end\"><\/ul>\n<\/div>\n<\/div>\n<\/div>\n<div class=\"sharedaddy sd-block sd-like jetpack-likes-widget-wrapper jetpack-likes-widget-unloaded\" id=\"like-post-wrapper-167025405-39975-69df5deb72d7a\" data-src=\"https:\/\/widgets.wp.com\/likes\/#blog_id=167025405&amp;post_id=39975&amp;origin=focustim.ro&amp;obj_id=167025405-39975-69df5deb72d7a\" data-name=\"like-post-frame-167025405-39975-69df5deb72d7a\" data-title=\"Apreciaz\u0103 sau republic\u0103\">\n<h3 class=\"sd-title\">Apreciaz\u0103:<\/h3>\n<div class=\"likes-widget-placeholder post-likes-widget-placeholder\"><span class=\"button\"><span>Apreciere<\/span><\/span><span class=\"loading\">\u00cencarc&#8230;<\/span><\/div>\n<\/div>\n<\/div>\n<p>[analyse_source url=&#8221;https:\/\/focustim.ro\/ciudatele-oua-cu-picioare-au-rupt-targul-de-paste-se-prelungeste-pana-pe-19-aprilie\/&#8221;]<\/p>\n","protected":false},"excerpt":{"rendered":"<p>[analyse_image type=&#8221;featured&#8221; src=&#8221;https:\/\/focustim.ro\/wp-content\/uploads\/2026\/03\/oua.jpeg&#8221;] ActualitateAdministra\u021bieFeatured Ciudatele ou\u0103 cu picioare au rupt! T\u00e2rgul de Pa\u0219te se prelunge\u0219te p\u00e2n\u0103 pe 19 aprilie 15\/04\/202615\/04\/20260 Distribuie0 Prim\u0103ria Timi\u0219oara prelunge\u0219te T\u00e2rgul de Pa\u0219te p\u00e2n\u0103 pe data de 19 aprilie. Ini\u021bial, programul era p\u00e2n\u0103 pe data de 14 aprilie, \u00eens\u0103 decora\u021biunile \u0219i spectacolele oferite au fost maxim pe placul timi\u0219orenilor, a\u0219a c\u0103 [&hellip;]<\/p>\n","protected":false},"author":1,"featured_media":0,"comment_status":"open","ping_status":"","sticky":false,"template":"","format":"standard","meta":{"footnotes":""},"categories":[89],"tags":[226,197],"class_list":["post-1883168","post","type-post","status-publish","format-standard","hentry","category-romania","tag-crawlmanager","tag-focustim-ro"],"_links":{"self":[{"href":"https:\/\/analyse.optim.biz\/index.php?rest_route=\/wp\/v2\/posts\/1883168","targetHints":{"allow":["GET"]}}],"collection":[{"href":"https:\/\/analyse.optim.biz\/index.php?rest_route=\/wp\/v2\/posts"}],"about":[{"href":"https:\/\/analyse.optim.biz\/index.php?rest_route=\/wp\/v2\/types\/post"}],"author":[{"embeddable":true,"href":"https:\/\/analyse.optim.biz\/index.php?rest_route=\/wp\/v2\/users\/1"}],"replies":[{"embeddable":true,"href":"https:\/\/analyse.optim.biz\/index.php?rest_route=%2Fwp%2Fv2%2Fcomments&post=1883168"}],"version-history":[{"count":0,"href":"https:\/\/analyse.optim.biz\/index.php?rest_route=\/wp\/v2\/posts\/1883168\/revisions"}],"wp:attachment":[{"href":"https:\/\/analyse.optim.biz\/index.php?rest_route=%2Fwp%2Fv2%2Fmedia&parent=1883168"}],"wp:term":[{"taxonomy":"category","embeddable":true,"href":"https:\/\/analyse.optim.biz\/index.php?rest_route=%2Fwp%2Fv2%2Fcategories&post=1883168"},{"taxonomy":"post_tag","embeddable":true,"href":"https:\/\/analyse.optim.biz\/index.php?rest_route=%2Fwp%2Fv2%2Ftags&post=1883168"}],"curies":[{"name":"wp","href":"https:\/\/api.w.org\/{rel}","templated":true}]}}