{"id":1883161,"date":"2026-04-15T11:53:40","date_gmt":"2026-04-15T08:53:40","guid":{"rendered":"https:\/\/analyse.optim.biz\/?p=1883161"},"modified":"2026-04-15T11:53:40","modified_gmt":"2026-04-15T08:53:40","slug":"lucrari-aquatim-in-vestul-tarii-lista-completa-a-zonelor-afectate-si-intervalele-orare","status":"publish","type":"post","link":"https:\/\/analyse.optim.biz\/?p=1883161","title":{"rendered":"Lucr\u0103ri Aquatim \u00een vestul \u021b\u0103rii: lista complet\u0103 a zonelor afectate \u0219i intervalele orare"},"content":{"rendered":"<p>[analyse_image type=&#8221;featured&#8221; src=&#8221;https:\/\/orasul-timisoara.ro\/wp-content\/uploads\/2020\/05\/aquatm-apa.jpg&#8221;]<\/p>\n<article id=\"post-38136\" class=\"td-post-template-7 post-38136 post type-post status-publish format-standard has-post-thumbnail category-featured category-investitii-in-timisoara category-stiri-timisoara tag-alimentare-apa tag-anunt-utilitati-2 tag-aquatim tag-intreruperi-apa tag-lucrari-retea-apa-2 tag-lugoj tag-mentenanta-retea-2 tag-presiune-scazuta tag-timis td-container-wrap\">\n<div class=\"td-full-screen-header-image-wrap\">\n<div class=\"td-container td-post-header\">\n<div class=\"td-crumb-container\">\n<div class=\"entry-crumbs\"><span><a title=\"Vede\u021bi toate articolele \u00een Investitii in Timisoara\" class=\"entry-crumb\" href=\"https:\/\/orasul-timisoara.ro\/local-category\/investitii-in-timisoara\/\">Investitii in Timisoara<\/a><\/span><span class=\"td-bred-no-url-last\">Lucr\u0103ri Aquatim \u00een vestul \u021b\u0103rii: lista complet\u0103 a zonelor afectate \u0219i intervalele&#8230;<\/span><\/div>\n<\/div>\n<div class=\"td-post-header-holder\">\n<div class=\"td-parallax-header\">\n<header class=\"td-post-title\">\n<ul class=\"td-category\">\n<li class=\"entry-category\"><a href=\"https:\/\/orasul-timisoara.ro\/local-category\/investitii-in-timisoara\/\">Investitii in Timisoara<\/a><\/li>\n<li class=\"entry-category\"><a href=\"https:\/\/orasul-timisoara.ro\/local-category\/stiri-timisoara\/\">\u0218tiri Locale<\/a><\/li>\n<\/ul>\n<h1 class=\"entry-title\">Lucr\u0103ri Aquatim \u00een vestul \u021b\u0103rii: lista complet\u0103 a zonelor afectate \u0219i intervalele orare<\/h1>\n<div class=\"td-module-meta-info\">\n<div class=\"td-post-author-name\">\n<div class=\"td-author-by\">De c\u0103tre<\/div>\n<p><a href=\"https:\/\/orasul-timisoara.ro\/author\/timisoara\/\">redactia<\/a><\/p>\n<div class=\"td-author-line\"> &#8211; <\/div>\n<\/div>\n<p><span class=\"td-post-date\"><time class=\"entry-date updated td-module-date\" datetime=\"2026-04-15T14:53:40+03:00\">15\/04\/2026<\/time><\/span><\/div>\n<\/header>\n<\/div>\n<\/div>\n<\/div>\n<div id=\"td-full-screen-header-image\" class=\"td-image-gradient-style7\"><img decoding=\"async\" class=\"td-backstretch\" src=\"https:\/\/orasul-timisoara.ro\/wp-content\/uploads\/2020\/05\/aquatm-apa.jpg\"><\/div>\n<\/div>\n<div class=\"td-container\">\n<div class=\"td-pb-row\">\n<div class=\"td-pb-span8 td-main-content\" role=\"main\">\n<div class=\"td-ss-main-content\">\n<div class=\"td-post-sharing-top\">\n<div class=\"td-post-sharing-classic\"><iframe title=\"topFacebookLike\" frameborder src=\"https:\/\/www.facebook.com\/plugins\/like.php?href=https:\/\/orasul-timisoara.ro\/local-38136\/&amp;layout=button_count&amp;show_faces=false&amp;width=105&amp;action=like&amp;colorscheme=light&amp;height=21\"><\/iframe><\/div>\n<div id=\"td_social_sharing_article_top\" class=\"td-post-sharing td-ps-bg td-ps-notext td-post-sharing-style1 \">\n<div class=\"td-post-sharing-visible\"><a class=\"td-social-sharing-button td-social-sharing-button-js td-social-network td-social-facebook\" href=\"https:\/\/www.facebook.com\/sharer.php?u=https%3A%2F%2Forasul-timisoara.ro%2Flocal-38136%2F\" title=\"Facebook\"><\/p>\n<div class=\"td-social-but-text\">Facebook<\/div>\n<p><\/a><a class=\"td-social-sharing-button td-social-sharing-button-js td-social-network td-social-twitter\" href=\"https:\/\/twitter.com\/intent\/tweet?text=Lucr%C4%83ri+Aquatim+%C3%AEn+vestul+%C8%9B%C4%83rii%3A+lista+complet%C4%83+a+zonelor+afectate+%C8%99i+intervalele+orare&amp;url=https%3A%2F%2Forasul-timisoara.ro%2Flocal-38136%2F&amp;via=orasultm\" title=\"Twitter\"><\/p>\n<div class=\"td-social-but-text\">Twitter<\/div>\n<p><\/a><a class=\"td-social-sharing-button td-social-sharing-button-js td-social-network td-social-whatsapp\" href=\"https:\/\/api.whatsapp.com\/send?text=Lucr%C4%83ri+Aquatim+%C3%AEn+vestul+%C8%9B%C4%83rii%3A+lista+complet%C4%83+a+zonelor+afectate+%C8%99i+intervalele+orare%20%0A%0A%20https:\/\/orasul-timisoara.ro\/local-38136\/\" title=\"WhatsApp\"><\/p>\n<div class=\"td-social-but-text\">WhatsApp<\/div>\n<p><\/a><a class=\"td-social-sharing-button td-social-sharing-button-js td-social-network td-social-linkedin\" href=\"https:\/\/www.linkedin.com\/shareArticle?mini=true&amp;url=https:\/\/orasul-timisoara.ro\/local-38136\/&amp;title=Lucr%C4%83ri+Aquatim+%C3%AEn+vestul+%C8%9B%C4%83rii%3A+lista+complet%C4%83+a+zonelor+afectate+%C8%99i+intervalele+orare\" title=\"Linkedin\"><\/p>\n<div class=\"td-social-but-text\">Linkedin<\/div>\n<p><\/a><a class=\"td-social-sharing-button td-social-sharing-button-js td-social-network td-social-reddit\" href=\"https:\/\/reddit.com\/submit?url=https:\/\/orasul-timisoara.ro\/local-38136\/&amp;title=Lucr%C4%83ri+Aquatim+%C3%AEn+vestul+%C8%9B%C4%83rii%3A+lista+complet%C4%83+a+zonelor+afectate+%C8%99i+intervalele+orare\" title=\"ReddIt\"><\/p>\n<div class=\"td-social-but-text\">ReddIt<\/div>\n<p><\/a><a class=\"td-social-sharing-button td-social-sharing-button-js td-social-network td-social-mail\" href=\"mailto:?subject=Lucr%C4%83ri%20Aquatim%20%C3%AEn%20vestul%20%C8%9B%C4%83rii:%20lista%20complet%C4%83%20a%20zonelor%20afectate%20%C8%99i%20intervalele%20orare&amp;body=https:\/\/orasul-timisoara.ro\/local-38136\/\" title=\"Email\"><\/p>\n<div class=\"td-social-but-text\">Email<\/div>\n<p><\/a><a class=\"td-social-sharing-button td-social-sharing-button-js td-social-network td-social-print\" href=\"https:\/\/orasul-timisoara.ro\/local-38136\/\" title=\"Imprimare\"><\/p>\n<div class=\"td-social-but-text\">Imprimare<\/div>\n<p><\/a><\/div>\n<\/div>\n<\/div>\n<div class=\"td-post-content tagdiv-type\">\n<p>Operatorul regional Aquatim anun\u021b\u0103 o serie de lucr\u0103ri de sp\u0103lare a re\u021belelor de distribu\u021bie a apei, care vor afecta presiunea sau alimentarea \u00een mai multe localit\u0103\u021bi din jude\u021bul Timi\u0219, \u00een perioada 16\u201321 aprilie 2026.<\/p>\n<p>Interven\u021biile fac parte din programul de mentenan\u021b\u0103 preventiv\u0103, menit s\u0103 asigure calitatea apei potabile \u0219i buna func\u021bionare a infrastructurii.<\/p>\n<p>\u00cen municipiul Lugoj, presiunea apei va fi sc\u0103zut\u0103 pe 16 \u0219i 17 aprilie, \u00eentre orele 8:00 \u0219i 15:00, pe str\u0103zile Teiului, Mure\u0219ului \u0219i 1 Mai. De asemenea, pe 20 aprilie, \u00een acela\u0219i interval orar, vor fi afecta\u021bi locuitorii din cartierul Cotu Mic \u0219i de pe strada cu acela\u0219i nume. Pe 21 aprilie, \u00eentre orele 8:00 \u0219i 15:00, presiunea va fi redus\u0103 \u00een cartierul Micro III \u0219i pe strada Ceahl\u0103ului.<\/p>\n<p>Lucr\u0103ri similare vor avea loc \u0219i \u00een localit\u0103\u021bile Sinersig, Jab\u0103r \u0219i Lugojel, unde, \u00een zilele de 16 \u0219i 17 aprilie, \u00eentre orele 9:00 \u0219i 14:00, presiunea apei va fi sc\u0103zut\u0103.<\/p>\n<p>Pe 17 aprilie, \u00eentre orele 9:00 \u0219i 15:00, furnizarea apei va fi complet \u00eentrerupt\u0103 \u00een ora\u0219ele Deta, G\u0103taia \u0219i Ciacova, precum \u0219i \u00een localit\u0103\u021bile P\u0103dureni, Gad, Butin \u0219i \u0218emlacu Mare. Tot \u00een aceea\u0219i zi, \u00eentre orele 9:00 \u0219i 14:00, presiunea va fi redus\u0103 \u00een localitatea Jena.<\/p>\n<p>Reprezentan\u021bii Aquatim precizeaz\u0103 c\u0103 aceste lucr\u0103ri sunt necesare pentru men\u021binerea unei calit\u0103\u021bi corespunz\u0103toare a apei potabile \u0219i pentru prevenirea problemelor tehnice \u00een re\u021bea.<\/p>\n<p>Dup\u0103 reluarea aliment\u0103rii \u00een regim normal, exist\u0103 posibilitatea ca apa de la robinet s\u0103 fie temporar tulbure. Speciali\u0219tii recomand\u0103 consumatorilor s\u0103 evite utilizarea apei \u00een scopuri menajere p\u00e2n\u0103 la limpezirea complet\u0103 \u0219i s\u0103 \u00ee\u0219i asigure rezerve suficiente de ap\u0103 pentru perioada afectat\u0103.<\/p>\n<\/div>\n<footer>\n<div class=\"td-post-source-tags\">\n<ul class=\"td-tags td-post-small-box clearfix\">\n<li><span>ETICHETE<\/span><\/li>\n<li><a href=\"https:\/\/orasul-timisoara.ro\/local-tag\/alimentare-apa\/\">alimentare apa<\/a><\/li>\n<li><a href=\"https:\/\/orasul-timisoara.ro\/local-tag\/anunt-utilitati-2\/\">anunt utilitati<\/a><\/li>\n<li><a href=\"https:\/\/orasul-timisoara.ro\/local-tag\/aquatim\/\">aquatim<\/a><\/li>\n<li><a href=\"https:\/\/orasul-timisoara.ro\/local-tag\/intreruperi-apa\/\">intreruperi apa<\/a><\/li>\n<li><a href=\"https:\/\/orasul-timisoara.ro\/local-tag\/lucrari-retea-apa-2\/\">lucrari retea apa<\/a><\/li>\n<li><a href=\"https:\/\/orasul-timisoara.ro\/local-tag\/lugoj\/\">lugoj<\/a><\/li>\n<li><a href=\"https:\/\/orasul-timisoara.ro\/local-tag\/mentenanta-retea-2\/\">mentenanta retea<\/a><\/li>\n<li><a href=\"https:\/\/orasul-timisoara.ro\/local-tag\/presiune-scazuta\/\">presiune scazuta<\/a><\/li>\n<li><a href=\"https:\/\/orasul-timisoara.ro\/local-tag\/timis\/\">timis<\/a><\/li>\n<\/ul>\n<\/div>\n<div class=\"td-post-sharing-bottom\">\n<div class=\"td-post-sharing-classic\"><iframe title=\"bottomFacebookLike\" frameborder src=\"https:\/\/www.facebook.com\/plugins\/like.php?href=https:\/\/orasul-timisoara.ro\/local-38136\/&amp;layout=button_count&amp;show_faces=false&amp;width=105&amp;action=like&amp;colorscheme=light&amp;height=21\"><\/iframe><\/div>\n<div id=\"td_social_sharing_article_bottom\" class=\"td-post-sharing td-ps-bg td-ps-notext td-post-sharing-style1 \">\n<div class=\"td-post-sharing-visible\"><a class=\"td-social-sharing-button td-social-sharing-button-js td-social-network td-social-facebook\" href=\"https:\/\/www.facebook.com\/sharer.php?u=https%3A%2F%2Forasul-timisoara.ro%2Flocal-38136%2F\" title=\"Facebook\"><\/p>\n<div class=\"td-social-but-text\">Facebook<\/div>\n<p><\/a><a class=\"td-social-sharing-button td-social-sharing-button-js td-social-network td-social-twitter\" href=\"https:\/\/twitter.com\/intent\/tweet?text=Lucr%C4%83ri+Aquatim+%C3%AEn+vestul+%C8%9B%C4%83rii%3A+lista+complet%C4%83+a+zonelor+afectate+%C8%99i+intervalele+orare&amp;url=https%3A%2F%2Forasul-timisoara.ro%2Flocal-38136%2F&amp;via=orasultm\" title=\"Twitter\"><\/p>\n<div class=\"td-social-but-text\">Twitter<\/div>\n<p><\/a><a class=\"td-social-sharing-button td-social-sharing-button-js td-social-network td-social-whatsapp\" href=\"https:\/\/api.whatsapp.com\/send?text=Lucr%C4%83ri+Aquatim+%C3%AEn+vestul+%C8%9B%C4%83rii%3A+lista+complet%C4%83+a+zonelor+afectate+%C8%99i+intervalele+orare%20%0A%0A%20https:\/\/orasul-timisoara.ro\/local-38136\/\" title=\"WhatsApp\"><\/p>\n<div class=\"td-social-but-text\">WhatsApp<\/div>\n<p><\/a><a class=\"td-social-sharing-button td-social-sharing-button-js td-social-network td-social-linkedin\" href=\"https:\/\/www.linkedin.com\/shareArticle?mini=true&amp;url=https:\/\/orasul-timisoara.ro\/local-38136\/&amp;title=Lucr%C4%83ri+Aquatim+%C3%AEn+vestul+%C8%9B%C4%83rii%3A+lista+complet%C4%83+a+zonelor+afectate+%C8%99i+intervalele+orare\" title=\"Linkedin\"><\/p>\n<div class=\"td-social-but-text\">Linkedin<\/div>\n<p><\/a><a class=\"td-social-sharing-button td-social-sharing-button-js td-social-network td-social-reddit\" href=\"https:\/\/reddit.com\/submit?url=https:\/\/orasul-timisoara.ro\/local-38136\/&amp;title=Lucr%C4%83ri+Aquatim+%C3%AEn+vestul+%C8%9B%C4%83rii%3A+lista+complet%C4%83+a+zonelor+afectate+%C8%99i+intervalele+orare\" title=\"ReddIt\"><\/p>\n<div class=\"td-social-but-text\">ReddIt<\/div>\n<p><\/a><a class=\"td-social-sharing-button td-social-sharing-button-js td-social-network td-social-mail\" href=\"mailto:?subject=Lucr%C4%83ri%20Aquatim%20%C3%AEn%20vestul%20%C8%9B%C4%83rii:%20lista%20complet%C4%83%20a%20zonelor%20afectate%20%C8%99i%20intervalele%20orare&amp;body=https:\/\/orasul-timisoara.ro\/local-38136\/\" title=\"Email\"><\/p>\n<div class=\"td-social-but-text\">Email<\/div>\n<p><\/a><a class=\"td-social-sharing-button td-social-sharing-button-js td-social-network td-social-print\" href=\"https:\/\/orasul-timisoara.ro\/local-38136\/\" title=\"Imprimare\"><\/p>\n<div class=\"td-social-but-text\">Imprimare<\/div>\n<p><\/a><\/div>\n<\/div>\n<\/div>\n<div class=\"td-block-row td-post-next-prev\">\n<div class=\"td-block-span6 td-post-prev-post\">\n<div class=\"td-post-next-prev-content\"><span>Articolul precedent<\/span><a href=\"https:\/\/orasul-timisoara.ro\/local-38133\/\">Sondaj INSCOP: AUR scade sub 40%, PSD \u0219i PNL cresc u\u0219or. Diferen\u021be mari \u00eentre votan\u021bi \u0219i cei mobiliza\u021bi<\/a><\/div>\n<\/div>\n<\/div>\n<div class=\"td-author-name vcard author\"><span class=\"fn\"><a href=\"https:\/\/orasul-timisoara.ro\/author\/timisoara\/\">redactia<\/a><\/span><\/div>\n<p><span class=\"td-page-meta\"><\/span><span class=\"td-page-meta\"><span class=\"td-page-meta\"><\/span><\/span><span class=\"td-page-meta\"><\/span><\/footer>\n<div class=\"td_block_wrap td_block_related_posts tdi_3 td_with_ajax_pagination td-pb-border-top td_block_template_8\" data-td-block-uid=\"tdi_3\">\n<h4 class=\"td-related-title td-block-title\"><a id=\"tdi_4\" class=\"td-related-left td-cur-simple-item\" data-td_filter_value data-td_block_id=\"tdi_3\" href=\"https:\/\/orasul-timisoara.ro\/local-38136\/\">ARTICOLE SIMILARE<\/a><a id=\"tdi_5\" class=\"td-related-right\" data-td_filter_value=\"td_related_more_from_author\" data-td_block_id=\"tdi_3\" href=\"https:\/\/orasul-timisoara.ro\/local-38136\/\">DE LA ACELA\u0218I AUTOR<\/a><\/h4>\n<div id=\"tdi_3\" class=\"td_block_inner\">\n<div class=\"td-related-row\">\n<div class=\"td-related-span4\">\n<div class=\"td_module_related_posts td-animation-stack td_mod_related_posts\">\n<div class=\"td-module-image\">\n<div class=\"td-module-thumb\"><a href=\"https:\/\/orasul-timisoara.ro\/local-38126\/\" rel=\"bookmark\" class=\"td-image-wrap \" title=\"Lucr\u0103ri la re\u021belele de ap\u0103: str\u0103zi din Timi\u0219oara \u0219i localit\u0103\u021bi din jude\u021b afectate\"><img loading=\"lazy\" decoding=\"async\" class=\"entry-thumb\" src=\"https:\/\/orasul-timisoara.ro\/wp-content\/uploads\/2021\/02\/apa-fantana-publica-robinet.jpg\" alt title=\"Lucr\u0103ri la re\u021belele de ap\u0103: str\u0103zi din Timi\u0219oara \u0219i localit\u0103\u021bi din jude\u021b afectate\" width=\"218\" height=\"150\"><\/a><\/div>\n<\/div>\n<div class=\"item-details\">\n<h3 class=\"entry-title td-module-title\"><a href=\"https:\/\/orasul-timisoara.ro\/local-38126\/\" rel=\"bookmark\" title=\"Lucr\u0103ri la re\u021belele de ap\u0103: str\u0103zi din Timi\u0219oara \u0219i localit\u0103\u021bi din jude\u021b afectate\">Lucr\u0103ri la re\u021belele de ap\u0103: str\u0103zi din Timi\u0219oara \u0219i localit\u0103\u021bi din jude\u021b afectate<\/a><\/h3>\n<\/div>\n<\/div>\n<\/div>\n<div class=\"td-related-span4\">\n<div class=\"td_module_related_posts td-animation-stack td_mod_related_posts\">\n<div class=\"td-module-image\">\n<div class=\"td-module-thumb\"><a href=\"https:\/\/orasul-timisoara.ro\/local-37994\/\" rel=\"bookmark\" class=\"td-image-wrap \" title=\"F\u0103r\u0103 ap\u0103 pe strada Chi\u0219odei \u0219i \u00een Vucova \u0219i Jena: programul \u00eentreruperilor\"><img loading=\"lazy\" decoding=\"async\" class=\"entry-thumb\" src=\"https:\/\/orasul-timisoara.ro\/wp-content\/uploads\/2026\/04\/apa-retele-reparatii-436x300.jpg\" alt title=\"F\u0103r\u0103 ap\u0103 pe strada Chi\u0219odei \u0219i \u00een Vucova \u0219i Jena: programul \u00eentreruperilor\" width=\"218\" height=\"150\"><\/a><\/div>\n<\/div>\n<div class=\"item-details\">\n<h3 class=\"entry-title td-module-title\"><a href=\"https:\/\/orasul-timisoara.ro\/local-37994\/\" rel=\"bookmark\" title=\"F\u0103r\u0103 ap\u0103 pe strada Chi\u0219odei \u0219i \u00een Vucova \u0219i Jena: programul \u00eentreruperilor\">F\u0103r\u0103 ap\u0103 pe strada Chi\u0219odei \u0219i \u00een Vucova \u0219i Jena: programul \u00eentreruperilor<\/a><\/h3>\n<\/div>\n<\/div>\n<\/div>\n<div class=\"td-related-span4\">\n<div class=\"td_module_related_posts td-animation-stack td_mod_related_posts\">\n<div class=\"td-module-image\">\n<div class=\"td-module-thumb\"><a href=\"https:\/\/orasul-timisoara.ro\/local-37969\/\" rel=\"bookmark\" class=\"td-image-wrap \" title=\"\u00centreruperi de ap\u0103 \u00een Timi\u0219: localit\u0103\u021bi afectate \u0219i programul lucr\u0103rilor Aquatim\"><img loading=\"lazy\" decoding=\"async\" class=\"entry-thumb\" src=\"https:\/\/orasul-timisoara.ro\/wp-content\/uploads\/2026\/04\/apa-robinet-lucrari-436x300.jpg\" alt title=\"\u00centreruperi de ap\u0103 \u00een Timi\u0219: localit\u0103\u021bi afectate \u0219i programul lucr\u0103rilor Aquatim\" width=\"218\" height=\"150\"><\/a><\/div>\n<\/div>\n<div class=\"item-details\">\n<h3 class=\"entry-title td-module-title\"><a href=\"https:\/\/orasul-timisoara.ro\/local-37969\/\" rel=\"bookmark\" title=\"\u00centreruperi de ap\u0103 \u00een Timi\u0219: localit\u0103\u021bi afectate \u0219i programul lucr\u0103rilor Aquatim\">\u00centreruperi de ap\u0103 \u00een Timi\u0219: localit\u0103\u021bi afectate \u0219i programul lucr\u0103rilor Aquatim<\/a><\/h3>\n<\/div>\n<\/div>\n<\/div>\n<\/div>\n<\/div>\n<\/div>\n<div class=\"comments\" id=\"comments\">\n<div id=\"respond\" class=\"comment-respond\">\n<h3 id=\"reply-title\" class=\"comment-reply-title\">L\u0102SA\u021aI UN MESAJ<\/h3>\n<div class=\"comment-form-input-wrap td-form-comment\">\n<div class=\"td-warning-comment\">V\u0103 rug\u0103m s\u0103 introduce\u021bi comentariul dvs.!<\/div>\n<\/div>\n<div class=\"comment-form-input-wrap td-form-author\">\n<div class=\"td-warning-author\">Introduce\u021bi aici numele dvs.<\/div>\n<\/div>\n<div class=\"comment-form-input-wrap td-form-email\">\n<div class=\"td-warning-email-error\">A\u021bi introdus o adres\u0103 de e-mail incorect\u0103!<\/div>\n<div class=\"td-warning-email\">V\u0103 rug\u0103m s\u0103 introduce\u021bi adresa dvs. de e-mail aici<\/div>\n<\/div>\n<\/div>\n<p class=\"akismet_comment_form_privacy_notice\">Acest site folose\u0219te Akismet pentru a reduce spamul. <a href=\"https:\/\/akismet.com\/privacy\/\" target=\"_blank\" rel=\"nofollow noopener\">Afl\u0103 cum sunt procesate datele comentariilor tale<\/a>.<\/p>\n<\/div>\n<\/div>\n<\/div>\n<div class=\"td-pb-span4 td-main-sidebar\" role=\"complementary\">\n<div class=\"td-ss-main-sidebar\">\n<aside id=\"block-5\" class=\"td_block_template_8 widget block-5 widget_block widget_media_image\">\n<div class=\"wp-block-image\">\n<figure class=\"aligncenter size-full\"><img loading=\"lazy\" decoding=\"async\" width=\"400\" height=\"400\" src=\"https:\/\/orasul-timisoara.ro\/wp-content\/uploads\/2026\/04\/400x400.png\" alt class=\"wp-image-38045\"><\/figure>\n<\/div>\n<\/aside>\n<aside id=\"block-4\" class=\"td_block_template_8 widget block-4 widget_block widget_media_image\">\n<figure class=\"wp-block-image size-full\"><img loading=\"lazy\" decoding=\"async\" width=\"336\" height=\"280\" src=\"https:\/\/orasul-timisoara.ro\/wp-content\/uploads\/2024\/11\/ReTIM-Abonamentul-Verde-Google-Ads-336x280px.gif\" alt class=\"wp-image-29257\"><\/figure>\n<\/aside>\n<div class=\"td_block_wrap td_block_social_counter td_block_widget tdi_6 td-social-style5 td-social-boxed td-pb-border-top td_block_template_8\">\n<div class=\"td-block-title-wrap\">\n<h4 class=\"td-block-title\"><span>Urm\u0103re\u0219te-ne pe Social Media<\/span><\/h4>\n<\/div>\n<div class=\"td-social-list\">\n<div class=\"td_social_type td-pb-margin-side td_social_facebook\">\n<div class=\"td-social-box\"><span class=\"td_social_info td_social_info_counter\">344,595<\/span><span class=\"td_social_info td_social_info_name\">Fani<\/span><span class=\"td_social_button\"><a href=\"https:\/\/www.facebook.com\/247timisoara\" target=\"_blank\" rel=\"nofollow\">\u00cemi place<\/a><\/span><\/div>\n<\/div>\n<div class=\"td_social_type td-pb-margin-side td_social_instagram\">\n<div class=\"td-social-box\"><span class=\"td_social_info td_social_info_counter\">4,416<\/span><span class=\"td_social_info td_social_info_name\">Cititori<\/span><span class=\"td_social_button\"><a href=\"https:\/\/instagram.com\/orasultimisoararo\/\" target=\"_blank\" rel=\"nofollow\">Conecta\u021bi-v\u0103<\/a><\/span><\/div>\n<\/div>\n<div class=\"td_social_type td-pb-margin-side td_social_rss\">\n<div class=\"td-social-box\"><span class=\"td_social_info td_social_info_counter\">12,506<\/span><span class=\"td_social_info td_social_info_name\">Cititori<\/span><span class=\"td_social_button\"><a href=\"https:\/\/orasul-timisoara.ro\/feed\/\" target=\"_blank\" rel=\"nofollow\">Conecta\u021bi-v\u0103<\/a><\/span><\/div>\n<\/div>\n<div class=\"td_social_type td-pb-margin-side td_social_tiktok\">\n<div class=\"td-social-box\"><span class=\"td_social_info td_social_info_counter\">1,500<\/span><span class=\"td_social_info td_social_info_name\">Cititori<\/span><span class=\"td_social_button\"><a href=\"https:\/\/www.tiktok.com\/@orasultimisoara\" target=\"_blank\" rel=\"nofollow\">Conecta\u021bi-v\u0103<\/a><\/span><\/div>\n<\/div>\n<div class=\"td_social_type td-pb-margin-side td_social_twitter\">\n<div class=\"td-social-box\"><span class=\"td_social_info td_social_info_counter\">1,595<\/span><span class=\"td_social_info td_social_info_name\">Cititori<\/span><span class=\"td_social_button\"><a href=\"https:\/\/twitter.com\/orasultm\" target=\"_blank\" rel=\"nofollow\">Conecta\u021bi-v\u0103<\/a><\/span><\/div>\n<\/div>\n<div class=\"td_social_type td-pb-margin-side td_social_youtube\">\n<div class=\"td-social-box\"><span class=\"td_social_info td_social_info_counter\">3,506<\/span><span class=\"td_social_info td_social_info_name\">Abona\u021bi<\/span><span class=\"td_social_button\"><a href=\"https:\/\/www.youtube.com\/channel\/UCQNsQvs2XCSIm1Z-AHRturw?sub_confirmation=1\" target=\"_blank\" rel=\"nofollow\">Abona\u021bi-v\u0103<\/a><\/span><\/div>\n<\/div>\n<\/div>\n<\/div>\n<aside id=\"text-7\" class=\"td_block_template_8 widget text-7 widget_text\">\n<h4 class=\"td-block-title\"><span>C\u0103ut\u0103ri populare pe OTM<\/span><\/h4>\n<div class=\"textwidget\"><a href=\"https:\/\/orasul-timisoara.ro\/?s=timisoara\"><span>Timisoara<\/span><\/a><a href=\"https:\/\/orasul-timisoara.ro\/?s=calin+dobra\"><span>Calin Dobra<\/span><\/a><a href=\"https:\/\/orasul-timisoara.ro\/?s=primaria+timisoara\"><span>Primaria Timisoara<\/span><\/a><a href=\"https:\/\/orasul-timisoara.ro\/?s=dominic+fritz\"><span>Dominic Fritz<\/span><\/a><a href=\"https:\/\/orasul-timisoara.ro\/?s=nicolae+robu\"><span>Nicolae Robu<\/span><\/a><a href=\"https:\/\/orasul-timisoara.ro\/?s=consiliul+local+timisoara\">Consiliul Local Timisoara<\/a><a href=\"https:\/\/orasul-timisoara.ro\/?s=consiliul+judetean+timis\"><span>Consiliul Judetean Timis<\/span><\/a><a href=\"https:\/\/orasul-timisoara.ro\/?s=cjt\"><span>CJT<\/span><\/a><a href=\"https:\/\/orasul-timisoara.ro\/?s=Alfred+Simonis\"><span>Alfred Simonis<\/span><\/a><a href=\"https:\/\/orasul-timisoara.ro\/?s=PNL\"><span>PNL<\/span><\/a><a href=\"https:\/\/orasul-timisoara.ro\/?s=coronavirus\"><span>coronavirus<\/span><\/a><a href=\"https:\/\/orasul-timisoara.ro\/?s=teatru+timisoara\">teatru Timisoara<\/a><a href=\"https:\/\/orasul-timisoara.ro\/?s=restaurante\"><span>restaurante Timisoara<\/span><\/a><a href=\"https:\/\/orasul-timisoara.ro\/?s=diskoteka\"><span>Diskoteka<\/span><\/a><a href=\"https:\/\/orasul-timisoara.ro\/?s=iulius+town\"><span>Iulius Town<\/span><\/a><a href=\"https:\/\/orasul-timisoara.ro\/?s=iulius+mall\"><span>Iulius Mall<\/span><\/a><a href=\"https:\/\/orasul-timisoara.ro\/?s=stpt\"><span>STPT<\/span><\/a><a href=\"https:\/\/orasul-timisoara.ro\/?s=alin+nica\"><span>Alin Nica<\/span><\/a><a href=\"https:\/\/orasul-timisoara.ro\/?s=psd\"><span>PSD<\/span><\/a><a href=\"https:\/\/orasul-timisoara.ro\/?s=aeroport\"><span>Aeroportul International Timisoara<\/span><\/a><a href=\"https:\/\/orasul-timisoara.ro\/?s=babes\"><span>Spitalul Victor Babes Timisoara<\/span><\/a><a href=\"https:\/\/orasul-timisoara.ro\/?s=poli\"><span>Poli Timi\u0219oara<\/span><\/a><a href=\"https:\/\/orasul-timisoara.ro\/?s=carantina\"><span>carantina<\/span><\/a><a href=\"https:\/\/orasul-timisoara.ro\/?s=aquatim\"><span>Aquatim<\/span><\/a><a href=\"https:\/\/orasul-timisoara.ro\/local-category\/stiri-timisoara\/\"><span>Stiri Timisoara<\/span><\/a><a href=\"https:\/\/orasul-timisoara.ro\/local-category\/investitii-in-timisoara\/\"><span>Investi\u021bii in Timi\u0219oara<\/span><\/a><a href=\"https:\/\/orasul-timisoara.ro\/local-9463\/\"><span>shaorma<\/span><\/a><a href=\"https:\/\/orasul-timisoara.ro\/?s=trafic\"><span>trafic rutier<\/span><\/a><a href=\"https:\/\/orasul-timisoara.ro\/?s=politia\"><span>politia locala timisoara<\/span><\/a><a href=\"https:\/\/orasul-timisoara.ro\/?s=roxana\"><span>Roxana Iliescu<\/span><\/a><a href=\"https:\/\/orasul-timisoara.ro\/?s=colterm\"><span>Colterm<\/span><\/a><a href=\"https:\/\/orasul-timisoara.ro\/?s=latcau\"><span>Ruben La\u021bc\u0103u<\/span><\/a><a href=\"https:\/\/orasul-timisoara.ro\/?s=timis\"><span>\u0218tiri din Timi\u0219<\/span><\/a><a href=\"https:\/\/orasul-timisoara.ro\/?s=spital\"><span>Spitale din Timi\u0219oara<\/span><\/a><a href=\"https:\/\/orasul-timisoara.ro\/?s=tabara\"><span>Cosmin Tab\u0103r\u0103<\/span><\/a><\/div>\n<\/aside>\n<aside id=\"rss-2\" class=\"td_block_template_8 widget rss-2 widget_rss\">\n<h4 class=\"td-block-title\"><span><a class=\"rsswidget rss-widget-feed\" href=\"https:\/\/fashionfridays.ro\/feed\"><img decoding=\"async\" class=\"rss-widget-icon\" width=\"14\" height=\"14\" src=\"https:\/\/orasul-timisoara.ro\/wp-includes\/images\/rss.png\" alt=\"RSS\" loading=\"lazy\"><\/a><a class=\"rsswidget rss-widget-title\" href=\"https:\/\/fashionfridays.ro\/\">Fashion Fridays<\/a><\/span><\/h4>\n<ul>\n<li><a class=\"rsswidget\" href=\"https:\/\/fashionfridays.ro\/crocs-lanseaza-crocband-gum-clog-confort-iconic-cu-influente-retro-sport-pentru-primavara\/\">Crocs lanseaz\u0103 Crocband Gum Clog: confort iconic cu influen\u021be retro-sport pentru prim\u0103var\u0103<\/a>\n<div class=\"rssSummary\">Martie marcheaz\u0103 acel moment al anului \u00een care stilul \u00eencepe s\u0103 se relaxeze. Zilele devin mai lungi, ritmul ora\u0219ului se schimb\u0103, iar garderoba face tranzi\u021bia c\u0103tre piese care pun confortul pe primul loc, f\u0103r\u0103 s\u0103 renun\u021be la atitudine. Este sezonul \u00een care autenticitatea devine declara\u021bie de stil, iar alegerile vestimentare reflect\u0103 mai mult ca oric\u00e2nd [\u2026]<\/div>\n<\/li>\n<\/ul>\n<\/aside>\n<aside id=\"rss-4\" class=\"td_block_template_8 widget rss-4 widget_rss\">\n<h4 class=\"td-block-title\"><span><a class=\"rsswidget rss-widget-feed\" href=\"https:\/\/emasini.ro\/feed\"><img decoding=\"async\" class=\"rss-widget-icon\" width=\"14\" height=\"14\" src=\"https:\/\/orasul-timisoara.ro\/wp-includes\/images\/rss.png\" alt=\"RSS\" loading=\"lazy\"><\/a><a class=\"rsswidget rss-widget-title\" href=\"https:\/\/emasini.ro\/\">eMasini<\/a><\/span><\/h4>\n<ul>\n<li><a class=\"rsswidget\" href=\"https:\/\/emasini.ro\/mercedes-eqs-2026-promite-autonomie-record-pana-la-925-km-electric\/\">Mercedes EQS 2026 promite autonomie record: p\u00e2n\u0103 la 925 km electric<\/a>\n<div class=\"rssSummary\">Mercedes-Benz intensific\u0103 competi\u021bia pe pia\u021ba ma\u0219inilor electrice de lux, lans\u00e2nd noua genera\u021bie Mercedes-Benz EQS, care promite o autonomie de p\u00e2n\u0103 la 925 de kilometri conform standardului WLTP. Modelul devine, cel pu\u021bin teoretic, liderul segmentului, dep\u0103\u0219ind rivalul direct, BMW, cu al s\u0103u sedan electric de top. Noua versiune EQS450+ aduce o cre\u0219tere de aproximativ 13% a [\u2026]<\/div>\n<\/li>\n<\/ul>\n<\/aside>\n<\/div>\n<\/div>\n<\/div>\n<\/div>\n<\/article>\n<div class=\"td-post-content tagdiv-type\">\n<p>Operatorul regional Aquatim anun\u021b\u0103 o serie de lucr\u0103ri de sp\u0103lare a re\u021belelor de distribu\u021bie a apei, care vor afecta presiunea sau alimentarea \u00een mai multe localit\u0103\u021bi din jude\u021bul Timi\u0219, \u00een perioada 16\u201321 aprilie 2026.<\/p>\n<p>Interven\u021biile fac parte din programul de mentenan\u021b\u0103 preventiv\u0103, menit s\u0103 asigure calitatea apei potabile \u0219i buna func\u021bionare a infrastructurii.<\/p>\n<p>\u00cen municipiul Lugoj, presiunea apei va fi sc\u0103zut\u0103 pe 16 \u0219i 17 aprilie, \u00eentre orele 8:00 \u0219i 15:00, pe str\u0103zile Teiului, Mure\u0219ului \u0219i 1 Mai. De asemenea, pe 20 aprilie, \u00een acela\u0219i interval orar, vor fi afecta\u021bi locuitorii din cartierul Cotu Mic \u0219i de pe strada cu acela\u0219i nume. Pe 21 aprilie, \u00eentre orele 8:00 \u0219i 15:00, presiunea va fi redus\u0103 \u00een cartierul Micro III \u0219i pe strada Ceahl\u0103ului.<\/p>\n<p>Lucr\u0103ri similare vor avea loc \u0219i \u00een localit\u0103\u021bile Sinersig, Jab\u0103r \u0219i Lugojel, unde, \u00een zilele de 16 \u0219i 17 aprilie, \u00eentre orele 9:00 \u0219i 14:00, presiunea apei va fi sc\u0103zut\u0103.<\/p>\n<p>Pe 17 aprilie, \u00eentre orele 9:00 \u0219i 15:00, furnizarea apei va fi complet \u00eentrerupt\u0103 \u00een ora\u0219ele Deta, G\u0103taia \u0219i Ciacova, precum \u0219i \u00een localit\u0103\u021bile P\u0103dureni, Gad, Butin \u0219i \u0218emlacu Mare. Tot \u00een aceea\u0219i zi, \u00eentre orele 9:00 \u0219i 14:00, presiunea va fi redus\u0103 \u00een localitatea Jena.<\/p>\n<p>Reprezentan\u021bii Aquatim precizeaz\u0103 c\u0103 aceste lucr\u0103ri sunt necesare pentru men\u021binerea unei calit\u0103\u021bi corespunz\u0103toare a apei potabile \u0219i pentru prevenirea problemelor tehnice \u00een re\u021bea.<\/p>\n<p>Dup\u0103 reluarea aliment\u0103rii \u00een regim normal, exist\u0103 posibilitatea ca apa de la robinet s\u0103 fie temporar tulbure. Speciali\u0219tii recomand\u0103 consumatorilor s\u0103 evite utilizarea apei \u00een scopuri menajere p\u00e2n\u0103 la limpezirea complet\u0103 \u0219i s\u0103 \u00ee\u0219i asigure rezerve suficiente de ap\u0103 pentru perioada afectat\u0103.<\/p>\n<\/div>\n<p>[analyse_source url=&#8221;https:\/\/orasul-timisoara.ro\/local-38136\/&#8221;]<\/p>\n","protected":false},"excerpt":{"rendered":"<p>[analyse_image type=&#8221;featured&#8221; src=&#8221;https:\/\/orasul-timisoara.ro\/wp-content\/uploads\/2020\/05\/aquatm-apa.jpg&#8221;] Investitii in TimisoaraLucr\u0103ri Aquatim \u00een vestul \u021b\u0103rii: lista complet\u0103 a zonelor afectate \u0219i intervalele&#8230; Investitii in Timisoara \u0218tiri Locale Lucr\u0103ri Aquatim \u00een vestul \u021b\u0103rii: lista complet\u0103 a zonelor afectate \u0219i intervalele orare De c\u0103tre redactia &#8211; 15\/04\/2026 Facebook Twitter WhatsApp Linkedin ReddIt Email Imprimare Operatorul regional Aquatim anun\u021b\u0103 o serie de lucr\u0103ri [&hellip;]<\/p>\n","protected":false},"author":1,"featured_media":0,"comment_status":"open","ping_status":"","sticky":false,"template":"","format":"standard","meta":{"footnotes":""},"categories":[89],"tags":[226,189],"class_list":["post-1883161","post","type-post","status-publish","format-standard","hentry","category-romania","tag-crawlmanager","tag-orasul-timisoara-ro"],"_links":{"self":[{"href":"https:\/\/analyse.optim.biz\/index.php?rest_route=\/wp\/v2\/posts\/1883161","targetHints":{"allow":["GET"]}}],"collection":[{"href":"https:\/\/analyse.optim.biz\/index.php?rest_route=\/wp\/v2\/posts"}],"about":[{"href":"https:\/\/analyse.optim.biz\/index.php?rest_route=\/wp\/v2\/types\/post"}],"author":[{"embeddable":true,"href":"https:\/\/analyse.optim.biz\/index.php?rest_route=\/wp\/v2\/users\/1"}],"replies":[{"embeddable":true,"href":"https:\/\/analyse.optim.biz\/index.php?rest_route=%2Fwp%2Fv2%2Fcomments&post=1883161"}],"version-history":[{"count":0,"href":"https:\/\/analyse.optim.biz\/index.php?rest_route=\/wp\/v2\/posts\/1883161\/revisions"}],"wp:attachment":[{"href":"https:\/\/analyse.optim.biz\/index.php?rest_route=%2Fwp%2Fv2%2Fmedia&parent=1883161"}],"wp:term":[{"taxonomy":"category","embeddable":true,"href":"https:\/\/analyse.optim.biz\/index.php?rest_route=%2Fwp%2Fv2%2Fcategories&post=1883161"},{"taxonomy":"post_tag","embeddable":true,"href":"https:\/\/analyse.optim.biz\/index.php?rest_route=%2Fwp%2Fv2%2Ftags&post=1883161"}],"curies":[{"name":"wp","href":"https:\/\/api.w.org\/{rel}","templated":true}]}}