{"id":1882989,"date":"2026-04-15T08:45:19","date_gmt":"2026-04-15T05:45:19","guid":{"rendered":"https:\/\/analyse.optim.biz\/?p=1882989"},"modified":"2026-04-15T08:45:19","modified_gmt":"2026-04-15T05:45:19","slug":"prim-ministrul-giorgia-meloni-a-suspendat-acordul-de-cooperare-in-domeniul-apararii-dintre-italia-si-israel","status":"publish","type":"post","link":"https:\/\/analyse.optim.biz\/?p=1882989","title":{"rendered":"Prim-ministrul Giorgia Meloni a suspendat acordul de cooperare \u00een domeniul ap\u0103r\u0103rii dintre Italia \u0219i Israel"},"content":{"rendered":"<p>[analyse_image type=&#8221;featured&#8221; src=&#8221;https:\/\/dobrogeanews.b-cdn.net\/wp-content\/uploads\/2026\/04\/meloni-primul-ministrul-italiei.jpg&#8221;]<\/p>\n<div id=\"post-69957\" class=\"entry single-default post-69957 post type-post status-publish format-standard has-post-thumbnail hentry category-stiri-externe\">\n<div>\n<div class=\"ss-follow-wrapper ss-clearfix ss-regular-buttons ss-columns-1 ss-default-style\">\n<div class=\"ss-follow-column\" data-ss-sf-network-id='\"facebook\"'><a href=\"https:\/\/www.facebook.com\/dobrogeanews\" class=\"ss-follow-network ss-facebook-color\" rel=\"nofollow noopener\" aria-label=\"facebook\" target=\"_blank\"><span class=\"ss-follow-network-label\">Urm\u0103re\u015fte-ne \u015fi pe Facebook!<\/span><span class=\"ss-follow-network-count\"><span class=\"ss-follow-network-count-number\">57K<\/span><span class=\"ss-follow-network-count-label\">Followers<\/span><\/span><\/a><\/div>\n<\/div>\n<\/div>\n<p>Prim-ministrul Giorgia Meloni a suspendat acordul de cooperare \u00een domeniul ap\u0103r\u0103rii dintre Italia \u0219i Israel, \u00een contextul \u00een care continu\u0103 s\u0103 \u00ee\u0219i distan\u021beze guvernul de r\u0103zboiul americano-israelian din Iran, care a cuprins Orientul Mijlociu conform <a href=\"https:\/\/www.politico.eu\/\" title=\"\">POLITICO<\/a>.<\/p>\n<figure class=\"wp-block-image size-full is-resized\">\n<source type=\"image\/webp\" data-lazy-srcset=\"https:\/\/dobrogeanews.b-cdn.net\/wp-content\/uploads\/2026\/04\/meloni-primul-ministrul-italiei.jpg.webp 2560w, https:\/\/dobrogeanews.b-cdn.net\/wp-content\/uploads\/2026\/04\/meloni-primul-ministrul-italiei-300x246.jpg.webp 300w, https:\/\/dobrogeanews.b-cdn.net\/wp-content\/uploads\/2026\/04\/meloni-primul-ministrul-italiei-1024x840.jpg.webp 1024w, https:\/\/dobrogeanews.b-cdn.net\/wp-content\/uploads\/2026\/04\/meloni-primul-ministrul-italiei-768x630.jpg.webp 768w, https:\/\/dobrogeanews.b-cdn.net\/wp-content\/uploads\/2026\/04\/meloni-primul-ministrul-italiei-1536x1260.jpg.webp 1536w, https:\/\/dobrogeanews.b-cdn.net\/wp-content\/uploads\/2026\/04\/meloni-primul-ministrul-italiei-2048x1680.jpg.webp 2048w\" sizes=\"(max-width: 640px) 100vw, 640px\" \/><br \/>\n<img loading=\"lazy\" decoding=\"async\" src=\"https:\/\/dobrogeanews.b-cdn.net\/wp-content\/uploads\/2026\/04\/meloni-primul-ministrul-italiei.jpg\" alt=\"\" width=\"640\" height=\"525\"><\/figure>\n<p>Aceast\u0103 mi\u0219care are loc pe fondul tensiunilor cresc\u00e2nde dintre Italia \u0219i Israel, dup\u0103 ce\u00a0For\u021bele de Ap\u0103rare ale Israelului au tras focuri de avertisment asupra unui convoi italian de men\u021binere a p\u0103cii\u00a0\u00een afara ora\u0219ului Beirut, Liban.<\/p>\n<p>Guvernul italian a sus\u021binut \u00een mare m\u0103sur\u0103 Israelul \u00een r\u0103zboiul s\u0103u din Gaza \u0219i nu recunoa\u0219te statul palestinian. \u00cens\u0103 r\u0103zboiul din Iran a for\u021bat-o pe lidera italian\u0103 s\u0103 se repozi\u021bioneze.<\/p>\n<p>Meloni a condamnat Israelul pentru c\u0103\u00a0i-a \u00eempiedicat pe liderii catolici s\u0103 celebreze o Liturghie privat\u0103 \u00een Biserica Sf\u00e2ntului Sepulcru \u00een s\u0103rb\u0103toarea cre\u0219tin\u0103 a Duminicii Floriilor\u00a0, numind-o \u201eofens\u0103 adus\u0103 libert\u0103\u021bii religioase\u201d. Iar \u00eentr-un discurs adresat\u00a0parlamentului\u00a0s\u0103pt\u0103m\u00e2na trecut\u0103, ea a criticat Israelul pentru comportamentul s\u0103u \u00een Liban (POLITICO).<\/p>\n<div class=\"monsterinsights-inline-popular-posts monsterinsights-inline-popular-posts-charlie monsterinsights-popular-posts-styled\">\n<div class=\"monsterinsights-inline-popular-posts-text\"><span class=\"monsterinsights-inline-popular-posts-label\">Vezi \u0219i:<\/span><\/p>\n<div class=\"monsterinsights-inline-popular-posts-post\"><a class=\"monsterinsights-inline-popular-posts-title\" href=\"https:\/\/www.dobrogeanews.ro\/tulcea-noile-tarife-pentru-transport-public-rutier-si-naval\/\">Tulcea: Noile tarife pentru transport public (rutier \u0219i naval)<\/a><\/div>\n<div class=\"monsterinsights-inline-popular-posts-post\"><a class=\"monsterinsights-inline-popular-posts-title\" href=\"https:\/\/www.dobrogeanews.ro\/video-primarul-stefan-ilie-raspunde-intrebarilor-privind-reabilitarea-strazilor-din-municipiul-tulcea\/\">(Video) Primarul \u0218tefan Ilie, r\u0103spunde \u00eentreb\u0103rilor privind reabilitarea Str\u0103zilor din Municipiul Tulcea<\/a><\/div>\n<div class=\"monsterinsights-inline-popular-posts-post\"><a class=\"monsterinsights-inline-popular-posts-title\" href=\"https:\/\/www.dobrogeanews.ro\/dr-laurentiu-ivanof-fiti-atenti-la-taceri-la-retrageri-la-schimbari-subtile-uneori-cei-care-au-cea-mai-mare-nevoie-de-ajutor-sunt-cei-care-cer-cel-mai-putin\/\">Dr. Lauren\u021biu Ivanof: Fi\u021bi aten\u021bi la t\u0103ceri. La retrageri. La schimb\u0103ri subtile. Uneori, cei care au cea mai mare nevoie de ajutor sunt cei care cer cel mai pu\u021bin.<\/a><\/div>\n<\/div>\n<\/div>\n<p class=\"has-text-align-center has-white-color has-text-color has-background\"><span><a href=\"https:\/\/news.google.com\/publications\/CAAqBwgKMIu5pgsw88O-Aw?ceid=RO:ro&amp;oc=3\">Urm\u0103ri\u0163i \u015etirile Dobrogeanews \u015fi pe Google News<\/a><\/span><\/p>\n<\/div>\n<div id=\"post-69957\" class=\"entry single-default post-69957 post type-post status-publish format-standard has-post-thumbnail hentry category-stiri-externe\">\n<div>\n<div class=\"ss-follow-wrapper ss-clearfix ss-regular-buttons ss-columns-1 ss-default-style\">\n<div class=\"ss-follow-column\" data-ss-sf-network-id='\"facebook\"'><a href=\"https:\/\/www.facebook.com\/dobrogeanews\" class=\"ss-follow-network ss-facebook-color\" rel=\"nofollow noopener\" aria-label=\"facebook\" target=\"_blank\"><span class=\"ss-follow-network-label\">Urm\u0103re\u015fte-ne \u015fi pe Facebook!<\/span><span class=\"ss-follow-network-count\"><span class=\"ss-follow-network-count-number\">57K<\/span><span class=\"ss-follow-network-count-label\">Followers<\/span><\/span><\/a><\/div>\n<\/div>\n<\/div>\n<p>Prim-ministrul Giorgia Meloni a suspendat acordul de cooperare \u00een domeniul ap\u0103r\u0103rii dintre Italia \u0219i Israel, \u00een contextul \u00een care continu\u0103 s\u0103 \u00ee\u0219i distan\u021beze guvernul de r\u0103zboiul americano-israelian din Iran, care a cuprins Orientul Mijlociu conform <a href=\"https:\/\/www.politico.eu\/\" title=\"\">POLITICO<\/a>.<\/p>\n<figure class=\"wp-block-image size-full is-resized\">\n<source type=\"image\/webp\" data-lazy-srcset=\"https:\/\/dobrogeanews.b-cdn.net\/wp-content\/uploads\/2026\/04\/meloni-primul-ministrul-italiei.jpg.webp 2560w, https:\/\/dobrogeanews.b-cdn.net\/wp-content\/uploads\/2026\/04\/meloni-primul-ministrul-italiei-300x246.jpg.webp 300w, https:\/\/dobrogeanews.b-cdn.net\/wp-content\/uploads\/2026\/04\/meloni-primul-ministrul-italiei-1024x840.jpg.webp 1024w, https:\/\/dobrogeanews.b-cdn.net\/wp-content\/uploads\/2026\/04\/meloni-primul-ministrul-italiei-768x630.jpg.webp 768w, https:\/\/dobrogeanews.b-cdn.net\/wp-content\/uploads\/2026\/04\/meloni-primul-ministrul-italiei-1536x1260.jpg.webp 1536w, https:\/\/dobrogeanews.b-cdn.net\/wp-content\/uploads\/2026\/04\/meloni-primul-ministrul-italiei-2048x1680.jpg.webp 2048w\" sizes=\"(max-width: 640px) 100vw, 640px\" \/><br \/>\n<img loading=\"lazy\" decoding=\"async\" src=\"https:\/\/dobrogeanews.b-cdn.net\/wp-content\/uploads\/2026\/04\/meloni-primul-ministrul-italiei.jpg\" alt=\"\" width=\"640\" height=\"525\"><\/figure>\n<p>Aceast\u0103 mi\u0219care are loc pe fondul tensiunilor cresc\u00e2nde dintre Italia \u0219i Israel, dup\u0103 ce\u00a0For\u021bele de Ap\u0103rare ale Israelului au tras focuri de avertisment asupra unui convoi italian de men\u021binere a p\u0103cii\u00a0\u00een afara ora\u0219ului Beirut, Liban.<\/p>\n<p>Guvernul italian a sus\u021binut \u00een mare m\u0103sur\u0103 Israelul \u00een r\u0103zboiul s\u0103u din Gaza \u0219i nu recunoa\u0219te statul palestinian. \u00cens\u0103 r\u0103zboiul din Iran a for\u021bat-o pe lidera italian\u0103 s\u0103 se repozi\u021bioneze.<\/p>\n<p>Meloni a condamnat Israelul pentru c\u0103\u00a0i-a \u00eempiedicat pe liderii catolici s\u0103 celebreze o Liturghie privat\u0103 \u00een Biserica Sf\u00e2ntului Sepulcru \u00een s\u0103rb\u0103toarea cre\u0219tin\u0103 a Duminicii Floriilor\u00a0, numind-o \u201eofens\u0103 adus\u0103 libert\u0103\u021bii religioase\u201d. Iar \u00eentr-un discurs adresat\u00a0parlamentului\u00a0s\u0103pt\u0103m\u00e2na trecut\u0103, ea a criticat Israelul pentru comportamentul s\u0103u \u00een Liban (POLITICO).<\/p>\n<div class=\"monsterinsights-inline-popular-posts monsterinsights-inline-popular-posts-charlie monsterinsights-popular-posts-styled\">\n<div class=\"monsterinsights-inline-popular-posts-text\"><span class=\"monsterinsights-inline-popular-posts-label\">Vezi \u0219i:<\/span><\/p>\n<div class=\"monsterinsights-inline-popular-posts-post\"><a class=\"monsterinsights-inline-popular-posts-title\" href=\"https:\/\/www.dobrogeanews.ro\/tulcea-noile-tarife-pentru-transport-public-rutier-si-naval\/\">Tulcea: Noile tarife pentru transport public (rutier \u0219i naval)<\/a><\/div>\n<div class=\"monsterinsights-inline-popular-posts-post\"><a class=\"monsterinsights-inline-popular-posts-title\" href=\"https:\/\/www.dobrogeanews.ro\/video-primarul-stefan-ilie-raspunde-intrebarilor-privind-reabilitarea-strazilor-din-municipiul-tulcea\/\">(Video) Primarul \u0218tefan Ilie, r\u0103spunde \u00eentreb\u0103rilor privind reabilitarea Str\u0103zilor din Municipiul Tulcea<\/a><\/div>\n<div class=\"monsterinsights-inline-popular-posts-post\"><a class=\"monsterinsights-inline-popular-posts-title\" href=\"https:\/\/www.dobrogeanews.ro\/dr-laurentiu-ivanof-fiti-atenti-la-taceri-la-retrageri-la-schimbari-subtile-uneori-cei-care-au-cea-mai-mare-nevoie-de-ajutor-sunt-cei-care-cer-cel-mai-putin\/\">Dr. Lauren\u021biu Ivanof: Fi\u021bi aten\u021bi la t\u0103ceri. La retrageri. La schimb\u0103ri subtile. Uneori, cei care au cea mai mare nevoie de ajutor sunt cei care cer cel mai pu\u021bin.<\/a><\/div>\n<\/div>\n<\/div>\n<p class=\"has-text-align-center has-white-color has-text-color has-background\"><span><a href=\"https:\/\/news.google.com\/publications\/CAAqBwgKMIu5pgsw88O-Aw?ceid=RO:ro&amp;oc=3\">Urm\u0103ri\u0163i \u015etirile Dobrogeanews \u015fi pe Google News<\/a><\/span><\/p>\n<\/div>\n<p>[analyse_source url=&#8221;https:\/\/www.dobrogeanews.ro\/prim-ministrul-giorgia-meloni-a-suspendat-acordul-de-cooperare-in-domeniul-apararii-dintre-italia-si-israel\/&#8221;]<\/p>\n","protected":false},"excerpt":{"rendered":"<p>[analyse_image type=&#8221;featured&#8221; src=&#8221;https:\/\/dobrogeanews.b-cdn.net\/wp-content\/uploads\/2026\/04\/meloni-primul-ministrul-italiei.jpg&#8221;] Urm\u0103re\u015fte-ne \u015fi pe Facebook!57KFollowers Prim-ministrul Giorgia Meloni a suspendat acordul de cooperare \u00een domeniul ap\u0103r\u0103rii dintre Italia \u0219i Israel, \u00een contextul \u00een care continu\u0103 s\u0103 \u00ee\u0219i distan\u021beze guvernul de r\u0103zboiul americano-israelian din Iran, care a cuprins Orientul Mijlociu conform POLITICO. Aceast\u0103 mi\u0219care are loc pe fondul tensiunilor cresc\u00e2nde dintre Italia \u0219i Israel, [&hellip;]<\/p>\n","protected":false},"author":1,"featured_media":0,"comment_status":"open","ping_status":"","sticky":false,"template":"","format":"standard","meta":{"footnotes":""},"categories":[89],"tags":[226,223],"class_list":["post-1882989","post","type-post","status-publish","format-standard","hentry","category-romania","tag-crawlmanager","tag-dobrogeanews-ro"],"_links":{"self":[{"href":"https:\/\/analyse.optim.biz\/index.php?rest_route=\/wp\/v2\/posts\/1882989","targetHints":{"allow":["GET"]}}],"collection":[{"href":"https:\/\/analyse.optim.biz\/index.php?rest_route=\/wp\/v2\/posts"}],"about":[{"href":"https:\/\/analyse.optim.biz\/index.php?rest_route=\/wp\/v2\/types\/post"}],"author":[{"embeddable":true,"href":"https:\/\/analyse.optim.biz\/index.php?rest_route=\/wp\/v2\/users\/1"}],"replies":[{"embeddable":true,"href":"https:\/\/analyse.optim.biz\/index.php?rest_route=%2Fwp%2Fv2%2Fcomments&post=1882989"}],"version-history":[{"count":0,"href":"https:\/\/analyse.optim.biz\/index.php?rest_route=\/wp\/v2\/posts\/1882989\/revisions"}],"wp:attachment":[{"href":"https:\/\/analyse.optim.biz\/index.php?rest_route=%2Fwp%2Fv2%2Fmedia&parent=1882989"}],"wp:term":[{"taxonomy":"category","embeddable":true,"href":"https:\/\/analyse.optim.biz\/index.php?rest_route=%2Fwp%2Fv2%2Fcategories&post=1882989"},{"taxonomy":"post_tag","embeddable":true,"href":"https:\/\/analyse.optim.biz\/index.php?rest_route=%2Fwp%2Fv2%2Ftags&post=1882989"}],"curies":[{"name":"wp","href":"https:\/\/api.w.org\/{rel}","templated":true}]}}