{"id":1882985,"date":"2026-04-15T08:30:52","date_gmt":"2026-04-15T05:30:52","guid":{"rendered":"https:\/\/analyse.optim.biz\/?p=1882985"},"modified":"2026-04-15T08:30:52","modified_gmt":"2026-04-15T05:30:52","slug":"cladirea-de-pe-loga-52-evacuata-cu-surle-si-trambite-de-dominic-fritz-recuperata-pe-baza-unui-proces-intentat-de-administratia-robu","status":"publish","type":"post","link":"https:\/\/analyse.optim.biz\/?p=1882985","title":{"rendered":"Cl\u0103direa de pe Loga 52, evacuat\u0103 cu surle \u0219i tr\u00e2mbi\u021be de Dominic Fritz, recuperat\u0103 pe baza unui proces intentat de administra\u021bia Robu"},"content":{"rendered":"<p>[analyse_image type=&#8221;featured&#8221; src=&#8221;https:\/\/focustim.ro\/wp-content\/uploads\/2026\/04\/cladire-loga.jpg&#8221;]<\/p>\n<article id=\"post-39972\" class=\"penci-single-artcontent noloaddisqus post-39972 post type-post status-publish format-standard has-post-thumbnail hentry category-actualitate category-administratie category-featured tag-cladire tag-instanta penci-post-item\">\n<header class=\"entry-header penci-entry-header penci-title-\">\n<div class=\"penci-entry-categories\"><span class=\"penci-cat-links\"><a href=\"https:\/\/focustim.ro\/category\/actualitate\/\" rel=\"category tag\">Actualitate<\/a><a href=\"https:\/\/focustim.ro\/category\/administratie\/\" rel=\"category tag\">Administra\u021bie<\/a><a href=\"https:\/\/focustim.ro\/category\/featured\/\" rel=\"category tag\">Featured<\/a><\/span><\/div>\n<h1 class=\"entry-title penci-entry-title penci-title-\">Cl\u0103direa de pe Loga 52, evacuat\u0103 cu surle \u0219i tr\u00e2mbi\u021be de Dominic Fritz, recuperat\u0103 pe baza unui proces intentat de administra\u021bia Robu<\/h1>\n<div class=\"entry-meta penci-entry-meta\"><span class=\"entry-meta-item penci-posted-on\"><time class=\"entry-date published\" datetime=\"2026-04-15T11:30:52+03:00\">15\/04\/2026<\/time><time class=\"updated\" datetime=\"2026-04-15T11:30:57+03:00\">15\/04\/2026<\/time><\/span><span class=\"entry-meta-item penci-comment-count\"><a class=\"penci_pmeta-link\" href=\"https:\/\/focustim.ro\/cladirea-de-pe-loga-52-evacuata-cu-surle-si-trambite-de-dominic-fritz-recuperata-pe-baza-unui-proces-intentat-de-administratia-robu\/#respond\">0<\/a><\/span><\/div>\n<p><span class=\"penci-social-buttons penci-social-share-footer\"><span class=\"penci-social-share-text\">Distribuie<\/span><a href=\"https:\/\/focustim.ro\/cladirea-de-pe-loga-52-evacuata-cu-surle-si-trambite-de-dominic-fritz-recuperata-pe-baza-unui-proces-intentat-de-administratia-robu\/\" class=\"penci-post-like penci_post-meta_item  single-like-button penci-social-item like\" data-post_id=\"39972\" title=\"Like\" data-like=\"Like\" data-unlike=\"Unlike\"><span class=\"penci-share-number\">0<\/span><\/a><\/span><\/header>\n<div class=\"entry-media penci-entry-media\">\n<div class=\"post-format-meta \">\n<div class=\"post-image penci-standard-format\"><img decoding=\"async\" width=\"960\" height=\"642\" src=\"https:\/\/focustim.ro\/wp-content\/uploads\/2026\/04\/cladire-loga-960x642.jpg\" class=\"attachment-penci-thumb-960-auto size-penci-thumb-960-auto wp-post-image\" alt loading=\"lazy\"><\/div>\n<\/div>\n<\/div>\n<div class=\"penci-entry-content entry-content\">\n<p><strong>Cl\u0103direa de pe C.D. Loga 52, evacuat\u0103 de primarul Dominic Fritz, \u00een a treia zi de Pa\u0219te, cu surle \u0219i tr\u00e2mbi\u021be, a fost recuperat\u0103 pe baza unui proces \u00eenceput \u00een 2016, deci pe vremea administra\u021biei Robu. Dominic Fritz s-a chinuit s\u0103 pozeze \u00een mare lupt\u0103tor contra mafiei imobiliare din Timi\u0219oara, \u00eens\u0103 marele lui noroc a fost c\u0103 a picat fix pe o sentin\u021b\u0103 care i-a convenit.<\/strong><\/p>\n<p>\u201eAzi am intrat \u00een vila de pe Loga 52, ocupat\u0103 ilegal timp de decenii. E o zi istoric\u0103 pentru Timi\u0219oara. Rana din zona zero a ora\u0219ului \u00eencepe s\u0103 se vindece. Loga 52 e prima cas\u0103 de aici care se \u00eentoarce \u00een patrimoniul ora\u0219ului.\u201dCasa e proprietate de vreo 15-20 de ani. \u00cen \u0103\u0219tia 15-20 de ani, nu s-a g\u0103sit nimeni s\u0103 vin\u0103 s\u0103-\u0219i ia casa? S-a dus domnul Fritz, domnul primar s\u0103 ce \u2026?\u201d \u2013 aceasta e declara\u021bia f\u0103cut\u0103 presei de cel care \u00eei reprezint\u0103 pe a\u0219a-zi\u0219ii proprietari. \u0218i da, e o \u00eentrebare legitim\u0103: de ce \u00een 15-20 de ani nimeni nu a f\u0103cut nimic pentru ca aceast\u0103 vil\u0103 s\u0103 fie recuperat\u0103 de stat?A fost o lupt\u0103 lung\u0103. Se fac 2 ani jumate de c\u00e2nd am redob\u00e2ndit-o \u00een acte, au urmat noi procese \u0219i blocaje \u00een justi\u021bie pentru c\u0103 au refuzat s\u0103 evacueze vila. Azi, \u00een sf\u00e2r\u0219it, am intrat cu for\u021bele de ordine s\u0103 ne recuper\u0103m casa. Nu ne-a a\u0219teptat nimeni cu cheia.Vila de pe Loga 52 e una din casele cu poveste \u00eenc\u00e2lcit\u0103 \u0219i dubioas\u0103 din centru Timi\u0219oarei ajuns\u0103 dup\u0103 anii 90 \u00een m\u00e2inile celor care au luat ilegal multe din imobilele istorice \u0219i le-au mutilat. Noi vom face aici gr\u0103dini\u021b\u0103.E un act de dreptate \u0219i de \u00eens\u0103n\u0103to\u0219ire a noastr\u0103, ca o comunitate care vede c\u0103 legea e lege pentru to\u021bi. V\u0103 promit c\u0103 indiferent de c\u00e2t de lung e drumul pentru dreptate nu o s\u0103 m\u0103 dau b\u0103tut niciodat\u0103 atunci c\u00e2nd e vorba de Timi\u0219oara\u201d, a transmis Dominic Fritz pe Facebook.<\/p>\n<div class=\"sharedaddy sd-sharing-enabled\">\n<div class=\"robots-nocontent sd-block sd-social sd-social-icon-text sd-sharing\">\n<h3 class=\"sd-title\">Partajeaz\u0103 asta:<\/h3>\n<div class=\"sd-content\">\n<ul>\n<li class=\"share-twitter\"><a rel=\"nofollow noopener noreferrer\" data-shared=\"sharing-twitter-39972\" class=\"share-twitter sd-button share-icon\" href=\"https:\/\/focustim.ro\/cladirea-de-pe-loga-52-evacuata-cu-surle-si-trambite-de-dominic-fritz-recuperata-pe-baza-unui-proces-intentat-de-administratia-robu\/?share=twitter\" target=\"_blank\" title=\"D\u0103 clic pentru a partaja pe Twitter\"><span>Twitter<\/span><\/a><\/li>\n<li class=\"share-facebook\"><a rel=\"nofollow noopener noreferrer\" data-shared=\"sharing-facebook-39972\" class=\"share-facebook sd-button share-icon\" href=\"https:\/\/focustim.ro\/cladirea-de-pe-loga-52-evacuata-cu-surle-si-trambite-de-dominic-fritz-recuperata-pe-baza-unui-proces-intentat-de-administratia-robu\/?share=facebook\" target=\"_blank\" title=\"D\u0103 clic pentru a partaja pe Facebook\"><span>Facebook<\/span><\/a><\/li>\n<li class=\"share-end\"><\/ul>\n<\/div>\n<\/div>\n<\/div>\n<div class=\"sharedaddy sd-block sd-like jetpack-likes-widget-wrapper jetpack-likes-widget-unloaded\" id=\"like-post-wrapper-167025405-39972-69df4cd942bc9\" data-src=\"https:\/\/widgets.wp.com\/likes\/#blog_id=167025405&amp;post_id=39972&amp;origin=focustim.ro&amp;obj_id=167025405-39972-69df4cd942bc9\" data-name=\"like-post-frame-167025405-39972-69df4cd942bc9\" data-title=\"Apreciaz\u0103 sau republic\u0103\">\n<h3 class=\"sd-title\">Apreciaz\u0103:<\/h3>\n<div class=\"likes-widget-placeholder post-likes-widget-placeholder\"><span class=\"button\"><span>Apreciere<\/span><\/span><span class=\"loading\">\u00cencarc&#8230;<\/span><\/div>\n<\/div>\n<\/div>\n<footer class=\"penci-entry-footer\">\n<div class=\"penci-source-via-tags-wrap\"><span class=\"tags-links penci-tags-links\"><a href=\"https:\/\/focustim.ro\/tag\/cladire\/\" rel=\"tag\">cladire<\/a><a href=\"https:\/\/focustim.ro\/tag\/instanta\/\" rel=\"tag\">Instanta<\/a><\/span><\/div>\n<p><span class=\"penci-social-buttons penci-social-share-footer\"><span class=\"penci-social-share-text\">Distribuie<\/span><a href=\"https:\/\/focustim.ro\/cladirea-de-pe-loga-52-evacuata-cu-surle-si-trambite-de-dominic-fritz-recuperata-pe-baza-unui-proces-intentat-de-administratia-robu\/\" class=\"penci-post-like penci_post-meta_item  single-like-button penci-social-item like\" data-post_id=\"39972\" title=\"Like\" data-like=\"Like\" data-unlike=\"Unlike\"><span class=\"penci-share-number\">0<\/span><\/a><\/span><\/footer>\n<\/article>\n<div class=\"penci-entry-content entry-content\">\n<p><strong>Cl\u0103direa de pe C.D. Loga 52, evacuat\u0103 de primarul Dominic Fritz, \u00een a treia zi de Pa\u0219te, cu surle \u0219i tr\u00e2mbi\u021be, a fost recuperat\u0103 pe baza unui proces \u00eenceput \u00een 2016, deci pe vremea administra\u021biei Robu. Dominic Fritz s-a chinuit s\u0103 pozeze \u00een mare lupt\u0103tor contra mafiei imobiliare din Timi\u0219oara, \u00eens\u0103 marele lui noroc a fost c\u0103 a picat fix pe o sentin\u021b\u0103 care i-a convenit.<\/strong><\/p>\n<p>\u201eAzi am intrat \u00een vila de pe Loga 52, ocupat\u0103 ilegal timp de decenii. E o zi istoric\u0103 pentru Timi\u0219oara. Rana din zona zero a ora\u0219ului \u00eencepe s\u0103 se vindece. Loga 52 e prima cas\u0103 de aici care se \u00eentoarce \u00een patrimoniul ora\u0219ului.\u201dCasa e proprietate de vreo 15-20 de ani. \u00cen \u0103\u0219tia 15-20 de ani, nu s-a g\u0103sit nimeni s\u0103 vin\u0103 s\u0103-\u0219i ia casa? S-a dus domnul Fritz, domnul primar s\u0103 ce \u2026?\u201d \u2013 aceasta e declara\u021bia f\u0103cut\u0103 presei de cel care \u00eei reprezint\u0103 pe a\u0219a-zi\u0219ii proprietari. \u0218i da, e o \u00eentrebare legitim\u0103: de ce \u00een 15-20 de ani nimeni nu a f\u0103cut nimic pentru ca aceast\u0103 vil\u0103 s\u0103 fie recuperat\u0103 de stat?A fost o lupt\u0103 lung\u0103. Se fac 2 ani jumate de c\u00e2nd am redob\u00e2ndit-o \u00een acte, au urmat noi procese \u0219i blocaje \u00een justi\u021bie pentru c\u0103 au refuzat s\u0103 evacueze vila. Azi, \u00een sf\u00e2r\u0219it, am intrat cu for\u021bele de ordine s\u0103 ne recuper\u0103m casa. Nu ne-a a\u0219teptat nimeni cu cheia.Vila de pe Loga 52 e una din casele cu poveste \u00eenc\u00e2lcit\u0103 \u0219i dubioas\u0103 din centru Timi\u0219oarei ajuns\u0103 dup\u0103 anii 90 \u00een m\u00e2inile celor care au luat ilegal multe din imobilele istorice \u0219i le-au mutilat. Noi vom face aici gr\u0103dini\u021b\u0103.E un act de dreptate \u0219i de \u00eens\u0103n\u0103to\u0219ire a noastr\u0103, ca o comunitate care vede c\u0103 legea e lege pentru to\u021bi. V\u0103 promit c\u0103 indiferent de c\u00e2t de lung e drumul pentru dreptate nu o s\u0103 m\u0103 dau b\u0103tut niciodat\u0103 atunci c\u00e2nd e vorba de Timi\u0219oara\u201d, a transmis Dominic Fritz pe Facebook.<\/p>\n<div class=\"sharedaddy sd-sharing-enabled\">\n<div class=\"robots-nocontent sd-block sd-social sd-social-icon-text sd-sharing\">\n<h3 class=\"sd-title\">Partajeaz\u0103 asta:<\/h3>\n<div class=\"sd-content\">\n<ul>\n<li class=\"share-twitter\"><a rel=\"nofollow noopener noreferrer\" data-shared=\"sharing-twitter-39972\" class=\"share-twitter sd-button share-icon\" href=\"https:\/\/focustim.ro\/cladirea-de-pe-loga-52-evacuata-cu-surle-si-trambite-de-dominic-fritz-recuperata-pe-baza-unui-proces-intentat-de-administratia-robu\/?share=twitter\" target=\"_blank\" title=\"D\u0103 clic pentru a partaja pe Twitter\"><span>Twitter<\/span><\/a><\/li>\n<li class=\"share-facebook\"><a rel=\"nofollow noopener noreferrer\" data-shared=\"sharing-facebook-39972\" class=\"share-facebook sd-button share-icon\" href=\"https:\/\/focustim.ro\/cladirea-de-pe-loga-52-evacuata-cu-surle-si-trambite-de-dominic-fritz-recuperata-pe-baza-unui-proces-intentat-de-administratia-robu\/?share=facebook\" target=\"_blank\" title=\"D\u0103 clic pentru a partaja pe Facebook\"><span>Facebook<\/span><\/a><\/li>\n<li class=\"share-end\"><\/ul>\n<\/div>\n<\/div>\n<\/div>\n<div class=\"sharedaddy sd-block sd-like jetpack-likes-widget-wrapper jetpack-likes-widget-unloaded\" id=\"like-post-wrapper-167025405-39972-69df4cd942bc9\" data-src=\"https:\/\/widgets.wp.com\/likes\/#blog_id=167025405&amp;post_id=39972&amp;origin=focustim.ro&amp;obj_id=167025405-39972-69df4cd942bc9\" data-name=\"like-post-frame-167025405-39972-69df4cd942bc9\" data-title=\"Apreciaz\u0103 sau republic\u0103\">\n<h3 class=\"sd-title\">Apreciaz\u0103:<\/h3>\n<div class=\"likes-widget-placeholder post-likes-widget-placeholder\"><span class=\"button\"><span>Apreciere<\/span><\/span><span class=\"loading\">\u00cencarc&#8230;<\/span><\/div>\n<\/div>\n<\/div>\n<p>[analyse_source url=&#8221;https:\/\/focustim.ro\/cladirea-de-pe-loga-52-evacuata-cu-surle-si-trambite-de-dominic-fritz-recuperata-pe-baza-unui-proces-intentat-de-administratia-robu\/&#8221;]<\/p>\n","protected":false},"excerpt":{"rendered":"<p>[analyse_image type=&#8221;featured&#8221; src=&#8221;https:\/\/focustim.ro\/wp-content\/uploads\/2026\/04\/cladire-loga.jpg&#8221;] ActualitateAdministra\u021bieFeatured Cl\u0103direa de pe Loga 52, evacuat\u0103 cu surle \u0219i tr\u00e2mbi\u021be de Dominic Fritz, recuperat\u0103 pe baza unui proces intentat de administra\u021bia Robu 15\/04\/202615\/04\/20260 Distribuie0 Cl\u0103direa de pe C.D. Loga 52, evacuat\u0103 de primarul Dominic Fritz, \u00een a treia zi de Pa\u0219te, cu surle \u0219i tr\u00e2mbi\u021be, a fost recuperat\u0103 pe baza unui [&hellip;]<\/p>\n","protected":false},"author":1,"featured_media":0,"comment_status":"open","ping_status":"","sticky":false,"template":"","format":"standard","meta":{"footnotes":""},"categories":[89],"tags":[226,197],"class_list":["post-1882985","post","type-post","status-publish","format-standard","hentry","category-romania","tag-crawlmanager","tag-focustim-ro"],"_links":{"self":[{"href":"https:\/\/analyse.optim.biz\/index.php?rest_route=\/wp\/v2\/posts\/1882985","targetHints":{"allow":["GET"]}}],"collection":[{"href":"https:\/\/analyse.optim.biz\/index.php?rest_route=\/wp\/v2\/posts"}],"about":[{"href":"https:\/\/analyse.optim.biz\/index.php?rest_route=\/wp\/v2\/types\/post"}],"author":[{"embeddable":true,"href":"https:\/\/analyse.optim.biz\/index.php?rest_route=\/wp\/v2\/users\/1"}],"replies":[{"embeddable":true,"href":"https:\/\/analyse.optim.biz\/index.php?rest_route=%2Fwp%2Fv2%2Fcomments&post=1882985"}],"version-history":[{"count":0,"href":"https:\/\/analyse.optim.biz\/index.php?rest_route=\/wp\/v2\/posts\/1882985\/revisions"}],"wp:attachment":[{"href":"https:\/\/analyse.optim.biz\/index.php?rest_route=%2Fwp%2Fv2%2Fmedia&parent=1882985"}],"wp:term":[{"taxonomy":"category","embeddable":true,"href":"https:\/\/analyse.optim.biz\/index.php?rest_route=%2Fwp%2Fv2%2Fcategories&post=1882985"},{"taxonomy":"post_tag","embeddable":true,"href":"https:\/\/analyse.optim.biz\/index.php?rest_route=%2Fwp%2Fv2%2Ftags&post=1882985"}],"curies":[{"name":"wp","href":"https:\/\/api.w.org\/{rel}","templated":true}]}}