{"id":1882798,"date":"2026-04-13T07:54:50","date_gmt":"2026-04-13T04:54:50","guid":{"rendered":"https:\/\/analyse.optim.biz\/?p=1882798"},"modified":"2026-04-13T07:54:50","modified_gmt":"2026-04-13T04:54:50","slug":"noul-premier-al-ungariei-a-declarat-ca-se-opune-trimiterii-de-arme-sau-bani-la-kiev-si-se-opune-accelerarii-aderarii-ucrainei-la-ue","status":"publish","type":"post","link":"https:\/\/analyse.optim.biz\/?p=1882798","title":{"rendered":"Noul premier al Ungariei a declarat c\u0103 se opune trimiterii de arme sau bani la Kiev \u0219i se opune acceler\u0103rii ader\u0103rii Ucrainei la UE"},"content":{"rendered":"<p>[analyse_image type=&#8221;featured&#8221; src=&#8221;https:\/\/dobrogeanews.b-cdn.net\/wp-content\/uploads\/2026\/04\/Suporterii-Tisei-sarbatoresc-la-Budapesta-dupa-victoria-electorala-a-lui-Peter-Magyar.jpg&#8221;]<\/p>\n<div id=\"post-69873\" class=\"entry single-default post-69873 post type-post status-publish format-standard has-post-thumbnail hentry category-stiri-externe\">\n<div>\n<div class=\"ss-follow-wrapper ss-clearfix ss-regular-buttons ss-columns-1 ss-default-style\">\n<div class=\"ss-follow-column\" data-ss-sf-network-id='\"facebook\"'><a href=\"https:\/\/www.facebook.com\/dobrogeanews\" class=\"ss-follow-network ss-facebook-color\" rel=\"nofollow noopener\" aria-label=\"facebook\" target=\"_blank\"><span class=\"ss-follow-network-label\">Urm\u0103re\u015fte-ne \u015fi pe Facebook!<\/span><span class=\"ss-follow-network-count\"><span class=\"ss-follow-network-count-number\">57K<\/span><span class=\"ss-follow-network-count-label\">Followers<\/span><\/span><\/a><\/div>\n<\/div>\n<\/div>\n<p>P\u00e9ter Magyar, noul premier al Ungariei ales cu o majoritate cov\u00e2r\u0219itoare, dore\u0219te s\u0103 aib\u0103 rela\u021bii bune cu Bruxelles-ul \u0219i probabil va debloca \u00eemprumutul. Dar este o victorie dulce-am\u0103ruie pentru Zelenski, deoarece noul premier a declarat c\u0103 se opune trimiterii de arme sau bani la Kiev \u0219i se opune acceler\u0103rii ader\u0103rii Ucrainei la UE, conform <a href=\"https:\/\/www.politico.eu\/\" title=\"\">POLITICO<\/a>.<\/p>\n<figure class=\"wp-block-image size-full is-resized\">\n<source type=\"image\/webp\" data-lazy-srcset=\"https:\/\/dobrogeanews.b-cdn.net\/wp-content\/uploads\/2026\/04\/Suporterii-Tisei-sarbatoresc-la-Budapesta-dupa-victoria-electorala-a-lui-Peter-Magyar.jpg.webp 2560w, https:\/\/dobrogeanews.b-cdn.net\/wp-content\/uploads\/2026\/04\/Suporterii-Tisei-sarbatoresc-la-Budapesta-dupa-victoria-electorala-a-lui-Peter-Magyar-300x178.jpg.webp 300w, https:\/\/dobrogeanews.b-cdn.net\/wp-content\/uploads\/2026\/04\/Suporterii-Tisei-sarbatoresc-la-Budapesta-dupa-victoria-electorala-a-lui-Peter-Magyar-1024x608.jpg.webp 1024w, https:\/\/dobrogeanews.b-cdn.net\/wp-content\/uploads\/2026\/04\/Suporterii-Tisei-sarbatoresc-la-Budapesta-dupa-victoria-electorala-a-lui-Peter-Magyar-768x456.jpg.webp 768w, https:\/\/dobrogeanews.b-cdn.net\/wp-content\/uploads\/2026\/04\/Suporterii-Tisei-sarbatoresc-la-Budapesta-dupa-victoria-electorala-a-lui-Peter-Magyar-1536x911.jpg.webp 1536w, https:\/\/dobrogeanews.b-cdn.net\/wp-content\/uploads\/2026\/04\/Suporterii-Tisei-sarbatoresc-la-Budapesta-dupa-victoria-electorala-a-lui-Peter-Magyar-2048x1215.jpg.webp 2048w\" sizes=\"(max-width: 640px) 100vw, 640px\" \/><br \/>\n<img loading=\"lazy\" decoding=\"async\" src=\"https:\/\/dobrogeanews.b-cdn.net\/wp-content\/uploads\/2026\/04\/Suporterii-Tisei-sarbatoresc-la-Budapesta-dupa-victoria-electorala-a-lui-Peter-Magyar.jpg\" alt=\"Oameni care s\u0103rbatoresc la Budapesta victoria electoral\u0103 a lui Peter Magyar\" width=\"640\" height=\"380\"><\/figure>\n<p>Anul acesta, Orb\u00e1n a respins un \u00eemprumut de 90 de miliarde de euro acordat Ucrainei, convenit de liderii europeni \u00een decembrie 2025.<\/p>\n<p>Ungaria a renun\u021bat la aprobarea sa dup\u0103 ce importurile de petrol rusesc au \u00eencetat s\u0103 mai curg\u0103 prin conducta Druzhba care traverseaz\u0103 Ucraina, despre care Orb\u00e1n a spus c\u0103 a fost o stratagem\u0103 deliberat\u0103 a Kievului de a \u00eencerca s\u0103 influen\u021beze alegerile prin sl\u0103birea economiei maghiare.<\/p>\n<p>Ucraina are nevoie de fonduri pentru a continua s\u0103 resping\u0103 invazia la scar\u0103 larg\u0103 a Rusiei \u00eenainte de var\u0103, c\u00e2nd trezoreria sa va r\u0103m\u00e2ne f\u0103r\u0103 numerar.<\/p>\n<p>Pre\u0219edintele Volodymyr Zelenksyy\u00a0l-a felicitat\u00a0pe P\u00e9ter Magyar duminic\u0103 sear\u0103. <em>\u201eUcraina a c\u0103utat \u00eentotdeauna rela\u021bii de bun\u0103 vecin\u0103tate cu to\u021bi cet\u0103\u021benii Europei \u0219i suntem preg\u0103ti\u021bi s\u0103 avans\u0103m cooperarea noastr\u0103 cu Ungaria\u201d<\/em>, a spus el, ad\u0103ug\u00e2nd c\u0103 Kievul este preg\u0103tit pentru <em>\u201e\u00eent\u00e2lniri \u0219i o munc\u0103 constructiv\u0103 comun\u0103 \u00een beneficiul ambelor na\u021biuni\u201d<\/em>.<\/p>\n<div class=\"monsterinsights-inline-popular-posts monsterinsights-inline-popular-posts-charlie monsterinsights-popular-posts-styled\">\n<div class=\"monsterinsights-inline-popular-posts-text\"><span class=\"monsterinsights-inline-popular-posts-label\">Vezi \u0219i:<\/span><\/p>\n<div class=\"monsterinsights-inline-popular-posts-post\"><a class=\"monsterinsights-inline-popular-posts-title\" href=\"https:\/\/www.dobrogeanews.ro\/primaria-tulcea-amenajeaza-un-parc-urban-de-peste-3-700-mp-in-zona-aquaserv-pe-strada-babadag-proiect-finantat-din-fonduri-europene\/\">Prim\u0103ria Tulcea amenajeaz\u0103 un Parc Urban de peste 3.700 mp \u00een zona Aquaserv, pe strada Babadag. Proiect finan\u021bat din fonduri europene<\/a><\/div>\n<div class=\"monsterinsights-inline-popular-posts-post\"><a class=\"monsterinsights-inline-popular-posts-title\" href=\"https:\/\/www.dobrogeanews.ro\/liliana-marinescu-a-fost-semnat-contractul-de-finantare-pentru-alimentare-cu-gaze-la-baia-in-valoare-de-8-075-000-lei\/\">Liliana Marinescu: A fost semnat contractul de finan\u021bare pentru \u201eAlimentare cu gaze\u201d la Baia \u00een valoare de 8.075.000 lei<\/a><\/div>\n<div class=\"monsterinsights-inline-popular-posts-post\"><a class=\"monsterinsights-inline-popular-posts-title\" href=\"https:\/\/www.dobrogeanews.ro\/video-primarul-stefan-ilie-raspunde-intrebarilor-privind-reabilitarea-strazilor-din-municipiul-tulcea\/\">(Video) Primarul \u0218tefan Ilie, r\u0103spunde \u00eentreb\u0103rilor privind reabilitarea Str\u0103zilor din Municipiul Tulcea<\/a><\/div>\n<\/div>\n<\/div>\n<p class=\"has-text-align-center has-white-color has-text-color has-background\"><span><a href=\"https:\/\/news.google.com\/publications\/CAAqBwgKMIu5pgsw88O-Aw?ceid=RO:ro&amp;oc=3\">Urm\u0103ri\u0163i \u015etirile Dobrogeanews \u015fi pe Google News<\/a><\/span><\/p>\n<\/div>\n<div id=\"post-69873\" class=\"entry single-default post-69873 post type-post status-publish format-standard has-post-thumbnail hentry category-stiri-externe\">\n<div>\n<div class=\"ss-follow-wrapper ss-clearfix ss-regular-buttons ss-columns-1 ss-default-style\">\n<div class=\"ss-follow-column\" data-ss-sf-network-id='\"facebook\"'><a href=\"https:\/\/www.facebook.com\/dobrogeanews\" class=\"ss-follow-network ss-facebook-color\" rel=\"nofollow noopener\" aria-label=\"facebook\" target=\"_blank\"><span class=\"ss-follow-network-label\">Urm\u0103re\u015fte-ne \u015fi pe Facebook!<\/span><span class=\"ss-follow-network-count\"><span class=\"ss-follow-network-count-number\">57K<\/span><span class=\"ss-follow-network-count-label\">Followers<\/span><\/span><\/a><\/div>\n<\/div>\n<\/div>\n<p>P\u00e9ter Magyar, noul premier al Ungariei ales cu o majoritate cov\u00e2r\u0219itoare, dore\u0219te s\u0103 aib\u0103 rela\u021bii bune cu Bruxelles-ul \u0219i probabil va debloca \u00eemprumutul. Dar este o victorie dulce-am\u0103ruie pentru Zelenski, deoarece noul premier a declarat c\u0103 se opune trimiterii de arme sau bani la Kiev \u0219i se opune acceler\u0103rii ader\u0103rii Ucrainei la UE, conform <a href=\"https:\/\/www.politico.eu\/\" title=\"\">POLITICO<\/a>.<\/p>\n<figure class=\"wp-block-image size-full is-resized\">\n<source type=\"image\/webp\" data-lazy-srcset=\"https:\/\/dobrogeanews.b-cdn.net\/wp-content\/uploads\/2026\/04\/Suporterii-Tisei-sarbatoresc-la-Budapesta-dupa-victoria-electorala-a-lui-Peter-Magyar.jpg.webp 2560w, https:\/\/dobrogeanews.b-cdn.net\/wp-content\/uploads\/2026\/04\/Suporterii-Tisei-sarbatoresc-la-Budapesta-dupa-victoria-electorala-a-lui-Peter-Magyar-300x178.jpg.webp 300w, https:\/\/dobrogeanews.b-cdn.net\/wp-content\/uploads\/2026\/04\/Suporterii-Tisei-sarbatoresc-la-Budapesta-dupa-victoria-electorala-a-lui-Peter-Magyar-1024x608.jpg.webp 1024w, https:\/\/dobrogeanews.b-cdn.net\/wp-content\/uploads\/2026\/04\/Suporterii-Tisei-sarbatoresc-la-Budapesta-dupa-victoria-electorala-a-lui-Peter-Magyar-768x456.jpg.webp 768w, https:\/\/dobrogeanews.b-cdn.net\/wp-content\/uploads\/2026\/04\/Suporterii-Tisei-sarbatoresc-la-Budapesta-dupa-victoria-electorala-a-lui-Peter-Magyar-1536x911.jpg.webp 1536w, https:\/\/dobrogeanews.b-cdn.net\/wp-content\/uploads\/2026\/04\/Suporterii-Tisei-sarbatoresc-la-Budapesta-dupa-victoria-electorala-a-lui-Peter-Magyar-2048x1215.jpg.webp 2048w\" sizes=\"(max-width: 640px) 100vw, 640px\" \/><br \/>\n<img loading=\"lazy\" decoding=\"async\" src=\"https:\/\/dobrogeanews.b-cdn.net\/wp-content\/uploads\/2026\/04\/Suporterii-Tisei-sarbatoresc-la-Budapesta-dupa-victoria-electorala-a-lui-Peter-Magyar.jpg\" alt=\"Oameni care s\u0103rbatoresc la Budapesta victoria electoral\u0103 a lui Peter Magyar\" width=\"640\" height=\"380\"><\/figure>\n<p>Anul acesta, Orb\u00e1n a respins un \u00eemprumut de 90 de miliarde de euro acordat Ucrainei, convenit de liderii europeni \u00een decembrie 2025.<\/p>\n<p>Ungaria a renun\u021bat la aprobarea sa dup\u0103 ce importurile de petrol rusesc au \u00eencetat s\u0103 mai curg\u0103 prin conducta Druzhba care traverseaz\u0103 Ucraina, despre care Orb\u00e1n a spus c\u0103 a fost o stratagem\u0103 deliberat\u0103 a Kievului de a \u00eencerca s\u0103 influen\u021beze alegerile prin sl\u0103birea economiei maghiare.<\/p>\n<p>Ucraina are nevoie de fonduri pentru a continua s\u0103 resping\u0103 invazia la scar\u0103 larg\u0103 a Rusiei \u00eenainte de var\u0103, c\u00e2nd trezoreria sa va r\u0103m\u00e2ne f\u0103r\u0103 numerar.<\/p>\n<p>Pre\u0219edintele Volodymyr Zelenksyy\u00a0l-a felicitat\u00a0pe P\u00e9ter Magyar duminic\u0103 sear\u0103. <em>\u201eUcraina a c\u0103utat \u00eentotdeauna rela\u021bii de bun\u0103 vecin\u0103tate cu to\u021bi cet\u0103\u021benii Europei \u0219i suntem preg\u0103ti\u021bi s\u0103 avans\u0103m cooperarea noastr\u0103 cu Ungaria\u201d<\/em>, a spus el, ad\u0103ug\u00e2nd c\u0103 Kievul este preg\u0103tit pentru <em>\u201e\u00eent\u00e2lniri \u0219i o munc\u0103 constructiv\u0103 comun\u0103 \u00een beneficiul ambelor na\u021biuni\u201d<\/em>.<\/p>\n<div class=\"monsterinsights-inline-popular-posts monsterinsights-inline-popular-posts-charlie monsterinsights-popular-posts-styled\">\n<div class=\"monsterinsights-inline-popular-posts-text\"><span class=\"monsterinsights-inline-popular-posts-label\">Vezi \u0219i:<\/span><\/p>\n<div class=\"monsterinsights-inline-popular-posts-post\"><a class=\"monsterinsights-inline-popular-posts-title\" href=\"https:\/\/www.dobrogeanews.ro\/primaria-tulcea-amenajeaza-un-parc-urban-de-peste-3-700-mp-in-zona-aquaserv-pe-strada-babadag-proiect-finantat-din-fonduri-europene\/\">Prim\u0103ria Tulcea amenajeaz\u0103 un Parc Urban de peste 3.700 mp \u00een zona Aquaserv, pe strada Babadag. Proiect finan\u021bat din fonduri europene<\/a><\/div>\n<div class=\"monsterinsights-inline-popular-posts-post\"><a class=\"monsterinsights-inline-popular-posts-title\" href=\"https:\/\/www.dobrogeanews.ro\/liliana-marinescu-a-fost-semnat-contractul-de-finantare-pentru-alimentare-cu-gaze-la-baia-in-valoare-de-8-075-000-lei\/\">Liliana Marinescu: A fost semnat contractul de finan\u021bare pentru \u201eAlimentare cu gaze\u201d la Baia \u00een valoare de 8.075.000 lei<\/a><\/div>\n<div class=\"monsterinsights-inline-popular-posts-post\"><a class=\"monsterinsights-inline-popular-posts-title\" href=\"https:\/\/www.dobrogeanews.ro\/video-primarul-stefan-ilie-raspunde-intrebarilor-privind-reabilitarea-strazilor-din-municipiul-tulcea\/\">(Video) Primarul \u0218tefan Ilie, r\u0103spunde \u00eentreb\u0103rilor privind reabilitarea Str\u0103zilor din Municipiul Tulcea<\/a><\/div>\n<\/div>\n<\/div>\n<p class=\"has-text-align-center has-white-color has-text-color has-background\"><span><a href=\"https:\/\/news.google.com\/publications\/CAAqBwgKMIu5pgsw88O-Aw?ceid=RO:ro&amp;oc=3\">Urm\u0103ri\u0163i \u015etirile Dobrogeanews \u015fi pe Google News<\/a><\/span><\/p>\n<\/div>\n<p>[analyse_source url=&#8221;https:\/\/www.dobrogeanews.ro\/noul-prim-ministru-al-ungariei-a-declarat-ca-se-opune-trimiterii-de-arme-sau-bani-la-kiev-si-se-opune-accelerarii-aderarii-ucrainei-la-ue\/&#8221;]<\/p>\n","protected":false},"excerpt":{"rendered":"<p>[analyse_image type=&#8221;featured&#8221; src=&#8221;https:\/\/dobrogeanews.b-cdn.net\/wp-content\/uploads\/2026\/04\/Suporterii-Tisei-sarbatoresc-la-Budapesta-dupa-victoria-electorala-a-lui-Peter-Magyar.jpg&#8221;] Urm\u0103re\u015fte-ne \u015fi pe Facebook!57KFollowers P\u00e9ter Magyar, noul premier al Ungariei ales cu o majoritate cov\u00e2r\u0219itoare, dore\u0219te s\u0103 aib\u0103 rela\u021bii bune cu Bruxelles-ul \u0219i probabil va debloca \u00eemprumutul. Dar este o victorie dulce-am\u0103ruie pentru Zelenski, deoarece noul premier a declarat c\u0103 se opune trimiterii de arme sau bani la Kiev \u0219i se opune [&hellip;]<\/p>\n","protected":false},"author":1,"featured_media":0,"comment_status":"open","ping_status":"","sticky":false,"template":"","format":"standard","meta":{"footnotes":""},"categories":[89],"tags":[226,223],"class_list":["post-1882798","post","type-post","status-publish","format-standard","hentry","category-romania","tag-crawlmanager","tag-dobrogeanews-ro"],"_links":{"self":[{"href":"https:\/\/analyse.optim.biz\/index.php?rest_route=\/wp\/v2\/posts\/1882798","targetHints":{"allow":["GET"]}}],"collection":[{"href":"https:\/\/analyse.optim.biz\/index.php?rest_route=\/wp\/v2\/posts"}],"about":[{"href":"https:\/\/analyse.optim.biz\/index.php?rest_route=\/wp\/v2\/types\/post"}],"author":[{"embeddable":true,"href":"https:\/\/analyse.optim.biz\/index.php?rest_route=\/wp\/v2\/users\/1"}],"replies":[{"embeddable":true,"href":"https:\/\/analyse.optim.biz\/index.php?rest_route=%2Fwp%2Fv2%2Fcomments&post=1882798"}],"version-history":[{"count":0,"href":"https:\/\/analyse.optim.biz\/index.php?rest_route=\/wp\/v2\/posts\/1882798\/revisions"}],"wp:attachment":[{"href":"https:\/\/analyse.optim.biz\/index.php?rest_route=%2Fwp%2Fv2%2Fmedia&parent=1882798"}],"wp:term":[{"taxonomy":"category","embeddable":true,"href":"https:\/\/analyse.optim.biz\/index.php?rest_route=%2Fwp%2Fv2%2Fcategories&post=1882798"},{"taxonomy":"post_tag","embeddable":true,"href":"https:\/\/analyse.optim.biz\/index.php?rest_route=%2Fwp%2Fv2%2Ftags&post=1882798"}],"curies":[{"name":"wp","href":"https:\/\/api.w.org\/{rel}","templated":true}]}}