{"id":1882611,"date":"2026-04-15T01:08:28","date_gmt":"2026-04-14T22:08:28","guid":{"rendered":"https:\/\/analyse.optim.biz\/?p=1882611"},"modified":"2026-04-15T01:08:28","modified_gmt":"2026-04-14T22:08:28","slug":"157-de-persoane-au-foste-evacuate-din-blocul-cuprins-de-flacari-in-constanta-blocul-este-distrus-in-proportie-de-70-oamenii-au-fost-relocati","status":"publish","type":"post","link":"https:\/\/analyse.optim.biz\/?p=1882611","title":{"rendered":"157 de persoane au foste evacuate din blocul cuprins de fl\u0103c\u0103ri \u00een Constan\u021ba. Blocul este distrus \u00een propor\u021bie de 70%. Oamenii au fost reloca\u021bi"},"content":{"rendered":"<p>[analyse_image type=&#8221;featured&#8221; src=&#8221;https:\/\/dobrogeanews.b-cdn.net\/wp-content\/uploads\/2026\/04\/drame-la-locuintele-sociale-cuprinse-de-flacari-la-constanta.jpg&#8221;]<\/p>\n<div id=\"post-69938\" class=\"entry single-default post-69938 post type-post status-publish format-standard has-post-thumbnail hentry category-constanta category-info\">\n<p>Prim\u0103ria Municipiului Constan\u021ba a transmis un comunicat c\u0103 este al\u0103turi de locatarii blocului HC 7 de pe Aleea Umanit\u0103\u021bii, afecta\u021bi de incendiul devastator produs \u00een aceast\u0103 sear\u0103. For\u021bele de salvare au ac\u021bionat contracronometru pentru evacuarea locatarilor \u0219i stingerea focului.<\/p>\n<figure class=\"wp-block-image size-full is-resized\">\n<source type=\"image\/webp\" data-lazy-srcset=\"https:\/\/dobrogeanews.b-cdn.net\/wp-content\/uploads\/2026\/04\/drame-la-locuintele-sociale-cuprinse-de-flacari-la-constanta.jpg.webp 2560w, https:\/\/dobrogeanews.b-cdn.net\/wp-content\/uploads\/2026\/04\/drame-la-locuintele-sociale-cuprinse-de-flacari-la-constanta-300x204.jpg.webp 300w, https:\/\/dobrogeanews.b-cdn.net\/wp-content\/uploads\/2026\/04\/drame-la-locuintele-sociale-cuprinse-de-flacari-la-constanta-1024x696.jpg.webp 1024w, https:\/\/dobrogeanews.b-cdn.net\/wp-content\/uploads\/2026\/04\/drame-la-locuintele-sociale-cuprinse-de-flacari-la-constanta-768x522.jpg.webp 768w, https:\/\/dobrogeanews.b-cdn.net\/wp-content\/uploads\/2026\/04\/drame-la-locuintele-sociale-cuprinse-de-flacari-la-constanta-1536x1043.jpg.webp 1536w, https:\/\/dobrogeanews.b-cdn.net\/wp-content\/uploads\/2026\/04\/drame-la-locuintele-sociale-cuprinse-de-flacari-la-constanta-2048x1391.jpg.webp 2048w\" sizes=\"(max-width: 640px) 100vw, 640px\" \/><br \/>\n<img loading=\"lazy\" decoding=\"async\" src=\"https:\/\/dobrogeanews.b-cdn.net\/wp-content\/uploads\/2026\/04\/drame-la-locuintele-sociale-cuprinse-de-flacari-la-constanta.jpg\" alt=\"\" width=\"640\" height=\"435\"><\/figure>\n<p>\u201eAu fost evacuate 157 de persoane, inclusiv copii, care au fost puse \u00een siguran\u021b\u0103 imediat. Toate persoanele afectate vor avea un acoperi\u0219 deasupra capului. \u00cen acest moment, sunt disponibile 60 de unit\u0103\u021bi locative, dintre care 41 au fost deja preg\u0103tite pentru relocarea imediat\u0103 a oamenilor\u00a0 chiar \u00een cadrul aceluia\u0219i cartier. \u00a0 Din fericire, p\u00e2n\u0103 la acest moment, nu au fost \u00eenregistrate pierderi de vie\u021bi omene\u0219ti.\u00a0Municipalitatea r\u0103m\u00e2ne \u00een contact permanent cu toate institu\u021biile implicate \u00een gestionarea situatiei\u201d . \u00a0<\/p>\n<figure class=\"wp-block-image size-full is-resized\">\n<source type=\"image\/webp\" data-lazy-srcset=\"https:\/\/dobrogeanews.b-cdn.net\/wp-content\/uploads\/2026\/04\/incendiu-bloc-social-constanta2.jpg.webp 2560w, https:\/\/dobrogeanews.b-cdn.net\/wp-content\/uploads\/2026\/04\/incendiu-bloc-social-constanta2-300x246.jpg.webp 300w, https:\/\/dobrogeanews.b-cdn.net\/wp-content\/uploads\/2026\/04\/incendiu-bloc-social-constanta2-1024x840.jpg.webp 1024w, https:\/\/dobrogeanews.b-cdn.net\/wp-content\/uploads\/2026\/04\/incendiu-bloc-social-constanta2-768x630.jpg.webp 768w, https:\/\/dobrogeanews.b-cdn.net\/wp-content\/uploads\/2026\/04\/incendiu-bloc-social-constanta2-1536x1260.jpg.webp 1536w, https:\/\/dobrogeanews.b-cdn.net\/wp-content\/uploads\/2026\/04\/incendiu-bloc-social-constanta2-2048x1680.jpg.webp 2048w\" sizes=\"(max-width: 640px) 100vw, 640px\" \/><br \/>\n<img loading=\"lazy\" decoding=\"async\" src=\"https:\/\/dobrogeanews.b-cdn.net\/wp-content\/uploads\/2026\/04\/incendiu-bloc-social-constanta2.jpg\" alt=\"\" width=\"640\" height=\"525\"><\/figure>\n<p>Pre\u0219edintele Consiliului Jude\u021bean Constan\u021ba, Florin Mitroi, s-a aflat toat\u0103 seara la locului dramaticului incident. \u201eNu plec de aici p\u00e2n\u0103 nu rezolv\u0103m situa\u021bia persoanelor evacuate\u201d a declarat el dup\u0103 ce a comunicat c\u0103 imobilul este afectat \u00een propor\u021bie de aproximativ 70%. \u201eSunt 42 de spa\u021bii locative \u0219i aproximativ 140\u2013150 de persoane afectate. Am luat toate m\u0103surile necesare: conducerea spitalului \u2013 managerul, directorul medical \u0219i personalul \u2013 este prezent\u0103 pentru a se asigura c\u0103 situa\u021bia este gestionat\u0103 corespunz\u0103tor\u201d.<\/p>\n<\/div>\n<div id=\"post-69938\" class=\"entry single-default post-69938 post type-post status-publish format-standard has-post-thumbnail hentry category-constanta category-info\">\n<p>Prim\u0103ria Municipiului Constan\u021ba a transmis un comunicat c\u0103 este al\u0103turi de locatarii blocului HC 7 de pe Aleea Umanit\u0103\u021bii, afecta\u021bi de incendiul devastator produs \u00een aceast\u0103 sear\u0103. For\u021bele de salvare au ac\u021bionat contracronometru pentru evacuarea locatarilor \u0219i stingerea focului.<\/p>\n<figure class=\"wp-block-image size-full is-resized\">\n<source type=\"image\/webp\" data-lazy-srcset=\"https:\/\/dobrogeanews.b-cdn.net\/wp-content\/uploads\/2026\/04\/drame-la-locuintele-sociale-cuprinse-de-flacari-la-constanta.jpg.webp 2560w, https:\/\/dobrogeanews.b-cdn.net\/wp-content\/uploads\/2026\/04\/drame-la-locuintele-sociale-cuprinse-de-flacari-la-constanta-300x204.jpg.webp 300w, https:\/\/dobrogeanews.b-cdn.net\/wp-content\/uploads\/2026\/04\/drame-la-locuintele-sociale-cuprinse-de-flacari-la-constanta-1024x696.jpg.webp 1024w, https:\/\/dobrogeanews.b-cdn.net\/wp-content\/uploads\/2026\/04\/drame-la-locuintele-sociale-cuprinse-de-flacari-la-constanta-768x522.jpg.webp 768w, https:\/\/dobrogeanews.b-cdn.net\/wp-content\/uploads\/2026\/04\/drame-la-locuintele-sociale-cuprinse-de-flacari-la-constanta-1536x1043.jpg.webp 1536w, https:\/\/dobrogeanews.b-cdn.net\/wp-content\/uploads\/2026\/04\/drame-la-locuintele-sociale-cuprinse-de-flacari-la-constanta-2048x1391.jpg.webp 2048w\" sizes=\"(max-width: 640px) 100vw, 640px\" \/><br \/>\n<img loading=\"lazy\" decoding=\"async\" src=\"https:\/\/dobrogeanews.b-cdn.net\/wp-content\/uploads\/2026\/04\/drame-la-locuintele-sociale-cuprinse-de-flacari-la-constanta.jpg\" alt=\"\" width=\"640\" height=\"435\"><\/figure>\n<p>\u201eAu fost evacuate 157 de persoane, inclusiv copii, care au fost puse \u00een siguran\u021b\u0103 imediat. Toate persoanele afectate vor avea un acoperi\u0219 deasupra capului. \u00cen acest moment, sunt disponibile 60 de unit\u0103\u021bi locative, dintre care 41 au fost deja preg\u0103tite pentru relocarea imediat\u0103 a oamenilor\u00a0 chiar \u00een cadrul aceluia\u0219i cartier. \u00a0 Din fericire, p\u00e2n\u0103 la acest moment, nu au fost \u00eenregistrate pierderi de vie\u021bi omene\u0219ti.\u00a0Municipalitatea r\u0103m\u00e2ne \u00een contact permanent cu toate institu\u021biile implicate \u00een gestionarea situatiei\u201d . \u00a0<\/p>\n<figure class=\"wp-block-image size-full is-resized\">\n<source type=\"image\/webp\" data-lazy-srcset=\"https:\/\/dobrogeanews.b-cdn.net\/wp-content\/uploads\/2026\/04\/incendiu-bloc-social-constanta2.jpg.webp 2560w, https:\/\/dobrogeanews.b-cdn.net\/wp-content\/uploads\/2026\/04\/incendiu-bloc-social-constanta2-300x246.jpg.webp 300w, https:\/\/dobrogeanews.b-cdn.net\/wp-content\/uploads\/2026\/04\/incendiu-bloc-social-constanta2-1024x840.jpg.webp 1024w, https:\/\/dobrogeanews.b-cdn.net\/wp-content\/uploads\/2026\/04\/incendiu-bloc-social-constanta2-768x630.jpg.webp 768w, https:\/\/dobrogeanews.b-cdn.net\/wp-content\/uploads\/2026\/04\/incendiu-bloc-social-constanta2-1536x1260.jpg.webp 1536w, https:\/\/dobrogeanews.b-cdn.net\/wp-content\/uploads\/2026\/04\/incendiu-bloc-social-constanta2-2048x1680.jpg.webp 2048w\" sizes=\"(max-width: 640px) 100vw, 640px\" \/><br \/>\n<img loading=\"lazy\" decoding=\"async\" src=\"https:\/\/dobrogeanews.b-cdn.net\/wp-content\/uploads\/2026\/04\/incendiu-bloc-social-constanta2.jpg\" alt=\"\" width=\"640\" height=\"525\"><\/figure>\n<p>Pre\u0219edintele Consiliului Jude\u021bean Constan\u021ba, Florin Mitroi, s-a aflat toat\u0103 seara la locului dramaticului incident. \u201eNu plec de aici p\u00e2n\u0103 nu rezolv\u0103m situa\u021bia persoanelor evacuate\u201d a declarat el dup\u0103 ce a comunicat c\u0103 imobilul este afectat \u00een propor\u021bie de aproximativ 70%. \u201eSunt 42 de spa\u021bii locative \u0219i aproximativ 140\u2013150 de persoane afectate. Am luat toate m\u0103surile necesare: conducerea spitalului \u2013 managerul, directorul medical \u0219i personalul \u2013 este prezent\u0103 pentru a se asigura c\u0103 situa\u021bia este gestionat\u0103 corespunz\u0103tor\u201d.<\/p>\n<\/div>\n<p>[analyse_source url=&#8221;https:\/\/www.dobrogeanews.ro\/157-de-persoane-au-foste-evacuate-din-blocul-cuprins-de-flacari-in-constanta-blocul-este-distrus-in-proportie-de-70-oamenii-au-fost-relocati\/&#8221;]<\/p>\n","protected":false},"excerpt":{"rendered":"<p>[analyse_image type=&#8221;featured&#8221; src=&#8221;https:\/\/dobrogeanews.b-cdn.net\/wp-content\/uploads\/2026\/04\/drame-la-locuintele-sociale-cuprinse-de-flacari-la-constanta.jpg&#8221;] Prim\u0103ria Municipiului Constan\u021ba a transmis un comunicat c\u0103 este al\u0103turi de locatarii blocului HC 7 de pe Aleea Umanit\u0103\u021bii, afecta\u021bi de incendiul devastator produs \u00een aceast\u0103 sear\u0103. For\u021bele de salvare au ac\u021bionat contracronometru pentru evacuarea locatarilor \u0219i stingerea focului. \u201eAu fost evacuate 157 de persoane, inclusiv copii, care au fost puse \u00een [&hellip;]<\/p>\n","protected":false},"author":1,"featured_media":0,"comment_status":"open","ping_status":"","sticky":false,"template":"","format":"standard","meta":{"footnotes":""},"categories":[89],"tags":[226,223],"class_list":["post-1882611","post","type-post","status-publish","format-standard","hentry","category-romania","tag-crawlmanager","tag-dobrogeanews-ro"],"_links":{"self":[{"href":"https:\/\/analyse.optim.biz\/index.php?rest_route=\/wp\/v2\/posts\/1882611","targetHints":{"allow":["GET"]}}],"collection":[{"href":"https:\/\/analyse.optim.biz\/index.php?rest_route=\/wp\/v2\/posts"}],"about":[{"href":"https:\/\/analyse.optim.biz\/index.php?rest_route=\/wp\/v2\/types\/post"}],"author":[{"embeddable":true,"href":"https:\/\/analyse.optim.biz\/index.php?rest_route=\/wp\/v2\/users\/1"}],"replies":[{"embeddable":true,"href":"https:\/\/analyse.optim.biz\/index.php?rest_route=%2Fwp%2Fv2%2Fcomments&post=1882611"}],"version-history":[{"count":0,"href":"https:\/\/analyse.optim.biz\/index.php?rest_route=\/wp\/v2\/posts\/1882611\/revisions"}],"wp:attachment":[{"href":"https:\/\/analyse.optim.biz\/index.php?rest_route=%2Fwp%2Fv2%2Fmedia&parent=1882611"}],"wp:term":[{"taxonomy":"category","embeddable":true,"href":"https:\/\/analyse.optim.biz\/index.php?rest_route=%2Fwp%2Fv2%2Fcategories&post=1882611"},{"taxonomy":"post_tag","embeddable":true,"href":"https:\/\/analyse.optim.biz\/index.php?rest_route=%2Fwp%2Fv2%2Ftags&post=1882611"}],"curies":[{"name":"wp","href":"https:\/\/api.w.org\/{rel}","templated":true}]}}