{"id":1882440,"date":"2026-04-02T05:46:11","date_gmt":"2026-04-02T02:46:11","guid":{"rendered":"https:\/\/analyse.optim.biz\/?p=1882440"},"modified":"2026-04-02T05:46:11","modified_gmt":"2026-04-02T02:46:11","slug":"deputatul-eugen-neata-propune-plata-amenzilor-de-catre-soferii-straini-inainte-de-restituirea-permisului","status":"publish","type":"post","link":"https:\/\/analyse.optim.biz\/?p=1882440","title":{"rendered":"Deputatul Eugen Nea\u021b\u0103 \u2013 propune plata amenzilor, de c\u0103tre \u0219oferii str\u0103ini, \u00eenainte de restituirea permisului"},"content":{"rendered":"<p>[analyse_image type=&#8221;featured&#8221; src=&#8221;https:\/\/www.curierul.ro\/wp-content\/uploads\/2026\/04\/neata-aprilie-e1775628504880.jpghttps:\/\/i0.wp.com\/www.curierul.ro\/wp-content\/uploads\/2026\/04\/neata-aprilie-e1775628504880.jpg?fit=1047%2C990&amp;ssl=1&#8243;]<\/p>\n<article id=\"196867\" class=\"post-196867 post type-post status-publish format-standard has-post-thumbnail hentry category-abecedar category-politica tag-deputat tag-eugen-neata tag-plata-amenzi tag-restituire-permis tag-soferi-straini\">\n<header class=\"post-header\">\n<ul class=\"breadcrumbs\">\n<li><a href=\"https:\/\/www.curierul.ro\">Home<\/a><\/li>\n<li class=\"breadcrumbs-active .category-abecedar\"><a href=\"https:\/\/www.curierul.ro\/index.php?cat=347\">Abecedar<\/a><\/li>\n<li class=\"breadcrumbs-active .category-abecedar\">Deputatul Eugen Nea\u021b\u0103 \u2013 propune plata amenzilor, de c\u0103tre \u0219oferii str\u0103ini, \u00eenainte de restituirea permisului<\/li>\n<\/ul>\n<div class=\"featured-photo\"><img loading=\"lazy\" decoding=\"async\" width=\"1047\" height=\"990\" src=\"https:\/\/i0.wp.com\/www.curierul.ro\/wp-content\/uploads\/2026\/04\/neata-aprilie-e1775628504880.jpg?fit=300%2C284&amp;ssl=1\" class=\"attachment-single size-single wp-post-image\" alt><\/div>\n<h1 class=\"headline\">Deputatul Eugen Nea\u021b\u0103 \u2013 propune plata amenzilor, de c\u0103tre \u0219oferii str\u0103ini, \u00eenainte de restituirea permisului<\/h1>\n<p class=\"byline\">\n\t\tScris de<a href=\"https:\/\/www.curierul.ro\/author\/alin\/\">Alin Emilian Tudoroiu<\/a>, \t\t2 aprilie 2026\t\t\t\t<\/p>\n<hr>\n<\/header>\n<p>Conform unei \u0219tiri prezentat\u0103 de revista Capital, \u0219oferii str\u0103ini care nu pl\u0103tesc amenzile \u00een Rom\u00e2nia ar putea fi opri\u021bi s\u0103 p\u0103r\u0103seasc\u0103 \u021bara. C\u00e2teva zeci de mii de \u0219oferi figureaz\u0103 cu datorii de milioane de euro, iar o modificare legislativ\u0103 propus\u0103 de deputatul v\u00e2lcean social democrat, Eugen Nea\u021b\u0103, prevede plata imediat\u0103 a sanc\u021biunilor pentru a proteja transportatorii rom\u00e2ni \u0219i a reduce datoriile ne\u00eencasate. <br \/><em>\u201eReamintesc, peste 35 000 de cet\u0103\u021beni str\u0103ini figureaz\u0103 cu amenzi nepl\u0103tite pe teritoriul \u021b\u0103rii noastre, majoritatea pentru abateri de la normele codului rutier, pentru c\u0103 \u201eau dep\u0103\u0219it viteza legal\u0103, nu au purtat centura, au trecut pe ro\u0219u sau, \u0219i mai grav, au condus b\u0103u\u021bi\u201d. Modificarea legislativ\u0103 pe care am ini\u021biat-o oblig\u0103 \u0219i pe \u0219oferul str\u0103in amendat s\u0103 pl\u0103teasc\u0103 imediat, \u00eenainte de a cere restituirea permisului de conducere. La ora la care vorbim, acest lucru este valabil numai pentru \u0219oferii cu cet\u0103\u021benie rom\u00e2n\u0103. \u0218oferii str\u0103ini \u00ee\u0219i primesc carnetul la cerere, f\u0103r\u0103 leg\u0103tur\u0103 cu achitarea amenzii, \u0219i pornesc mai departe c\u0103tre destina\u021bie uit\u00e2nd definitiv \u0219i f\u0103r\u0103 consecin\u021be s\u0103 pl\u0103teasc\u0103 banii datora\u021bi statului rom\u00e2n. M\u0103 bucur s\u0103 v\u0103d at\u00e2ta sus\u021binere la nivel na\u021bional pentru corectarea unei nedrept\u0103\u021bi evidente \u0219i pentru stimularea unui nivel de disciplin\u0103 mai \u00eenalt \u00een r\u00e2ndurile \u0219oferilor cu alt\u0103 cet\u0103\u021benie dec\u00e2t cea rom\u00e2na, care ne tranziteaz\u0103 \u021bara. Mul\u021bumesc presei na\u021bionale pentru sus\u021binerea acestei ini\u021biative legislative al\u0103turi de alte mijloace na\u021bionale de comunicare public\u0103 \u0219i de grupuri \u0219i organiza\u021bii profesionale, inclusiv cele ale transportatorilor de m\u0103rfuri \u0219i de persoane, direct interesa\u021bi de egalitatea de \u0219anse \u00een domeniul \u00een care ac\u021bioneaz\u0103\u201d,<\/em> a precizat deputatul Eugen Nea\u021b\u0103.<\/p>\n<div class=\"sharedaddy sd-sharing-enabled\">\n<div class=\"robots-nocontent sd-block sd-social sd-social-official sd-sharing\">\n<h3 class=\"sd-title\">Distribuie pe:<\/h3>\n<div class=\"sd-content\">\n<ul>\n<li class=\"share-facebook\">\n<li class=\"share-twitter\"><a href=\"https:\/\/twitter.com\/share\" class=\"twitter-share-button\" data-url=\"https:\/\/www.curierul.ro\/deputatul-eugen-neata-propune-plata-amenzilor-de-catre-soferii-straini-inainte-de-restituirea-permisului\/\" data-text=\"Deputatul Eugen Nea\u021b\u0103 - propune plata amenzilor, de c\u0103tre \u0219oferii str\u0103ini, \u00eenainte de restituirea permisului\" data-via=\"curierulvl\">Tweet<\/a><\/li>\n<li class=\"share-jetpack-whatsapp\"><a rel=\"nofollow noopener noreferrer\" data-shared=\"sharing-whatsapp-196867\" class=\"share-jetpack-whatsapp sd-button\" href=\"https:\/\/www.curierul.ro\/deputatul-eugen-neata-propune-plata-amenzilor-de-catre-soferii-straini-inainte-de-restituirea-permisului\/?share=jetpack-whatsapp\" target=\"_blank\" aria-labelledby=\"sharing-whatsapp-196867\"><span id=\"sharing-whatsapp-196867\" hidden>Partajeaz\u0103 prin WhatsApp(Se deschide \u00eentr-o fereastr\u0103 nou\u0103)<\/span><span>WhatsApp<\/span><\/a><\/li>\n<li><a href=\"https:\/\/www.curierul.ro\/deputatul-eugen-neata-propune-plata-amenzilor-de-catre-soferii-straini-inainte-de-restituirea-permisului\/\" class=\"sharing-anchor sd-button share-more\"><span>Mai mult<\/span><\/a><\/li>\n<li class=\"share-end\"><\/ul>\n<div class=\"sharing-hidden\">\n<div class=\"inner\">\n<ul>\n<li class=\"share-email\"><a rel=\"nofollow noopener noreferrer\" data-shared=\"sharing-email-196867\" class=\"share-email sd-button\" href=\"mailto:?subject=%5BArticol%20partajat%5D%20Deputatul%20Eugen%20Nea%C8%9B%C4%83%20-%20propune%20plata%20amenzilor%2C%20de%20c%C4%83tre%20%C8%99oferii%20str%C4%83ini%2C%20%C3%AEnainte%20de%20restituirea%20permisului&amp;body=https%3A%2F%2Fwww.curierul.ro%2Fdeputatul-eugen-neata-propune-plata-amenzilor-de-catre-soferii-straini-inainte-de-restituirea-permisului%2F&amp;share=email\" target=\"_blank\" aria-labelledby=\"sharing-email-196867\" data-email-share-error-title=\"\u021ai-ai configurat emailul?\" data-email-share-error-text=\"Dac\u0103 ai probleme la partajarea prin email, probabil nu ai configurat emailul pentru navigator. Poate trebuie s\u0103 creezi singur un email nou.\" data-email-share-nonce=\"30b8186d2a\" data-email-share-track-url=\"https:\/\/www.curierul.ro\/deputatul-eugen-neata-propune-plata-amenzilor-de-catre-soferii-straini-inainte-de-restituirea-permisului\/?share=email\"><span id=\"sharing-email-196867\" hidden>Trimite unui prieten un email cu o leg\u0103tur\u0103(Se deschide \u00eentr-o fereastr\u0103 nou\u0103)<\/span><span>Email<\/span><\/a><\/li>\n<li class=\"share-print\"><a rel=\"nofollow noopener noreferrer\" data-shared=\"sharing-print-196867\" class=\"share-print sd-button\" href=\"https:\/\/www.curierul.ro\/deputatul-eugen-neata-propune-plata-amenzilor-de-catre-soferii-straini-inainte-de-restituirea-permisului\/#print?share=print\" target=\"_blank\" aria-labelledby=\"sharing-print-196867\"><span id=\"sharing-print-196867\" hidden>Imprimare(Se deschide \u00eentr-o fereastr\u0103 nou\u0103)<\/span><span>Imprimare<\/span><\/a><\/li>\n<li class=\"share-end\"><\/ul>\n<\/div>\n<\/div>\n<\/div>\n<\/div>\n<\/div>\n<div id=\"jp-relatedposts\" class=\"jp-relatedposts\">\n<h3 class=\"jp-relatedposts-headline\"><em>Similare<\/em><\/h3>\n<\/div>\n<footer class=\"post-footer\">\n<p class=\"tags\"><strong>Tags: <\/strong><a href=\"https:\/\/www.curierul.ro\/tag\/deputat\/\" rel=\"tag\">deputat<\/a>, <a href=\"https:\/\/www.curierul.ro\/tag\/eugen-neata\/\" rel=\"tag\">Eugen Nea\u021b\u0103<\/a>, <a href=\"https:\/\/www.curierul.ro\/tag\/plata-amenzi\/\" rel=\"tag\">plata amenzi<\/a>, <a href=\"https:\/\/www.curierul.ro\/tag\/restituire-permis\/\" rel=\"tag\">restituire permis<\/a>, <a href=\"https:\/\/www.curierul.ro\/tag\/soferi-straini\/\" rel=\"tag\">soferi str\u0103ini<\/a><\/p>\n<div class=\"post-navigation clearfix\">\n<div class=\"previous-post\">\n<p class=\"paginate-title\">\u00ab\u00ab <a href=\"https:\/\/www.curierul.ro\/pasega-rafinament-in-panificatie-traditie-dusa-la-perfectiune\/\" rel=\"prev\">PASEGA \u2013 rafinament \u00een panifica\u021bie, tradi\u021bie dus\u0103 la perfec\u021biune<\/a><\/p>\n<\/div>\n<div class=\"next-post\">\n<div class=\"featured-photo\"><img loading=\"lazy\" decoding=\"async\" width=\"730\" height=\"438\" src=\"https:\/\/i0.wp.com\/www.curierul.ro\/wp-content\/uploads\/2024\/07\/apa.jpg?fit=300%2C180&amp;ssl=1\" class=\"attachment-post-thumbnail size-post-thumbnail wp-post-image\" alt><\/div>\n<p class=\"paginate-title\"><a href=\"https:\/\/www.curierul.ro\/maternitatea-spitalul-scoli-si-institutii-publice-15-ore-fara-apa-calda-si-caldura\/\" rel=\"next\">Maternitatea, Spitalul, \u0219coli \u0219i institu\u021bii publice, 15 ore f\u0103r\u0103 ap\u0103 cald\u0103 \u0219i c\u0103ldur\u0103<\/a> \u00bb\u00bb<\/p>\n<\/div>\n<\/div>\n<div id=\"comments\" class=\"comments-area\">\n<div id=\"respond\" class=\"comment-respond\">\n<h3 id=\"reply-title\" class=\"comment-reply-title\">Po\u021bi comenta aici<small><a rel=\"nofollow\" id=\"cancel-comment-reply-link\" href=\"https:\/\/www.curierul.ro\/deputatul-eugen-neata-propune-plata-amenzilor-de-catre-soferii-straini-inainte-de-restituirea-permisului\/#respond\">Anuleaz\u0103 r\u0103spunsul<\/a><\/small><\/h3>\n<\/div>\n<p class=\"akismet_comment_form_privacy_notice\">Acest site folose\u0219te Akismet pentru a reduce spamul. <a href=\"https:\/\/akismet.com\/privacy\/\" target=\"_blank\" rel=\"nofollow noopener\">Afl\u0103 cum sunt procesate datele comentariilor tale<\/a>.<\/p>\n<\/div>\n<section class=\"related-stories\">\n<h2>Related Stories<\/h2>\n<div class=\"stories-container\">\n<article id=\"latest-196630\" class=\"story post-196630 post type-post status-publish format-standard has-post-thumbnail hentry category-actualitate category-economie category-headlines category-politica tag-deputat tag-drum-expres tag-eugen-neata tag-rm-valcea-tigveni tag-urgenta-2\">\n<div class=\"photo\"><img decoding=\"async\" width=\"735\" height=\"440\" src=\"https:\/\/i0.wp.com\/www.curierul.ro\/wp-content\/uploads\/2026\/03\/neata_autostrada.jpg?fit=300%2C240&amp;ssl=1\" class=\"attachment-giornalismo-single size-giornalismo-single wp-post-image\" alt loading=\"lazy\"><\/div>\n<p class=\"headline\"><a href=\"https:\/\/www.curierul.ro\/deputat-eugen-neata-20-de-km-periculosi-epuizanti-spre-autostrada-drumul-expres-rm-valcea-tigveni-este-o-urgenta\/\">Deputat Eugen Nea\u021b\u0103: \u201e20 de km periculo\u0219i, epuizan\u021bi spre autostrad\u0103. Drumul Expres Rm. V\u00e2lcea\u00a0\u2013 Tigveni este o urgen\u021b\u0103!!!\u201d<\/a><\/p>\n<\/article>\n<article id=\"latest-196625\" class=\"story post-196625 post type-post status-publish format-standard has-post-thumbnail hentry category-actualitate category-economie category-politica tag-deputat tag-eugen-neata tag-investitii-2 tag-locuri-de-munca-2 tag-program tag-valcea-2\">\n<div class=\"photo\"><img decoding=\"async\" width=\"735\" height=\"440\" src=\"https:\/\/i0.wp.com\/www.curierul.ro\/wp-content\/uploads\/2026\/03\/Neata_lege-e1773302023777.jpg?fit=300%2C175&amp;ssl=1\" class=\"attachment-giornalismo-single size-giornalismo-single wp-post-image\" alt loading=\"lazy\"><\/div>\n<p class=\"headline\"><a href=\"https:\/\/www.curierul.ro\/deputatul-eugen-neata-reuseste-sa-includa-valcea-in-programul-pentru-investitii-si-locuri-de-munca\/\">Deputatul Eugen Nea\u021b\u0103 reu\u0219e\u0219te s\u0103 includ\u0103 V\u00e2lcea \u00een programul pentru investi\u021bii \u0219i locuri de munc\u0103<\/a><\/p>\n<\/article>\n<article id=\"latest-196282\" class=\"story post-196282 post type-post status-publish format-standard has-post-thumbnail hentry category-actualitate category-headlines category-politica category-psd tag-buget tag-comunitatea-valceana tag-deputat tag-eugen-neata tag-probleme tag-romania-2\">\n<div class=\"photo\"><img decoding=\"async\" width=\"720\" height=\"440\" src=\"https:\/\/i0.wp.com\/www.curierul.ro\/wp-content\/uploads\/2026\/02\/Neata_buget.jpg?fit=300%2C225&amp;ssl=1\" class=\"attachment-giornalismo-single size-giornalismo-single wp-post-image\" alt loading=\"lazy\"><\/div>\n<p class=\"headline\"><a href=\"https:\/\/www.curierul.ro\/deputatul-eugen-neata-astept-de-la-bugetul-romaniei-sa-dea-un-semn-ca-este-interesat-de-una-dintre-cele-mai-serioase-probleme-cu-care-se-confrunta-comunitatea-valceana\/\">Deputatul Eugen Nea\u021b\u0103: \u201eA\u0219tept de la bugetul Rom\u00e2niei s\u0103 dea un semn c\u0103 este interesat de una dintre cele mai serioase probleme cu care se confrunt\u0103 comunitatea v\u00e2lcean\u0103\u201d<\/a><\/p>\n<\/article>\n<\/div>\n<\/section>\n<section class=\"latest-category clearfix\">\n<h2 class=\"title\">More Stories From Abecedar<\/h2>\n<div class=\"stories-container\">\n<article id=\"related-195541\" class=\"story post-195541 post type-post status-publish format-standard has-post-thumbnail hentry category-abecedar category-politica tag-carol-i tag-copacelu-2 tag-mircia-gutau-2 tag-ramnicu-valcea tag-reabilitare tag-scoala-5\">\n<div class=\"photo\"><img decoding=\"async\" width=\"735\" height=\"440\" src=\"https:\/\/i0.wp.com\/www.curierul.ro\/wp-content\/uploads\/2025\/12\/scoala-Copacelu-e1764842020653.jpg?fit=300%2C194&amp;ssl=1\" class=\"attachment-giornalismo-single size-giornalismo-single wp-post-image\" alt loading=\"lazy\"><\/div>\n<p class=\"headline\"><a href=\"https:\/\/www.curierul.ro\/o-scoala-din-ramnicu-valcea-fondata-de-regele-carol-i-va-intra-in-reabilitare-%f0%9f%91%87%f0%9f%8f%bb%f0%9f%91%87%f0%9f%8f%bb%f0%9f%91%87%f0%9f%8f%bb\/\">O \u0219coala din R\u00e2mnicu V\u00e2lcea, fondat\u0103 de regele Carol I, va intra \u00een reabilitare \ud83d\udc47\ud83c\udffb\ud83d\udc47\ud83c\udffb\ud83d\udc47\ud83c\udffb<\/a><\/p>\n<\/article>\n<article id=\"related-194045\" class=\"story post-194045 post type-post status-publish format-standard has-post-thumbnail hentry category-abecedar category-eveniment-social category-headlines category-politica tag-eleve-de-10 tag-mircia-gutau-2 tag-premiate tag-primar\">\n<div class=\"photo\"><img decoding=\"async\" width=\"735\" height=\"440\" src=\"https:\/\/i0.wp.com\/www.curierul.ro\/wp-content\/uploads\/2025\/07\/eleve.jpg?fit=300%2C200&amp;ssl=1\" class=\"attachment-giornalismo-single size-giornalismo-single wp-post-image\" alt loading=\"lazy\"><\/div>\n<p class=\"headline\"><a href=\"https:\/\/www.curierul.ro\/elevele-de-10-au-fost-premiate-de-primarul-mircia-gutau\/\">Elevele de 10 au fost premiate de primarul Mircia Gut\u0103u<\/a><\/p>\n<\/article>\n<article id=\"related-189306\" class=\"story post-189306 post type-post status-publish format-standard has-post-thumbnail hentry category-abecedar category-politica category-psd tag-cere-acordul tag-dependenti-de-droguri tag-deputat-neata tag-internati-2 tag-periculosi\">\n<div class=\"photo\"><img decoding=\"async\" width=\"523\" height=\"440\" src=\"https:\/\/i0.wp.com\/www.curierul.ro\/wp-content\/uploads\/2024\/05\/Eugen-Neata.jpg?fit=218%2C300&amp;ssl=1\" class=\"attachment-giornalismo-single size-giornalismo-single wp-post-image\" alt loading=\"lazy\"><\/div>\n<p class=\"headline\"><a href=\"https:\/\/www.curierul.ro\/deputatul-neata-propune-ca-dependentii-de-droguri-periculosi-sa-fie-internati-fara-a-li-se-mai-cere-acordul\/\">Deputatul Nea\u021b\u0103 propune ca dependen\u021bii de droguri periculo\u0219i s\u0103 fie interna\u021bi f\u0103r\u0103 a li se mai cere acordul<\/a><\/p>\n<\/article>\n<\/div>\n<\/section>\n<section class=\"author-bio clearfix\">\n<div class=\"mug-shot\"><img decoding=\"async\" alt src=\"https:\/\/secure.gravatar.com\/avatar\/ae634844e12be63a4f063a6c7bef885da670fd420e0dedd39ed80eacd6e6979c?s=96&amp;d=mm&amp;r=g\" class=\"avatar avatar-96 photo\" height=\"96\" width=\"96\" loading=\"lazy\"><\/div>\n<div class=\"author-info\">\n<p class=\"title\">About Alin Emilian Tudoroiu, <\/p>\n<div class=\"author-social-area\"><a href=\"mailto:alintudoroiu@curierul.ro\"><span class=\"fal fa-envelope\"><span class=\"screen-reader-text\">Email the Author<\/span><\/span><\/a><\/div>\n<\/div>\n<\/section>\n<\/footer>\n<\/article>\n<article id=\"196867\" class=\"post-196867 post type-post status-publish format-standard has-post-thumbnail hentry category-abecedar category-politica tag-deputat tag-eugen-neata tag-plata-amenzi tag-restituire-permis tag-soferi-straini\">\n<header class=\"post-header\">\n<ul class=\"breadcrumbs\">\n<li><a href=\"https:\/\/www.curierul.ro\">Home<\/a><\/li>\n<li class=\"breadcrumbs-active .category-abecedar\"><a href=\"https:\/\/www.curierul.ro\/index.php?cat=347\">Abecedar<\/a><\/li>\n<li class=\"breadcrumbs-active .category-abecedar\">Deputatul Eugen Nea\u021b\u0103 \u2013 propune plata amenzilor, de c\u0103tre \u0219oferii str\u0103ini, \u00eenainte de restituirea permisului<\/li>\n<\/ul>\n<div class=\"featured-photo\"><img loading=\"lazy\" decoding=\"async\" width=\"1047\" height=\"990\" src=\"https:\/\/i0.wp.com\/www.curierul.ro\/wp-content\/uploads\/2026\/04\/neata-aprilie-e1775628504880.jpg?fit=300%2C284&amp;ssl=1\" class=\"attachment-single size-single wp-post-image\" alt><\/div>\n<h1 class=\"headline\">Deputatul Eugen Nea\u021b\u0103 \u2013 propune plata amenzilor, de c\u0103tre \u0219oferii str\u0103ini, \u00eenainte de restituirea permisului<\/h1>\n<p class=\"byline\">\n\t\tScris de<a href=\"https:\/\/www.curierul.ro\/author\/alin\/\">Alin Emilian Tudoroiu<\/a>, \t\t2 aprilie 2026\t\t\t\t<\/p>\n<hr>\n<\/header>\n<p>Conform unei \u0219tiri prezentat\u0103 de revista Capital, \u0219oferii str\u0103ini care nu pl\u0103tesc amenzile \u00een Rom\u00e2nia ar putea fi opri\u021bi s\u0103 p\u0103r\u0103seasc\u0103 \u021bara. C\u00e2teva zeci de mii de \u0219oferi figureaz\u0103 cu datorii de milioane de euro, iar o modificare legislativ\u0103 propus\u0103 de deputatul v\u00e2lcean social democrat, Eugen Nea\u021b\u0103, prevede plata imediat\u0103 a sanc\u021biunilor pentru a proteja transportatorii rom\u00e2ni \u0219i a reduce datoriile ne\u00eencasate. <br \/><em>\u201eReamintesc, peste 35 000 de cet\u0103\u021beni str\u0103ini figureaz\u0103 cu amenzi nepl\u0103tite pe teritoriul \u021b\u0103rii noastre, majoritatea pentru abateri de la normele codului rutier, pentru c\u0103 \u201eau dep\u0103\u0219it viteza legal\u0103, nu au purtat centura, au trecut pe ro\u0219u sau, \u0219i mai grav, au condus b\u0103u\u021bi\u201d. Modificarea legislativ\u0103 pe care am ini\u021biat-o oblig\u0103 \u0219i pe \u0219oferul str\u0103in amendat s\u0103 pl\u0103teasc\u0103 imediat, \u00eenainte de a cere restituirea permisului de conducere. La ora la care vorbim, acest lucru este valabil numai pentru \u0219oferii cu cet\u0103\u021benie rom\u00e2n\u0103. \u0218oferii str\u0103ini \u00ee\u0219i primesc carnetul la cerere, f\u0103r\u0103 leg\u0103tur\u0103 cu achitarea amenzii, \u0219i pornesc mai departe c\u0103tre destina\u021bie uit\u00e2nd definitiv \u0219i f\u0103r\u0103 consecin\u021be s\u0103 pl\u0103teasc\u0103 banii datora\u021bi statului rom\u00e2n. M\u0103 bucur s\u0103 v\u0103d at\u00e2ta sus\u021binere la nivel na\u021bional pentru corectarea unei nedrept\u0103\u021bi evidente \u0219i pentru stimularea unui nivel de disciplin\u0103 mai \u00eenalt \u00een r\u00e2ndurile \u0219oferilor cu alt\u0103 cet\u0103\u021benie dec\u00e2t cea rom\u00e2na, care ne tranziteaz\u0103 \u021bara. Mul\u021bumesc presei na\u021bionale pentru sus\u021binerea acestei ini\u021biative legislative al\u0103turi de alte mijloace na\u021bionale de comunicare public\u0103 \u0219i de grupuri \u0219i organiza\u021bii profesionale, inclusiv cele ale transportatorilor de m\u0103rfuri \u0219i de persoane, direct interesa\u021bi de egalitatea de \u0219anse \u00een domeniul \u00een care ac\u021bioneaz\u0103\u201d,<\/em> a precizat deputatul Eugen Nea\u021b\u0103.<\/p>\n<div class=\"sharedaddy sd-sharing-enabled\">\n<div class=\"robots-nocontent sd-block sd-social sd-social-official sd-sharing\">\n<h3 class=\"sd-title\">Distribuie pe:<\/h3>\n<div class=\"sd-content\">\n<ul>\n<li class=\"share-facebook\">\n<li class=\"share-twitter\"><a href=\"https:\/\/twitter.com\/share\" class=\"twitter-share-button\" data-url=\"https:\/\/www.curierul.ro\/deputatul-eugen-neata-propune-plata-amenzilor-de-catre-soferii-straini-inainte-de-restituirea-permisului\/\" data-text=\"Deputatul Eugen Nea\u021b\u0103 - propune plata amenzilor, de c\u0103tre \u0219oferii str\u0103ini, \u00eenainte de restituirea permisului\" data-via=\"curierulvl\">Tweet<\/a><\/li>\n<li class=\"share-jetpack-whatsapp\"><a rel=\"nofollow noopener noreferrer\" data-shared=\"sharing-whatsapp-196867\" class=\"share-jetpack-whatsapp sd-button\" href=\"https:\/\/www.curierul.ro\/deputatul-eugen-neata-propune-plata-amenzilor-de-catre-soferii-straini-inainte-de-restituirea-permisului\/?share=jetpack-whatsapp\" target=\"_blank\" aria-labelledby=\"sharing-whatsapp-196867\"><span id=\"sharing-whatsapp-196867\" hidden>Partajeaz\u0103 prin WhatsApp(Se deschide \u00eentr-o fereastr\u0103 nou\u0103)<\/span><span>WhatsApp<\/span><\/a><\/li>\n<li><a href=\"https:\/\/www.curierul.ro\/deputatul-eugen-neata-propune-plata-amenzilor-de-catre-soferii-straini-inainte-de-restituirea-permisului\/\" class=\"sharing-anchor sd-button share-more\"><span>Mai mult<\/span><\/a><\/li>\n<li class=\"share-end\"><\/ul>\n<div class=\"sharing-hidden\">\n<div class=\"inner\">\n<ul>\n<li class=\"share-email\"><a rel=\"nofollow noopener noreferrer\" data-shared=\"sharing-email-196867\" class=\"share-email sd-button\" href=\"mailto:?subject=%5BArticol%20partajat%5D%20Deputatul%20Eugen%20Nea%C8%9B%C4%83%20-%20propune%20plata%20amenzilor%2C%20de%20c%C4%83tre%20%C8%99oferii%20str%C4%83ini%2C%20%C3%AEnainte%20de%20restituirea%20permisului&amp;body=https%3A%2F%2Fwww.curierul.ro%2Fdeputatul-eugen-neata-propune-plata-amenzilor-de-catre-soferii-straini-inainte-de-restituirea-permisului%2F&amp;share=email\" target=\"_blank\" aria-labelledby=\"sharing-email-196867\" data-email-share-error-title=\"\u021ai-ai configurat emailul?\" data-email-share-error-text=\"Dac\u0103 ai probleme la partajarea prin email, probabil nu ai configurat emailul pentru navigator. Poate trebuie s\u0103 creezi singur un email nou.\" data-email-share-nonce=\"30b8186d2a\" data-email-share-track-url=\"https:\/\/www.curierul.ro\/deputatul-eugen-neata-propune-plata-amenzilor-de-catre-soferii-straini-inainte-de-restituirea-permisului\/?share=email\"><span id=\"sharing-email-196867\" hidden>Trimite unui prieten un email cu o leg\u0103tur\u0103(Se deschide \u00eentr-o fereastr\u0103 nou\u0103)<\/span><span>Email<\/span><\/a><\/li>\n<li class=\"share-print\"><a rel=\"nofollow noopener noreferrer\" data-shared=\"sharing-print-196867\" class=\"share-print sd-button\" href=\"https:\/\/www.curierul.ro\/deputatul-eugen-neata-propune-plata-amenzilor-de-catre-soferii-straini-inainte-de-restituirea-permisului\/#print?share=print\" target=\"_blank\" aria-labelledby=\"sharing-print-196867\"><span id=\"sharing-print-196867\" hidden>Imprimare(Se deschide \u00eentr-o fereastr\u0103 nou\u0103)<\/span><span>Imprimare<\/span><\/a><\/li>\n<li class=\"share-end\"><\/ul>\n<\/div>\n<\/div>\n<\/div>\n<\/div>\n<\/div>\n<div id=\"jp-relatedposts\" class=\"jp-relatedposts\">\n<h3 class=\"jp-relatedposts-headline\"><em>Similare<\/em><\/h3>\n<\/div>\n<footer class=\"post-footer\">\n<p class=\"tags\"><strong>Tags: <\/strong><a href=\"https:\/\/www.curierul.ro\/tag\/deputat\/\" rel=\"tag\">deputat<\/a>, <a href=\"https:\/\/www.curierul.ro\/tag\/eugen-neata\/\" rel=\"tag\">Eugen Nea\u021b\u0103<\/a>, <a href=\"https:\/\/www.curierul.ro\/tag\/plata-amenzi\/\" rel=\"tag\">plata amenzi<\/a>, <a href=\"https:\/\/www.curierul.ro\/tag\/restituire-permis\/\" rel=\"tag\">restituire permis<\/a>, <a href=\"https:\/\/www.curierul.ro\/tag\/soferi-straini\/\" rel=\"tag\">soferi str\u0103ini<\/a><\/p>\n<div class=\"post-navigation clearfix\">\n<div class=\"previous-post\">\n<p class=\"paginate-title\">\u00ab\u00ab <a href=\"https:\/\/www.curierul.ro\/pasega-rafinament-in-panificatie-traditie-dusa-la-perfectiune\/\" rel=\"prev\">PASEGA \u2013 rafinament \u00een panifica\u021bie, tradi\u021bie dus\u0103 la perfec\u021biune<\/a><\/p>\n<\/div>\n<div class=\"next-post\">\n<div class=\"featured-photo\"><img loading=\"lazy\" decoding=\"async\" width=\"730\" height=\"438\" src=\"https:\/\/i0.wp.com\/www.curierul.ro\/wp-content\/uploads\/2024\/07\/apa.jpg?fit=300%2C180&amp;ssl=1\" class=\"attachment-post-thumbnail size-post-thumbnail wp-post-image\" alt><\/div>\n<p class=\"paginate-title\"><a href=\"https:\/\/www.curierul.ro\/maternitatea-spitalul-scoli-si-institutii-publice-15-ore-fara-apa-calda-si-caldura\/\" rel=\"next\">Maternitatea, Spitalul, \u0219coli \u0219i institu\u021bii publice, 15 ore f\u0103r\u0103 ap\u0103 cald\u0103 \u0219i c\u0103ldur\u0103<\/a> \u00bb\u00bb<\/p>\n<\/div>\n<\/div>\n<div id=\"comments\" class=\"comments-area\">\n<div id=\"respond\" class=\"comment-respond\">\n<h3 id=\"reply-title\" class=\"comment-reply-title\">Po\u021bi comenta aici<small><a rel=\"nofollow\" id=\"cancel-comment-reply-link\" href=\"https:\/\/www.curierul.ro\/deputatul-eugen-neata-propune-plata-amenzilor-de-catre-soferii-straini-inainte-de-restituirea-permisului\/#respond\">Anuleaz\u0103 r\u0103spunsul<\/a><\/small><\/h3>\n<\/div>\n<p class=\"akismet_comment_form_privacy_notice\">Acest site folose\u0219te Akismet pentru a reduce spamul. <a href=\"https:\/\/akismet.com\/privacy\/\" target=\"_blank\" rel=\"nofollow noopener\">Afl\u0103 cum sunt procesate datele comentariilor tale<\/a>.<\/p>\n<\/div>\n<section class=\"related-stories\">\n<h2>Related Stories<\/h2>\n<div class=\"stories-container\">\n<article id=\"latest-196630\" class=\"story post-196630 post type-post status-publish format-standard has-post-thumbnail hentry category-actualitate category-economie category-headlines category-politica tag-deputat tag-drum-expres tag-eugen-neata tag-rm-valcea-tigveni tag-urgenta-2\">\n<div class=\"photo\"><img decoding=\"async\" width=\"735\" height=\"440\" src=\"https:\/\/i0.wp.com\/www.curierul.ro\/wp-content\/uploads\/2026\/03\/neata_autostrada.jpg?fit=300%2C240&amp;ssl=1\" class=\"attachment-giornalismo-single size-giornalismo-single wp-post-image\" alt loading=\"lazy\"><\/div>\n<p class=\"headline\"><a href=\"https:\/\/www.curierul.ro\/deputat-eugen-neata-20-de-km-periculosi-epuizanti-spre-autostrada-drumul-expres-rm-valcea-tigveni-este-o-urgenta\/\">Deputat Eugen Nea\u021b\u0103: \u201e20 de km periculo\u0219i, epuizan\u021bi spre autostrad\u0103. Drumul Expres Rm. V\u00e2lcea\u00a0\u2013 Tigveni este o urgen\u021b\u0103!!!\u201d<\/a><\/p>\n<\/article>\n<article id=\"latest-196625\" class=\"story post-196625 post type-post status-publish format-standard has-post-thumbnail hentry category-actualitate category-economie category-politica tag-deputat tag-eugen-neata tag-investitii-2 tag-locuri-de-munca-2 tag-program tag-valcea-2\">\n<div class=\"photo\"><img decoding=\"async\" width=\"735\" height=\"440\" src=\"https:\/\/i0.wp.com\/www.curierul.ro\/wp-content\/uploads\/2026\/03\/Neata_lege-e1773302023777.jpg?fit=300%2C175&amp;ssl=1\" class=\"attachment-giornalismo-single size-giornalismo-single wp-post-image\" alt loading=\"lazy\"><\/div>\n<p class=\"headline\"><a href=\"https:\/\/www.curierul.ro\/deputatul-eugen-neata-reuseste-sa-includa-valcea-in-programul-pentru-investitii-si-locuri-de-munca\/\">Deputatul Eugen Nea\u021b\u0103 reu\u0219e\u0219te s\u0103 includ\u0103 V\u00e2lcea \u00een programul pentru investi\u021bii \u0219i locuri de munc\u0103<\/a><\/p>\n<\/article>\n<article id=\"latest-196282\" class=\"story post-196282 post type-post status-publish format-standard has-post-thumbnail hentry category-actualitate category-headlines category-politica category-psd tag-buget tag-comunitatea-valceana tag-deputat tag-eugen-neata tag-probleme tag-romania-2\">\n<div class=\"photo\"><img decoding=\"async\" width=\"720\" height=\"440\" src=\"https:\/\/i0.wp.com\/www.curierul.ro\/wp-content\/uploads\/2026\/02\/Neata_buget.jpg?fit=300%2C225&amp;ssl=1\" class=\"attachment-giornalismo-single size-giornalismo-single wp-post-image\" alt loading=\"lazy\"><\/div>\n<p class=\"headline\"><a href=\"https:\/\/www.curierul.ro\/deputatul-eugen-neata-astept-de-la-bugetul-romaniei-sa-dea-un-semn-ca-este-interesat-de-una-dintre-cele-mai-serioase-probleme-cu-care-se-confrunta-comunitatea-valceana\/\">Deputatul Eugen Nea\u021b\u0103: \u201eA\u0219tept de la bugetul Rom\u00e2niei s\u0103 dea un semn c\u0103 este interesat de una dintre cele mai serioase probleme cu care se confrunt\u0103 comunitatea v\u00e2lcean\u0103\u201d<\/a><\/p>\n<\/article>\n<\/div>\n<\/section>\n<section class=\"latest-category clearfix\">\n<h2 class=\"title\">More Stories From Abecedar<\/h2>\n<div class=\"stories-container\">\n<article id=\"related-195541\" class=\"story post-195541 post type-post status-publish format-standard has-post-thumbnail hentry category-abecedar category-politica tag-carol-i tag-copacelu-2 tag-mircia-gutau-2 tag-ramnicu-valcea tag-reabilitare tag-scoala-5\">\n<div class=\"photo\"><img decoding=\"async\" width=\"735\" height=\"440\" src=\"https:\/\/i0.wp.com\/www.curierul.ro\/wp-content\/uploads\/2025\/12\/scoala-Copacelu-e1764842020653.jpg?fit=300%2C194&amp;ssl=1\" class=\"attachment-giornalismo-single size-giornalismo-single wp-post-image\" alt loading=\"lazy\"><\/div>\n<p class=\"headline\"><a href=\"https:\/\/www.curierul.ro\/o-scoala-din-ramnicu-valcea-fondata-de-regele-carol-i-va-intra-in-reabilitare-%f0%9f%91%87%f0%9f%8f%bb%f0%9f%91%87%f0%9f%8f%bb%f0%9f%91%87%f0%9f%8f%bb\/\">O \u0219coala din R\u00e2mnicu V\u00e2lcea, fondat\u0103 de regele Carol I, va intra \u00een reabilitare \ud83d\udc47\ud83c\udffb\ud83d\udc47\ud83c\udffb\ud83d\udc47\ud83c\udffb<\/a><\/p>\n<\/article>\n<article id=\"related-194045\" class=\"story post-194045 post type-post status-publish format-standard has-post-thumbnail hentry category-abecedar category-eveniment-social category-headlines category-politica tag-eleve-de-10 tag-mircia-gutau-2 tag-premiate tag-primar\">\n<div class=\"photo\"><img decoding=\"async\" width=\"735\" height=\"440\" src=\"https:\/\/i0.wp.com\/www.curierul.ro\/wp-content\/uploads\/2025\/07\/eleve.jpg?fit=300%2C200&amp;ssl=1\" class=\"attachment-giornalismo-single size-giornalismo-single wp-post-image\" alt loading=\"lazy\"><\/div>\n<p class=\"headline\"><a href=\"https:\/\/www.curierul.ro\/elevele-de-10-au-fost-premiate-de-primarul-mircia-gutau\/\">Elevele de 10 au fost premiate de primarul Mircia Gut\u0103u<\/a><\/p>\n<\/article>\n<article id=\"related-189306\" class=\"story post-189306 post type-post status-publish format-standard has-post-thumbnail hentry category-abecedar category-politica category-psd tag-cere-acordul tag-dependenti-de-droguri tag-deputat-neata tag-internati-2 tag-periculosi\">\n<div class=\"photo\"><img decoding=\"async\" width=\"523\" height=\"440\" src=\"https:\/\/i0.wp.com\/www.curierul.ro\/wp-content\/uploads\/2024\/05\/Eugen-Neata.jpg?fit=218%2C300&amp;ssl=1\" class=\"attachment-giornalismo-single size-giornalismo-single wp-post-image\" alt loading=\"lazy\"><\/div>\n<p class=\"headline\"><a href=\"https:\/\/www.curierul.ro\/deputatul-neata-propune-ca-dependentii-de-droguri-periculosi-sa-fie-internati-fara-a-li-se-mai-cere-acordul\/\">Deputatul Nea\u021b\u0103 propune ca dependen\u021bii de droguri periculo\u0219i s\u0103 fie interna\u021bi f\u0103r\u0103 a li se mai cere acordul<\/a><\/p>\n<\/article>\n<\/div>\n<\/section>\n<section class=\"author-bio clearfix\">\n<div class=\"mug-shot\"><img decoding=\"async\" alt src=\"https:\/\/secure.gravatar.com\/avatar\/ae634844e12be63a4f063a6c7bef885da670fd420e0dedd39ed80eacd6e6979c?s=96&amp;d=mm&amp;r=g\" class=\"avatar avatar-96 photo\" height=\"96\" width=\"96\" loading=\"lazy\"><\/div>\n<div class=\"author-info\">\n<p class=\"title\">About Alin Emilian Tudoroiu, <\/p>\n<div class=\"author-social-area\"><a href=\"mailto:alintudoroiu@curierul.ro\"><span class=\"fal fa-envelope\"><span class=\"screen-reader-text\">Email the Author<\/span><\/span><\/a><\/div>\n<\/div>\n<\/section>\n<\/footer>\n<\/article>\n<article id=\"latest-196630\" class=\"story post-196630 post type-post status-publish format-standard has-post-thumbnail hentry category-actualitate category-economie category-headlines category-politica tag-deputat tag-drum-expres tag-eugen-neata tag-rm-valcea-tigveni tag-urgenta-2\">\n<div class=\"photo\"><img decoding=\"async\" width=\"735\" height=\"440\" src=\"https:\/\/i0.wp.com\/www.curierul.ro\/wp-content\/uploads\/2026\/03\/neata_autostrada.jpg?fit=300%2C240&amp;ssl=1\" class=\"attachment-giornalismo-single size-giornalismo-single wp-post-image\" alt loading=\"lazy\"><\/div>\n<p class=\"headline\"><a href=\"https:\/\/www.curierul.ro\/deputat-eugen-neata-20-de-km-periculosi-epuizanti-spre-autostrada-drumul-expres-rm-valcea-tigveni-este-o-urgenta\/\">Deputat Eugen Nea\u021b\u0103: \u201e20 de km periculo\u0219i, epuizan\u021bi spre autostrad\u0103. Drumul Expres Rm. V\u00e2lcea\u00a0\u2013 Tigveni este o urgen\u021b\u0103!!!\u201d<\/a><\/p>\n<\/article>\n<article id=\"latest-196625\" class=\"story post-196625 post type-post status-publish format-standard has-post-thumbnail hentry category-actualitate category-economie category-politica tag-deputat tag-eugen-neata tag-investitii-2 tag-locuri-de-munca-2 tag-program tag-valcea-2\">\n<div class=\"photo\"><img decoding=\"async\" width=\"735\" height=\"440\" src=\"https:\/\/i0.wp.com\/www.curierul.ro\/wp-content\/uploads\/2026\/03\/Neata_lege-e1773302023777.jpg?fit=300%2C175&amp;ssl=1\" class=\"attachment-giornalismo-single size-giornalismo-single wp-post-image\" alt loading=\"lazy\"><\/div>\n<p class=\"headline\"><a href=\"https:\/\/www.curierul.ro\/deputatul-eugen-neata-reuseste-sa-includa-valcea-in-programul-pentru-investitii-si-locuri-de-munca\/\">Deputatul Eugen Nea\u021b\u0103 reu\u0219e\u0219te s\u0103 includ\u0103 V\u00e2lcea \u00een programul pentru investi\u021bii \u0219i locuri de munc\u0103<\/a><\/p>\n<\/article>\n<article id=\"latest-196282\" class=\"story post-196282 post type-post status-publish format-standard has-post-thumbnail hentry category-actualitate category-headlines category-politica category-psd tag-buget tag-comunitatea-valceana tag-deputat tag-eugen-neata tag-probleme tag-romania-2\">\n<div class=\"photo\"><img decoding=\"async\" width=\"720\" height=\"440\" src=\"https:\/\/i0.wp.com\/www.curierul.ro\/wp-content\/uploads\/2026\/02\/Neata_buget.jpg?fit=300%2C225&amp;ssl=1\" class=\"attachment-giornalismo-single size-giornalismo-single wp-post-image\" alt loading=\"lazy\"><\/div>\n<p class=\"headline\"><a href=\"https:\/\/www.curierul.ro\/deputatul-eugen-neata-astept-de-la-bugetul-romaniei-sa-dea-un-semn-ca-este-interesat-de-una-dintre-cele-mai-serioase-probleme-cu-care-se-confrunta-comunitatea-valceana\/\">Deputatul Eugen Nea\u021b\u0103: \u201eA\u0219tept de la bugetul Rom\u00e2niei s\u0103 dea un semn c\u0103 este interesat de una dintre cele mai serioase probleme cu care se confrunt\u0103 comunitatea v\u00e2lcean\u0103\u201d<\/a><\/p>\n<\/article>\n<article id=\"related-195541\" class=\"story post-195541 post type-post status-publish format-standard has-post-thumbnail hentry category-abecedar category-politica tag-carol-i tag-copacelu-2 tag-mircia-gutau-2 tag-ramnicu-valcea tag-reabilitare tag-scoala-5\">\n<div class=\"photo\"><img decoding=\"async\" width=\"735\" height=\"440\" src=\"https:\/\/i0.wp.com\/www.curierul.ro\/wp-content\/uploads\/2025\/12\/scoala-Copacelu-e1764842020653.jpg?fit=300%2C194&amp;ssl=1\" class=\"attachment-giornalismo-single size-giornalismo-single wp-post-image\" alt loading=\"lazy\"><\/div>\n<p class=\"headline\"><a href=\"https:\/\/www.curierul.ro\/o-scoala-din-ramnicu-valcea-fondata-de-regele-carol-i-va-intra-in-reabilitare-%f0%9f%91%87%f0%9f%8f%bb%f0%9f%91%87%f0%9f%8f%bb%f0%9f%91%87%f0%9f%8f%bb\/\">O \u0219coala din R\u00e2mnicu V\u00e2lcea, fondat\u0103 de regele Carol I, va intra \u00een reabilitare \ud83d\udc47\ud83c\udffb\ud83d\udc47\ud83c\udffb\ud83d\udc47\ud83c\udffb<\/a><\/p>\n<\/article>\n<article id=\"related-194045\" class=\"story post-194045 post type-post status-publish format-standard has-post-thumbnail hentry category-abecedar category-eveniment-social category-headlines category-politica tag-eleve-de-10 tag-mircia-gutau-2 tag-premiate tag-primar\">\n<div class=\"photo\"><img decoding=\"async\" width=\"735\" height=\"440\" src=\"https:\/\/i0.wp.com\/www.curierul.ro\/wp-content\/uploads\/2025\/07\/eleve.jpg?fit=300%2C200&amp;ssl=1\" class=\"attachment-giornalismo-single size-giornalismo-single wp-post-image\" alt loading=\"lazy\"><\/div>\n<p class=\"headline\"><a href=\"https:\/\/www.curierul.ro\/elevele-de-10-au-fost-premiate-de-primarul-mircia-gutau\/\">Elevele de 10 au fost premiate de primarul Mircia Gut\u0103u<\/a><\/p>\n<\/article>\n<article id=\"related-189306\" class=\"story post-189306 post type-post status-publish format-standard has-post-thumbnail hentry category-abecedar category-politica category-psd tag-cere-acordul tag-dependenti-de-droguri tag-deputat-neata tag-internati-2 tag-periculosi\">\n<div class=\"photo\"><img decoding=\"async\" width=\"523\" height=\"440\" src=\"https:\/\/i0.wp.com\/www.curierul.ro\/wp-content\/uploads\/2024\/05\/Eugen-Neata.jpg?fit=218%2C300&amp;ssl=1\" class=\"attachment-giornalismo-single size-giornalismo-single wp-post-image\" alt loading=\"lazy\"><\/div>\n<p class=\"headline\"><a href=\"https:\/\/www.curierul.ro\/deputatul-neata-propune-ca-dependentii-de-droguri-periculosi-sa-fie-internati-fara-a-li-se-mai-cere-acordul\/\">Deputatul Nea\u021b\u0103 propune ca dependen\u021bii de droguri periculo\u0219i s\u0103 fie interna\u021bi f\u0103r\u0103 a li se mai cere acordul<\/a><\/p>\n<\/article>\n<p>[analyse_source url=&#8221;https:\/\/www.curierul.ro\/deputatul-eugen-neata-propune-plata-amenzilor-de-catre-soferii-straini-inainte-de-restituirea-permisului\/&#8221;]<\/p>\n","protected":false},"excerpt":{"rendered":"<p>[analyse_image type=&#8221;featured&#8221; src=&#8221;https:\/\/www.curierul.ro\/wp-content\/uploads\/2026\/04\/neata-aprilie-e1775628504880.jpghttps:\/\/i0.wp.com\/www.curierul.ro\/wp-content\/uploads\/2026\/04\/neata-aprilie-e1775628504880.jpg?fit=1047%2C990&amp;ssl=1&#8243;] Home Abecedar Deputatul Eugen Nea\u021b\u0103 \u2013 propune plata amenzilor, de c\u0103tre \u0219oferii str\u0103ini, \u00eenainte de restituirea permisului Deputatul Eugen Nea\u021b\u0103 \u2013 propune plata amenzilor, de c\u0103tre \u0219oferii str\u0103ini, \u00eenainte de restituirea permisului Scris deAlin Emilian Tudoroiu, 2 aprilie 2026 Conform unei \u0219tiri prezentat\u0103 de revista Capital, \u0219oferii str\u0103ini care nu pl\u0103tesc amenzile [&hellip;]<\/p>\n","protected":false},"author":1,"featured_media":0,"comment_status":"open","ping_status":"","sticky":false,"template":"","format":"standard","meta":{"footnotes":""},"categories":[89],"tags":[226,213],"class_list":["post-1882440","post","type-post","status-publish","format-standard","hentry","category-romania","tag-crawlmanager","tag-curierul-ro"],"_links":{"self":[{"href":"https:\/\/analyse.optim.biz\/index.php?rest_route=\/wp\/v2\/posts\/1882440","targetHints":{"allow":["GET"]}}],"collection":[{"href":"https:\/\/analyse.optim.biz\/index.php?rest_route=\/wp\/v2\/posts"}],"about":[{"href":"https:\/\/analyse.optim.biz\/index.php?rest_route=\/wp\/v2\/types\/post"}],"author":[{"embeddable":true,"href":"https:\/\/analyse.optim.biz\/index.php?rest_route=\/wp\/v2\/users\/1"}],"replies":[{"embeddable":true,"href":"https:\/\/analyse.optim.biz\/index.php?rest_route=%2Fwp%2Fv2%2Fcomments&post=1882440"}],"version-history":[{"count":0,"href":"https:\/\/analyse.optim.biz\/index.php?rest_route=\/wp\/v2\/posts\/1882440\/revisions"}],"wp:attachment":[{"href":"https:\/\/analyse.optim.biz\/index.php?rest_route=%2Fwp%2Fv2%2Fmedia&parent=1882440"}],"wp:term":[{"taxonomy":"category","embeddable":true,"href":"https:\/\/analyse.optim.biz\/index.php?rest_route=%2Fwp%2Fv2%2Fcategories&post=1882440"},{"taxonomy":"post_tag","embeddable":true,"href":"https:\/\/analyse.optim.biz\/index.php?rest_route=%2Fwp%2Fv2%2Ftags&post=1882440"}],"curies":[{"name":"wp","href":"https:\/\/api.w.org\/{rel}","templated":true}]}}