{"id":1882370,"date":"2026-04-14T19:35:35","date_gmt":"2026-04-14T16:35:35","guid":{"rendered":"https:\/\/analyse.optim.biz\/?p=1882370"},"modified":"2026-04-14T19:35:35","modified_gmt":"2026-04-14T16:35:35","slug":"un-drum-turistic-deosebit-care-taie-muntii-ar-urma-sa-fie-reabilitat","status":"publish","type":"post","link":"https:\/\/analyse.optim.biz\/?p=1882370","title":{"rendered":"Un drum turistic deosebit care taie mun\u0163ii ar urma s\u0103 fie reabilitat"},"content":{"rendered":"<p>[analyse_image type=&#8221;featured&#8221; src=&#8221;https:\/\/www.tvbuzau.ro\/wp-content\/uploads\/2026\/04\/hqdefault-24.jpghttps:\/\/www.tvbuzau.ro\/wp-content\/uploads\/2026\/04\/hqdefault-24.jpg&#8221;]<\/p>\n<div class=\"td-ss-main-content\">\n<article id=\"post-118721\" class=\"post-118721 post type-post status-publish format-video has-post-thumbnail hentry category-actualitate post_format-post-format-video\">\n<div class=\"td-post-header\">\n<ul class=\"td-category\">\n<li class=\"entry-category\"><a href=\"https:\/\/www.tvbuzau.ro\/category\/actualitate\/\">Actualitate<\/a><\/li>\n<\/ul>\n<header class=\"td-post-title\">\n<h1 class=\"entry-title\">Un drum turistic deosebit care taie mun\u0163ii ar urma s\u0103 fie reabilitat<\/h1>\n<div class=\"td-module-meta-info\">\n<div class=\"td-post-author-name\">De c\u0103tre <a href=\"https:\/\/www.tvbuzau.ro\/author\/mihai-vasilescu\/\">TV Buz\u0103u<\/a> &#8211; <\/div>\n<p><span class=\"td-post-date\"><time class=\"entry-date updated td-module-date\" datetime=\"2026-04-14T19:35:35+00:00\">aprilie 14, 2026<\/time><\/span><\/p>\n<div class=\"td-post-comments\"><a href=\"https:\/\/www.tvbuzau.ro\/un-drum-turistic-deosebit-care-taie-muntii-ar-urma-sa-fie-reabilitat\/#respond\">0<\/a><\/div>\n<div class=\"td-post-views\"><span class=\"td-nr-views-118721\">51<\/span><\/div>\n<\/div>\n<\/header>\n<\/div>\n<div class=\"td-post-sharing td-post-sharing-top td-with-like\">\n<div class=\"td-default-sharing\"><a class=\"td-social-sharing-buttons td-social-facebook\" href=\"http:\/\/www.facebook.com\/sharer.php?u=https%3A%2F%2Fwww.tvbuzau.ro%2Fun-drum-turistic-deosebit-care-taie-muntii-ar-urma-sa-fie-reabilitat%2F\"><\/p>\n<div class=\"td-social-but-text\">Distribui\u021bi pe Facebook<\/div>\n<p><\/a><a class=\"td-social-sharing-buttons td-social-twitter\" href=\"https:\/\/twitter.com\/intent\/tweet?text=Un+drum+turistic+deosebit+care+taie+mun%C5%A3ii+ar+urma+s%C4%83+fie+reabilitat&amp;url=https%3A%2F%2Fwww.tvbuzau.ro%2Fun-drum-turistic-deosebit-care-taie-muntii-ar-urma-sa-fie-reabilitat%2F&amp;via=TV+Buz%C4%83u\"><\/p>\n<div class=\"td-social-but-text\">Distribui\u021bi pe Twitter<\/div>\n<p><\/a><\/div>\n<div class=\"td-classic-sharing\">\n<ul>\n<li class=\"td-classic-facebook\"><iframe frameborder src=\"https:\/\/www.facebook.com\/plugins\/like.php?href=https:\/\/www.tvbuzau.ro\/un-drum-turistic-deosebit-care-taie-muntii-ar-urma-sa-fie-reabilitat\/&amp;layout=button_count&amp;show_faces=false&amp;width=105&amp;action=like&amp;colorscheme=light&amp;height=21\"><\/iframe><\/li>\n<li class=\"td-classic-twitter\"><a href=\"https:\/\/twitter.com\/share\" class=\"twitter-share-button\" data-url=\"https:\/\/www.tvbuzau.ro\/un-drum-turistic-deosebit-care-taie-muntii-ar-urma-sa-fie-reabilitat\/\" data-text=\"Un drum turistic deosebit care taie mun\u0163ii ar urma s\u0103 fie reabilitat\" data-via data-lang=\"en\">tweet<\/a><\/li>\n<\/ul>\n<\/div>\n<\/div>\n<div class=\"td-post-content\">\n<div class=\"td-featured-image-rec\">\n<div class=\"wpb_video_wrapper\">\n                    <iframe loading=\"lazy\" id=\"td_youtube_player\" width=\"600\" height=\"560\" src=\"https:\/\/www.youtube.com\/embed\/HAnW_RJ2N1I?enablejsapi=1&amp;feature=oembed&amp;wmode=opaque&amp;vq=hd720\" frameborder allowfullscreen><\/iframe><\/p><\/div>\n<\/div>\n<p>203K, cel mai lung drum jude\u0163ean din Rom\u00e2nia<br \/>\nUn drum deosebit jude\u0163ean deosebit de important din punct  de vedere turistic va urma s\u0103 fie reabilitat.  Consiliul jude\u021bean Buz\u0103u inten\u021bioneaz\u0103 s\u0103 deruleze proiectul de investi\u021bii \u201eModernizare DJ 203K, Plaiul Nucului -Nehoiu\u201d. Tronsonul de drum jude\u021bean 203K supus moderniz\u0103rii \u00een lungime de 22,600 km, de la Plaiul Nucului comuna Lop\u0103tari, la sat Lunca Priporului, ora\u0219 Nehoiu, face parte din drumul jude\u021bean DJ 203K cu o lungime total\u0103 de 127,6 km \u0219i se afl\u0103 amplasat \u00een zona de nord a jude\u021bului Buz\u0103u, pe teritoriul comunelor Lop\u0103tari, Br\u0103e\u0219ti, Gura Teghii \u0219i ora\u0219ul Nehoiu, \u00een zon\u0103 de munte \u0219i nu a fost modernizat \u00een perioada ultimilor 30 ani. Amplasamentul traverseaz\u0103 ora\u0219ul Nehoiu,  satul B\u00e2sca Rozilei, comuna Gura Teghii, comuna Br\u0103e\u0219ti \u0219i comuna Lop\u0103tari. Prima parte a traseului, sat Plaiul Nucului-Nemertea se desf\u0103\u0219oar\u0103 \u00een mare parte prin p\u0103dure, cu altitudini care ajung \u0219i p\u00e2n\u0103 la 950 m, traseu cu multiple curbe, pante \u0219i rampe mari specific zonei de munte.  A doua parte a traseului sat Nemertea \u2013 sat Lunca Priporului, ora\u0219 Nehoiu (DN10) are \u00eembr\u0103c\u0103minte asfaltic\u0103, dar cu multiple degrad\u0103ri, cu zone ale p\u0103r\u021bii carosabile \u00eengustate datorit\u0103 alunec\u0103rilor din zon\u0103 \u0219i eroziunea drumului de precipita\u021bii \u0219i de p\u00e2r\u00e2ul Basca Roziliei, cu diferen\u021be de nivel fa\u021b\u0103 de cursul p\u00e2r\u00e2ului \u0219i peste 40 m.<br \/>\nRealizarea acestui tronson ar \u00eenseamna o leg\u0103tur\u0103 a p\u0103r\u021bii de sud a jude\u021bului cu partea de nord, o deschidere a jude\u021bului din punct de vedere turistic \u0219i economic, leg\u0103tura facil\u0103 a locuitorilor jude\u021bului Buz\u0103u cu DN 10 Buz\u0103u \u2013 Bra\u0219ov, arat\u0103 Consiliul Jude\u0163ean.<\/p>\n<div class=\"post-views post-118721 entry-meta\"><span class=\"post-views-label\">Post Views: <\/span><span class=\"post-views-count\">173<\/span><\/div>\n<\/div>\n<footer>\n<div class=\"td-post-sharing td-post-sharing-bottom td-with-like\"><span class=\"td-post-share-title\">DISTRIBUI\u021aI<\/span><\/p>\n<div class=\"td-default-sharing\"><a class=\"td-social-sharing-buttons td-social-facebook\" href=\"http:\/\/www.facebook.com\/sharer.php?u=https%3A%2F%2Fwww.tvbuzau.ro%2Fun-drum-turistic-deosebit-care-taie-muntii-ar-urma-sa-fie-reabilitat%2F\"><\/p>\n<div class=\"td-social-but-text\">Facebook<\/div>\n<p><\/a><a class=\"td-social-sharing-buttons td-social-twitter\" href=\"https:\/\/twitter.com\/intent\/tweet?text=Un+drum+turistic+deosebit+care+taie+mun%C5%A3ii+ar+urma+s%C4%83+fie+reabilitat&amp;url=https%3A%2F%2Fwww.tvbuzau.ro%2Fun-drum-turistic-deosebit-care-taie-muntii-ar-urma-sa-fie-reabilitat%2F&amp;via=TV+Buz%C4%83u\"><\/p>\n<div class=\"td-social-but-text\">Twitter<\/div>\n<p><\/a><\/div>\n<div class=\"td-classic-sharing\">\n<ul>\n<li class=\"td-classic-facebook\"><iframe frameborder src=\"https:\/\/www.facebook.com\/plugins\/like.php?href=https:\/\/www.tvbuzau.ro\/un-drum-turistic-deosebit-care-taie-muntii-ar-urma-sa-fie-reabilitat\/&amp;layout=button_count&amp;show_faces=false&amp;width=105&amp;action=like&amp;colorscheme=light&amp;height=21\"><\/iframe><\/li>\n<li class=\"td-classic-twitter\"><a href=\"https:\/\/twitter.com\/share\" class=\"twitter-share-button\" data-url=\"https:\/\/www.tvbuzau.ro\/un-drum-turistic-deosebit-care-taie-muntii-ar-urma-sa-fie-reabilitat\/\" data-text=\"Un drum turistic deosebit care taie mun\u0163ii ar urma s\u0103 fie reabilitat\" data-via data-lang=\"en\">tweet<\/a><\/li>\n<\/ul>\n<\/div>\n<\/div>\n<div class=\"td-author-name vcard author\"><span class=\"fn\"><a href=\"https:\/\/www.tvbuzau.ro\/author\/mihai-vasilescu\/\">TV Buz\u0103u<\/a><\/span><\/div>\n<p><span><\/span><span><span><\/span><\/span><span><\/span><\/footer>\n<\/article>\n<div class=\"td_block_wrap td_block_related_posts td_uid_1_69debe0b8c8fc_rand td_with_ajax_pagination td-pb-border-top\" data-td-block-uid=\"td_uid_1_69debe0b8c8fc\">\n<h4 class=\"td-related-title\"><a id=\"td_uid_2_69debe0b92164\" class=\"td-related-left td-cur-simple-item\" data-td_filter_value data-td_block_id=\"td_uid_1_69debe0b8c8fc\" href=\"https:\/\/www.tvbuzau.ro\/un-drum-turistic-deosebit-care-taie-muntii-ar-urma-sa-fie-reabilitat\/\">ARTICOLE SIMILARE<\/a><a id=\"td_uid_3_69debe0b9219f\" class=\"td-related-right\" data-td_filter_value=\"td_related_more_from_author\" data-td_block_id=\"td_uid_1_69debe0b8c8fc\" href=\"https:\/\/www.tvbuzau.ro\/un-drum-turistic-deosebit-care-taie-muntii-ar-urma-sa-fie-reabilitat\/\">DE LA ACELA\u0218I AUTOR<\/a><\/h4>\n<div id=\"td_uid_1_69debe0b8c8fc\" class=\"td_block_inner\">\n<div class=\"td-related-row\">\n<div class=\"td-related-span4\">\n<div class=\"td_module_related_posts td-animation-stack td_mod_related_posts\">\n<div class=\"td-module-image\">\n<div class=\"td-module-thumb\"><a href=\"https:\/\/www.tvbuzau.ro\/urgentele-luate-cu-asalt-de-sarbatori-2\/\" rel=\"bookmark\" title=\"Urgen\u021bele luate cu asalt de s\u0103rb\u0103tori\"><img loading=\"lazy\" decoding=\"async\" width=\"218\" height=\"150\" class=\"entry-thumb\" src=\"https:\/\/www.tvbuzau.ro\/wp-content\/uploads\/2026\/04\/hqdefault-25-218x150.jpg\" alt title=\"Urgen\u021bele luate cu asalt de s\u0103rb\u0103tori\"><span class=\"td-video-play-ico\"><img loading=\"lazy\" decoding=\"async\" width=\"40\" height=\"40\" class=\"td-retina\" src=\"https:\/\/www.tvbuzau.ro\/wp-content\/themes\/Newspaper\/images\/icons\/ico-video-large.png\" alt=\"video\"><\/span><\/a><\/div>\n<p><a href=\"https:\/\/www.tvbuzau.ro\/category\/actualitate\/\" class=\"td-post-category\">Actualitate<\/a><\/div>\n<div class=\"item-details\">\n<h3 class=\"entry-title td-module-title\"><a href=\"https:\/\/www.tvbuzau.ro\/urgentele-luate-cu-asalt-de-sarbatori-2\/\" rel=\"bookmark\" title=\"Urgen\u021bele luate cu asalt de s\u0103rb\u0103tori\">Urgen\u021bele luate cu asalt de s\u0103rb\u0103tori<\/a><\/h3>\n<\/div>\n<\/div>\n<\/div>\n<div class=\"td-related-span4\">\n<div class=\"td_module_related_posts td-animation-stack td_mod_related_posts\">\n<div class=\"td-module-image\">\n<div class=\"td-module-thumb\"><a href=\"https:\/\/www.tvbuzau.ro\/ce-se-intampla-cu-uleiurile-care-ajung-in-canalizare\/\" rel=\"bookmark\" title=\"Ce se \u00eent\u00e2mpl\u0103 cu uleiurile care ajung \u00een canalizare\"><img loading=\"lazy\" decoding=\"async\" width=\"218\" height=\"150\" class=\"entry-thumb\" src=\"https:\/\/www.tvbuzau.ro\/wp-content\/uploads\/2026\/04\/sddefault-18-218x150.jpg\" alt title=\"Ce se \u00eent\u00e2mpl\u0103 cu uleiurile care ajung \u00een canalizare\"><span class=\"td-video-play-ico\"><img loading=\"lazy\" decoding=\"async\" width=\"40\" height=\"40\" class=\"td-retina\" src=\"https:\/\/www.tvbuzau.ro\/wp-content\/themes\/Newspaper\/images\/icons\/ico-video-large.png\" alt=\"video\"><\/span><\/a><\/div>\n<p><a href=\"https:\/\/www.tvbuzau.ro\/category\/actualitate\/\" class=\"td-post-category\">Actualitate<\/a><\/div>\n<div class=\"item-details\">\n<h3 class=\"entry-title td-module-title\"><a href=\"https:\/\/www.tvbuzau.ro\/ce-se-intampla-cu-uleiurile-care-ajung-in-canalizare\/\" rel=\"bookmark\" title=\"Ce se \u00eent\u00e2mpl\u0103 cu uleiurile care ajung \u00een canalizare\">Ce se \u00eent\u00e2mpl\u0103 cu uleiurile care ajung \u00een canalizare<\/a><\/h3>\n<\/div>\n<\/div>\n<\/div>\n<div class=\"td-related-span4\">\n<div class=\"td_module_related_posts td-animation-stack td_mod_related_posts\">\n<div class=\"td-module-image\">\n<div class=\"td-module-thumb\"><a href=\"https:\/\/www.tvbuzau.ro\/minim-25-milioane-euro-va-atrage-buzaul-in-turism\/\" rel=\"bookmark\" title=\"Minim 25 milioane euro va atrage Buz\u0103ul \u00een turism\"><img loading=\"lazy\" decoding=\"async\" width=\"218\" height=\"150\" class=\"entry-thumb\" src=\"https:\/\/www.tvbuzau.ro\/wp-content\/uploads\/2026\/04\/hqdefault-23-218x150.jpg\" alt title=\"Minim 25 milioane euro va atrage Buz\u0103ul \u00een turism\"><span class=\"td-video-play-ico\"><img loading=\"lazy\" decoding=\"async\" width=\"40\" height=\"40\" class=\"td-retina\" src=\"https:\/\/www.tvbuzau.ro\/wp-content\/themes\/Newspaper\/images\/icons\/ico-video-large.png\" alt=\"video\"><\/span><\/a><\/div>\n<p><a href=\"https:\/\/www.tvbuzau.ro\/category\/actualitate\/\" class=\"td-post-category\">Actualitate<\/a><\/div>\n<div class=\"item-details\">\n<h3 class=\"entry-title td-module-title\"><a href=\"https:\/\/www.tvbuzau.ro\/minim-25-milioane-euro-va-atrage-buzaul-in-turism\/\" rel=\"bookmark\" title=\"Minim 25 milioane euro va atrage Buz\u0103ul \u00een turism\">Minim 25 milioane euro va atrage Buz\u0103ul \u00een turism<\/a><\/h3>\n<\/div>\n<\/div>\n<\/div>\n<\/div>\n<div class=\"td-related-row\">\n<div class=\"td-related-span4\">\n<div class=\"td_module_related_posts td-animation-stack td_mod_related_posts\">\n<div class=\"td-module-image\">\n<div class=\"td-module-thumb\"><a href=\"https:\/\/www.tvbuzau.ro\/cum-se-pot-colora-ouale-pe-paste-natural\/\" rel=\"bookmark\" title=\"Cum se pot colora ou\u0103le pe Pa\u015fte, natural.\"><img loading=\"lazy\" decoding=\"async\" width=\"218\" height=\"150\" class=\"entry-thumb\" src=\"https:\/\/www.tvbuzau.ro\/wp-content\/uploads\/2026\/04\/sddefault-17-218x150.jpg\" alt title=\"Cum se pot colora ou\u0103le pe Pa\u015fte, natural.\"><span class=\"td-video-play-ico\"><img loading=\"lazy\" decoding=\"async\" width=\"40\" height=\"40\" class=\"td-retina\" src=\"https:\/\/www.tvbuzau.ro\/wp-content\/themes\/Newspaper\/images\/icons\/ico-video-large.png\" alt=\"video\"><\/span><\/a><\/div>\n<p><a href=\"https:\/\/www.tvbuzau.ro\/category\/actualitate\/\" class=\"td-post-category\">Actualitate<\/a><\/div>\n<div class=\"item-details\">\n<h3 class=\"entry-title td-module-title\"><a href=\"https:\/\/www.tvbuzau.ro\/cum-se-pot-colora-ouale-pe-paste-natural\/\" rel=\"bookmark\" title=\"Cum se pot colora ou\u0103le pe Pa\u015fte, natural.\">Cum se pot colora ou\u0103le pe Pa\u015fte, natural.<\/a><\/h3>\n<\/div>\n<\/div>\n<\/div>\n<div class=\"td-related-span4\">\n<div class=\"td_module_related_posts td-animation-stack td_mod_related_posts\">\n<div class=\"td-module-image\">\n<div class=\"td-module-thumb\"><a href=\"https:\/\/www.tvbuzau.ro\/zapada-mieilor-la-bisoca\/\" rel=\"bookmark\" title=\"Z\u0103pada mieilor la Bisoca\"><img loading=\"lazy\" decoding=\"async\" width=\"218\" height=\"150\" class=\"entry-thumb\" src=\"https:\/\/www.tvbuzau.ro\/wp-content\/uploads\/2026\/04\/sddefault-16-218x150.jpg\" alt title=\"Z\u0103pada mieilor la Bisoca\"><span class=\"td-video-play-ico\"><img loading=\"lazy\" decoding=\"async\" width=\"40\" height=\"40\" class=\"td-retina\" src=\"https:\/\/www.tvbuzau.ro\/wp-content\/themes\/Newspaper\/images\/icons\/ico-video-large.png\" alt=\"video\"><\/span><\/a><\/div>\n<p><a href=\"https:\/\/www.tvbuzau.ro\/category\/actualitate\/\" class=\"td-post-category\">Actualitate<\/a><\/div>\n<div class=\"item-details\">\n<h3 class=\"entry-title td-module-title\"><a href=\"https:\/\/www.tvbuzau.ro\/zapada-mieilor-la-bisoca\/\" rel=\"bookmark\" title=\"Z\u0103pada mieilor la Bisoca\">Z\u0103pada mieilor la Bisoca<\/a><\/h3>\n<\/div>\n<\/div>\n<\/div>\n<div class=\"td-related-span4\">\n<div class=\"td_module_related_posts td-animation-stack td_mod_related_posts\">\n<div class=\"td-module-image\">\n<div class=\"td-module-thumb\"><a href=\"https:\/\/www.tvbuzau.ro\/buzaul-in-finala-competitiei-destinatia-anului-2026\/\" rel=\"bookmark\" title=\"Buz\u0103ul, \u00een finala competi\u021biei \u201eDestina\u021bia Anului 2026\u201d\"><img loading=\"lazy\" decoding=\"async\" width=\"218\" height=\"150\" class=\"entry-thumb\" src=\"https:\/\/www.tvbuzau.ro\/wp-content\/uploads\/2026\/04\/sddefault-15-218x150.jpg\" alt title=\"Buz\u0103ul, \u00een finala competi\u021biei \u201eDestina\u021bia Anului 2026\u201d\"><span class=\"td-video-play-ico\"><img loading=\"lazy\" decoding=\"async\" width=\"40\" height=\"40\" class=\"td-retina\" src=\"https:\/\/www.tvbuzau.ro\/wp-content\/themes\/Newspaper\/images\/icons\/ico-video-large.png\" alt=\"video\"><\/span><\/a><\/div>\n<p><a href=\"https:\/\/www.tvbuzau.ro\/category\/actualitate\/\" class=\"td-post-category\">Actualitate<\/a><\/div>\n<div class=\"item-details\">\n<h3 class=\"entry-title td-module-title\"><a href=\"https:\/\/www.tvbuzau.ro\/buzaul-in-finala-competitiei-destinatia-anului-2026\/\" rel=\"bookmark\" title=\"Buz\u0103ul, \u00een finala competi\u021biei \u201eDestina\u021bia Anului 2026\u201d\">Buz\u0103ul, \u00een finala competi\u021biei \u201eDestina\u021bia Anului 2026\u201d<\/a><\/h3>\n<\/div>\n<\/div>\n<\/div>\n<\/div>\n<\/div>\n<\/div>\n<div class=\"comments\" id=\"comments\">\n<div id=\"respond\" class=\"comment-respond\">\n<h3 id=\"reply-title\" class=\"comment-reply-title\">L\u0102SA\u021aI UN MESAJ <small><a rel=\"nofollow\" id=\"cancel-comment-reply-link\" href=\"https:\/\/www.tvbuzau.ro\/un-drum-turistic-deosebit-care-taie-muntii-ar-urma-sa-fie-reabilitat\/#respond\">Renun\u021ba\u021bi la r\u0103spuns<\/a><\/small><\/h3>\n<\/div>\n<\/div>\n<\/div>\n<div class=\"td-post-content\">\n<div class=\"td-featured-image-rec\">\n<div class=\"wpb_video_wrapper\">\n                    <iframe loading=\"lazy\" id=\"td_youtube_player\" width=\"600\" height=\"560\" src=\"https:\/\/www.youtube.com\/embed\/HAnW_RJ2N1I?enablejsapi=1&amp;feature=oembed&amp;wmode=opaque&amp;vq=hd720\" frameborder allowfullscreen><\/iframe><\/p><\/div>\n<\/div>\n<p>203K, cel mai lung drum jude\u0163ean din Rom\u00e2nia<br \/>\nUn drum deosebit jude\u0163ean deosebit de important din punct  de vedere turistic va urma s\u0103 fie reabilitat.  Consiliul jude\u021bean Buz\u0103u inten\u021bioneaz\u0103 s\u0103 deruleze proiectul de investi\u021bii \u201eModernizare DJ 203K, Plaiul Nucului -Nehoiu\u201d. Tronsonul de drum jude\u021bean 203K supus moderniz\u0103rii \u00een lungime de 22,600 km, de la Plaiul Nucului comuna Lop\u0103tari, la sat Lunca Priporului, ora\u0219 Nehoiu, face parte din drumul jude\u021bean DJ 203K cu o lungime total\u0103 de 127,6 km \u0219i se afl\u0103 amplasat \u00een zona de nord a jude\u021bului Buz\u0103u, pe teritoriul comunelor Lop\u0103tari, Br\u0103e\u0219ti, Gura Teghii \u0219i ora\u0219ul Nehoiu, \u00een zon\u0103 de munte \u0219i nu a fost modernizat \u00een perioada ultimilor 30 ani. Amplasamentul traverseaz\u0103 ora\u0219ul Nehoiu,  satul B\u00e2sca Rozilei, comuna Gura Teghii, comuna Br\u0103e\u0219ti \u0219i comuna Lop\u0103tari. Prima parte a traseului, sat Plaiul Nucului-Nemertea se desf\u0103\u0219oar\u0103 \u00een mare parte prin p\u0103dure, cu altitudini care ajung \u0219i p\u00e2n\u0103 la 950 m, traseu cu multiple curbe, pante \u0219i rampe mari specific zonei de munte.  A doua parte a traseului sat Nemertea \u2013 sat Lunca Priporului, ora\u0219 Nehoiu (DN10) are \u00eembr\u0103c\u0103minte asfaltic\u0103, dar cu multiple degrad\u0103ri, cu zone ale p\u0103r\u021bii carosabile \u00eengustate datorit\u0103 alunec\u0103rilor din zon\u0103 \u0219i eroziunea drumului de precipita\u021bii \u0219i de p\u00e2r\u00e2ul Basca Roziliei, cu diferen\u021be de nivel fa\u021b\u0103 de cursul p\u00e2r\u00e2ului \u0219i peste 40 m.<br \/>\nRealizarea acestui tronson ar \u00eenseamna o leg\u0103tur\u0103 a p\u0103r\u021bii de sud a jude\u021bului cu partea de nord, o deschidere a jude\u021bului din punct de vedere turistic \u0219i economic, leg\u0103tura facil\u0103 a locuitorilor jude\u021bului Buz\u0103u cu DN 10 Buz\u0103u \u2013 Bra\u0219ov, arat\u0103 Consiliul Jude\u0163ean.<\/p>\n<div class=\"post-views post-118721 entry-meta\"><span class=\"post-views-label\">Post Views: <\/span><span class=\"post-views-count\">173<\/span><\/div>\n<\/div>\n<p>[analyse_source url=&#8221;https:\/\/www.tvbuzau.ro\/un-drum-turistic-deosebit-care-taie-muntii-ar-urma-sa-fie-reabilitat\/&#8221;]<\/p>\n","protected":false},"excerpt":{"rendered":"<p>[analyse_image type=&#8221;featured&#8221; src=&#8221;https:\/\/www.tvbuzau.ro\/wp-content\/uploads\/2026\/04\/hqdefault-24.jpghttps:\/\/www.tvbuzau.ro\/wp-content\/uploads\/2026\/04\/hqdefault-24.jpg&#8221;] Actualitate Un drum turistic deosebit care taie mun\u0163ii ar urma s\u0103 fie reabilitat De c\u0103tre TV Buz\u0103u &#8211; aprilie 14, 2026 0 51 Distribui\u021bi pe Facebook Distribui\u021bi pe Twitter tweet 203K, cel mai lung drum jude\u0163ean din Rom\u00e2nia Un drum deosebit jude\u0163ean deosebit de important din punct de vedere turistic va urma [&hellip;]<\/p>\n","protected":false},"author":1,"featured_media":0,"comment_status":"open","ping_status":"","sticky":false,"template":"","format":"standard","meta":{"footnotes":""},"categories":[2],"tags":[226,116],"class_list":["post-1882370","post","type-post","status-publish","format-standard","hentry","category-politics","tag-crawlmanager","tag-tvbuzau-ro"],"_links":{"self":[{"href":"https:\/\/analyse.optim.biz\/index.php?rest_route=\/wp\/v2\/posts\/1882370","targetHints":{"allow":["GET"]}}],"collection":[{"href":"https:\/\/analyse.optim.biz\/index.php?rest_route=\/wp\/v2\/posts"}],"about":[{"href":"https:\/\/analyse.optim.biz\/index.php?rest_route=\/wp\/v2\/types\/post"}],"author":[{"embeddable":true,"href":"https:\/\/analyse.optim.biz\/index.php?rest_route=\/wp\/v2\/users\/1"}],"replies":[{"embeddable":true,"href":"https:\/\/analyse.optim.biz\/index.php?rest_route=%2Fwp%2Fv2%2Fcomments&post=1882370"}],"version-history":[{"count":0,"href":"https:\/\/analyse.optim.biz\/index.php?rest_route=\/wp\/v2\/posts\/1882370\/revisions"}],"wp:attachment":[{"href":"https:\/\/analyse.optim.biz\/index.php?rest_route=%2Fwp%2Fv2%2Fmedia&parent=1882370"}],"wp:term":[{"taxonomy":"category","embeddable":true,"href":"https:\/\/analyse.optim.biz\/index.php?rest_route=%2Fwp%2Fv2%2Fcategories&post=1882370"},{"taxonomy":"post_tag","embeddable":true,"href":"https:\/\/analyse.optim.biz\/index.php?rest_route=%2Fwp%2Fv2%2Ftags&post=1882370"}],"curies":[{"name":"wp","href":"https:\/\/api.w.org\/{rel}","templated":true}]}}